{"id":18567,"date":"2025-02-12T07:20:42","date_gmt":"2025-02-12T10:20:42","guid":{"rendered":"https:\/\/www.em.com.br\/emfoco\/?p=18567"},"modified":"2025-02-11T11:19:21","modified_gmt":"2025-02-11T14:19:21","slug":"bolsa-familia-com-novo-valor-descubra-se-o-beneficio-vai-aumentar-em-2025","status":"publish","type":"post","link":"https:\/\/www.em.com.br\/emfoco\/2025\/02\/12\/bolsa-familia-com-novo-valor-descubra-se-o-beneficio-vai-aumentar-em-2025\/","title":{"rendered":"Bolsa Fam\u00edlia com novo valor? Descubra se o benef\u00edcio vai aumentar em 2025"},"content":{"rendered":"\n<p>O<strong> <a href=\"https:\/\/www.gov.br\/mds\/pt-br\/acoes-e-programas\/bolsa-familia\" target=\"_blank\" rel=\"noreferrer noopener\">Bolsa Fam\u00edlia<\/a><\/strong> \u00e9 um programa essencial de assist\u00eancia social no <a href=\"https:\/\/www.em.com.br\/emfoco\/2025\/02\/11\/o-impacto-do-novo-aumento-do-salario-minimo-no-brasil-a-partir-de-fevereiro\/\" target=\"_blank\" rel=\"noreferrer noopener\">Brasil<\/a>, beneficiando mensalmente cerca de 20 milh\u00f5es de fam\u00edlias. Recentemente, surgiram discuss\u00f5es sobre poss\u00edveis reajustes nos valores dos benef\u00edcios, gerando confus\u00e3o entre os benefici\u00e1rios. O ministro do <strong>Desenvolvimento Social, Wellington Dias<\/strong>, mencionou a possibilidade de aumento em 2025, mas o <strong>Governo Federal<\/strong> esclareceu que n\u00e3o h\u00e1 previs\u00e3o de reajuste para este ano.<\/p>\n\n\n\n<p>O foco do Minist\u00e9rio do Desenvolvimento e Assist\u00eancia Social \u00e9 garantir a prote\u00e7\u00e3o social dos brasileiros em situa\u00e7\u00e3o de vulnerabilidade, sem comprometer a responsabilidade fiscal. Atualmente, o valor m\u00ednimo do benef\u00edcio \u00e9 de R$ 600, e o governo reafirmou que esse valor permanecer\u00e1 inalterado em 2024.<\/p>\n\n\n\n<h2 class=\"wp-block-heading\">Quais Benef\u00edcios Adicionais Est\u00e3o Dispon\u00edveis?<\/h2>\n\n\n\n<p>Embora n\u00e3o haja um aumento geral previsto, o Bolsa Fam\u00edlia oferece benef\u00edcios adicionais para fam\u00edlias que atendem a crit\u00e9rios espec\u00edficos. Esses pagamentos extras s\u00e3o fundamentais para complementar a renda de fam\u00edlias em maior necessidade. Manter o cadastro atualizado no Cad\u00danico \u00e9 crucial para garantir o acesso a esses benef\u00edcios adicionais.<\/p>\n\n\n<div class=\"wp-block-image\">\n<figure class=\"aligncenter size-large\"><img loading=\"lazy\" decoding=\"async\" width=\"1024\" height=\"576\" src=\"https:\/\/www.em.com.br\/emfoco\/wp-content\/uploads\/2024\/11\/Bolsa-familia_1732875413139-1024x576.jpg\" alt=\"Bolsa Fam\u00edlia com novo valor? Descubra se o benef\u00edcio vai aumentar em 2025\" class=\"wp-image-2184\" srcset=\"https:\/\/www.em.com.br\/emfoco\/wp-content\/uploads\/2024\/11\/Bolsa-familia_1732875413139-1024x576.jpg 1024w, https:\/\/www.em.com.br\/emfoco\/wp-content\/uploads\/2024\/11\/Bolsa-familia_1732875413139-300x169.jpg 300w, https:\/\/www.em.com.br\/emfoco\/wp-content\/uploads\/2024\/11\/Bolsa-familia_1732875413139-768x432.jpg 768w, https:\/\/www.em.com.br\/emfoco\/wp-content\/uploads\/2024\/11\/Bolsa-familia_1732875413139-750x422.jpg 750w, https:\/\/www.em.com.br\/emfoco\/wp-content\/uploads\/2024\/11\/Bolsa-familia_1732875413139-1140x641.jpg 1140w, https:\/\/www.em.com.br\/emfoco\/wp-content\/uploads\/2024\/11\/Bolsa-familia_1732875413139.jpg 1280w\" sizes=\"auto, (max-width: 1024px) 100vw, 1024px\" \/><figcaption class=\"wp-element-caption\">Bolsa Familia &#8211; Cr\u00e9ditos: depositphotos.com \/ joasouza<\/figcaption><\/figure><\/div>\n\n\n<h2 class=\"wp-block-heading\">Como as Fam\u00edlias Podem Aumentar seus Benef\u00edcios?<\/h2>\n\n\n\n<p>Existem maneiras de aumentar o valor recebido atrav\u00e9s do Bolsa Fam\u00edlia, mesmo sem um reajuste oficial. O programa disponibiliza uma s\u00e9rie de benef\u00edcios adicionais que podem incrementar o valor mensal recebido pelas fam\u00edlias. A atualiza\u00e7\u00e3o do cadastro no Cad\u00danico \u00e9 essencial para identificar quais fam\u00edlias t\u00eam direito a esses pagamentos extras.<\/p>\n\n\n\n<ul class=\"wp-block-list\">\n<li><strong>Benef\u00edcio de Renda de Cidadania:<\/strong> Adiciona R$ 142 por membro da fam\u00edlia.<\/li>\n\n\n\n<li><strong>Benef\u00edcio Complementar:<\/strong> Garante que a soma dos benef\u00edcios atinja pelo menos R$ 600.<\/li>\n\n\n\n<li><strong>Benef\u00edcio Primeira Inf\u00e2ncia:<\/strong> Oferece R$ 150 mensais para cada crian\u00e7a de zero a sete anos.<\/li>\n\n\n\n<li><strong>Benef\u00edcio Vari\u00e1vel Familiar:<\/strong> Concede R$ 50 extras mensais para gestantes e jovens de 7 a 18 anos.<\/li>\n\n\n\n<li><strong>Benef\u00edcio Vari\u00e1vel Familiar Nutriz:<\/strong> Paga R$ 50 extras para cada crian\u00e7a com at\u00e9 sete meses de idade.<\/li>\n\n\n\n<li><strong>Benef\u00edcio Extraordin\u00e1rio de Transi\u00e7\u00e3o:<\/strong> Dispon\u00edvel at\u00e9 maio de 2025, assegura que nenhum benefici\u00e1rio receba menos do que o Aux\u00edlio Brasil.<\/li>\n<\/ul>\n\n\n\n<h2 class=\"wp-block-heading\">O Que Esperar do Bolsa Fam\u00edlia no Futuro?<\/h2>\n\n\n\n<p>O futuro do Bolsa Fam\u00edlia envolve desafios e oportunidades. O governo est\u00e1 comprometido em manter a efic\u00e1cia do programa na redu\u00e7\u00e3o da pobreza, enquanto garante sua sustentabilidade financeira. A atualiza\u00e7\u00e3o do cadastro no Cad\u00danico \u00e9 uma ferramenta vital para assegurar que os recursos cheguem a quem realmente precisa, permitindo que o programa continue a desempenhar seu papel crucial na sociedade brasileira.<\/p>\n\n\n\n<p>Com a aten\u00e7\u00e3o voltada para 2025, as fam\u00edlias benefici\u00e1rias devem permanecer informadas sobre poss\u00edveis mudan\u00e7as e ajustes no programa. O compromisso do governo \u00e9 com a transpar\u00eancia e a responsabilidade fiscal, garantindo que o Bolsa Fam\u00edlia continue a ser um pilar de apoio para milh\u00f5es de brasileiros.<\/p>\n","protected":false},"excerpt":{"rendered":"<p>O Bolsa Fam\u00edlia \u00e9 um programa essencial de assist\u00eancia social no Brasil, beneficiando mensalmente cerca de 20 milh\u00f5es de fam\u00edlias. Recentemente, surgiram discuss\u00f5es sobre poss\u00edveis reajustes nos valores dos benef\u00edcios, gerando confus\u00e3o entre os benefici\u00e1rios. O ministro do Desenvolvimento Social, Wellington Dias, mencionou a possibilidade de aumento em 2025, mas o Governo Federal esclareceu que [&hellip;]<\/p>\n","protected":false},"author":7,"featured_media":3778,"comment_status":"open","ping_status":"open","sticky":false,"template":"","format":"standard","meta":{"jnews-multi-image_gallery":[],"jnews_single_post":{"format":"standard"},"jnews_primary_category":[],"jnews_social_meta":[],"jnews_override_counter":[],"footnotes":""},"categories":[28],"tags":[446,209,158,1779],"class_list":["post-18567","post","type-post","status-publish","format-standard","has-post-thumbnail","hentry","category-economia","tag-auxilio-financeiro","tag-bolsa-familia","tag-brasil","tag-reajuste"],"yoast_head":"<!-- This site is optimized with the Yoast SEO plugin v23.8 - https:\/\/yoast.com\/wordpress\/plugins\/seo\/ -->\n<title>Bolsa Fam\u00edlia com novo valor? Descubra se o benef\u00edcio vai aumentar em 2025 - Estado de Minas - Em foco<\/title>\n<meta name=\"description\" content=\"Bolsa Fam\u00edlia: Tudo o que voc\u00ea precisa saber Tire suas d\u00favidas sobre o programa, quem tem direito e como funciona o cadastro.\" \/>\n<meta name=\"robots\" content=\"index, follow, max-snippet:-1, max-image-preview:large, max-video-preview:-1\" \/>\n<link rel=\"canonical\" href=\"https:\/\/www.em.com.br\/emfoco\/2025\/02\/12\/bolsa-familia-com-novo-valor-descubra-se-o-beneficio-vai-aumentar-em-2025\/\" \/>\n<meta property=\"og:locale\" content=\"pt_BR\" \/>\n<meta property=\"og:type\" content=\"article\" \/>\n<meta property=\"og:title\" content=\"Bolsa Fam\u00edlia com novo valor? Descubra se o benef\u00edcio vai aumentar em 2025 - Estado de Minas - Em foco\" \/>\n<meta property=\"og:description\" content=\"Bolsa Fam\u00edlia: Tudo o que voc\u00ea precisa saber Tire suas d\u00favidas sobre o programa, quem tem direito e como funciona o cadastro.\" \/>\n<meta property=\"og:url\" content=\"https:\/\/www.em.com.br\/emfoco\/2025\/02\/12\/bolsa-familia-com-novo-valor-descubra-se-o-beneficio-vai-aumentar-em-2025\/\" \/>\n<meta property=\"og:site_name\" content=\"Estado de Minas - Em foco\" \/>\n<meta property=\"article:published_time\" content=\"2025-02-12T10:20:42+00:00\" \/>\n<meta property=\"article:modified_time\" content=\"2025-02-11T14:19:21+00:00\" \/>\n<meta property=\"og:image\" content=\"https:\/\/www.em.com.br\/emfoco\/wp-content\/uploads\/2024\/12\/Moeda-Brasileira-_1733628311538.jpg\" \/>\n\t<meta property=\"og:image:width\" content=\"1280\" \/>\n\t<meta property=\"og:image:height\" content=\"720\" \/>\n\t<meta property=\"og:image:type\" content=\"image\/jpeg\" \/>\n<meta name=\"author\" content=\"Kelvin\" \/>\n<meta name=\"twitter:card\" content=\"summary_large_image\" \/>\n<meta name=\"twitter:label1\" content=\"Escrito por\" \/>\n\t<meta name=\"twitter:data1\" content=\"Kelvin\" \/>\n\t<meta name=\"twitter:label2\" content=\"Est. tempo de leitura\" \/>\n\t<meta name=\"twitter:data2\" content=\"3 minutos\" \/>\n<!-- \/ Yoast SEO plugin. -->","yoast_head_json":{"title":"Bolsa Fam\u00edlia com novo valor? Descubra se o benef\u00edcio vai aumentar em 2025 - Estado de Minas - Em foco","description":"Bolsa Fam\u00edlia: Tudo o que voc\u00ea precisa saber Tire suas d\u00favidas sobre o programa, quem tem direito e como funciona o cadastro.","robots":{"index":"index","follow":"follow","max-snippet":"max-snippet:-1","max-image-preview":"max-image-preview:large","max-video-preview":"max-video-preview:-1"},"canonical":"https:\/\/www.em.com.br\/emfoco\/2025\/02\/12\/bolsa-familia-com-novo-valor-descubra-se-o-beneficio-vai-aumentar-em-2025\/","og_locale":"pt_BR","og_type":"article","og_title":"Bolsa Fam\u00edlia com novo valor? Descubra se o benef\u00edcio vai aumentar em 2025 - Estado de Minas - Em foco","og_description":"Bolsa Fam\u00edlia: Tudo o que voc\u00ea precisa saber Tire suas d\u00favidas sobre o programa, quem tem direito e como funciona o cadastro.","og_url":"https:\/\/www.em.com.br\/emfoco\/2025\/02\/12\/bolsa-familia-com-novo-valor-descubra-se-o-beneficio-vai-aumentar-em-2025\/","og_site_name":"Estado de Minas - Em foco","article_published_time":"2025-02-12T10:20:42+00:00","article_modified_time":"2025-02-11T14:19:21+00:00","og_image":[{"width":1280,"height":720,"url":"https:\/\/www.em.com.br\/emfoco\/wp-content\/uploads\/2024\/12\/Moeda-Brasileira-_1733628311538.jpg","type":"image\/jpeg"}],"author":"Kelvin","twitter_card":"summary_large_image","twitter_misc":{"Escrito por":"Kelvin","Est. tempo de leitura":"3 minutos"},"schema":{"@context":"https:\/\/schema.org","@graph":[{"@type":"WebPage","@id":"https:\/\/www.em.com.br\/emfoco\/2025\/02\/12\/bolsa-familia-com-novo-valor-descubra-se-o-beneficio-vai-aumentar-em-2025\/","url":"https:\/\/www.em.com.br\/emfoco\/2025\/02\/12\/bolsa-familia-com-novo-valor-descubra-se-o-beneficio-vai-aumentar-em-2025\/","name":"Bolsa Fam\u00edlia com novo valor? Descubra se o benef\u00edcio vai aumentar em 2025 - Estado de Minas - Em foco","isPartOf":{"@id":"https:\/\/www.em.com.br\/emfoco\/#website"},"primaryImageOfPage":{"@id":"https:\/\/www.em.com.br\/emfoco\/2025\/02\/12\/bolsa-familia-com-novo-valor-descubra-se-o-beneficio-vai-aumentar-em-2025\/#primaryimage"},"image":{"@id":"https:\/\/www.em.com.br\/emfoco\/2025\/02\/12\/bolsa-familia-com-novo-valor-descubra-se-o-beneficio-vai-aumentar-em-2025\/#primaryimage"},"thumbnailUrl":"https:\/\/www.em.com.br\/emfoco\/wp-content\/uploads\/2024\/12\/Moeda-Brasileira-_1733628311538.jpg","datePublished":"2025-02-12T10:20:42+00:00","dateModified":"2025-02-11T14:19:21+00:00","author":{"@id":"https:\/\/www.em.com.br\/emfoco\/#\/schema\/person\/fb0a7f48c6fbb94b83f413a80f61917d"},"description":"Bolsa Fam\u00edlia: Tudo o que voc\u00ea precisa saber Tire suas d\u00favidas sobre o programa, quem tem direito e como funciona o cadastro.","breadcrumb":{"@id":"https:\/\/www.em.com.br\/emfoco\/2025\/02\/12\/bolsa-familia-com-novo-valor-descubra-se-o-beneficio-vai-aumentar-em-2025\/#breadcrumb"},"inLanguage":"pt-BR","potentialAction":[{"@type":"ReadAction","target":["https:\/\/www.em.com.br\/emfoco\/2025\/02\/12\/bolsa-familia-com-novo-valor-descubra-se-o-beneficio-vai-aumentar-em-2025\/"]}]},{"@type":"ImageObject","inLanguage":"pt-BR","@id":"https:\/\/www.em.com.br\/emfoco\/2025\/02\/12\/bolsa-familia-com-novo-valor-descubra-se-o-beneficio-vai-aumentar-em-2025\/#primaryimage","url":"https:\/\/www.em.com.br\/emfoco\/wp-content\/uploads\/2024\/12\/Moeda-Brasileira-_1733628311538.jpg","contentUrl":"https:\/\/www.em.com.br\/emfoco\/wp-content\/uploads\/2024\/12\/Moeda-Brasileira-_1733628311538.jpg","width":1280,"height":720,"caption":"Dinheiro Brasileiro - Cr\u00e9ditos: depositphotos.com \/ rafapress"},{"@type":"BreadcrumbList","@id":"https:\/\/www.em.com.br\/emfoco\/2025\/02\/12\/bolsa-familia-com-novo-valor-descubra-se-o-beneficio-vai-aumentar-em-2025\/#breadcrumb","itemListElement":[{"@type":"ListItem","position":1,"name":"In\u00edcio","item":"https:\/\/www.em.com.br\/emfoco\/"},{"@type":"ListItem","position":2,"name":"Bolsa Fam\u00edlia com novo valor? Descubra se o benef\u00edcio vai aumentar em 2025"}]},{"@type":"WebSite","@id":"https:\/\/www.em.com.br\/emfoco\/#website","url":"https:\/\/www.em.com.br\/emfoco\/","name":"Estado de Minas - Em foco","description":"Acompanhe as \u00faltimas not\u00edcias e fique bem informado sobre tudo o que acontece em Minas Gerais, Brasil e no mundo.","potentialAction":[{"@type":"SearchAction","target":{"@type":"EntryPoint","urlTemplate":"https:\/\/www.em.com.br\/emfoco\/?s={search_term_string}"},"query-input":{"@type":"PropertyValueSpecification","valueRequired":true,"valueName":"search_term_string"}}],"inLanguage":"pt-BR"},{"@type":"Person","@id":"https:\/\/www.em.com.br\/emfoco\/#\/schema\/person\/fb0a7f48c6fbb94b83f413a80f61917d","name":"Kelvin","image":{"@type":"ImageObject","inLanguage":"pt-BR","@id":"https:\/\/www.em.com.br\/emfoco\/#\/schema\/person\/image\/","url":"https:\/\/secure.gravatar.com\/avatar\/e74f84337e6bf6c4c5e88fbdffa05270?s=96&d=mm&r=g","contentUrl":"https:\/\/secure.gravatar.com\/avatar\/e74f84337e6bf6c4c5e88fbdffa05270?s=96&d=mm&r=g","caption":"Kelvin"},"sameAs":["https:\/\/www.em.com.br\/emfoco"],"url":"https:\/\/www.em.com.br\/emfoco\/author\/kelvinmyth\/"}]}},"_links":{"self":[{"href":"https:\/\/www.em.com.br\/emfoco\/wp-json\/wp\/v2\/posts\/18567","targetHints":{"allow":["GET"]}}],"collection":[{"href":"https:\/\/www.em.com.br\/emfoco\/wp-json\/wp\/v2\/posts"}],"about":[{"href":"https:\/\/www.em.com.br\/emfoco\/wp-json\/wp\/v2\/types\/post"}],"author":[{"embeddable":true,"href":"https:\/\/www.em.com.br\/emfoco\/wp-json\/wp\/v2\/users\/7"}],"replies":[{"embeddable":true,"href":"https:\/\/www.em.com.br\/emfoco\/wp-json\/wp\/v2\/comments?post=18567"}],"version-history":[{"count":2,"href":"https:\/\/www.em.com.br\/emfoco\/wp-json\/wp\/v2\/posts\/18567\/revisions"}],"predecessor-version":[{"id":18574,"href":"https:\/\/www.em.com.br\/emfoco\/wp-json\/wp\/v2\/posts\/18567\/revisions\/18574"}],"wp:featuredmedia":[{"embeddable":true,"href":"https:\/\/www.em.com.br\/emfoco\/wp-json\/wp\/v2\/media\/3778"}],"wp:attachment":[{"href":"https:\/\/www.em.com.br\/emfoco\/wp-json\/wp\/v2\/media?parent=18567"}],"wp:term":[{"taxonomy":"category","embeddable":true,"href":"https:\/\/www.em.com.br\/emfoco\/wp-json\/wp\/v2\/categories?post=18567"},{"taxonomy":"post_tag","embeddable":true,"href":"https:\/\/www.em.com.br\/emfoco\/wp-json\/wp\/v2\/tags?post=18567"}],"curies":[{"name":"wp","href":"https:\/\/api.w.org\/{rel}","templated":true}]}}