{"id":18526,"date":"2025-02-12T14:00:06","date_gmt":"2025-02-12T17:00:06","guid":{"rendered":"https:\/\/www.em.com.br\/emfoco\/?p=18526"},"modified":"2025-02-12T14:00:07","modified_gmt":"2025-02-12T17:00:07","slug":"receita-federal-anuncia-leilao-com-carros-a-partir-de-r800","status":"publish","type":"post","link":"https:\/\/www.em.com.br\/emfoco\/2025\/02\/12\/receita-federal-anuncia-leilao-com-carros-a-partir-de-r800\/","title":{"rendered":"Receita Federal anuncia leil\u00e3o com carros a partir de R$800"},"content":{"rendered":"\n<p>A <strong>Receita Federal em S\u00e3o Paulo<\/strong> anunciou a realiza\u00e7\u00e3o de um leil\u00e3o regional de ve\u00edculos, programado para fevereiro de 2025. Este evento inclui uma variedade de ve\u00edculos, como autom\u00f3veis, SUVs, caminhonetes, caminh\u00f5es, e at\u00e9 mesmo tratores e \u00f4nibus. O leil\u00e3o ser\u00e1 realizado de forma eletr\u00f4nica, permitindo a participa\u00e7\u00e3o de pessoas f\u00edsicas e jur\u00eddicas.<\/p>\n\n\n\n<p>O per\u00edodo para envio de propostas come\u00e7a \u00e0s 8h do dia 17 de fevereiro e se estende at\u00e9 as 21h do dia 24 de fevereiro. A sess\u00e3o de lances est\u00e1 agendada para as 10h do dia 25 de fevereiro, conforme o hor\u00e1rio de Bras\u00edlia. Entre os ve\u00edculos mais acess\u00edveis, destacam-se modelos como o <strong>Chevrolet Astra de 1995 e o Chevrolet Kadett<\/strong> de 1997\/1998, com lances iniciais a partir de R$ 800.<\/p>\n\n\n\n<h2 class=\"wp-block-heading\">Quais s\u00e3o os destaques do leil\u00e3o?<\/h2>\n\n\n\n<p>O leil\u00e3o oferece diversas oportunidades para os interessados. No lote 17, por exemplo, est\u00e3o dispon\u00edveis uma caminhonete <strong>Fiat Fiorino, um Citroen C4<\/strong>, um <strong>Chevrolet Prisma Maxx e um Chevrolet Vectra<\/strong>, com lances a partir de R$ 7 mil. Outro destaque \u00e9 o lote 39, que inclui um<strong> Ford Ka<\/strong> com lances a partir de R$ 1,9 mil.<\/p>\n\n\n\n<p>Al\u00e9m disso, o lote 60 oferece um <strong>Fiat Uno Way<\/strong>, ano 2012\/2013, com lances a partir de R$ 5,2 mil. O lote mais caro, n\u00famero 22, inclui dois semirreboques e um caminh\u00e3o <strong>Mercedes-Benz Atego<\/strong>, com lances a partir de R$ 174,8 mil. Esses ve\u00edculos estar\u00e3o dispon\u00edveis para visita\u00e7\u00e3o entre 17 e 21 de fevereiro em v\u00e1rias cidades do estado de <strong>S\u00e3o Paulo<\/strong>.<\/p>\n\n\n\n<figure class=\"wp-block-image size-large\"><img loading=\"lazy\" decoding=\"async\" width=\"1024\" height=\"576\" src=\"https:\/\/www.em.com.br\/emfoco\/wp-content\/uploads\/2025\/01\/carros-automaticos_1736618964287-1024x576.jpg\" alt=\"Revolu\u00e7\u00e3o dos Autom\u00e1ticos: Esses Foram os Carros Mais Acess\u00edveis de 2024\" class=\"wp-image-10001\" srcset=\"https:\/\/www.em.com.br\/emfoco\/wp-content\/uploads\/2025\/01\/carros-automaticos_1736618964287-1024x576.jpg 1024w, https:\/\/www.em.com.br\/emfoco\/wp-content\/uploads\/2025\/01\/carros-automaticos_1736618964287-300x169.jpg 300w, https:\/\/www.em.com.br\/emfoco\/wp-content\/uploads\/2025\/01\/carros-automaticos_1736618964287-768x432.jpg 768w, https:\/\/www.em.com.br\/emfoco\/wp-content\/uploads\/2025\/01\/carros-automaticos_1736618964287-750x422.jpg 750w, https:\/\/www.em.com.br\/emfoco\/wp-content\/uploads\/2025\/01\/carros-automaticos_1736618964287-1140x641.jpg 1140w, https:\/\/www.em.com.br\/emfoco\/wp-content\/uploads\/2025\/01\/carros-automaticos_1736618964287.jpg 1280w\" sizes=\"auto, (max-width: 1024px) 100vw, 1024px\" \/><figcaption class=\"wp-element-caption\">Carro &#8211; Cr\u00e9ditos: depositphotos.com \/ dj.tong108@windowslive.com<\/figcaption><\/figure>\n\n\n\n<h2 class=\"wp-block-heading\">Como participar do leil\u00e3o de ve\u00edculos?<\/h2>\n\n\n\n<p>Para participar do leil\u00e3o, os interessados devem acessar o <strong>Sistema de Leil\u00e3o Eletr\u00f4nico<\/strong> atrav\u00e9s do <strong>Centro Virtual<\/strong> de <strong>Atendimento ao Contribuinte (e-CAC)<\/strong> entre 17 e 24 de fevereiro. \u00c9 necess\u00e1rio selecionar o edital espec\u00edfico do leil\u00e3o e escolher o lote desejado para fazer um lance. O valor proposto deve ser superior ao valor m\u00ednimo estabelecido pela Receita.<\/p>\n\n\n\n<p>Pessoas f\u00edsicas precisam ser maiores de 18 anos, inscritas no CPF e possuir um selo de confiabilidade Prata ou Ouro no sistema de identidade digital do <strong>Governo Federal<\/strong>. J\u00e1 as pessoas jur\u00eddicas devem ter cadastro regular no CNPJ e o respons\u00e1vel ou procurador da empresa deve possuir o mesmo selo de confiabilidade.<\/p>\n\n\n\n<h2 class=\"wp-block-heading\">Quais s\u00e3o as precau\u00e7\u00f5es a serem tomadas?<\/h2>\n\n\n\n<p>A <strong>Receita Federal<\/strong> alerta para a possibilidade de fraudes, como transmiss\u00f5es ao vivo falsas que simulam leil\u00f5es em plataformas de v\u00eddeo. A participa\u00e7\u00e3o no leil\u00e3o \u00e9 feita exclusivamente pelo e-CAC, e o pagamento dos bens arrematados deve ser realizado por meio de <strong>Documentos de Arrecada\u00e7\u00e3o de Receita Federais (Darfs)<\/strong>, nunca por dep\u00f3sitos ou transfer\u00eancias para contas de terceiros.<\/p>\n\n\n\n<p>Al\u00e9m disso, alguns lotes incluem ve\u00edculos com restri\u00e7\u00e3o judicial ativa, que impede seu uso, transfer\u00eancia e venda. \u00c9 responsabilidade do arrematante resolver essas restri\u00e7\u00f5es. H\u00e1 tamb\u00e9m lotes de ve\u00edculos classificados como sucata, destinados exclusivamente a empresas registradas no Detran para desmontagem.<\/p>\n","protected":false},"excerpt":{"rendered":"<p>A Receita Federal em S\u00e3o Paulo anunciou a realiza\u00e7\u00e3o de um leil\u00e3o regional de ve\u00edculos, programado para fevereiro de 2025. Este evento inclui uma variedade de ve\u00edculos, como autom\u00f3veis, SUVs, caminhonetes, caminh\u00f5es, e at\u00e9 mesmo tratores e \u00f4nibus. O leil\u00e3o ser\u00e1 realizado de forma eletr\u00f4nica, permitindo a participa\u00e7\u00e3o de pessoas f\u00edsicas e jur\u00eddicas. O per\u00edodo [&hellip;]<\/p>\n","protected":false},"author":5,"featured_media":10016,"comment_status":"open","ping_status":"open","sticky":false,"template":"","format":"standard","meta":{"jnews-multi-image_gallery":[],"jnews_single_post":{"format":"standard"},"jnews_primary_category":[],"jnews_social_meta":[],"jnews_override_counter":[],"footnotes":""},"categories":[27,28,1],"tags":[1633,4839,2208,553],"class_list":["post-18526","post","type-post","status-publish","format-standard","has-post-thumbnail","hentry","category-carros","category-economia","category-noticias","tag-leilao","tag-leilao-de-carros","tag-receita-federal","tag-sao-paulo"],"yoast_head":"<!-- This site is optimized with the Yoast SEO plugin v23.8 - https:\/\/yoast.com\/wordpress\/plugins\/seo\/ -->\n<title>Receita Federal anuncia leil\u00e3o com carros a partir de R$800 - Estado de Minas - Em foco<\/title>\n<meta name=\"description\" content=\"Fique por dentro do leil\u00e3o de ve\u00edculos da Receita Federal e saiba como fazer lances para conquistar boas ofertas.\" \/>\n<meta name=\"robots\" content=\"index, follow, max-snippet:-1, max-image-preview:large, max-video-preview:-1\" \/>\n<link rel=\"canonical\" href=\"https:\/\/www.em.com.br\/emfoco\/2025\/02\/12\/receita-federal-anuncia-leilao-com-carros-a-partir-de-r800\/\" \/>\n<meta property=\"og:locale\" content=\"pt_BR\" \/>\n<meta property=\"og:type\" content=\"article\" \/>\n<meta property=\"og:title\" content=\"Receita Federal anuncia leil\u00e3o com carros a partir de R$800 - Estado de Minas - Em foco\" \/>\n<meta property=\"og:description\" content=\"Fique por dentro do leil\u00e3o de ve\u00edculos da Receita Federal e saiba como fazer lances para conquistar boas ofertas.\" \/>\n<meta property=\"og:url\" content=\"https:\/\/www.em.com.br\/emfoco\/2025\/02\/12\/receita-federal-anuncia-leilao-com-carros-a-partir-de-r800\/\" \/>\n<meta property=\"og:site_name\" content=\"Estado de Minas - Em foco\" \/>\n<meta property=\"article:published_time\" content=\"2025-02-12T17:00:06+00:00\" \/>\n<meta property=\"article:modified_time\" content=\"2025-02-12T17:00:07+00:00\" \/>\n<meta property=\"og:image\" content=\"https:\/\/www.em.com.br\/emfoco\/wp-content\/uploads\/2025\/01\/carros_1736619439471.jpg\" \/>\n\t<meta property=\"og:image:width\" content=\"1280\" \/>\n\t<meta property=\"og:image:height\" content=\"720\" \/>\n\t<meta property=\"og:image:type\" content=\"image\/jpeg\" \/>\n<meta name=\"author\" content=\"N\u00fabia Rangel\" \/>\n<meta name=\"twitter:card\" content=\"summary_large_image\" \/>\n<meta name=\"twitter:label1\" content=\"Escrito por\" \/>\n\t<meta name=\"twitter:data1\" content=\"N\u00fabia Rangel\" \/>\n\t<meta name=\"twitter:label2\" content=\"Est. tempo de leitura\" \/>\n\t<meta name=\"twitter:data2\" content=\"4 minutos\" \/>\n<!-- \/ Yoast SEO plugin. -->","yoast_head_json":{"title":"Receita Federal anuncia leil\u00e3o com carros a partir de R$800 - Estado de Minas - Em foco","description":"Fique por dentro do leil\u00e3o de ve\u00edculos da Receita Federal e saiba como fazer lances para conquistar boas ofertas.","robots":{"index":"index","follow":"follow","max-snippet":"max-snippet:-1","max-image-preview":"max-image-preview:large","max-video-preview":"max-video-preview:-1"},"canonical":"https:\/\/www.em.com.br\/emfoco\/2025\/02\/12\/receita-federal-anuncia-leilao-com-carros-a-partir-de-r800\/","og_locale":"pt_BR","og_type":"article","og_title":"Receita Federal anuncia leil\u00e3o com carros a partir de R$800 - Estado de Minas - Em foco","og_description":"Fique por dentro do leil\u00e3o de ve\u00edculos da Receita Federal e saiba como fazer lances para conquistar boas ofertas.","og_url":"https:\/\/www.em.com.br\/emfoco\/2025\/02\/12\/receita-federal-anuncia-leilao-com-carros-a-partir-de-r800\/","og_site_name":"Estado de Minas - Em foco","article_published_time":"2025-02-12T17:00:06+00:00","article_modified_time":"2025-02-12T17:00:07+00:00","og_image":[{"width":1280,"height":720,"url":"https:\/\/www.em.com.br\/emfoco\/wp-content\/uploads\/2025\/01\/carros_1736619439471.jpg","type":"image\/jpeg"}],"author":"N\u00fabia Rangel","twitter_card":"summary_large_image","twitter_misc":{"Escrito por":"N\u00fabia Rangel","Est. tempo de leitura":"4 minutos"},"schema":{"@context":"https:\/\/schema.org","@graph":[{"@type":"WebPage","@id":"https:\/\/www.em.com.br\/emfoco\/2025\/02\/12\/receita-federal-anuncia-leilao-com-carros-a-partir-de-r800\/","url":"https:\/\/www.em.com.br\/emfoco\/2025\/02\/12\/receita-federal-anuncia-leilao-com-carros-a-partir-de-r800\/","name":"Receita Federal anuncia leil\u00e3o com carros a partir de R$800 - Estado de Minas - Em foco","isPartOf":{"@id":"https:\/\/www.em.com.br\/emfoco\/#website"},"primaryImageOfPage":{"@id":"https:\/\/www.em.com.br\/emfoco\/2025\/02\/12\/receita-federal-anuncia-leilao-com-carros-a-partir-de-r800\/#primaryimage"},"image":{"@id":"https:\/\/www.em.com.br\/emfoco\/2025\/02\/12\/receita-federal-anuncia-leilao-com-carros-a-partir-de-r800\/#primaryimage"},"thumbnailUrl":"https:\/\/www.em.com.br\/emfoco\/wp-content\/uploads\/2025\/01\/carros_1736619439471.jpg","datePublished":"2025-02-12T17:00:06+00:00","dateModified":"2025-02-12T17:00:07+00:00","author":{"@id":"https:\/\/www.em.com.br\/emfoco\/#\/schema\/person\/524437ef54f8a5d32591b143307f2e20"},"description":"Fique por dentro do leil\u00e3o de ve\u00edculos da Receita Federal e saiba como fazer lances para conquistar boas ofertas.","breadcrumb":{"@id":"https:\/\/www.em.com.br\/emfoco\/2025\/02\/12\/receita-federal-anuncia-leilao-com-carros-a-partir-de-r800\/#breadcrumb"},"inLanguage":"pt-BR","potentialAction":[{"@type":"ReadAction","target":["https:\/\/www.em.com.br\/emfoco\/2025\/02\/12\/receita-federal-anuncia-leilao-com-carros-a-partir-de-r800\/"]}]},{"@type":"ImageObject","inLanguage":"pt-BR","@id":"https:\/\/www.em.com.br\/emfoco\/2025\/02\/12\/receita-federal-anuncia-leilao-com-carros-a-partir-de-r800\/#primaryimage","url":"https:\/\/www.em.com.br\/emfoco\/wp-content\/uploads\/2025\/01\/carros_1736619439471.jpg","contentUrl":"https:\/\/www.em.com.br\/emfoco\/wp-content\/uploads\/2025\/01\/carros_1736619439471.jpg","width":1280,"height":720,"caption":"Imagem de Carros - Cr\u00e9ditos: depositphotos.com \/ welcomia"},{"@type":"BreadcrumbList","@id":"https:\/\/www.em.com.br\/emfoco\/2025\/02\/12\/receita-federal-anuncia-leilao-com-carros-a-partir-de-r800\/#breadcrumb","itemListElement":[{"@type":"ListItem","position":1,"name":"In\u00edcio","item":"https:\/\/www.em.com.br\/emfoco\/"},{"@type":"ListItem","position":2,"name":"Receita Federal anuncia leil\u00e3o com carros a partir de R$800"}]},{"@type":"WebSite","@id":"https:\/\/www.em.com.br\/emfoco\/#website","url":"https:\/\/www.em.com.br\/emfoco\/","name":"Estado de Minas - Em foco","description":"Acompanhe as \u00faltimas not\u00edcias e fique bem informado sobre tudo o que acontece em Minas Gerais, Brasil e no mundo.","potentialAction":[{"@type":"SearchAction","target":{"@type":"EntryPoint","urlTemplate":"https:\/\/www.em.com.br\/emfoco\/?s={search_term_string}"},"query-input":{"@type":"PropertyValueSpecification","valueRequired":true,"valueName":"search_term_string"}}],"inLanguage":"pt-BR"},{"@type":"Person","@id":"https:\/\/www.em.com.br\/emfoco\/#\/schema\/person\/524437ef54f8a5d32591b143307f2e20","name":"N\u00fabia Rangel","image":{"@type":"ImageObject","inLanguage":"pt-BR","@id":"https:\/\/www.em.com.br\/emfoco\/#\/schema\/person\/image\/","url":"https:\/\/secure.gravatar.com\/avatar\/47cff2827a5ba23c37e8068c86817ea4?s=96&d=mm&r=g","contentUrl":"https:\/\/secure.gravatar.com\/avatar\/47cff2827a5ba23c37e8068c86817ea4?s=96&d=mm&r=g","caption":"N\u00fabia Rangel"},"sameAs":["https:\/\/www.em.com.br\/emfoco\/"],"url":"https:\/\/www.em.com.br\/emfoco\/author\/nubiamyth\/"}]}},"_links":{"self":[{"href":"https:\/\/www.em.com.br\/emfoco\/wp-json\/wp\/v2\/posts\/18526","targetHints":{"allow":["GET"]}}],"collection":[{"href":"https:\/\/www.em.com.br\/emfoco\/wp-json\/wp\/v2\/posts"}],"about":[{"href":"https:\/\/www.em.com.br\/emfoco\/wp-json\/wp\/v2\/types\/post"}],"author":[{"embeddable":true,"href":"https:\/\/www.em.com.br\/emfoco\/wp-json\/wp\/v2\/users\/5"}],"replies":[{"embeddable":true,"href":"https:\/\/www.em.com.br\/emfoco\/wp-json\/wp\/v2\/comments?post=18526"}],"version-history":[{"count":2,"href":"https:\/\/www.em.com.br\/emfoco\/wp-json\/wp\/v2\/posts\/18526\/revisions"}],"predecessor-version":[{"id":18528,"href":"https:\/\/www.em.com.br\/emfoco\/wp-json\/wp\/v2\/posts\/18526\/revisions\/18528"}],"wp:featuredmedia":[{"embeddable":true,"href":"https:\/\/www.em.com.br\/emfoco\/wp-json\/wp\/v2\/media\/10016"}],"wp:attachment":[{"href":"https:\/\/www.em.com.br\/emfoco\/wp-json\/wp\/v2\/media?parent=18526"}],"wp:term":[{"taxonomy":"category","embeddable":true,"href":"https:\/\/www.em.com.br\/emfoco\/wp-json\/wp\/v2\/categories?post=18526"},{"taxonomy":"post_tag","embeddable":true,"href":"https:\/\/www.em.com.br\/emfoco\/wp-json\/wp\/v2\/tags?post=18526"}],"curies":[{"name":"wp","href":"https:\/\/api.w.org\/{rel}","templated":true}]}}