{"id":1852,"date":"2024-11-30T15:20:00","date_gmt":"2024-11-30T18:20:00","guid":{"rendered":"https:\/\/www.em.com.br\/emfoco\/?p=1852"},"modified":"2024-11-28T12:07:16","modified_gmt":"2024-11-28T15:07:16","slug":"por-que-uberlandia-e-um-polo-economico-e-cultural","status":"publish","type":"post","link":"https:\/\/www.em.com.br\/emfoco\/2024\/11\/30\/por-que-uberlandia-e-um-polo-economico-e-cultural\/","title":{"rendered":"Por que Uberl\u00e2ndia \u00c9 Um Polo Econ\u00f4mico e Cultural?"},"content":{"rendered":"\n<p>Uberl\u00e2ndia, localizada na regi\u00e3o do <a href=\"https:\/\/www.em.com.br\/emfoco\/2024\/11\/27\/triangulo-mineiro-o-coracao-produtivo-e-cultural-de-minas-gerais\/\" target=\"_blank\" rel=\"noreferrer noopener\"><strong>Tri\u00e2ngulo Mineiro<\/strong><\/a>, em Minas Gerais, possui uma rica hist\u00f3ria que remonta ao in\u00edcio do s\u00e9culo XIX. As origens da cidade est\u00e3o associadas aos bandeirantes, que buscavam expandir suas descobertas territoriais e explorar o Sert\u00e3o da Farinha Podre. As primeiras terras habitadas estavam sob a posse da Fazenda do Salto, pertencente a Francisca Laves Rabello, o que deu in\u00edcio ao povoamento conhecido como Arraial de Nossa Senhora do Carmo e S\u00e3o Sebasti\u00e3o da Barra de S\u00e3o Pedro.<\/p>\n\n\n\n<p>No decorrer dos anos, o povoado passou por v\u00e1rias transforma\u00e7\u00f5es administrativas. Em 1852, foi elevado a arraial de S\u00e3o Pedro de Uberabinha, ainda sob jurisdi\u00e7\u00e3o de Uberaba. Ap\u00f3s cinco anos, alcan\u00e7ou o status de freguesia e com isso, sua emancipa\u00e7\u00e3o pol\u00edtica. Finalmente, em 31 de agosto de 1888, Uberl\u00e2ndia foi oficialmente criada como munic\u00edpio pela Lei n.\u00ba 3.643.<\/p>\n\n\n\n<h2 class=\"wp-block-heading\">Por que Uberl\u00e2ndia? A Escolha do Nome!<\/h2>\n\n\n\n<p>O nome Uberl\u00e2ndia, que significa terra f\u00e9rtil, surgiu na d\u00e9cada de 1910 por meio de uma sugest\u00e3o de Jo\u00e3o de Deus Faria durante discuss\u00f5es na Livraria Kosmos. A ideia enfrentou resist\u00eancia inicial, mas ressurgiu anos depois quando o Coronel Jos\u00e9 The\u00f3filo Carneiro, a princ\u00edpio relutante, considerou renomear o munic\u00edpio. Influenciado por uma cr\u00edtica ao nome alternativo &#8216;Maravilha&#8217;, o Coronel adotou a sugest\u00e3o de Jo\u00e3o de Deus, oficializando a nomenclatura da cidade como Uberl\u00e2ndia.<\/p>\n\n\n\n<figure class=\"wp-block-image size-large\"><img loading=\"lazy\" decoding=\"async\" width=\"1024\" height=\"576\" src=\"https:\/\/www.em.com.br\/emfoco\/wp-content\/uploads\/2024\/11\/uberlandia_1732793159677-1024x576.jpg\" alt=\"Por que Uberl\u00e2ndia \u00c9 Um Polo Econ\u00f4mico e Cultural?\" class=\"wp-image-1855\" srcset=\"https:\/\/www.em.com.br\/emfoco\/wp-content\/uploads\/2024\/11\/uberlandia_1732793159677-1024x576.jpg 1024w, https:\/\/www.em.com.br\/emfoco\/wp-content\/uploads\/2024\/11\/uberlandia_1732793159677-300x169.jpg 300w, https:\/\/www.em.com.br\/emfoco\/wp-content\/uploads\/2024\/11\/uberlandia_1732793159677-768x432.jpg 768w, https:\/\/www.em.com.br\/emfoco\/wp-content\/uploads\/2024\/11\/uberlandia_1732793159677-750x422.jpg 750w, https:\/\/www.em.com.br\/emfoco\/wp-content\/uploads\/2024\/11\/uberlandia_1732793159677-1140x641.jpg 1140w, https:\/\/www.em.com.br\/emfoco\/wp-content\/uploads\/2024\/11\/uberlandia_1732793159677.jpg 1280w\" sizes=\"auto, (max-width: 1024px) 100vw, 1024px\" \/><figcaption class=\"wp-element-caption\">Uberl\u00e2ndia &#8211; Cr\u00e9ditos: depositphotos.com<\/figcaption><\/figure>\n\n\n\n<h2 class=\"wp-block-heading\">Demografia e Crescimento Populacional<\/h2>\n\n\n\n<p>Atualmente, Uberl\u00e2ndia \u00e9 uma das cidades mais populosas de Minas Gerais. Segundo o <a href=\"https:\/\/www.ibge.gov.br\/\" target=\"_blank\" rel=\"noreferrer noopener\"><strong>Instituto Brasileiro de Geografia e Estat\u00edsticas<\/strong><\/a> (IBGE), a popula\u00e7\u00e3o em 2022 foi estimada em 713.224 habitantes. Com uma \u00e1rea total de 4.115,206 km\u00b2, sua densidade demogr\u00e1fica chega a 173,31 habitantes por quil\u00f4metro quadrado, demonstrando um crescimento urbano significativo.<\/p>\n\n\n\n<h2 class=\"wp-block-heading\">Como Uberl\u00e2ndia se Destaca nos Indicadores Sociais?<\/h2>\n\n\n\n<p>Uberl\u00e2ndia apresenta dados promissores nos indicadores sociais. A taxa de mortalidade infantil \u00e9 de 8,59 para cada 1.000 nascidos vivos. Em \u00e2mbito estadual e nacional, a cidade ocupa posi\u00e7\u00f5es intermedi\u00e1rias. O \u00edndice de interna\u00e7\u00f5es por diarreias \u00e9 de 23,6 por 1.000 habitantes. Em termos de educa\u00e7\u00e3o, em 2010, 98% das crian\u00e7as de 6 a 14 anos estavam escolarizadas.<\/p>\n\n\n\n<ul class=\"wp-block-list\">\n<li>No IDEB de 2021, a cidade pontuou 6,1 para os anos iniciais do ensino fundamental, e 5,4 para os anos finais.<\/li>\n<\/ul>\n\n\n\n<h2 class=\"wp-block-heading\">Economia e Renda em Uberl\u00e2ndia:<\/h2>\n\n\n\n<p>A economia de Uberl\u00e2ndia se destaca principalmente por sua renda mensal m\u00e9dia dos trabalhadores formais, estabelecida em 2,7 sal\u00e1rios m\u00ednimos em 2022. Al\u00e9m disso, a diversidade econ\u00f4mica da cidade contribui para sua influ\u00eancia regional, com setores como o com\u00e9rcio e servi\u00e7os gerando emprego e renda est\u00e1veis.<\/p>\n\n\n\n<p>Uberl\u00e2ndia continua se firmando como um polo importante n\u00e3o s\u00f3 para o estado de Minas Gerais, mas tamb\u00e9m para o Brasil, mostrando um desenvolvimento econ\u00f4mico e social cont\u00ednuo e sustentado ao longo dos anos.<\/p>\n","protected":false},"excerpt":{"rendered":"<p>Uberl\u00e2ndia, localizada na regi\u00e3o do Tri\u00e2ngulo Mineiro, em Minas Gerais, possui uma rica hist\u00f3ria que remonta ao in\u00edcio do s\u00e9culo XIX. As origens da cidade est\u00e3o associadas aos bandeirantes, que buscavam expandir suas descobertas territoriais e explorar o Sert\u00e3o da Farinha Podre. As primeiras terras habitadas estavam sob a posse da Fazenda do Salto, pertencente [&hellip;]<\/p>\n","protected":false},"author":5,"featured_media":1854,"comment_status":"open","ping_status":"open","sticky":false,"template":"","format":"standard","meta":{"jnews-multi-image_gallery":[],"jnews_single_post":{"format":"standard"},"jnews_primary_category":[],"jnews_social_meta":[],"jnews_override_counter":[],"footnotes":""},"categories":[26,1],"tags":[628,237,1091,207,612],"class_list":["post-1852","post","type-post","status-publish","format-standard","has-post-thumbnail","hentry","category-cidades","category-noticias","tag-dados","tag-historia","tag-informacoes","tag-minas-gerais","tag-uberlandia"],"yoast_head":"<!-- This site is optimized with the Yoast SEO plugin v23.8 - https:\/\/yoast.com\/wordpress\/plugins\/seo\/ -->\n<title>Por que Uberl\u00e2ndia \u00c9 Um Polo Econ\u00f4mico e Cultural? - Estado de Minas - Em foco<\/title>\n<meta name=\"description\" content=\"Descubra os fatores que fazem de Uberl\u00e2ndia uma cidade refer\u00eancia em infraestrutura, educa\u00e7\u00e3o e qualidade de vida.\" \/>\n<meta name=\"robots\" content=\"index, follow, max-snippet:-1, max-image-preview:large, max-video-preview:-1\" \/>\n<link rel=\"canonical\" href=\"https:\/\/www.em.com.br\/emfoco\/2024\/11\/30\/por-que-uberlandia-e-um-polo-economico-e-cultural\/\" \/>\n<meta property=\"og:locale\" content=\"pt_BR\" \/>\n<meta property=\"og:type\" content=\"article\" \/>\n<meta property=\"og:title\" content=\"Por que Uberl\u00e2ndia \u00c9 Um Polo Econ\u00f4mico e Cultural? - Estado de Minas - Em foco\" \/>\n<meta property=\"og:description\" content=\"Descubra os fatores que fazem de Uberl\u00e2ndia uma cidade refer\u00eancia em infraestrutura, educa\u00e7\u00e3o e qualidade de vida.\" \/>\n<meta property=\"og:url\" content=\"https:\/\/www.em.com.br\/emfoco\/2024\/11\/30\/por-que-uberlandia-e-um-polo-economico-e-cultural\/\" \/>\n<meta property=\"og:site_name\" content=\"Estado de Minas - Em foco\" \/>\n<meta property=\"article:published_time\" content=\"2024-11-30T18:20:00+00:00\" \/>\n<meta property=\"article:modified_time\" content=\"2024-11-28T15:07:16+00:00\" \/>\n<meta property=\"og:image\" content=\"https:\/\/www.em.com.br\/emfoco\/wp-content\/uploads\/2024\/11\/image-56-e1732793219210.png\" \/>\n\t<meta property=\"og:image:width\" content=\"1024\" \/>\n\t<meta property=\"og:image:height\" content=\"577\" \/>\n\t<meta property=\"og:image:type\" content=\"image\/png\" \/>\n<meta name=\"author\" content=\"N\u00fabia Rangel\" \/>\n<meta name=\"twitter:card\" content=\"summary_large_image\" \/>\n<meta name=\"twitter:label1\" content=\"Escrito por\" \/>\n\t<meta name=\"twitter:data1\" content=\"N\u00fabia Rangel\" \/>\n\t<meta name=\"twitter:label2\" content=\"Est. tempo de leitura\" \/>\n\t<meta name=\"twitter:data2\" content=\"3 minutos\" \/>\n<!-- \/ Yoast SEO plugin. -->","yoast_head_json":{"title":"Por que Uberl\u00e2ndia \u00c9 Um Polo Econ\u00f4mico e Cultural? - Estado de Minas - Em foco","description":"Descubra os fatores que fazem de Uberl\u00e2ndia uma cidade refer\u00eancia em infraestrutura, educa\u00e7\u00e3o e qualidade de vida.","robots":{"index":"index","follow":"follow","max-snippet":"max-snippet:-1","max-image-preview":"max-image-preview:large","max-video-preview":"max-video-preview:-1"},"canonical":"https:\/\/www.em.com.br\/emfoco\/2024\/11\/30\/por-que-uberlandia-e-um-polo-economico-e-cultural\/","og_locale":"pt_BR","og_type":"article","og_title":"Por que Uberl\u00e2ndia \u00c9 Um Polo Econ\u00f4mico e Cultural? - Estado de Minas - Em foco","og_description":"Descubra os fatores que fazem de Uberl\u00e2ndia uma cidade refer\u00eancia em infraestrutura, educa\u00e7\u00e3o e qualidade de vida.","og_url":"https:\/\/www.em.com.br\/emfoco\/2024\/11\/30\/por-que-uberlandia-e-um-polo-economico-e-cultural\/","og_site_name":"Estado de Minas - Em foco","article_published_time":"2024-11-30T18:20:00+00:00","article_modified_time":"2024-11-28T15:07:16+00:00","og_image":[{"width":1024,"height":577,"url":"https:\/\/www.em.com.br\/emfoco\/wp-content\/uploads\/2024\/11\/image-56-e1732793219210.png","type":"image\/png"}],"author":"N\u00fabia Rangel","twitter_card":"summary_large_image","twitter_misc":{"Escrito por":"N\u00fabia Rangel","Est. tempo de leitura":"3 minutos"},"schema":{"@context":"https:\/\/schema.org","@graph":[{"@type":"WebPage","@id":"https:\/\/www.em.com.br\/emfoco\/2024\/11\/30\/por-que-uberlandia-e-um-polo-economico-e-cultural\/","url":"https:\/\/www.em.com.br\/emfoco\/2024\/11\/30\/por-que-uberlandia-e-um-polo-economico-e-cultural\/","name":"Por que Uberl\u00e2ndia \u00c9 Um Polo Econ\u00f4mico e Cultural? - Estado de Minas - Em foco","isPartOf":{"@id":"https:\/\/www.em.com.br\/emfoco\/#website"},"primaryImageOfPage":{"@id":"https:\/\/www.em.com.br\/emfoco\/2024\/11\/30\/por-que-uberlandia-e-um-polo-economico-e-cultural\/#primaryimage"},"image":{"@id":"https:\/\/www.em.com.br\/emfoco\/2024\/11\/30\/por-que-uberlandia-e-um-polo-economico-e-cultural\/#primaryimage"},"thumbnailUrl":"https:\/\/www.em.com.br\/emfoco\/wp-content\/uploads\/2024\/11\/image-56-e1732793219210.png","datePublished":"2024-11-30T18:20:00+00:00","dateModified":"2024-11-28T15:07:16+00:00","author":{"@id":"https:\/\/www.em.com.br\/emfoco\/#\/schema\/person\/524437ef54f8a5d32591b143307f2e20"},"description":"Descubra os fatores que fazem de Uberl\u00e2ndia uma cidade refer\u00eancia em infraestrutura, educa\u00e7\u00e3o e qualidade de vida.","breadcrumb":{"@id":"https:\/\/www.em.com.br\/emfoco\/2024\/11\/30\/por-que-uberlandia-e-um-polo-economico-e-cultural\/#breadcrumb"},"inLanguage":"pt-BR","potentialAction":[{"@type":"ReadAction","target":["https:\/\/www.em.com.br\/emfoco\/2024\/11\/30\/por-que-uberlandia-e-um-polo-economico-e-cultural\/"]}]},{"@type":"ImageObject","inLanguage":"pt-BR","@id":"https:\/\/www.em.com.br\/emfoco\/2024\/11\/30\/por-que-uberlandia-e-um-polo-economico-e-cultural\/#primaryimage","url":"https:\/\/www.em.com.br\/emfoco\/wp-content\/uploads\/2024\/11\/image-56-e1732793219210.png","contentUrl":"https:\/\/www.em.com.br\/emfoco\/wp-content\/uploads\/2024\/11\/image-56-e1732793219210.png","width":1024,"height":577,"caption":"Uberl\u00e2ndia - Cr\u00e9ditos: Flickr"},{"@type":"BreadcrumbList","@id":"https:\/\/www.em.com.br\/emfoco\/2024\/11\/30\/por-que-uberlandia-e-um-polo-economico-e-cultural\/#breadcrumb","itemListElement":[{"@type":"ListItem","position":1,"name":"In\u00edcio","item":"https:\/\/www.em.com.br\/emfoco\/"},{"@type":"ListItem","position":2,"name":"Por que Uberl\u00e2ndia \u00c9 Um Polo Econ\u00f4mico e Cultural?"}]},{"@type":"WebSite","@id":"https:\/\/www.em.com.br\/emfoco\/#website","url":"https:\/\/www.em.com.br\/emfoco\/","name":"Estado de Minas - Em foco","description":"Acompanhe as \u00faltimas not\u00edcias e fique bem informado sobre tudo o que acontece em Minas Gerais, Brasil e no mundo.","potentialAction":[{"@type":"SearchAction","target":{"@type":"EntryPoint","urlTemplate":"https:\/\/www.em.com.br\/emfoco\/?s={search_term_string}"},"query-input":{"@type":"PropertyValueSpecification","valueRequired":true,"valueName":"search_term_string"}}],"inLanguage":"pt-BR"},{"@type":"Person","@id":"https:\/\/www.em.com.br\/emfoco\/#\/schema\/person\/524437ef54f8a5d32591b143307f2e20","name":"N\u00fabia Rangel","image":{"@type":"ImageObject","inLanguage":"pt-BR","@id":"https:\/\/www.em.com.br\/emfoco\/#\/schema\/person\/image\/","url":"https:\/\/secure.gravatar.com\/avatar\/47cff2827a5ba23c37e8068c86817ea4?s=96&d=mm&r=g","contentUrl":"https:\/\/secure.gravatar.com\/avatar\/47cff2827a5ba23c37e8068c86817ea4?s=96&d=mm&r=g","caption":"N\u00fabia Rangel"},"sameAs":["https:\/\/www.em.com.br\/emfoco\/"],"url":"https:\/\/www.em.com.br\/emfoco\/author\/nubiamyth\/"}]}},"_links":{"self":[{"href":"https:\/\/www.em.com.br\/emfoco\/wp-json\/wp\/v2\/posts\/1852","targetHints":{"allow":["GET"]}}],"collection":[{"href":"https:\/\/www.em.com.br\/emfoco\/wp-json\/wp\/v2\/posts"}],"about":[{"href":"https:\/\/www.em.com.br\/emfoco\/wp-json\/wp\/v2\/types\/post"}],"author":[{"embeddable":true,"href":"https:\/\/www.em.com.br\/emfoco\/wp-json\/wp\/v2\/users\/5"}],"replies":[{"embeddable":true,"href":"https:\/\/www.em.com.br\/emfoco\/wp-json\/wp\/v2\/comments?post=1852"}],"version-history":[{"count":2,"href":"https:\/\/www.em.com.br\/emfoco\/wp-json\/wp\/v2\/posts\/1852\/revisions"}],"predecessor-version":[{"id":1856,"href":"https:\/\/www.em.com.br\/emfoco\/wp-json\/wp\/v2\/posts\/1852\/revisions\/1856"}],"wp:featuredmedia":[{"embeddable":true,"href":"https:\/\/www.em.com.br\/emfoco\/wp-json\/wp\/v2\/media\/1854"}],"wp:attachment":[{"href":"https:\/\/www.em.com.br\/emfoco\/wp-json\/wp\/v2\/media?parent=1852"}],"wp:term":[{"taxonomy":"category","embeddable":true,"href":"https:\/\/www.em.com.br\/emfoco\/wp-json\/wp\/v2\/categories?post=1852"},{"taxonomy":"post_tag","embeddable":true,"href":"https:\/\/www.em.com.br\/emfoco\/wp-json\/wp\/v2\/tags?post=1852"}],"curies":[{"name":"wp","href":"https:\/\/api.w.org\/{rel}","templated":true}]}}