{"id":18467,"date":"2025-02-18T22:20:00","date_gmt":"2025-02-19T01:20:00","guid":{"rendered":"https:\/\/www.em.com.br\/emfoco\/?p=18467"},"modified":"2025-02-10T18:34:26","modified_gmt":"2025-02-10T21:34:26","slug":"governo-de-nova-york-veta-deepseek-por-possivel-censura-e-espionagem","status":"publish","type":"post","link":"https:\/\/www.em.com.br\/emfoco\/2025\/02\/18\/governo-de-nova-york-veta-deepseek-por-possivel-censura-e-espionagem\/","title":{"rendered":"Governo de Nova York veta Deepseek por poss\u00edvel censura e espionagem"},"content":{"rendered":"\n<p>O <strong>Estado de Nova York<\/strong> tomou uma decis\u00e3o significativa ao proibir o uso do chatbot da startup chinesa <strong><a href=\"https:\/\/www.em.com.br\/emfoco\/2025\/02\/07\/startup-chinesa-lanca-ia-poderosa-e-abala-mercado-bilionario\/\" target=\"_blank\" rel=\"noreferrer noopener\">DeepSeek<\/a><\/strong> em dispositivos governamentais. Essa medida foi adotada devido a preocupa\u00e7\u00f5es com a <strong>privacidade de dados<\/strong> e a possibilidade de censura no aplicativo de intelig\u00eancia artificial (IA) generativa da China. A proibi\u00e7\u00e3o visa proteger informa\u00e7\u00f5es sens\u00edveis e garantir a seguran\u00e7a cibern\u00e9tica nas ag\u00eancias do poder executivo do estado.<\/p>\n\n\n\n<p>As novas regras estabelecem que os funcion\u00e1rios estaduais n\u00e3o poder\u00e3o baixar o aplicativo em dispositivos e redes gerenciados pelo Escrit\u00f3rio de Servi\u00e7os de Tecnologia da Informa\u00e7\u00e3o do Estado. Essa decis\u00e3o reflete um movimento crescente entre governos ocidentais para limitar o uso de tecnologias que possam representar riscos \u00e0 seguran\u00e7a nacional.<\/p>\n\n\n\n<h2 class=\"wp-block-heading\">Quais s\u00e3o as implica\u00e7\u00f5es da proibi\u00e7\u00e3o?<\/h2>\n\n\n\n<p>A proibi\u00e7\u00e3o do DeepSeek em dispositivos governamentais de Nova York n\u00e3o se estende aos dispositivos pessoais dos funcion\u00e1rios estaduais. <strong>Colin Ahern<\/strong>, diretor cibern\u00e9tico estadual, confirmou que a restri\u00e7\u00e3o se aplica apenas a equipamentos geridos pelo governo. A medida visa proteger dados governamentais de poss\u00edveis acessos n\u00e3o autorizados e garantir que informa\u00e7\u00f5es sens\u00edveis n\u00e3o sejam comprometidas.<\/p>\n\n\n\n<p>Embora a proibi\u00e7\u00e3o seja clara, n\u00e3o h\u00e1 informa\u00e7\u00f5es sobre se o governo estadual de <strong><a href=\"https:\/\/brasilescola.uol.com.br\/geografia\/nova-york.htm\" target=\"_blank\" rel=\"noreferrer noopener\">Nova York<\/a><\/strong> est\u00e1 em contato direto com a DeepSeek para discutir a decis\u00e3o. A falta de comunica\u00e7\u00e3o direta pode indicar que a decis\u00e3o foi tomada de forma unilateral, com base em an\u00e1lises de seguran\u00e7a e preocupa\u00e7\u00f5es com a privacidade.<\/p>\n\n\n\n<figure class=\"wp-block-image size-large\"><img loading=\"lazy\" decoding=\"async\" width=\"1024\" height=\"576\" src=\"https:\/\/www.em.com.br\/emfoco\/wp-content\/uploads\/2025\/01\/DeepSeek_1738171077265-1024x576.jpg\" alt=\"Startup chinesa lan\u00e7a IA poderosa e abala mercado bilion\u00e1rio\" class=\"wp-image-14697\" srcset=\"https:\/\/www.em.com.br\/emfoco\/wp-content\/uploads\/2025\/01\/DeepSeek_1738171077265-1024x576.jpg 1024w, https:\/\/www.em.com.br\/emfoco\/wp-content\/uploads\/2025\/01\/DeepSeek_1738171077265-300x169.jpg 300w, https:\/\/www.em.com.br\/emfoco\/wp-content\/uploads\/2025\/01\/DeepSeek_1738171077265-768x432.jpg 768w, https:\/\/www.em.com.br\/emfoco\/wp-content\/uploads\/2025\/01\/DeepSeek_1738171077265-750x422.jpg 750w, https:\/\/www.em.com.br\/emfoco\/wp-content\/uploads\/2025\/01\/DeepSeek_1738171077265-1140x641.jpg 1140w, https:\/\/www.em.com.br\/emfoco\/wp-content\/uploads\/2025\/01\/DeepSeek_1738171077265.jpg 1280w\" sizes=\"auto, (max-width: 1024px) 100vw, 1024px\" \/><figcaption class=\"wp-element-caption\">DeepSeek &#8211; Cr\u00e9ditos: depositphotos.com \/ Mojahid_Mottakin<\/figcaption><\/figure>\n\n\n\n<h2 class=\"wp-block-heading\">Por que o DeepSeek \u00e9 uma preocupa\u00e7\u00e3o para governos ocidentais?<\/h2>\n\n\n\n<p>A DeepSeek, propriedade do fundo de <strong>hedge chin\u00eas High-Flyer<\/strong>, emergiu como uma concorrente significativa no mercado de IA desde janeiro. Seus modelos de IA de baixo custo, que utilizam chips Nvidia menos avan\u00e7ados, competem com alternativas americanas. No entanto, a crescente popularidade dos chatbots chineses trouxe \u00e0 tona preocupa\u00e7\u00f5es de seguran\u00e7a entre governos ocidentais.<\/p>\n\n\n\n<p>Especialistas em seguran\u00e7a consultados pelo <strong>Wall Street Journal<\/strong> identificaram que o DeepSeek pode conter <strong>c\u00f3digos ocultos<\/strong> que permitem o envio de informa\u00e7\u00f5es para empresas sancionadas na <strong>China<\/strong>. Essa possibilidade levanta s\u00e9rias preocupa\u00e7\u00f5es sobre a integridade e a seguran\u00e7a dos dados processados pelo aplicativo, especialmente em contextos governamentais.<\/p>\n\n\n\n<h2 class=\"wp-block-heading\">Como a DeepSeek respondeu \u00e0 proibi\u00e7\u00e3o?<\/h2>\n\n\n\n<p>At\u00e9 o momento, a DeepSeek n\u00e3o forneceu uma resposta oficial ao pedido de coment\u00e1rio sobre a proibi\u00e7\u00e3o imposta pelo Estado de Nova York. A aus\u00eancia de uma declara\u00e7\u00e3o pode indicar uma estrat\u00e9gia de espera para avaliar o impacto da decis\u00e3o ou uma poss\u00edvel tentativa de di\u00e1logo futuro com as autoridades americanas.<\/p>\n\n\n\n<p>O sil\u00eancio da empresa pode ser interpretado de v\u00e1rias maneiras, mas destaca a complexidade das rela\u00e7\u00f5es entre empresas de tecnologia chinesas e governos ocidentais. A quest\u00e3o da seguran\u00e7a cibern\u00e9tica e da prote\u00e7\u00e3o de dados continua a ser um tema central nas discuss\u00f5es sobre o uso de tecnologias emergentes em ambientes governamentais.<\/p>\n\n\n\n<h2 class=\"wp-block-heading\">O futuro da IA Chinesa nos Estados Unidos<\/h2>\n\n\n\n<p>A proibi\u00e7\u00e3o do DeepSeek em Nova York pode ser um indicativo de uma tend\u00eancia mais ampla de restri\u00e7\u00f5es a tecnologias chinesas nos Estados Unidos. \u00c0 medida que as preocupa\u00e7\u00f5es com a seguran\u00e7a cibern\u00e9tica aumentam, \u00e9 prov\u00e1vel que outros estados e entidades governamentais considerem medidas semelhantes para proteger suas redes e dados.<\/p>\n\n\n\n<p>Essa situa\u00e7\u00e3o destaca a necessidade de um equil\u00edbrio entre inova\u00e7\u00e3o tecnol\u00f3gica e seguran\u00e7a nacional. O futuro da IA chinesa nos Estados Unidos depender\u00e1, em grande parte, da capacidade das empresas de tecnologia de demonstrar conformidade com padr\u00f5es de seguran\u00e7a e transpar\u00eancia exigidos pelos governos ocidentais.<\/p>\n","protected":false},"excerpt":{"rendered":"<p>O Estado de Nova York tomou uma decis\u00e3o significativa ao proibir o uso do chatbot da startup chinesa DeepSeek em dispositivos governamentais. Essa medida foi adotada devido a preocupa\u00e7\u00f5es com a privacidade de dados e a possibilidade de censura no aplicativo de intelig\u00eancia artificial (IA) generativa da China. A proibi\u00e7\u00e3o visa proteger informa\u00e7\u00f5es sens\u00edveis e [&hellip;]<\/p>\n","protected":false},"author":5,"featured_media":14696,"comment_status":"open","ping_status":"open","sticky":false,"template":"","format":"standard","meta":{"jnews-multi-image_gallery":[],"jnews_single_post":{"format":"standard"},"jnews_primary_category":[],"jnews_social_meta":[],"jnews_override_counter":[],"footnotes":""},"categories":[1,4204],"tags":[4141,4832,4311,1249],"class_list":["post-18467","post","type-post","status-publish","format-standard","has-post-thumbnail","hentry","category-noticias","category-tecnologia","tag-chat","tag-chatbot","tag-deepseek","tag-inteligencia-artificial"],"yoast_head":"<!-- This site is optimized with the Yoast SEO plugin v23.8 - https:\/\/yoast.com\/wordpress\/plugins\/seo\/ -->\n<title>Governo de Nova York veta Deepseek por poss\u00edvel censura e espionagem - Estado de Minas - Em foco<\/title>\n<meta name=\"description\" content=\"Governo de Nova York restringe uso do chatbot Deepseek por temores de acesso n\u00e3o autorizado a informa\u00e7\u00f5es sens\u00edveis. Veja o impacto.\" \/>\n<meta name=\"robots\" content=\"index, follow, max-snippet:-1, max-image-preview:large, max-video-preview:-1\" \/>\n<link rel=\"canonical\" href=\"https:\/\/www.em.com.br\/emfoco\/2025\/02\/18\/governo-de-nova-york-veta-deepseek-por-possivel-censura-e-espionagem\/\" \/>\n<meta property=\"og:locale\" content=\"pt_BR\" \/>\n<meta property=\"og:type\" content=\"article\" \/>\n<meta property=\"og:title\" content=\"Governo de Nova York veta Deepseek por poss\u00edvel censura e espionagem - Estado de Minas - Em foco\" \/>\n<meta property=\"og:description\" content=\"Governo de Nova York restringe uso do chatbot Deepseek por temores de acesso n\u00e3o autorizado a informa\u00e7\u00f5es sens\u00edveis. Veja o impacto.\" \/>\n<meta property=\"og:url\" content=\"https:\/\/www.em.com.br\/emfoco\/2025\/02\/18\/governo-de-nova-york-veta-deepseek-por-possivel-censura-e-espionagem\/\" \/>\n<meta property=\"og:site_name\" content=\"Estado de Minas - Em foco\" \/>\n<meta property=\"article:published_time\" content=\"2025-02-19T01:20:00+00:00\" \/>\n<meta property=\"article:modified_time\" content=\"2025-02-10T21:34:26+00:00\" \/>\n<meta property=\"og:image\" content=\"https:\/\/www.em.com.br\/emfoco\/wp-content\/uploads\/2025\/01\/DeepSeek_1738171027361.jpg\" \/>\n\t<meta property=\"og:image:width\" content=\"1280\" \/>\n\t<meta property=\"og:image:height\" content=\"720\" \/>\n\t<meta property=\"og:image:type\" content=\"image\/jpeg\" \/>\n<meta name=\"author\" content=\"N\u00fabia Rangel\" \/>\n<meta name=\"twitter:card\" content=\"summary_large_image\" \/>\n<meta name=\"twitter:label1\" content=\"Escrito por\" \/>\n\t<meta name=\"twitter:data1\" content=\"N\u00fabia Rangel\" \/>\n\t<meta name=\"twitter:label2\" content=\"Est. tempo de leitura\" \/>\n\t<meta name=\"twitter:data2\" content=\"4 minutos\" \/>\n<!-- \/ Yoast SEO plugin. -->","yoast_head_json":{"title":"Governo de Nova York veta Deepseek por poss\u00edvel censura e espionagem - Estado de Minas - Em foco","description":"Governo de Nova York restringe uso do chatbot Deepseek por temores de acesso n\u00e3o autorizado a informa\u00e7\u00f5es sens\u00edveis. Veja o impacto.","robots":{"index":"index","follow":"follow","max-snippet":"max-snippet:-1","max-image-preview":"max-image-preview:large","max-video-preview":"max-video-preview:-1"},"canonical":"https:\/\/www.em.com.br\/emfoco\/2025\/02\/18\/governo-de-nova-york-veta-deepseek-por-possivel-censura-e-espionagem\/","og_locale":"pt_BR","og_type":"article","og_title":"Governo de Nova York veta Deepseek por poss\u00edvel censura e espionagem - Estado de Minas - Em foco","og_description":"Governo de Nova York restringe uso do chatbot Deepseek por temores de acesso n\u00e3o autorizado a informa\u00e7\u00f5es sens\u00edveis. Veja o impacto.","og_url":"https:\/\/www.em.com.br\/emfoco\/2025\/02\/18\/governo-de-nova-york-veta-deepseek-por-possivel-censura-e-espionagem\/","og_site_name":"Estado de Minas - Em foco","article_published_time":"2025-02-19T01:20:00+00:00","article_modified_time":"2025-02-10T21:34:26+00:00","og_image":[{"width":1280,"height":720,"url":"https:\/\/www.em.com.br\/emfoco\/wp-content\/uploads\/2025\/01\/DeepSeek_1738171027361.jpg","type":"image\/jpeg"}],"author":"N\u00fabia Rangel","twitter_card":"summary_large_image","twitter_misc":{"Escrito por":"N\u00fabia Rangel","Est. tempo de leitura":"4 minutos"},"schema":{"@context":"https:\/\/schema.org","@graph":[{"@type":"WebPage","@id":"https:\/\/www.em.com.br\/emfoco\/2025\/02\/18\/governo-de-nova-york-veta-deepseek-por-possivel-censura-e-espionagem\/","url":"https:\/\/www.em.com.br\/emfoco\/2025\/02\/18\/governo-de-nova-york-veta-deepseek-por-possivel-censura-e-espionagem\/","name":"Governo de Nova York veta Deepseek por poss\u00edvel censura e espionagem - Estado de Minas - Em foco","isPartOf":{"@id":"https:\/\/www.em.com.br\/emfoco\/#website"},"primaryImageOfPage":{"@id":"https:\/\/www.em.com.br\/emfoco\/2025\/02\/18\/governo-de-nova-york-veta-deepseek-por-possivel-censura-e-espionagem\/#primaryimage"},"image":{"@id":"https:\/\/www.em.com.br\/emfoco\/2025\/02\/18\/governo-de-nova-york-veta-deepseek-por-possivel-censura-e-espionagem\/#primaryimage"},"thumbnailUrl":"https:\/\/www.em.com.br\/emfoco\/wp-content\/uploads\/2025\/01\/DeepSeek_1738171027361.jpg","datePublished":"2025-02-19T01:20:00+00:00","dateModified":"2025-02-10T21:34:26+00:00","author":{"@id":"https:\/\/www.em.com.br\/emfoco\/#\/schema\/person\/524437ef54f8a5d32591b143307f2e20"},"description":"Governo de Nova York restringe uso do chatbot Deepseek por temores de acesso n\u00e3o autorizado a informa\u00e7\u00f5es sens\u00edveis. Veja o impacto.","breadcrumb":{"@id":"https:\/\/www.em.com.br\/emfoco\/2025\/02\/18\/governo-de-nova-york-veta-deepseek-por-possivel-censura-e-espionagem\/#breadcrumb"},"inLanguage":"pt-BR","potentialAction":[{"@type":"ReadAction","target":["https:\/\/www.em.com.br\/emfoco\/2025\/02\/18\/governo-de-nova-york-veta-deepseek-por-possivel-censura-e-espionagem\/"]}]},{"@type":"ImageObject","inLanguage":"pt-BR","@id":"https:\/\/www.em.com.br\/emfoco\/2025\/02\/18\/governo-de-nova-york-veta-deepseek-por-possivel-censura-e-espionagem\/#primaryimage","url":"https:\/\/www.em.com.br\/emfoco\/wp-content\/uploads\/2025\/01\/DeepSeek_1738171027361.jpg","contentUrl":"https:\/\/www.em.com.br\/emfoco\/wp-content\/uploads\/2025\/01\/DeepSeek_1738171027361.jpg","width":1280,"height":720,"caption":"DeepSeek - Cr\u00e9ditos: depositphotos.com \/ Mojahid_Mottakin"},{"@type":"BreadcrumbList","@id":"https:\/\/www.em.com.br\/emfoco\/2025\/02\/18\/governo-de-nova-york-veta-deepseek-por-possivel-censura-e-espionagem\/#breadcrumb","itemListElement":[{"@type":"ListItem","position":1,"name":"In\u00edcio","item":"https:\/\/www.em.com.br\/emfoco\/"},{"@type":"ListItem","position":2,"name":"Governo de Nova York veta Deepseek por poss\u00edvel censura e espionagem"}]},{"@type":"WebSite","@id":"https:\/\/www.em.com.br\/emfoco\/#website","url":"https:\/\/www.em.com.br\/emfoco\/","name":"Estado de Minas - Em foco","description":"Acompanhe as \u00faltimas not\u00edcias e fique bem informado sobre tudo o que acontece em Minas Gerais, Brasil e no mundo.","potentialAction":[{"@type":"SearchAction","target":{"@type":"EntryPoint","urlTemplate":"https:\/\/www.em.com.br\/emfoco\/?s={search_term_string}"},"query-input":{"@type":"PropertyValueSpecification","valueRequired":true,"valueName":"search_term_string"}}],"inLanguage":"pt-BR"},{"@type":"Person","@id":"https:\/\/www.em.com.br\/emfoco\/#\/schema\/person\/524437ef54f8a5d32591b143307f2e20","name":"N\u00fabia Rangel","image":{"@type":"ImageObject","inLanguage":"pt-BR","@id":"https:\/\/www.em.com.br\/emfoco\/#\/schema\/person\/image\/","url":"https:\/\/secure.gravatar.com\/avatar\/47cff2827a5ba23c37e8068c86817ea4?s=96&d=mm&r=g","contentUrl":"https:\/\/secure.gravatar.com\/avatar\/47cff2827a5ba23c37e8068c86817ea4?s=96&d=mm&r=g","caption":"N\u00fabia Rangel"},"sameAs":["https:\/\/www.em.com.br\/emfoco\/"],"url":"https:\/\/www.em.com.br\/emfoco\/author\/nubiamyth\/"}]}},"_links":{"self":[{"href":"https:\/\/www.em.com.br\/emfoco\/wp-json\/wp\/v2\/posts\/18467","targetHints":{"allow":["GET"]}}],"collection":[{"href":"https:\/\/www.em.com.br\/emfoco\/wp-json\/wp\/v2\/posts"}],"about":[{"href":"https:\/\/www.em.com.br\/emfoco\/wp-json\/wp\/v2\/types\/post"}],"author":[{"embeddable":true,"href":"https:\/\/www.em.com.br\/emfoco\/wp-json\/wp\/v2\/users\/5"}],"replies":[{"embeddable":true,"href":"https:\/\/www.em.com.br\/emfoco\/wp-json\/wp\/v2\/comments?post=18467"}],"version-history":[{"count":2,"href":"https:\/\/www.em.com.br\/emfoco\/wp-json\/wp\/v2\/posts\/18467\/revisions"}],"predecessor-version":[{"id":18472,"href":"https:\/\/www.em.com.br\/emfoco\/wp-json\/wp\/v2\/posts\/18467\/revisions\/18472"}],"wp:featuredmedia":[{"embeddable":true,"href":"https:\/\/www.em.com.br\/emfoco\/wp-json\/wp\/v2\/media\/14696"}],"wp:attachment":[{"href":"https:\/\/www.em.com.br\/emfoco\/wp-json\/wp\/v2\/media?parent=18467"}],"wp:term":[{"taxonomy":"category","embeddable":true,"href":"https:\/\/www.em.com.br\/emfoco\/wp-json\/wp\/v2\/categories?post=18467"},{"taxonomy":"post_tag","embeddable":true,"href":"https:\/\/www.em.com.br\/emfoco\/wp-json\/wp\/v2\/tags?post=18467"}],"curies":[{"name":"wp","href":"https:\/\/api.w.org\/{rel}","templated":true}]}}