{"id":18450,"date":"2025-02-19T16:20:00","date_gmt":"2025-02-19T19:20:00","guid":{"rendered":"https:\/\/www.em.com.br\/emfoco\/?p=18450"},"modified":"2025-02-18T15:57:03","modified_gmt":"2025-02-18T18:57:03","slug":"governos-estaduais-premiam-pessoas-que-ajudam-a-combater-fraudes-tributarias","status":"publish","type":"post","link":"https:\/\/www.em.com.br\/emfoco\/2025\/02\/19\/governos-estaduais-premiam-pessoas-que-ajudam-a-combater-fraudes-tributarias\/","title":{"rendered":"Governos estaduais premiam pessoas que ajudam a combater fraudes tribut\u00e1rias"},"content":{"rendered":"\n<p>No <strong>Brasil<\/strong>, diversos estados t\u00eam adotado programas que incentivam os consumidores a incluir o <strong>CPF na nota fiscal<\/strong>. Essa pr\u00e1tica tem como objetivo principal combater a sonega\u00e7\u00e3o de impostos, garantindo que o Imposto sobre <strong>Circula\u00e7\u00e3o de Mercadorias e Servi\u00e7os (ICMS)<\/strong> seja devidamente recolhido. Al\u00e9m disso, ao solicitar a inclus\u00e3o do <strong>CPF na nota<\/strong>, o consumidor pode obter benef\u00edcios fiscais e participar de sorteios promovidos pelos governos estaduais.<\/p>\n\n\n\n<p>O estado de <strong><a href=\"https:\/\/www.em.com.br\/emfoco\/2025\/01\/02\/a-ilha-proibida-localizada-no-literal-paulista\/\" target=\"_blank\" rel=\"noreferrer noopener\">S\u00e3o Paulo<\/a><\/strong> foi pioneiro nesse tipo de iniciativa com a cria\u00e7\u00e3o do programa <strong><em><a href=\"https:\/\/portal.fazenda.sp.gov.br\/servicos\/nfp\" target=\"_blank\" rel=\"noreferrer noopener\">Nota Fiscal Paulista<\/a><\/em><\/strong> em 2007. Desde ent\u00e3o, outros estados e o Distrito Federal seguiram o exemplo, implementando programas semelhantes. Essas a\u00e7\u00f5es t\u00eam se mostrado eficazes na conscientiza\u00e7\u00e3o da popula\u00e7\u00e3o sobre a import\u00e2ncia da emiss\u00e3o de documentos fiscais e no aumento da arrecada\u00e7\u00e3o tribut\u00e1ria.<\/p>\n\n\n\n<h2 class=\"wp-block-heading\">Quais s\u00e3o os benef\u00edcios para os consumidores?<\/h2>\n\n\n\n<p>Os programas de incentivo ao CPF na nota oferecem uma s\u00e9rie de vantagens para os consumidores. Entre os benef\u00edcios mais comuns est\u00e3o descontos em impostos como o <strong>IPVA<\/strong> e o <strong>IPTU<\/strong>, al\u00e9m da possibilidade de participar de sorteios de pr\u00eamios em dinheiro. Esses incentivos t\u00eam motivado cada vez mais pessoas a solicitarem a inclus\u00e3o do CPF em suas compras, contribuindo para a legaliza\u00e7\u00e3o das transa\u00e7\u00f5es comerciais.<\/p>\n\n\n\n<p>Um exemplo not\u00e1vel \u00e9 o caso de uma moradora de Ponte Nova, em Minas Gerais, que ganhou R$ 1 milh\u00e3o ao participar de um sorteio promovido pelo programa estadual. A pr\u00e1tica de pedir a nota fiscal j\u00e1 era um h\u00e1bito para ela, o que acabou resultando em um pr\u00eamio significativo. Esse tipo de hist\u00f3ria tem inspirado outros consumidores a adotarem a mesma pr\u00e1tica, unindo o \u00fatil ao agrad\u00e1vel.<\/p>\n\n\n\n<figure class=\"wp-block-image size-large\"><img loading=\"lazy\" decoding=\"async\" width=\"1024\" height=\"576\" src=\"https:\/\/www.em.com.br\/emfoco\/wp-content\/uploads\/2024\/12\/cpf_1735397994007-1024x576.jpg\" alt=\"Saiba como participar do CPF na Nota e concorrer a pr\u00eamios incr\u00edveis!\" class=\"wp-image-7270\" srcset=\"https:\/\/www.em.com.br\/emfoco\/wp-content\/uploads\/2024\/12\/cpf_1735397994007-1024x576.jpg 1024w, https:\/\/www.em.com.br\/emfoco\/wp-content\/uploads\/2024\/12\/cpf_1735397994007-300x169.jpg 300w, https:\/\/www.em.com.br\/emfoco\/wp-content\/uploads\/2024\/12\/cpf_1735397994007-768x432.jpg 768w, https:\/\/www.em.com.br\/emfoco\/wp-content\/uploads\/2024\/12\/cpf_1735397994007-750x422.jpg 750w, https:\/\/www.em.com.br\/emfoco\/wp-content\/uploads\/2024\/12\/cpf_1735397994007-1140x641.jpg 1140w, https:\/\/www.em.com.br\/emfoco\/wp-content\/uploads\/2024\/12\/cpf_1735397994007.jpg 1280w\" sizes=\"auto, (max-width: 1024px) 100vw, 1024px\" \/><figcaption class=\"wp-element-caption\">Imagem Ilustrativa de CPF &#8211; Cr\u00e9ditos: depositphotos.com \/ Mehaniq<\/figcaption><\/figure>\n\n\n\n<h2 class=\"wp-block-heading\">Como os programas impactam a sociedade?<\/h2>\n\n\n\n<p>Al\u00e9m dos benef\u00edcios diretos para os consumidores, os programas de incentivo ao CPF na nota t\u00eam um impacto positivo na sociedade como um todo. Ao aumentar a emiss\u00e3o de documentos fiscais, esses programas ajudam a garantir que os tributos sejam devidamente pagos, o que se traduz em mais recursos para investimentos em \u00e1reas essenciais como sa\u00fade, educa\u00e7\u00e3o e infraestrutura.<\/p>\n\n\n\n<p>Em alguns estados, parte dos valores arrecadados com o programa \u00e9 destinada a institui\u00e7\u00f5es de caridade. No caso de <strong>Minas Gerais<\/strong>, por exemplo, os participantes podem indicar institui\u00e7\u00f5es para receberem pr\u00eamios em dinheiro. A <strong>APAE de Ponte Nova<\/strong> foi uma das beneficiadas, recebendo R$ 30 mil, valor que chegou em um momento oportuno para a institui\u00e7\u00e3o.<\/p>\n\n\n\n<h2 class=\"wp-block-heading\">Por que \u00e9 importante participar?<\/h2>\n\n\n\n<p>A participa\u00e7\u00e3o nos programas de incentivo ao CPF na nota \u00e9 importante n\u00e3o apenas pelos benef\u00edcios individuais, mas tamb\u00e9m pelo papel que desempenha na promo\u00e7\u00e3o da justi\u00e7a fiscal. Ao exigir a emiss\u00e3o da nota fiscal, os consumidores ajudam a combater a informalidade e a sonega\u00e7\u00e3o, contribuindo para um sistema tribut\u00e1rio mais justo e eficiente.<\/p>\n\n\n\n<p>Al\u00e9m disso, a pr\u00e1tica de solicitar a nota fiscal se torna um h\u00e1bito que promove a cidadania e a responsabilidade social. Pessoas como o professor Leonardo Oliveira Pacheco e a auxiliar de limpeza Maria das Gra\u00e7as Rosa da Cunha j\u00e1 incorporaram essa pr\u00e1tica em suas rotinas, reconhecendo a import\u00e2ncia de ter um comprovante fiscal para suas compras.<\/p>\n\n\n\n<h2 class=\"wp-block-heading\">O futuro dos programas de incentivo ao CPF na Nota<\/h2>\n\n\n\n<p>Os programas de incentivo ao CPF na nota t\u00eam mostrado resultados promissores, mas ainda h\u00e1 espa\u00e7o para expans\u00e3o e aprimoramento. Com o avan\u00e7o da tecnologia, novas formas de engajamento e recompensas podem ser exploradas para atrair ainda mais participantes. A conscientiza\u00e7\u00e3o cont\u00ednua sobre a import\u00e2ncia da emiss\u00e3o de notas fiscais \u00e9 crucial para o sucesso dessas iniciativas.<\/p>\n\n\n\n<p>Em suma, os programas de incentivo ao CPF na nota representam uma estrat\u00e9gia eficaz para aumentar a arrecada\u00e7\u00e3o tribut\u00e1ria e promover a cidadania fiscal. Ao oferecer benef\u00edcios tang\u00edveis aos consumidores, eles incentivam a legaliza\u00e7\u00e3o das transa\u00e7\u00f5es comerciais e contribuem para o desenvolvimento econ\u00f4mico e social do pa\u00eds.<\/p>\n","protected":false},"excerpt":{"rendered":"<p>No Brasil, diversos estados t\u00eam adotado programas que incentivam os consumidores a incluir o CPF na nota fiscal. Essa pr\u00e1tica tem como objetivo principal combater a sonega\u00e7\u00e3o de impostos, garantindo que o Imposto sobre Circula\u00e7\u00e3o de Mercadorias e Servi\u00e7os (ICMS) seja devidamente recolhido. Al\u00e9m disso, ao solicitar a inclus\u00e3o do CPF na nota, o consumidor [&hellip;]<\/p>\n","protected":false},"author":5,"featured_media":7091,"comment_status":"open","ping_status":"open","sticky":false,"template":"","format":"standard","meta":{"jnews-multi-image_gallery":[],"jnews_single_post":{"format":"standard"},"jnews_primary_category":[],"jnews_social_meta":[],"jnews_override_counter":[],"footnotes":""},"categories":[28,1],"tags":[158,848,3134,2588],"class_list":["post-18450","post","type-post","status-publish","format-standard","has-post-thumbnail","hentry","category-economia","category-noticias","tag-brasil","tag-cpf","tag-cpf-na-nota-fiscal","tag-programa-cpf-na-nota"],"yoast_head":"<!-- This site is optimized with the Yoast SEO plugin v23.8 - https:\/\/yoast.com\/wordpress\/plugins\/seo\/ -->\n<title>Governos estaduais premiam pessoas que ajudam a combater fraudes tribut\u00e1rias - Estado de Minas - Em foco<\/title>\n<meta name=\"description\" content=\"Veja o impacto dos programas de incentivo ao CPF na nota na sociedade e como eles ajudam na arrecada\u00e7\u00e3o e no combate \u00e0 informalidade.\" \/>\n<meta name=\"robots\" content=\"index, follow, max-snippet:-1, max-image-preview:large, max-video-preview:-1\" \/>\n<link rel=\"canonical\" href=\"https:\/\/www.em.com.br\/emfoco\/2025\/02\/19\/governos-estaduais-premiam-pessoas-que-ajudam-a-combater-fraudes-tributarias\/\" \/>\n<meta property=\"og:locale\" content=\"pt_BR\" \/>\n<meta property=\"og:type\" content=\"article\" \/>\n<meta property=\"og:title\" content=\"Governos estaduais premiam pessoas que ajudam a combater fraudes tribut\u00e1rias - Estado de Minas - Em foco\" \/>\n<meta property=\"og:description\" content=\"Veja o impacto dos programas de incentivo ao CPF na nota na sociedade e como eles ajudam na arrecada\u00e7\u00e3o e no combate \u00e0 informalidade.\" \/>\n<meta property=\"og:url\" content=\"https:\/\/www.em.com.br\/emfoco\/2025\/02\/19\/governos-estaduais-premiam-pessoas-que-ajudam-a-combater-fraudes-tributarias\/\" \/>\n<meta property=\"og:site_name\" content=\"Estado de Minas - Em foco\" \/>\n<meta property=\"article:published_time\" content=\"2025-02-19T19:20:00+00:00\" \/>\n<meta property=\"article:modified_time\" content=\"2025-02-18T18:57:03+00:00\" \/>\n<meta property=\"og:image\" content=\"https:\/\/www.em.com.br\/emfoco\/wp-content\/uploads\/2024\/12\/cpf_1735328477976.jpg\" \/>\n\t<meta property=\"og:image:width\" content=\"1280\" \/>\n\t<meta property=\"og:image:height\" content=\"720\" \/>\n\t<meta property=\"og:image:type\" content=\"image\/jpeg\" \/>\n<meta name=\"author\" content=\"N\u00fabia Rangel\" \/>\n<meta name=\"twitter:card\" content=\"summary_large_image\" \/>\n<meta name=\"twitter:label1\" content=\"Escrito por\" \/>\n\t<meta name=\"twitter:data1\" content=\"N\u00fabia Rangel\" \/>\n\t<meta name=\"twitter:label2\" content=\"Est. tempo de leitura\" \/>\n\t<meta name=\"twitter:data2\" content=\"4 minutos\" \/>\n<!-- \/ Yoast SEO plugin. -->","yoast_head_json":{"title":"Governos estaduais premiam pessoas que ajudam a combater fraudes tribut\u00e1rias - Estado de Minas - Em foco","description":"Veja o impacto dos programas de incentivo ao CPF na nota na sociedade e como eles ajudam na arrecada\u00e7\u00e3o e no combate \u00e0 informalidade.","robots":{"index":"index","follow":"follow","max-snippet":"max-snippet:-1","max-image-preview":"max-image-preview:large","max-video-preview":"max-video-preview:-1"},"canonical":"https:\/\/www.em.com.br\/emfoco\/2025\/02\/19\/governos-estaduais-premiam-pessoas-que-ajudam-a-combater-fraudes-tributarias\/","og_locale":"pt_BR","og_type":"article","og_title":"Governos estaduais premiam pessoas que ajudam a combater fraudes tribut\u00e1rias - Estado de Minas - Em foco","og_description":"Veja o impacto dos programas de incentivo ao CPF na nota na sociedade e como eles ajudam na arrecada\u00e7\u00e3o e no combate \u00e0 informalidade.","og_url":"https:\/\/www.em.com.br\/emfoco\/2025\/02\/19\/governos-estaduais-premiam-pessoas-que-ajudam-a-combater-fraudes-tributarias\/","og_site_name":"Estado de Minas - Em foco","article_published_time":"2025-02-19T19:20:00+00:00","article_modified_time":"2025-02-18T18:57:03+00:00","og_image":[{"width":1280,"height":720,"url":"https:\/\/www.em.com.br\/emfoco\/wp-content\/uploads\/2024\/12\/cpf_1735328477976.jpg","type":"image\/jpeg"}],"author":"N\u00fabia Rangel","twitter_card":"summary_large_image","twitter_misc":{"Escrito por":"N\u00fabia Rangel","Est. tempo de leitura":"4 minutos"},"schema":{"@context":"https:\/\/schema.org","@graph":[{"@type":"WebPage","@id":"https:\/\/www.em.com.br\/emfoco\/2025\/02\/19\/governos-estaduais-premiam-pessoas-que-ajudam-a-combater-fraudes-tributarias\/","url":"https:\/\/www.em.com.br\/emfoco\/2025\/02\/19\/governos-estaduais-premiam-pessoas-que-ajudam-a-combater-fraudes-tributarias\/","name":"Governos estaduais premiam pessoas que ajudam a combater fraudes tribut\u00e1rias - Estado de Minas - Em foco","isPartOf":{"@id":"https:\/\/www.em.com.br\/emfoco\/#website"},"primaryImageOfPage":{"@id":"https:\/\/www.em.com.br\/emfoco\/2025\/02\/19\/governos-estaduais-premiam-pessoas-que-ajudam-a-combater-fraudes-tributarias\/#primaryimage"},"image":{"@id":"https:\/\/www.em.com.br\/emfoco\/2025\/02\/19\/governos-estaduais-premiam-pessoas-que-ajudam-a-combater-fraudes-tributarias\/#primaryimage"},"thumbnailUrl":"https:\/\/www.em.com.br\/emfoco\/wp-content\/uploads\/2024\/12\/cpf_1735328477976.jpg","datePublished":"2025-02-19T19:20:00+00:00","dateModified":"2025-02-18T18:57:03+00:00","author":{"@id":"https:\/\/www.em.com.br\/emfoco\/#\/schema\/person\/524437ef54f8a5d32591b143307f2e20"},"description":"Veja o impacto dos programas de incentivo ao CPF na nota na sociedade e como eles ajudam na arrecada\u00e7\u00e3o e no combate \u00e0 informalidade.","breadcrumb":{"@id":"https:\/\/www.em.com.br\/emfoco\/2025\/02\/19\/governos-estaduais-premiam-pessoas-que-ajudam-a-combater-fraudes-tributarias\/#breadcrumb"},"inLanguage":"pt-BR","potentialAction":[{"@type":"ReadAction","target":["https:\/\/www.em.com.br\/emfoco\/2025\/02\/19\/governos-estaduais-premiam-pessoas-que-ajudam-a-combater-fraudes-tributarias\/"]}]},{"@type":"ImageObject","inLanguage":"pt-BR","@id":"https:\/\/www.em.com.br\/emfoco\/2025\/02\/19\/governos-estaduais-premiam-pessoas-que-ajudam-a-combater-fraudes-tributarias\/#primaryimage","url":"https:\/\/www.em.com.br\/emfoco\/wp-content\/uploads\/2024\/12\/cpf_1735328477976.jpg","contentUrl":"https:\/\/www.em.com.br\/emfoco\/wp-content\/uploads\/2024\/12\/cpf_1735328477976.jpg","width":1280,"height":720,"caption":"Imagem Ilustrativa de Nota Fiscal - Cr\u00e9ditos: depositphotos.com \/ Mehaniq"},{"@type":"BreadcrumbList","@id":"https:\/\/www.em.com.br\/emfoco\/2025\/02\/19\/governos-estaduais-premiam-pessoas-que-ajudam-a-combater-fraudes-tributarias\/#breadcrumb","itemListElement":[{"@type":"ListItem","position":1,"name":"In\u00edcio","item":"https:\/\/www.em.com.br\/emfoco\/"},{"@type":"ListItem","position":2,"name":"Governos estaduais premiam pessoas que ajudam a combater fraudes tribut\u00e1rias"}]},{"@type":"WebSite","@id":"https:\/\/www.em.com.br\/emfoco\/#website","url":"https:\/\/www.em.com.br\/emfoco\/","name":"Estado de Minas - Em foco","description":"Acompanhe as \u00faltimas not\u00edcias e fique bem informado sobre tudo o que acontece em Minas Gerais, Brasil e no mundo.","potentialAction":[{"@type":"SearchAction","target":{"@type":"EntryPoint","urlTemplate":"https:\/\/www.em.com.br\/emfoco\/?s={search_term_string}"},"query-input":{"@type":"PropertyValueSpecification","valueRequired":true,"valueName":"search_term_string"}}],"inLanguage":"pt-BR"},{"@type":"Person","@id":"https:\/\/www.em.com.br\/emfoco\/#\/schema\/person\/524437ef54f8a5d32591b143307f2e20","name":"N\u00fabia Rangel","image":{"@type":"ImageObject","inLanguage":"pt-BR","@id":"https:\/\/www.em.com.br\/emfoco\/#\/schema\/person\/image\/","url":"https:\/\/secure.gravatar.com\/avatar\/47cff2827a5ba23c37e8068c86817ea4?s=96&d=mm&r=g","contentUrl":"https:\/\/secure.gravatar.com\/avatar\/47cff2827a5ba23c37e8068c86817ea4?s=96&d=mm&r=g","caption":"N\u00fabia Rangel"},"sameAs":["https:\/\/www.em.com.br\/emfoco\/"],"url":"https:\/\/www.em.com.br\/emfoco\/author\/nubiamyth\/"}]}},"_links":{"self":[{"href":"https:\/\/www.em.com.br\/emfoco\/wp-json\/wp\/v2\/posts\/18450","targetHints":{"allow":["GET"]}}],"collection":[{"href":"https:\/\/www.em.com.br\/emfoco\/wp-json\/wp\/v2\/posts"}],"about":[{"href":"https:\/\/www.em.com.br\/emfoco\/wp-json\/wp\/v2\/types\/post"}],"author":[{"embeddable":true,"href":"https:\/\/www.em.com.br\/emfoco\/wp-json\/wp\/v2\/users\/5"}],"replies":[{"embeddable":true,"href":"https:\/\/www.em.com.br\/emfoco\/wp-json\/wp\/v2\/comments?post=18450"}],"version-history":[{"count":2,"href":"https:\/\/www.em.com.br\/emfoco\/wp-json\/wp\/v2\/posts\/18450\/revisions"}],"predecessor-version":[{"id":18454,"href":"https:\/\/www.em.com.br\/emfoco\/wp-json\/wp\/v2\/posts\/18450\/revisions\/18454"}],"wp:featuredmedia":[{"embeddable":true,"href":"https:\/\/www.em.com.br\/emfoco\/wp-json\/wp\/v2\/media\/7091"}],"wp:attachment":[{"href":"https:\/\/www.em.com.br\/emfoco\/wp-json\/wp\/v2\/media?parent=18450"}],"wp:term":[{"taxonomy":"category","embeddable":true,"href":"https:\/\/www.em.com.br\/emfoco\/wp-json\/wp\/v2\/categories?post=18450"},{"taxonomy":"post_tag","embeddable":true,"href":"https:\/\/www.em.com.br\/emfoco\/wp-json\/wp\/v2\/tags?post=18450"}],"curies":[{"name":"wp","href":"https:\/\/api.w.org\/{rel}","templated":true}]}}