{"id":18408,"date":"2025-02-18T12:20:00","date_gmt":"2025-02-18T15:20:00","guid":{"rendered":"https:\/\/www.em.com.br\/emfoco\/?p=18408"},"modified":"2025-02-10T15:15:45","modified_gmt":"2025-02-10T18:15:45","slug":"as-decisoes-mais-controversas-e-marcantes-de-margaret-thatcher","status":"publish","type":"post","link":"https:\/\/www.em.com.br\/emfoco\/2025\/02\/18\/as-decisoes-mais-controversas-e-marcantes-de-margaret-thatcher\/","title":{"rendered":"As decis\u00f5es mais controversas e marcantes de Margaret Thatcher"},"content":{"rendered":"\n<p><strong><a href=\"https:\/\/brasilescola.uol.com.br\/historia\/margareth-thatcher.htm\" target=\"_blank\" rel=\"noreferrer noopener\">Margaret Thatcher<\/a><\/strong>, conhecida mundialmente como a &#8220;<strong>Dama de Ferro<\/strong>&#8220;, foi uma das figuras pol\u00edticas mais influentes e controversas do s\u00e9culo XX. Ela serviu como <strong>Primeira-Ministra do Reino Unido<\/strong> de 1979 a 1990, sendo a primeira mulher a ocupar esse cargo, e sua lideran\u00e7a foi marcada por reformas econ\u00f4micas e pol\u00edticas que deixaram um impacto duradouro na sociedade brit\u00e2nica.<\/p>\n\n\n\n<p>Thatcher come\u00e7ou sua carreira pol\u00edtica em 1959, quando foi eleita membro do<strong> Parlamento pelo Partido Conservador<\/strong>. Sua determina\u00e7\u00e3o e efic\u00e1cia pol\u00edtica permitiram-lhe ascender rapidamente nas fileiras do partido, culminando em sua elei\u00e7\u00e3o como l\u00edder dos conservadores em 1975. Suas ideias firmes sobre <strong><a href=\"https:\/\/www.em.com.br\/emfoco\/2025\/01\/01\/conheca-as-5-cidades-essenciais-na-economia-brasileira\/\" target=\"_blank\" rel=\"noreferrer noopener\">economia<\/a><\/strong> e governan\u00e7a definiram seu legado como uma l\u00edder forte, influente e, por vezes, polarizadora.<\/p>\n\n\n\n<h2 class=\"wp-block-heading\">Os sucessos da carreira de Margaret Thatcher<\/h2>\n\n\n\n<p>O per\u00edodo de Margaret Thatcher no governo brit\u00e2nico \u00e9 amplamente reconhecido por suas profundas transforma\u00e7\u00f5es econ\u00f4micas, muitas vezes referidas como &#8220;<strong>Thatcherismo<\/strong>&#8220;. Este conjunto de pol\u00edticas inclu\u00eda a desregulamenta\u00e7\u00e3o da economia, a privatiza\u00e7\u00e3o de ind\u00fastrias estatais e cortes significativos nos gastos p\u00fablicos.<\/p>\n\n\n\n<p>Sob sua lideran\u00e7a, o <strong>Reino Unido<\/strong> vivenciou um renascimento econ\u00f4mico ap\u00f3s anos de estagna\u00e7\u00e3o. Thatcher era uma firme defensora do mercado livre e da redu\u00e7\u00e3o da interven\u00e7\u00e3o estatal na economia. Essas reformas, embora controversas, prepararam o terreno para o crescimento econ\u00f4mico do Reino Unido nas d\u00e9cadas seguintes, consolidando sua posi\u00e7\u00e3o como uma pot\u00eancia econ\u00f4mica global.<\/p>\n\n\n\n<figure class=\"wp-block-image size-large\"><img loading=\"lazy\" decoding=\"async\" width=\"1024\" height=\"576\" src=\"https:\/\/www.em.com.br\/emfoco\/wp-content\/uploads\/2025\/02\/Margaret-Thatcher_1739211181362-1024x576.jpg\" alt=\"As decis\u00f5es mais controversas e marcantes de Margaret Thatcher\" class=\"wp-image-18418\" srcset=\"https:\/\/www.em.com.br\/emfoco\/wp-content\/uploads\/2025\/02\/Margaret-Thatcher_1739211181362-1024x576.jpg 1024w, https:\/\/www.em.com.br\/emfoco\/wp-content\/uploads\/2025\/02\/Margaret-Thatcher_1739211181362-300x169.jpg 300w, https:\/\/www.em.com.br\/emfoco\/wp-content\/uploads\/2025\/02\/Margaret-Thatcher_1739211181362-768x432.jpg 768w, https:\/\/www.em.com.br\/emfoco\/wp-content\/uploads\/2025\/02\/Margaret-Thatcher_1739211181362-750x422.jpg 750w, https:\/\/www.em.com.br\/emfoco\/wp-content\/uploads\/2025\/02\/Margaret-Thatcher_1739211181362-1140x641.jpg 1140w, https:\/\/www.em.com.br\/emfoco\/wp-content\/uploads\/2025\/02\/Margaret-Thatcher_1739211181362.jpg 1280w\" sizes=\"auto, (max-width: 1024px) 100vw, 1024px\" \/><figcaption class=\"wp-element-caption\">Margaret Thatcher &#8211; Cr\u00e9ditos: depositphotos.com \/ richardsjeremy<\/figcaption><\/figure>\n\n\n\n<h2 class=\"wp-block-heading\">Fortuna de Margaret Thatcher<\/h2>\n\n\n\n<p>Margaret Thatcher acumulou uma fortuna estimada em cerca de <strong>10 milh\u00f5es<\/strong> de libras ao longo de sua vida, tanto durante quanto ap\u00f3s sua carreira pol\u00edtica. Sua renda n\u00e3o provinha apenas de seu sal\u00e1rio como pol\u00edtica, mas tamb\u00e9m de uma s\u00e9rie de livros que escreveu e das palestras altamente valorizadas que deu ao redor do mundo.<\/p>\n\n\n\n<p>As vendas de seus livros proporcionaram-lhe direitos autorais substanciais, enquanto suas apari\u00e7\u00f5es como palestrante, especialmente em eventos internacionais, garantiram um fluxo constante de receita. Essas atividades asseguraram que Thatcher continuasse financeiramente est\u00e1vel ap\u00f3s sua sa\u00edda do governo.<\/p>\n\n\n\n<h2 class=\"wp-block-heading\">Conquistas e Impacto de Margaret Thatcher<\/h2>\n\n\n\n<p>As pol\u00edticas de Thatcher deixaram uma marca indel\u00e9vel na economia brit\u00e2nica e no cen\u00e1rio pol\u00edtico internacional. Uma de suas conquistas mais not\u00e1veis foi a recupera\u00e7\u00e3o das <strong>Ilhas Malvinas<\/strong> em 1982, fortalecendo sua reputa\u00e7\u00e3o como uma l\u00edder resoluta e determinada, capaz de tomar decis\u00f5es dif\u00edceis em tempos de crise.<\/p>\n\n\n\n<p>Internamente, Thatcher implementou reformas significativas no sistema educacional e na legisla\u00e7\u00e3o sindical. Embora essas mudan\u00e7as tenham sido objeto de cr\u00edticas, elas modernizaram v\u00e1rios aspectos da governan\u00e7a no Reino Unido. Sob sua lideran\u00e7a, o pa\u00eds passou por um per\u00edodo de reestrutura\u00e7\u00e3o que moldou sua economia para futuras gera\u00e7\u00f5es.<\/p>\n\n\n\n<h2 class=\"wp-block-heading\">O que ele faz hoje em dia?<\/h2>\n\n\n\n<p>Ainda hoje, Margaret Thatcher continua a ser uma figura de intenso debate. Suas pol\u00edticas polarizadoras perpetuam discuss\u00f5es pol\u00edticas tanto no Reino Unido quanto em todo o mundo. O legado de Thatcher \u00e9 ineg\u00e1vel na hist\u00f3ria brit\u00e2nica, com efeitos que ainda reverberam na maneira como os governos abordam a economia e a sociedade.<\/p>\n\n\n\n<p>Enquanto muitos criticam sua gest\u00e3o pelas divis\u00f5es sociais que surgiram durante seu mandato, outros a aplaudem por suas a\u00e7\u00f5es decisivas e pela capacidade de implementar mudan\u00e7as necess\u00e1rias. Independentemente das opini\u00f5es divergentes, o nome de Thatcher permanece firmemente integrado \u00e0 hist\u00f3ria pol\u00edtica moderna, simbolizando uma era de mudan\u00e7a e transforma\u00e7\u00e3o.<\/p>\n","protected":false},"excerpt":{"rendered":"<p>Margaret Thatcher, conhecida mundialmente como a &#8220;Dama de Ferro&#8220;, foi uma das figuras pol\u00edticas mais influentes e controversas do s\u00e9culo XX. Ela serviu como Primeira-Ministra do Reino Unido de 1979 a 1990, sendo a primeira mulher a ocupar esse cargo, e sua lideran\u00e7a foi marcada por reformas econ\u00f4micas e pol\u00edticas que deixaram um impacto duradouro [&hellip;]<\/p>\n","protected":false},"author":5,"featured_media":18416,"comment_status":"open","ping_status":"open","sticky":false,"template":"","format":"standard","meta":{"jnews-multi-image_gallery":[],"jnews_single_post":{"format":"standard"},"jnews_primary_category":[],"jnews_social_meta":[],"jnews_override_counter":[],"footnotes":""},"categories":[190,1],"tags":[296,188,4825,4826],"class_list":["post-18408","post","type-post","status-publish","format-standard","has-post-thumbnail","hentry","category-fortuna","category-noticias","tag-dinheiro","tag-fortuna","tag-margaret-thatcher","tag-ministra"],"yoast_head":"<!-- This site is optimized with the Yoast SEO plugin v23.8 - https:\/\/yoast.com\/wordpress\/plugins\/seo\/ -->\n<title>As decis\u00f5es mais controversas e marcantes de Margaret Thatcher - Estado de Minas - Em foco<\/title>\n<meta name=\"description\" content=\"Margaret Thatcher foi a primeira mulher a governar o Reino Unido e deixou um legado marcante com suas pol\u00edticas econ\u00f4micas e sociais.\" \/>\n<meta name=\"robots\" content=\"index, follow, max-snippet:-1, max-image-preview:large, max-video-preview:-1\" \/>\n<link rel=\"canonical\" href=\"https:\/\/www.em.com.br\/emfoco\/2025\/02\/18\/as-decisoes-mais-controversas-e-marcantes-de-margaret-thatcher\/\" \/>\n<meta property=\"og:locale\" content=\"pt_BR\" \/>\n<meta property=\"og:type\" content=\"article\" \/>\n<meta property=\"og:title\" content=\"As decis\u00f5es mais controversas e marcantes de Margaret Thatcher - Estado de Minas - Em foco\" \/>\n<meta property=\"og:description\" content=\"Margaret Thatcher foi a primeira mulher a governar o Reino Unido e deixou um legado marcante com suas pol\u00edticas econ\u00f4micas e sociais.\" \/>\n<meta property=\"og:url\" content=\"https:\/\/www.em.com.br\/emfoco\/2025\/02\/18\/as-decisoes-mais-controversas-e-marcantes-de-margaret-thatcher\/\" \/>\n<meta property=\"og:site_name\" content=\"Estado de Minas - Em foco\" \/>\n<meta property=\"article:published_time\" content=\"2025-02-18T15:20:00+00:00\" \/>\n<meta property=\"article:modified_time\" content=\"2025-02-10T18:15:45+00:00\" \/>\n<meta property=\"og:image\" content=\"https:\/\/www.em.com.br\/emfoco\/wp-content\/uploads\/2025\/02\/Margaret-Thatcher_1739211115415.jpg\" \/>\n\t<meta property=\"og:image:width\" content=\"1280\" \/>\n\t<meta property=\"og:image:height\" content=\"720\" \/>\n\t<meta property=\"og:image:type\" content=\"image\/jpeg\" \/>\n<meta name=\"author\" content=\"N\u00fabia Rangel\" \/>\n<meta name=\"twitter:card\" content=\"summary_large_image\" \/>\n<meta name=\"twitter:label1\" content=\"Escrito por\" \/>\n\t<meta name=\"twitter:data1\" content=\"N\u00fabia Rangel\" \/>\n\t<meta name=\"twitter:label2\" content=\"Est. tempo de leitura\" \/>\n\t<meta name=\"twitter:data2\" content=\"4 minutos\" \/>\n<!-- \/ Yoast SEO plugin. -->","yoast_head_json":{"title":"As decis\u00f5es mais controversas e marcantes de Margaret Thatcher - Estado de Minas - Em foco","description":"Margaret Thatcher foi a primeira mulher a governar o Reino Unido e deixou um legado marcante com suas pol\u00edticas econ\u00f4micas e sociais.","robots":{"index":"index","follow":"follow","max-snippet":"max-snippet:-1","max-image-preview":"max-image-preview:large","max-video-preview":"max-video-preview:-1"},"canonical":"https:\/\/www.em.com.br\/emfoco\/2025\/02\/18\/as-decisoes-mais-controversas-e-marcantes-de-margaret-thatcher\/","og_locale":"pt_BR","og_type":"article","og_title":"As decis\u00f5es mais controversas e marcantes de Margaret Thatcher - Estado de Minas - Em foco","og_description":"Margaret Thatcher foi a primeira mulher a governar o Reino Unido e deixou um legado marcante com suas pol\u00edticas econ\u00f4micas e sociais.","og_url":"https:\/\/www.em.com.br\/emfoco\/2025\/02\/18\/as-decisoes-mais-controversas-e-marcantes-de-margaret-thatcher\/","og_site_name":"Estado de Minas - Em foco","article_published_time":"2025-02-18T15:20:00+00:00","article_modified_time":"2025-02-10T18:15:45+00:00","og_image":[{"width":1280,"height":720,"url":"https:\/\/www.em.com.br\/emfoco\/wp-content\/uploads\/2025\/02\/Margaret-Thatcher_1739211115415.jpg","type":"image\/jpeg"}],"author":"N\u00fabia Rangel","twitter_card":"summary_large_image","twitter_misc":{"Escrito por":"N\u00fabia Rangel","Est. tempo de leitura":"4 minutos"},"schema":{"@context":"https:\/\/schema.org","@graph":[{"@type":"WebPage","@id":"https:\/\/www.em.com.br\/emfoco\/2025\/02\/18\/as-decisoes-mais-controversas-e-marcantes-de-margaret-thatcher\/","url":"https:\/\/www.em.com.br\/emfoco\/2025\/02\/18\/as-decisoes-mais-controversas-e-marcantes-de-margaret-thatcher\/","name":"As decis\u00f5es mais controversas e marcantes de Margaret Thatcher - Estado de Minas - Em foco","isPartOf":{"@id":"https:\/\/www.em.com.br\/emfoco\/#website"},"primaryImageOfPage":{"@id":"https:\/\/www.em.com.br\/emfoco\/2025\/02\/18\/as-decisoes-mais-controversas-e-marcantes-de-margaret-thatcher\/#primaryimage"},"image":{"@id":"https:\/\/www.em.com.br\/emfoco\/2025\/02\/18\/as-decisoes-mais-controversas-e-marcantes-de-margaret-thatcher\/#primaryimage"},"thumbnailUrl":"https:\/\/www.em.com.br\/emfoco\/wp-content\/uploads\/2025\/02\/Margaret-Thatcher_1739211115415.jpg","datePublished":"2025-02-18T15:20:00+00:00","dateModified":"2025-02-10T18:15:45+00:00","author":{"@id":"https:\/\/www.em.com.br\/emfoco\/#\/schema\/person\/524437ef54f8a5d32591b143307f2e20"},"description":"Margaret Thatcher foi a primeira mulher a governar o Reino Unido e deixou um legado marcante com suas pol\u00edticas econ\u00f4micas e sociais.","breadcrumb":{"@id":"https:\/\/www.em.com.br\/emfoco\/2025\/02\/18\/as-decisoes-mais-controversas-e-marcantes-de-margaret-thatcher\/#breadcrumb"},"inLanguage":"pt-BR","potentialAction":[{"@type":"ReadAction","target":["https:\/\/www.em.com.br\/emfoco\/2025\/02\/18\/as-decisoes-mais-controversas-e-marcantes-de-margaret-thatcher\/"]}]},{"@type":"ImageObject","inLanguage":"pt-BR","@id":"https:\/\/www.em.com.br\/emfoco\/2025\/02\/18\/as-decisoes-mais-controversas-e-marcantes-de-margaret-thatcher\/#primaryimage","url":"https:\/\/www.em.com.br\/emfoco\/wp-content\/uploads\/2025\/02\/Margaret-Thatcher_1739211115415.jpg","contentUrl":"https:\/\/www.em.com.br\/emfoco\/wp-content\/uploads\/2025\/02\/Margaret-Thatcher_1739211115415.jpg","width":1280,"height":720,"caption":"Margaret Thatcher - Cr\u00e9ditos: depositphotos.com \/ gracethang"},{"@type":"BreadcrumbList","@id":"https:\/\/www.em.com.br\/emfoco\/2025\/02\/18\/as-decisoes-mais-controversas-e-marcantes-de-margaret-thatcher\/#breadcrumb","itemListElement":[{"@type":"ListItem","position":1,"name":"In\u00edcio","item":"https:\/\/www.em.com.br\/emfoco\/"},{"@type":"ListItem","position":2,"name":"As decis\u00f5es mais controversas e marcantes de Margaret Thatcher"}]},{"@type":"WebSite","@id":"https:\/\/www.em.com.br\/emfoco\/#website","url":"https:\/\/www.em.com.br\/emfoco\/","name":"Estado de Minas - Em foco","description":"Acompanhe as \u00faltimas not\u00edcias e fique bem informado sobre tudo o que acontece em Minas Gerais, Brasil e no mundo.","potentialAction":[{"@type":"SearchAction","target":{"@type":"EntryPoint","urlTemplate":"https:\/\/www.em.com.br\/emfoco\/?s={search_term_string}"},"query-input":{"@type":"PropertyValueSpecification","valueRequired":true,"valueName":"search_term_string"}}],"inLanguage":"pt-BR"},{"@type":"Person","@id":"https:\/\/www.em.com.br\/emfoco\/#\/schema\/person\/524437ef54f8a5d32591b143307f2e20","name":"N\u00fabia Rangel","image":{"@type":"ImageObject","inLanguage":"pt-BR","@id":"https:\/\/www.em.com.br\/emfoco\/#\/schema\/person\/image\/","url":"https:\/\/secure.gravatar.com\/avatar\/47cff2827a5ba23c37e8068c86817ea4?s=96&d=mm&r=g","contentUrl":"https:\/\/secure.gravatar.com\/avatar\/47cff2827a5ba23c37e8068c86817ea4?s=96&d=mm&r=g","caption":"N\u00fabia Rangel"},"sameAs":["https:\/\/www.em.com.br\/emfoco\/"],"url":"https:\/\/www.em.com.br\/emfoco\/author\/nubiamyth\/"}]}},"_links":{"self":[{"href":"https:\/\/www.em.com.br\/emfoco\/wp-json\/wp\/v2\/posts\/18408","targetHints":{"allow":["GET"]}}],"collection":[{"href":"https:\/\/www.em.com.br\/emfoco\/wp-json\/wp\/v2\/posts"}],"about":[{"href":"https:\/\/www.em.com.br\/emfoco\/wp-json\/wp\/v2\/types\/post"}],"author":[{"embeddable":true,"href":"https:\/\/www.em.com.br\/emfoco\/wp-json\/wp\/v2\/users\/5"}],"replies":[{"embeddable":true,"href":"https:\/\/www.em.com.br\/emfoco\/wp-json\/wp\/v2\/comments?post=18408"}],"version-history":[{"count":2,"href":"https:\/\/www.em.com.br\/emfoco\/wp-json\/wp\/v2\/posts\/18408\/revisions"}],"predecessor-version":[{"id":18420,"href":"https:\/\/www.em.com.br\/emfoco\/wp-json\/wp\/v2\/posts\/18408\/revisions\/18420"}],"wp:featuredmedia":[{"embeddable":true,"href":"https:\/\/www.em.com.br\/emfoco\/wp-json\/wp\/v2\/media\/18416"}],"wp:attachment":[{"href":"https:\/\/www.em.com.br\/emfoco\/wp-json\/wp\/v2\/media?parent=18408"}],"wp:term":[{"taxonomy":"category","embeddable":true,"href":"https:\/\/www.em.com.br\/emfoco\/wp-json\/wp\/v2\/categories?post=18408"},{"taxonomy":"post_tag","embeddable":true,"href":"https:\/\/www.em.com.br\/emfoco\/wp-json\/wp\/v2\/tags?post=18408"}],"curies":[{"name":"wp","href":"https:\/\/api.w.org\/{rel}","templated":true}]}}