{"id":18403,"date":"2025-02-11T22:00:41","date_gmt":"2025-02-12T01:00:41","guid":{"rendered":"https:\/\/www.em.com.br\/emfoco\/?p=18403"},"modified":"2025-02-10T22:58:10","modified_gmt":"2025-02-11T01:58:10","slug":"a-historia-por-tras-do-maior-resgate-da-temporada","status":"publish","type":"post","link":"https:\/\/www.em.com.br\/emfoco\/2025\/02\/11\/a-historia-por-tras-do-maior-resgate-da-temporada\/","title":{"rendered":"Conhe\u00e7a o filme ANORA, a hist\u00f3ria por tr\u00e1s do maior resgate da temporada"},"content":{"rendered":"\n<p>Nas \u00faltimas semanas, o filme &#8220;<strong>Anora<\/strong>&#8221; tem sido o centro das aten\u00e7\u00f5es na corrida pelo <a href=\"https:\/\/www.em.com.br\/emfoco\/2025\/02\/09\/meryl-streep-a-trajetoria-da-atriz-mais-premiada-da-historia-do-oscar\/\" target=\"_blank\" rel=\"noreferrer noopener\">Oscar <\/a>de Melhor Filme de 2025. Inicialmente, o longa parecia ter perdido for\u00e7a ap\u00f3s uma s\u00e9rie de derrotas significativas no Globo de Ouro. No entanto, o cen\u00e1rio mudou drasticamente ap\u00f3s um final de semana de vit\u00f3rias que o reposicionou como favorito na disputa.<\/p>\n\n\n\n<p>O ponto de virada para &#8220;Anora&#8221; come\u00e7ou com sua vit\u00f3ria no <strong>Critics Choice Awards<\/strong>, seguido por conquistas importantes nos pr\u00eamios dos sindicatos dos produtores e diretores. Esses pr\u00eamios s\u00e3o considerados fortes indicadores de sucesso no Oscar, dado o hist\u00f3rico de correla\u00e7\u00e3o entre essas premia\u00e7\u00f5es e os resultados da Academia.<\/p>\n\n\n\n<figure class=\"wp-block-embed is-type-video is-provider-youtube wp-block-embed-youtube wp-embed-aspect-16-9 wp-has-aspect-ratio\"><div class=\"wp-block-embed__wrapper\">\n<div class=\"jeg_video_container jeg_video_content\"><iframe loading=\"lazy\" title=\"ANORA | Trailer Legendado\" width=\"500\" height=\"281\" src=\"https:\/\/www.youtube.com\/embed\/HBsM5-G-Wco?feature=oembed\" frameborder=\"0\" allow=\"accelerometer; autoplay; clipboard-write; encrypted-media; gyroscope; picture-in-picture; web-share\" referrerpolicy=\"strict-origin-when-cross-origin\" allowfullscreen><\/iframe><\/div>\n<\/div><\/figure>\n\n\n\n<h2 class=\"wp-block-heading\">Por que &#8220;Anora&#8221; \u00e9 o favorito ao Oscar 2025?<\/h2>\n\n\n\n<p>Com as vit\u00f3rias nos sindicatos dos produtores e diretores, &#8220;Anora&#8221; se consolida como o favorito ao Oscar 2025. Historicamente, filmes que conquistam essa dupla de pr\u00eamios tendem a levar o Oscar de Melhor Filme. Desde os anos 2000, apenas tr\u00eas filmes que ganharam ambos os pr\u00eamios n\u00e3o conseguiram o Oscar, e em todos os casos, fatores externos influenciaram o resultado.<\/p>\n\n\n\n<p>Esses fatores incluem quest\u00f5es pol\u00edticas e sociais que impactaram a decis\u00e3o da Academia, como ocorreu com &#8220;Brokeback Mountain&#8221; em 2005 e &#8220;La La Land&#8221; em 2016. No caso de &#8220;Anora&#8221;, a aus\u00eancia de tais controv\u00e9rsias aumenta suas chances de vit\u00f3ria.<\/p>\n\n\n\n<h2 class=\"wp-block-heading\">Como as pol\u00eamicas impactaram &#8220;O Brutalista&#8221;?<\/h2>\n\n\n\n<p>Enquanto &#8220;Anora&#8221; se fortalece, &#8220;O Brutalista&#8221;, outro forte concorrente, enfrenta desafios. O filme, que inicialmente era um favorito claro para Melhor Dire\u00e7\u00e3o, viu sua posi\u00e7\u00e3o amea\u00e7ada por pol\u00eamicas envolvendo o uso de Intelig\u00eancia Artificial. A revela\u00e7\u00e3o de que di\u00e1logos foram alterados digitalmente gerou um debate sobre \u00e9tica e regulamenta\u00e7\u00e3o no uso de tecnologia em produ\u00e7\u00f5es cinematogr\u00e1ficas.<\/p>\n\n\n\n<p>Essas controv\u00e9rsias podem ter prejudicado a percep\u00e7\u00e3o do filme entre os votantes da Academia, especialmente considerando o recente hist\u00f3rico de greves em Hollywood por quest\u00f5es semelhantes.<\/p>\n\n\n\n<h2 class=\"wp-block-heading\">Qual o papel dos sindicatos na temporada de premia\u00e7\u00f5es?<\/h2>\n\n\n\n<p>Os pr\u00eamios dos sindicatos s\u00e3o fundamentais na temporada de premia\u00e7\u00f5es, pois s\u00e3o votados por profissionais da ind\u00fastria, muitos dos quais tamb\u00e9m s\u00e3o membros da Academia. Isso cria uma interse\u00e7\u00e3o significativa entre os votantes, aumentando a relev\u00e2ncia dessas vit\u00f3rias para o Oscar.<\/p>\n\n\n\n<p>Embora pr\u00eamios como o Globo de Ouro e o Critics Choice sejam importantes, eles n\u00e3o t\u00eam a mesma influ\u00eancia direta no Oscar, j\u00e1 que seus votantes n\u00e3o fazem parte da Academia. No entanto, eles ajudam a aumentar a visibilidade dos filmes e a impulsionar suas campanhas.<\/p>\n\n\n\n<h2 class=\"wp-block-heading\">O que esperar nas pr\u00f3ximas semanas?<\/h2>\n\n\n\n<p>Com a vota\u00e7\u00e3o do Oscar 2025 se aproximando, &#8220;Anora&#8221; se encontra em uma posi\u00e7\u00e3o privilegiada. As pr\u00f3ximas grandes premia\u00e7\u00f5es, como o Bafta e o SAG Awards, podem consolidar ainda mais seu status ou abrir espa\u00e7o para surpresas de \u00faltima hora.<\/p>\n\n\n\n<p>Independentemente dos resultados, &#8220;Anora&#8221; j\u00e1 garantiu um lugar de destaque na temporada de premia\u00e7\u00f5es deste ano, e sua trajet\u00f3ria at\u00e9 o Oscar ser\u00e1 acompanhada de perto por cr\u00edticos e f\u00e3s de cinema ao redor do mundo.<\/p>\n\n\n\n<p><\/p>\n","protected":false},"excerpt":{"rendered":"<p>Nas \u00faltimas semanas, o filme &#8220;Anora&#8221; tem sido o centro das aten\u00e7\u00f5es na corrida pelo Oscar de Melhor Filme de 2025. Inicialmente, o longa parecia ter perdido for\u00e7a ap\u00f3s uma s\u00e9rie de derrotas significativas no Globo de Ouro. No entanto, o cen\u00e1rio mudou drasticamente ap\u00f3s um final de semana de vit\u00f3rias que o reposicionou como [&hellip;]<\/p>\n","protected":false},"author":7,"featured_media":18407,"comment_status":"open","ping_status":"open","sticky":false,"template":"","format":"standard","meta":{"jnews-multi-image_gallery":[],"jnews_single_post":{"format":"standard"},"jnews_primary_category":[],"jnews_social_meta":[],"jnews_override_counter":[],"footnotes":""},"categories":[29,137],"tags":[],"class_list":["post-18403","post","type-post","status-publish","format-standard","has-post-thumbnail","hentry","category-entretenimento","category-filmes"],"yoast_head":"<!-- This site is optimized with the Yoast SEO plugin v23.8 - https:\/\/yoast.com\/wordpress\/plugins\/seo\/ -->\n<title>Conhe\u00e7a o filme ANORA, a hist\u00f3ria por tr\u00e1s do maior resgate da temporada - Estado de Minas - Em foco<\/title>\n<meta name=\"description\" content=\"Ap\u00f3s quase desaparecer da disputa, agora \u00e9 o grande favorito ao Oscar. Descubra como essa produ\u00e7\u00e3o conquistou o cora\u00e7\u00e3o da cr\u00edtica!\" \/>\n<meta name=\"robots\" content=\"index, follow, max-snippet:-1, max-image-preview:large, max-video-preview:-1\" \/>\n<link rel=\"canonical\" href=\"https:\/\/www.em.com.br\/emfoco\/2025\/02\/11\/a-historia-por-tras-do-maior-resgate-da-temporada\/\" \/>\n<meta property=\"og:locale\" content=\"pt_BR\" \/>\n<meta property=\"og:type\" content=\"article\" \/>\n<meta property=\"og:title\" content=\"Conhe\u00e7a o filme ANORA, a hist\u00f3ria por tr\u00e1s do maior resgate da temporada - Estado de Minas - Em foco\" \/>\n<meta property=\"og:description\" content=\"Ap\u00f3s quase desaparecer da disputa, agora \u00e9 o grande favorito ao Oscar. Descubra como essa produ\u00e7\u00e3o conquistou o cora\u00e7\u00e3o da cr\u00edtica!\" \/>\n<meta property=\"og:url\" content=\"https:\/\/www.em.com.br\/emfoco\/2025\/02\/11\/a-historia-por-tras-do-maior-resgate-da-temporada\/\" \/>\n<meta property=\"og:site_name\" content=\"Estado de Minas - Em foco\" \/>\n<meta property=\"article:published_time\" content=\"2025-02-12T01:00:41+00:00\" \/>\n<meta property=\"article:modified_time\" content=\"2025-02-11T01:58:10+00:00\" \/>\n<meta property=\"og:image\" content=\"https:\/\/www.em.com.br\/emfoco\/wp-content\/uploads\/2025\/02\/Screenshot_7.jpg\" \/>\n\t<meta property=\"og:image:width\" content=\"1280\" \/>\n\t<meta property=\"og:image:height\" content=\"720\" \/>\n\t<meta property=\"og:image:type\" content=\"image\/jpeg\" \/>\n<meta name=\"author\" content=\"Kelvin\" \/>\n<meta name=\"twitter:card\" content=\"summary_large_image\" \/>\n<meta name=\"twitter:label1\" content=\"Escrito por\" \/>\n\t<meta name=\"twitter:data1\" content=\"Kelvin\" \/>\n\t<meta name=\"twitter:label2\" content=\"Est. tempo de leitura\" \/>\n\t<meta name=\"twitter:data2\" content=\"3 minutos\" \/>\n<!-- \/ Yoast SEO plugin. -->","yoast_head_json":{"title":"Conhe\u00e7a o filme ANORA, a hist\u00f3ria por tr\u00e1s do maior resgate da temporada - Estado de Minas - Em foco","description":"Ap\u00f3s quase desaparecer da disputa, agora \u00e9 o grande favorito ao Oscar. Descubra como essa produ\u00e7\u00e3o conquistou o cora\u00e7\u00e3o da cr\u00edtica!","robots":{"index":"index","follow":"follow","max-snippet":"max-snippet:-1","max-image-preview":"max-image-preview:large","max-video-preview":"max-video-preview:-1"},"canonical":"https:\/\/www.em.com.br\/emfoco\/2025\/02\/11\/a-historia-por-tras-do-maior-resgate-da-temporada\/","og_locale":"pt_BR","og_type":"article","og_title":"Conhe\u00e7a o filme ANORA, a hist\u00f3ria por tr\u00e1s do maior resgate da temporada - Estado de Minas - Em foco","og_description":"Ap\u00f3s quase desaparecer da disputa, agora \u00e9 o grande favorito ao Oscar. Descubra como essa produ\u00e7\u00e3o conquistou o cora\u00e7\u00e3o da cr\u00edtica!","og_url":"https:\/\/www.em.com.br\/emfoco\/2025\/02\/11\/a-historia-por-tras-do-maior-resgate-da-temporada\/","og_site_name":"Estado de Minas - Em foco","article_published_time":"2025-02-12T01:00:41+00:00","article_modified_time":"2025-02-11T01:58:10+00:00","og_image":[{"width":1280,"height":720,"url":"https:\/\/www.em.com.br\/emfoco\/wp-content\/uploads\/2025\/02\/Screenshot_7.jpg","type":"image\/jpeg"}],"author":"Kelvin","twitter_card":"summary_large_image","twitter_misc":{"Escrito por":"Kelvin","Est. tempo de leitura":"3 minutos"},"schema":{"@context":"https:\/\/schema.org","@graph":[{"@type":"WebPage","@id":"https:\/\/www.em.com.br\/emfoco\/2025\/02\/11\/a-historia-por-tras-do-maior-resgate-da-temporada\/","url":"https:\/\/www.em.com.br\/emfoco\/2025\/02\/11\/a-historia-por-tras-do-maior-resgate-da-temporada\/","name":"Conhe\u00e7a o filme ANORA, a hist\u00f3ria por tr\u00e1s do maior resgate da temporada - Estado de Minas - Em foco","isPartOf":{"@id":"https:\/\/www.em.com.br\/emfoco\/#website"},"primaryImageOfPage":{"@id":"https:\/\/www.em.com.br\/emfoco\/2025\/02\/11\/a-historia-por-tras-do-maior-resgate-da-temporada\/#primaryimage"},"image":{"@id":"https:\/\/www.em.com.br\/emfoco\/2025\/02\/11\/a-historia-por-tras-do-maior-resgate-da-temporada\/#primaryimage"},"thumbnailUrl":"https:\/\/www.em.com.br\/emfoco\/wp-content\/uploads\/2025\/02\/Screenshot_7.jpg","datePublished":"2025-02-12T01:00:41+00:00","dateModified":"2025-02-11T01:58:10+00:00","author":{"@id":"https:\/\/www.em.com.br\/emfoco\/#\/schema\/person\/fb0a7f48c6fbb94b83f413a80f61917d"},"description":"Ap\u00f3s quase desaparecer da disputa, agora \u00e9 o grande favorito ao Oscar. Descubra como essa produ\u00e7\u00e3o conquistou o cora\u00e7\u00e3o da cr\u00edtica!","breadcrumb":{"@id":"https:\/\/www.em.com.br\/emfoco\/2025\/02\/11\/a-historia-por-tras-do-maior-resgate-da-temporada\/#breadcrumb"},"inLanguage":"pt-BR","potentialAction":[{"@type":"ReadAction","target":["https:\/\/www.em.com.br\/emfoco\/2025\/02\/11\/a-historia-por-tras-do-maior-resgate-da-temporada\/"]}]},{"@type":"ImageObject","inLanguage":"pt-BR","@id":"https:\/\/www.em.com.br\/emfoco\/2025\/02\/11\/a-historia-por-tras-do-maior-resgate-da-temporada\/#primaryimage","url":"https:\/\/www.em.com.br\/emfoco\/wp-content\/uploads\/2025\/02\/Screenshot_7.jpg","contentUrl":"https:\/\/www.em.com.br\/emfoco\/wp-content\/uploads\/2025\/02\/Screenshot_7.jpg","width":1280,"height":720,"caption":"Anora - Divulga\u00e7\u00e3o\/Universal"},{"@type":"BreadcrumbList","@id":"https:\/\/www.em.com.br\/emfoco\/2025\/02\/11\/a-historia-por-tras-do-maior-resgate-da-temporada\/#breadcrumb","itemListElement":[{"@type":"ListItem","position":1,"name":"In\u00edcio","item":"https:\/\/www.em.com.br\/emfoco\/"},{"@type":"ListItem","position":2,"name":"Conhe\u00e7a o filme ANORA, a hist\u00f3ria por tr\u00e1s do maior resgate da temporada"}]},{"@type":"WebSite","@id":"https:\/\/www.em.com.br\/emfoco\/#website","url":"https:\/\/www.em.com.br\/emfoco\/","name":"Estado de Minas - Em foco","description":"Acompanhe as \u00faltimas not\u00edcias e fique bem informado sobre tudo o que acontece em Minas Gerais, Brasil e no mundo.","potentialAction":[{"@type":"SearchAction","target":{"@type":"EntryPoint","urlTemplate":"https:\/\/www.em.com.br\/emfoco\/?s={search_term_string}"},"query-input":{"@type":"PropertyValueSpecification","valueRequired":true,"valueName":"search_term_string"}}],"inLanguage":"pt-BR"},{"@type":"Person","@id":"https:\/\/www.em.com.br\/emfoco\/#\/schema\/person\/fb0a7f48c6fbb94b83f413a80f61917d","name":"Kelvin","image":{"@type":"ImageObject","inLanguage":"pt-BR","@id":"https:\/\/www.em.com.br\/emfoco\/#\/schema\/person\/image\/","url":"https:\/\/secure.gravatar.com\/avatar\/e74f84337e6bf6c4c5e88fbdffa05270?s=96&d=mm&r=g","contentUrl":"https:\/\/secure.gravatar.com\/avatar\/e74f84337e6bf6c4c5e88fbdffa05270?s=96&d=mm&r=g","caption":"Kelvin"},"sameAs":["https:\/\/www.em.com.br\/emfoco"],"url":"https:\/\/www.em.com.br\/emfoco\/author\/kelvinmyth\/"}]}},"_links":{"self":[{"href":"https:\/\/www.em.com.br\/emfoco\/wp-json\/wp\/v2\/posts\/18403","targetHints":{"allow":["GET"]}}],"collection":[{"href":"https:\/\/www.em.com.br\/emfoco\/wp-json\/wp\/v2\/posts"}],"about":[{"href":"https:\/\/www.em.com.br\/emfoco\/wp-json\/wp\/v2\/types\/post"}],"author":[{"embeddable":true,"href":"https:\/\/www.em.com.br\/emfoco\/wp-json\/wp\/v2\/users\/7"}],"replies":[{"embeddable":true,"href":"https:\/\/www.em.com.br\/emfoco\/wp-json\/wp\/v2\/comments?post=18403"}],"version-history":[{"count":3,"href":"https:\/\/www.em.com.br\/emfoco\/wp-json\/wp\/v2\/posts\/18403\/revisions"}],"predecessor-version":[{"id":18483,"href":"https:\/\/www.em.com.br\/emfoco\/wp-json\/wp\/v2\/posts\/18403\/revisions\/18483"}],"wp:featuredmedia":[{"embeddable":true,"href":"https:\/\/www.em.com.br\/emfoco\/wp-json\/wp\/v2\/media\/18407"}],"wp:attachment":[{"href":"https:\/\/www.em.com.br\/emfoco\/wp-json\/wp\/v2\/media?parent=18403"}],"wp:term":[{"taxonomy":"category","embeddable":true,"href":"https:\/\/www.em.com.br\/emfoco\/wp-json\/wp\/v2\/categories?post=18403"},{"taxonomy":"post_tag","embeddable":true,"href":"https:\/\/www.em.com.br\/emfoco\/wp-json\/wp\/v2\/tags?post=18403"}],"curies":[{"name":"wp","href":"https:\/\/api.w.org\/{rel}","templated":true}]}}