{"id":18333,"date":"2025-02-11T18:40:06","date_gmt":"2025-02-11T21:40:06","guid":{"rendered":"https:\/\/www.em.com.br\/emfoco\/?p=18333"},"modified":"2025-06-15T02:50:12","modified_gmt":"2025-06-15T05:50:12","slug":"seu-guia-completo-para-o-entretenimento-em-fevereiro","status":"publish","type":"post","link":"https:\/\/www.em.com.br\/emfoco\/2025\/02\/11\/seu-guia-completo-para-o-entretenimento-em-fevereiro\/","title":{"rendered":"Lista completa de conte\u00fados para assistir no Max em fevereiro"},"content":{"rendered":"\n<p>A <a href=\"https:\/\/www.max.com\/br\/pt\" target=\"_blank\" rel=\"noreferrer noopener\"><strong>Max<\/strong> <\/a>est\u00e1 chegando com tudo em fevereiro de 2025. O streaming da <strong>Warner Bros Discovery<\/strong> preparou uma programa\u00e7\u00e3o bem variada para este m\u00eas. Tem filme, s\u00e9rie, document\u00e1rio e at\u00e9 anima\u00e7\u00e3o. A ideia \u00e9 agradar todo tipo de p\u00fablico, desde quem ama fantasia at\u00e9 quem prefere reality show.<\/p>\n\n\n\n<p>O destaque principal fica por conta de <strong>A Guerra dos Rohirrim<\/strong>, que se passa no universo de <strong>O Senhor dos An\u00e9is<\/strong>. Mas n\u00e3o para por a\u00ed. Tem tamb\u00e9m document\u00e1rio sobre <strong>P. Diddy<\/strong>, nova temporada de <strong>The White Lotus<\/strong> e at\u00e9 a primeira novela original da plataforma. \u00c9 entretenimento garantido para o m\u00eas inteiro.<\/p>\n\n\n\n<h2 class=\"wp-block-heading\">Que filme vai fazer os f\u00e3s de fantasia ficarem empolgados?<\/h2>\n\n\n\n<p><strong>A Guerra dos Rohirrim<\/strong> \u00e9 o grande lan\u00e7amento do m\u00eas. \u00c9 uma <a href=\"https:\/\/www.em.com.br\/emfoco\/2024\/12\/06\/voce-teria-coragem-de-participar-de-um-jogo-mortal-por-r-1-milhao-a-netflix-te-desafia\/\" target=\"_blank\" rel=\"noreferrer noopener\">anima\u00e7\u00e3o<\/a> que acontece muito antes dos eventos de <strong>O Senhor dos An\u00e9is<\/strong>. A hist\u00f3ria foca em <strong>Helm M\u00e3o-de-Martelo<\/strong>, um rei lend\u00e1rio de <strong>Rohan<\/strong>. Para quem conhece os filmes, \u00e9 aquele lugar do <strong>Abismo de Helm<\/strong>, onde rolou aquela batalha \u00e9pica.<\/p>\n\n\n\n<p>A produ\u00e7\u00e3o promete expandir a mitologia da <strong>Terra M\u00e9dia<\/strong> de uma forma nova. Em vez de atores reais, dessa vez \u00e9 tudo animado. \u00c9 uma oportunidade de conhecer mais sobre o passado desse mundo fant\u00e1stico que conquistou milh\u00f5es de pessoas pelo mundo todo.<\/p>\n\n\n\n<h2 class=\"wp-block-heading\">Qual s\u00e1tira sobre ricos est\u00e1 chegando \u00e0 plataforma?<\/h2>\n\n\n\n<p><strong>Tri\u00e2ngulo da Tristeza<\/strong> \u00e9 um filme que fez muito sucesso em festivais internacionais. A hist\u00f3ria mostra um grupo de pessoas ricas e influentes em um cruzeiro de luxo. S\u00f3 que as coisas d\u00e3o errado e eles acabam presos em uma ilha deserta. \u00c9 uma cr\u00edtica bem direta sobre desigualdade e poder.<\/p>\n\n\n\n<p>O filme usa humor para mostrar como essas pessoas reagem quando perdem todos os privil\u00e9gios. \u00c9 daqueles filmes que fazem voc\u00ea rir, mas tamb\u00e9m pensar sobre quest\u00f5es sociais importantes. A produ\u00e7\u00e3o ganhou destaque justamente por conseguir misturar entretenimento com cr\u00edtica social.<\/p>\n\n\n\n<h2 class=\"wp-block-heading\">Que document\u00e1rio vai revelar segredos do hip-hop?<\/h2>\n\n\n\n<p><strong>A Queda de P. Diddy<\/strong> promete mostrar os bastidores da vida de <strong>Sean Combs<\/strong>. O document\u00e1rio vai fundo na trajet\u00f3ria dele no mundo do hip-hop. Tem entrevistas exclusivas e imagens de arquivo que nunca foram vistas antes. A ideia \u00e9 mostrar tanto os sucessos quanto as pol\u00eamicas.<\/p>\n\n\n\n<p><strong>Diddy<\/strong> \u00e9 uma figura muito importante na m\u00fasica, mas tamb\u00e9m controversa. O document\u00e1rio n\u00e3o vai s\u00f3 elogiar, mas tamb\u00e9m investigar as acusa\u00e7\u00f5es e problemas que ele enfrentou. \u00c9 uma chance de entender melhor uma das personalidades mais influentes do rap mundial.<\/p>\n\n\n\n<h2 class=\"wp-block-heading\">Quais s\u00e9ries nacionais est\u00e3o voltando?<\/h2>\n\n\n\n<p><strong>Opera\u00e7\u00e3o Fronteira Brasil<\/strong> retorna com sua quarta temporada. A s\u00e9rie documenta o trabalho das for\u00e7as de seguran\u00e7a brasileiras nas fronteiras do pa\u00eds. Mostra a luta contra o tr\u00e1fico de drogas e outros crimes. S\u00e3o imagens reais e depoimentos de quem est\u00e1 na linha de frente.<\/p>\n\n\n\n<p><strong>Coiote \u2013 Her\u00f3i e Fera<\/strong> tamb\u00e9m chega com novidades. \u00c9 uma s\u00e9rie que mistura a\u00e7\u00e3o, fantasia e fic\u00e7\u00e3o cient\u00edfica. A hist\u00f3ria acompanha <strong>Lupe<\/strong>, um jovem que se transforma em homem-fera para proteger sua comunidade dos narcotraficantes. \u00c9 uma narrativa brasileira com elementos sobrenaturais.<\/p>\n\n\n\n<h2 class=\"wp-block-heading\">Que novidade a <strong>Max<\/strong> preparou no formato novela?<\/h2>\n\n\n\n<figure class=\"wp-block-embed is-type-video is-provider-youtube wp-block-embed-youtube wp-embed-aspect-16-9 wp-has-aspect-ratio\"><div class=\"wp-block-embed__wrapper\">\n<div class=\"jeg_video_container jeg_video_content\"><iframe loading=\"lazy\" title=\"Beleza Fatal | Trailer Oficial | Max\" width=\"500\" height=\"281\" src=\"https:\/\/www.youtube.com\/embed\/FH2AKrfuwCQ?feature=oembed\" frameborder=\"0\" allow=\"accelerometer; autoplay; clipboard-write; encrypted-media; gyroscope; picture-in-picture; web-share\" referrerpolicy=\"strict-origin-when-cross-origin\" allowfullscreen><\/iframe><\/div>\n<\/div><\/figure>\n\n\n\n<p><strong>Beleza Fatal<\/strong> \u00e9 a primeira novela original da <strong>Max<\/strong>. S\u00e3o 40 epis\u00f3dios que v\u00e3o ser lan\u00e7ados semanalmente. A trama promete vingan\u00e7a, surpresas e muito drama. \u00c9 uma aposta da plataforma em um formato que sempre fez sucesso no <strong>Brasil<\/strong>.<\/p>\n\n\n\n<p><strong>The White Lotus<\/strong> volta com sua terceira temporada. Dessa vez, a s\u00e9rie se passa em um novo resort paradis\u00edaco. A produ\u00e7\u00e3o continua explorando as rela\u00e7\u00f5es tensas entre h\u00f3spedes ricos e funcion\u00e1rios. \u00c9 aquela mistura de com\u00e9dia com cr\u00edtica social que conquistou o p\u00fablico mundial.<\/p>\n\n\n\n<h2 class=\"wp-block-heading\">Outros programas que completam a programa\u00e7\u00e3o<\/h2>\n\n\n\n<ul class=\"wp-block-list\">\n<li><strong>Pesadelo na Cozinha<\/strong>: <strong>Erick Jacquin<\/strong> volta para transformar restaurantes em dificuldades<\/li>\n\n\n\n<li><strong>Document\u00e1rios diversos<\/strong>: Produ\u00e7\u00f5es sobre diferentes temas e personalidades<\/li>\n\n\n\n<li><strong>Anima\u00e7\u00f5es<\/strong>: Conte\u00fado para toda a fam\u00edlia com diferentes estilos<\/li>\n<\/ul>\n\n\n\n<p>A <strong>Max<\/strong> est\u00e1 apostando na diversidade para agradar todos os assinantes. Fevereiro promete ser um m\u00eas recheado de novidades interessantes. Entre fantasias \u00e9picas e realidades cruas, a plataforma quer garantir que todo mundo encontre algo para assistir.<\/p>\n","protected":false},"excerpt":{"rendered":"<p>A Max est\u00e1 chegando com tudo em fevereiro de 2025. O streaming da Warner Bros Discovery preparou uma programa\u00e7\u00e3o bem variada para este m\u00eas. Tem filme, s\u00e9rie, document\u00e1rio e at\u00e9 anima\u00e7\u00e3o. A ideia \u00e9 agradar todo tipo de p\u00fablico, desde quem ama fantasia at\u00e9 quem prefere reality show. O destaque principal fica por conta de [&hellip;]<\/p>\n","protected":false},"author":7,"featured_media":9178,"comment_status":"open","ping_status":"open","sticky":false,"template":"","format":"standard","meta":{"jnews-multi-image_gallery":[],"jnews_single_post":{"format":"standard"},"jnews_primary_category":[],"jnews_social_meta":[],"jnews_override_counter":[],"footnotes":""},"categories":[29,137],"tags":[4811,727,607,1530],"class_list":["post-18333","post","type-post","status-publish","format-standard","has-post-thumbnail","hentry","category-entretenimento","category-filmes","tag-documentarios","tag-filmes","tag-series","tag-streaming"],"yoast_head":"<!-- This site is optimized with the Yoast SEO plugin v23.8 - https:\/\/yoast.com\/wordpress\/plugins\/seo\/ -->\n<title>Lista completa de conte\u00fados para assistir no Max em fevereiro - Estado de Minas - Em foco<\/title>\n<meta name=\"description\" content=\"N\u00e3o sabe o que assistir? A Max tem a solu\u00e7\u00e3o! Confira as nossas \u00faltimas novidades e comece a maratona agora mesmo.\" \/>\n<meta name=\"robots\" content=\"index, follow, max-snippet:-1, max-image-preview:large, max-video-preview:-1\" \/>\n<link rel=\"canonical\" href=\"https:\/\/www.em.com.br\/emfoco\/2025\/02\/11\/seu-guia-completo-para-o-entretenimento-em-fevereiro\/\" \/>\n<meta property=\"og:locale\" content=\"pt_BR\" \/>\n<meta property=\"og:type\" content=\"article\" \/>\n<meta property=\"og:title\" content=\"Lista completa de conte\u00fados para assistir no Max em fevereiro - Estado de Minas - Em foco\" \/>\n<meta property=\"og:description\" content=\"N\u00e3o sabe o que assistir? A Max tem a solu\u00e7\u00e3o! Confira as nossas \u00faltimas novidades e comece a maratona agora mesmo.\" \/>\n<meta property=\"og:url\" content=\"https:\/\/www.em.com.br\/emfoco\/2025\/02\/11\/seu-guia-completo-para-o-entretenimento-em-fevereiro\/\" \/>\n<meta property=\"og:site_name\" content=\"Estado de Minas - Em foco\" \/>\n<meta property=\"article:published_time\" content=\"2025-02-11T21:40:06+00:00\" \/>\n<meta property=\"article:modified_time\" content=\"2025-06-15T05:50:12+00:00\" \/>\n<meta property=\"og:image\" content=\"https:\/\/www.em.com.br\/emfoco\/wp-content\/uploads\/2025\/01\/Streaming_1736313753347.jpg\" \/>\n\t<meta property=\"og:image:width\" content=\"1280\" \/>\n\t<meta property=\"og:image:height\" content=\"720\" \/>\n\t<meta property=\"og:image:type\" content=\"image\/jpeg\" \/>\n<meta name=\"author\" content=\"Kelvin\" \/>\n<meta name=\"twitter:card\" content=\"summary_large_image\" \/>\n<meta name=\"twitter:label1\" content=\"Escrito por\" \/>\n\t<meta name=\"twitter:data1\" content=\"Kelvin\" \/>\n\t<meta name=\"twitter:label2\" content=\"Est. tempo de leitura\" \/>\n\t<meta name=\"twitter:data2\" content=\"4 minutos\" \/>\n<!-- \/ Yoast SEO plugin. -->","yoast_head_json":{"title":"Lista completa de conte\u00fados para assistir no Max em fevereiro - Estado de Minas - Em foco","description":"N\u00e3o sabe o que assistir? A Max tem a solu\u00e7\u00e3o! Confira as nossas \u00faltimas novidades e comece a maratona agora mesmo.","robots":{"index":"index","follow":"follow","max-snippet":"max-snippet:-1","max-image-preview":"max-image-preview:large","max-video-preview":"max-video-preview:-1"},"canonical":"https:\/\/www.em.com.br\/emfoco\/2025\/02\/11\/seu-guia-completo-para-o-entretenimento-em-fevereiro\/","og_locale":"pt_BR","og_type":"article","og_title":"Lista completa de conte\u00fados para assistir no Max em fevereiro - Estado de Minas - Em foco","og_description":"N\u00e3o sabe o que assistir? A Max tem a solu\u00e7\u00e3o! Confira as nossas \u00faltimas novidades e comece a maratona agora mesmo.","og_url":"https:\/\/www.em.com.br\/emfoco\/2025\/02\/11\/seu-guia-completo-para-o-entretenimento-em-fevereiro\/","og_site_name":"Estado de Minas - Em foco","article_published_time":"2025-02-11T21:40:06+00:00","article_modified_time":"2025-06-15T05:50:12+00:00","og_image":[{"width":1280,"height":720,"url":"https:\/\/www.em.com.br\/emfoco\/wp-content\/uploads\/2025\/01\/Streaming_1736313753347.jpg","type":"image\/jpeg"}],"author":"Kelvin","twitter_card":"summary_large_image","twitter_misc":{"Escrito por":"Kelvin","Est. tempo de leitura":"4 minutos"},"schema":{"@context":"https:\/\/schema.org","@graph":[{"@type":"WebPage","@id":"https:\/\/www.em.com.br\/emfoco\/2025\/02\/11\/seu-guia-completo-para-o-entretenimento-em-fevereiro\/","url":"https:\/\/www.em.com.br\/emfoco\/2025\/02\/11\/seu-guia-completo-para-o-entretenimento-em-fevereiro\/","name":"Lista completa de conte\u00fados para assistir no Max em fevereiro - Estado de Minas - Em foco","isPartOf":{"@id":"https:\/\/www.em.com.br\/emfoco\/#website"},"primaryImageOfPage":{"@id":"https:\/\/www.em.com.br\/emfoco\/2025\/02\/11\/seu-guia-completo-para-o-entretenimento-em-fevereiro\/#primaryimage"},"image":{"@id":"https:\/\/www.em.com.br\/emfoco\/2025\/02\/11\/seu-guia-completo-para-o-entretenimento-em-fevereiro\/#primaryimage"},"thumbnailUrl":"https:\/\/www.em.com.br\/emfoco\/wp-content\/uploads\/2025\/01\/Streaming_1736313753347.jpg","datePublished":"2025-02-11T21:40:06+00:00","dateModified":"2025-06-15T05:50:12+00:00","author":{"@id":"https:\/\/www.em.com.br\/emfoco\/#\/schema\/person\/fb0a7f48c6fbb94b83f413a80f61917d"},"description":"N\u00e3o sabe o que assistir? A Max tem a solu\u00e7\u00e3o! Confira as nossas \u00faltimas novidades e comece a maratona agora mesmo.","breadcrumb":{"@id":"https:\/\/www.em.com.br\/emfoco\/2025\/02\/11\/seu-guia-completo-para-o-entretenimento-em-fevereiro\/#breadcrumb"},"inLanguage":"pt-BR","potentialAction":[{"@type":"ReadAction","target":["https:\/\/www.em.com.br\/emfoco\/2025\/02\/11\/seu-guia-completo-para-o-entretenimento-em-fevereiro\/"]}]},{"@type":"ImageObject","inLanguage":"pt-BR","@id":"https:\/\/www.em.com.br\/emfoco\/2025\/02\/11\/seu-guia-completo-para-o-entretenimento-em-fevereiro\/#primaryimage","url":"https:\/\/www.em.com.br\/emfoco\/wp-content\/uploads\/2025\/01\/Streaming_1736313753347.jpg","contentUrl":"https:\/\/www.em.com.br\/emfoco\/wp-content\/uploads\/2025\/01\/Streaming_1736313753347.jpg","width":1280,"height":720,"caption":"Filmes - Cr\u00e9ditos: depositphotos.com \/ REDPIXEL"},{"@type":"BreadcrumbList","@id":"https:\/\/www.em.com.br\/emfoco\/2025\/02\/11\/seu-guia-completo-para-o-entretenimento-em-fevereiro\/#breadcrumb","itemListElement":[{"@type":"ListItem","position":1,"name":"In\u00edcio","item":"https:\/\/www.em.com.br\/emfoco\/"},{"@type":"ListItem","position":2,"name":"Lista completa de conte\u00fados para assistir no Max em fevereiro"}]},{"@type":"WebSite","@id":"https:\/\/www.em.com.br\/emfoco\/#website","url":"https:\/\/www.em.com.br\/emfoco\/","name":"Estado de Minas - Em foco","description":"Acompanhe as \u00faltimas not\u00edcias e fique bem informado sobre tudo o que acontece em Minas Gerais, Brasil e no mundo.","potentialAction":[{"@type":"SearchAction","target":{"@type":"EntryPoint","urlTemplate":"https:\/\/www.em.com.br\/emfoco\/?s={search_term_string}"},"query-input":{"@type":"PropertyValueSpecification","valueRequired":true,"valueName":"search_term_string"}}],"inLanguage":"pt-BR"},{"@type":"Person","@id":"https:\/\/www.em.com.br\/emfoco\/#\/schema\/person\/fb0a7f48c6fbb94b83f413a80f61917d","name":"Kelvin","image":{"@type":"ImageObject","inLanguage":"pt-BR","@id":"https:\/\/www.em.com.br\/emfoco\/#\/schema\/person\/image\/","url":"https:\/\/secure.gravatar.com\/avatar\/e74f84337e6bf6c4c5e88fbdffa05270?s=96&d=mm&r=g","contentUrl":"https:\/\/secure.gravatar.com\/avatar\/e74f84337e6bf6c4c5e88fbdffa05270?s=96&d=mm&r=g","caption":"Kelvin"},"sameAs":["https:\/\/www.em.com.br\/emfoco"],"url":"https:\/\/www.em.com.br\/emfoco\/author\/kelvinmyth\/"}]}},"_links":{"self":[{"href":"https:\/\/www.em.com.br\/emfoco\/wp-json\/wp\/v2\/posts\/18333","targetHints":{"allow":["GET"]}}],"collection":[{"href":"https:\/\/www.em.com.br\/emfoco\/wp-json\/wp\/v2\/posts"}],"about":[{"href":"https:\/\/www.em.com.br\/emfoco\/wp-json\/wp\/v2\/types\/post"}],"author":[{"embeddable":true,"href":"https:\/\/www.em.com.br\/emfoco\/wp-json\/wp\/v2\/users\/7"}],"replies":[{"embeddable":true,"href":"https:\/\/www.em.com.br\/emfoco\/wp-json\/wp\/v2\/comments?post=18333"}],"version-history":[{"count":5,"href":"https:\/\/www.em.com.br\/emfoco\/wp-json\/wp\/v2\/posts\/18333\/revisions"}],"predecessor-version":[{"id":61128,"href":"https:\/\/www.em.com.br\/emfoco\/wp-json\/wp\/v2\/posts\/18333\/revisions\/61128"}],"wp:featuredmedia":[{"embeddable":true,"href":"https:\/\/www.em.com.br\/emfoco\/wp-json\/wp\/v2\/media\/9178"}],"wp:attachment":[{"href":"https:\/\/www.em.com.br\/emfoco\/wp-json\/wp\/v2\/media?parent=18333"}],"wp:term":[{"taxonomy":"category","embeddable":true,"href":"https:\/\/www.em.com.br\/emfoco\/wp-json\/wp\/v2\/categories?post=18333"},{"taxonomy":"post_tag","embeddable":true,"href":"https:\/\/www.em.com.br\/emfoco\/wp-json\/wp\/v2\/tags?post=18333"}],"curies":[{"name":"wp","href":"https:\/\/api.w.org\/{rel}","templated":true}]}}