{"id":183022,"date":"2026-03-18T16:25:00","date_gmt":"2026-03-18T19:25:00","guid":{"rendered":"https:\/\/www.em.com.br\/emfoco\/?p=183022"},"modified":"2026-03-18T16:05:39","modified_gmt":"2026-03-18T19:05:39","slug":"guarde-os-seus-tubos-de-papel-higienico-e-transforme-os-neste-acessorio-util-para-seus-filhos","status":"publish","type":"post","link":"https:\/\/www.em.com.br\/emfoco\/2026\/03\/18\/guarde-os-seus-tubos-de-papel-higienico-e-transforme-os-neste-acessorio-util-para-seus-filhos\/","title":{"rendered":"Guarde os seus tubos de papel higi\u00eanico e transforme-os neste acess\u00f3rio \u00fatil para seus filhos"},"content":{"rendered":"\n<p>Em tempos de or\u00e7amento apertado, consumo consciente e maior aten\u00e7\u00e3o ao meio ambiente, muitas fam\u00edlias est\u00e3o trocando compras novas por solu\u00e7\u00f5es criativas com o que j\u00e1 t\u00eam em casa. Em vez de investir em organizadores prontos, os tubos de papel\u00e3o dos rolos de papel higi\u00eanico ganham protagonismo ao se transformarem em um&nbsp;<strong>porta-l\u00e1pis reciclado<\/strong>, aliando organiza\u00e7\u00e3o, economia, sustentabilidade e momentos de intera\u00e7\u00e3o entre adultos e crian\u00e7as na rotina de estudos de 2026.<\/p>\n\n\n\n<h2 class=\"wp-block-heading\">O que \u00e9 um porta-l\u00e1pis com rolo de papel higi\u00eanico reciclado<\/h2>\n\n\n\n<p>O\u00a0<strong>porta-l\u00e1pis com rolo de papel higi\u00eanico<\/strong>\u00a0\u00e9 um organizador feito a partir dos <a href=\"https:\/\/www.em.com.br\/emfoco\/2026\/01\/08\/antes-de-jogar-fora-tubos-de-papelao-veja-isso-projeto-faca-voce-mesmo-cria-uma-ideia-original\/\" target=\"_blank\" rel=\"noreferrer noopener\">tubos de papel\u00e3o<\/a> que sobram ap\u00f3s o uso do papel. Em vez de descartar esse material, ele \u00e9 limpo, refor\u00e7ado e decorado, formando compartimentos para l\u00e1pis, canetas, marcadores e outros itens escolares, dentro de uma l\u00f3gica de reaproveitamento inteligente.<\/p>\n\n\n\n<p>Embora o papel higi\u00eanico em si n\u00e3o seja reutilizado nesse tipo de atividade, o tubo central de papel\u00e3o tem grande potencial criativo. Leve, f\u00e1cil de cortar e de colar, ele \u00e9 amplamente usado em projetos escolares, oficinas educativas e atividades em fam\u00edlia, ajudando a ensinar, na pr\u00e1tica, conceitos de consumo consciente e redu\u00e7\u00e3o de res\u00edduos.<\/p>\n\n\n\n<figure class=\"wp-block-image\"><img decoding=\"async\" src=\"https:\/\/www.em.com.br\/emfoco\/wp-content\/uploads\/2026\/02\/Gemini_Generated_Image_mu4submu4submu4s-1-1024x576.png\" alt=\"\"\/><figcaption class=\"wp-element-caption\">O m\u00e9todo mais f\u00e1cil de organizar material escolar<\/figcaption><\/figure>\n\n\n\n<h2 class=\"wp-block-heading\">Como fazer um porta-l\u00e1pis com rolo de papel higi\u00eanico passo a passo<\/h2>\n\n\n\n<p>Montar um&nbsp;<strong>porta-l\u00e1pis com rolo de papel higi\u00eanico reciclado<\/strong>&nbsp;\u00e9 simples, r\u00e1pido e pode ser adaptado de acordo com a idade da crian\u00e7a e o tempo dispon\u00edvel. O primeiro cuidado \u00e9 selecionar tubos limpos, secos e sem mofo, definindo em seguida o modelo desejado: fileira simples, agrupamento em c\u00edrculo ou alturas diferentes para separar materiais.<\/p>\n\n\n\n<p>Depois de escolher o formato, o processo fica mais f\u00e1cil ao seguir uma sequ\u00eancia b\u00e1sica, que organiza cada etapa e garante um resultado mais resistente e funcional:<\/p>\n\n\n\n<ol class=\"wp-block-list\">\n<li>Separar de 4 a 6 tubos de papel\u00e3o em bom estado.<\/li>\n\n\n\n<li>Medir a altura desejada e, se necess\u00e1rio, cortar alguns rolos para criar n\u00edveis diferentes.<\/li>\n\n\n\n<li>Revestir cada rolo com papel colorido, sobras de embrulhos ou p\u00e1ginas de revistas, usando cola branca ou em bast\u00e3o.<\/li>\n\n\n\n<li>Recortar uma base em cartolina, papel cart\u00e3o ou papel\u00e3o, ligeiramente maior que o conjunto de tubos.<\/li>\n\n\n\n<li>Fixar os rolos sobre a base com cola, pressionando levemente at\u00e9 aderir.<\/li>\n\n\n\n<li>Aguardar a secagem completa antes de colocar l\u00e1pis, canetas e outros itens.<\/li>\n<\/ol>\n\n\n\n<figure class=\"wp-block-image\"><img decoding=\"async\" src=\"https:\/\/www.em.com.br\/emfoco\/wp-content\/uploads\/2025\/11\/Gemini_Generated_Image_vji1kkvji1kkvji1-1-1024x576.png\" alt=\"\"\/><figcaption class=\"wp-element-caption\">Como fazer um porta-l\u00e1pis criativo com tubos reciclados<\/figcaption><\/figure>\n\n\n\n<h2 class=\"wp-block-heading\">Como decorar um porta-l\u00e1pis reciclado de forma criativa<\/h2>\n\n\n\n<p>A decora\u00e7\u00e3o do&nbsp;<strong>porta-l\u00e1pis reciclado<\/strong>&nbsp;costuma ser a etapa mais divertida para crian\u00e7as e adolescentes, pois permite expressar personalidade e gostos. O organizador pode seguir temas de desenhos, jogos, times, ou assumir estilos mais minimalistas, com cores s\u00f3lidas e padr\u00f5es geom\u00e9tricos discretos.<\/p>\n\n\n\n<p>Para tornar o objeto ainda mais \u00fanico, \u00e9 poss\u00edvel combinar diferentes materiais simples e baratos, criando detalhes que personalizam cada compartimento:<\/p>\n\n\n\n<ul class=\"wp-block-list\">\n<li>Aplicar etiquetas com o nome do estudante em cada tubo.<\/li>\n\n\n\n<li>Usar fitas adesivas decorativas nas bordas superiores dos rolos.<\/li>\n\n\n\n<li>Colar adesivos tem\u00e1ticos ligados a mat\u00e9rias favoritas, como matem\u00e1tica, ci\u00eancias ou artes.<\/li>\n\n\n\n<li>Criar iniciais do nome em papel cart\u00e3o para destacar na parte frontal da base.<\/li>\n\n\n\n<li>Adicionar recortes em forma de estrelas, cora\u00e7\u00f5es ou \u00edcones que representem hobbies.<\/li>\n<\/ul>\n\n\n\n<p>Selecionamos o v\u00eddeo da <strong><a href=\"https:\/\/www.youtube.com\/@criandocomcamila\/shorts\" target=\"_blank\" rel=\"noreferrer noopener\">Camila Almeida<\/a><\/strong> que faz sucesso no YouTube com seus v\u00eddeos e ensina a fazer um porta-l\u00e1pis maravilhoso:<\/p>\n\n\n\n<iframe loading=\"lazy\" width=\"237\" height=\"419\" src=\"https:\/\/www.youtube.com\/embed\/EPK9eULnBro\" title=\"Como fazer porta l\u00e1pis com rolinhos de papel higi\u00eanico \u270f\ufe0f \u2702\ufe0f \/  #diy #shorts\" frameborder=\"0\" allow=\"accelerometer; autoplay; clipboard-write; encrypted-media; gyroscope; picture-in-picture; web-share\" referrerpolicy=\"strict-origin-when-cross-origin\" allowfullscreen><\/iframe>\n\n\n\n<h2 class=\"wp-block-heading\">Quais cuidados ter com o uso de rolos de papel higi\u00eanico em artesanato<\/h2>\n\n\n\n<p>O reaproveitamento de rolos de papel higi\u00eanico exige aten\u00e7\u00e3o especial \u00e0 higiene e \u00e0 seguran\u00e7a, sobretudo quando envolve crian\u00e7as. \u00c9 fundamental usar apenas tubos completamente secos, sem cheiro forte, manchas escuras ou sinais de mofo, descartando qualquer pe\u00e7a em mau estado para evitar alergias e contamina\u00e7\u00f5es.<\/p>\n\n\n\n<p>Em atividades com crian\u00e7as pequenas, o ideal \u00e9 que um adulto supervise o uso de tesouras, colas e enfeites menores. Bot\u00f5es, olhos m\u00f3veis e pe\u00e7as mi\u00fadas devem ser evitados com quem ainda leva objetos \u00e0 boca, e o porta-l\u00e1pis pronto precisa ser mantido longe da umidade para durar mais meses em bom estado.<\/p>\n\n\n\n<h2 class=\"wp-block-heading\">Por que adotar o porta-l\u00e1pis com rolo de papel higi\u00eanico no dia a dia<\/h2>\n\n\n\n<p>Transformar rolos de papel higi\u00eanico em&nbsp;<strong>porta-l\u00e1pis<\/strong>&nbsp;reduz res\u00edduos, corta gastos com organizadores pl\u00e1sticos e incentiva uma cultura de reaproveitamento dentro de casa. Ao separar l\u00e1pis, canetas, marca-textos e tesouras em compartimentos espec\u00edficos, a rotina de estudos, especialmente no ensino h\u00edbrido, fica mais pr\u00e1tica, visualmente organizada e acolhedora.<\/p>\n\n\n\n<p>N\u00e3o espere o pr\u00f3ximo ano letivo para testar essa ideia: re\u00fana agora mesmo alguns rolos vazios, convide as crian\u00e7as, separe pap\u00e9is, adesivos e fitas e crie o primeiro modelo ainda hoje. Cada porta-l\u00e1pis reciclado montado em fam\u00edlia \u00e9 um gesto concreto de cuidado com o planeta, com o bolso e com o futuro das crian\u00e7as, que aprendem fazendo e se sentem protagonistas dessa mudan\u00e7a.<\/p>\n","protected":false},"excerpt":{"rendered":"<p>Em tempos de or\u00e7amento apertado, consumo consciente e maior aten\u00e7\u00e3o ao meio ambiente, muitas fam\u00edlias est\u00e3o trocando compras novas por solu\u00e7\u00f5es criativas com o que j\u00e1 t\u00eam em casa. Em vez de investir em organizadores prontos, os tubos de papel\u00e3o dos rolos de papel higi\u00eanico ganham protagonismo ao se transformarem em um&nbsp;porta-l\u00e1pis reciclado, aliando organiza\u00e7\u00e3o, [&hellip;]<\/p>\n","protected":false},"author":11,"featured_media":120600,"comment_status":"open","ping_status":"open","sticky":false,"template":"","format":"standard","meta":{"jnews-multi-image_gallery":[],"jnews_single_post":{"format":"standard"},"jnews_primary_category":[],"jnews_social_meta":[],"jnews_override_counter":[],"footnotes":""},"categories":[8819,1],"tags":[770,5115,2595,24799],"class_list":["post-183022","post","type-post","status-publish","format-standard","has-post-thumbnail","hentry","category-curiosidades","category-noticias","tag-artesanato","tag-diy","tag-reciclagem","tag-rolos-de-papel-higienico"],"yoast_head":"<!-- This site is optimized with the Yoast SEO plugin v23.8 - https:\/\/yoast.com\/wordpress\/plugins\/seo\/ -->\n<title>Guarde os seus tubos de papel higi\u00eanico e transforme-os neste acess\u00f3rio \u00fatil para seus filhos - Estado de Minas - Em foco<\/title>\n<meta name=\"description\" content=\"Com reciclagem simples, rolos de papel higi\u00eanico viram porta-l\u00e1pis funcional. Aprenda o passo a passo e reduza res\u00edduos.\" \/>\n<meta name=\"robots\" content=\"index, follow, max-snippet:-1, max-image-preview:large, max-video-preview:-1\" \/>\n<link rel=\"canonical\" href=\"https:\/\/www.em.com.br\/emfoco\/2026\/03\/18\/guarde-os-seus-tubos-de-papel-higienico-e-transforme-os-neste-acessorio-util-para-seus-filhos\/\" \/>\n<meta property=\"og:locale\" content=\"pt_BR\" \/>\n<meta property=\"og:type\" content=\"article\" \/>\n<meta property=\"og:title\" content=\"Guarde os seus tubos de papel higi\u00eanico e transforme-os neste acess\u00f3rio \u00fatil para seus filhos - Estado de Minas - Em foco\" \/>\n<meta property=\"og:description\" content=\"Com reciclagem simples, rolos de papel higi\u00eanico viram porta-l\u00e1pis funcional. Aprenda o passo a passo e reduza res\u00edduos.\" \/>\n<meta property=\"og:url\" content=\"https:\/\/www.em.com.br\/emfoco\/2026\/03\/18\/guarde-os-seus-tubos-de-papel-higienico-e-transforme-os-neste-acessorio-util-para-seus-filhos\/\" \/>\n<meta property=\"og:site_name\" content=\"Estado de Minas - Em foco\" \/>\n<meta property=\"article:published_time\" content=\"2026-03-18T19:25:00+00:00\" \/>\n<meta property=\"article:modified_time\" content=\"2026-03-18T19:05:39+00:00\" \/>\n<meta property=\"og:image\" content=\"https:\/\/www.em.com.br\/emfoco\/wp-content\/uploads\/2025\/10\/tubos-de-papel-higienico_1761692559281.jpg\" \/>\n\t<meta property=\"og:image:width\" content=\"1280\" \/>\n\t<meta property=\"og:image:height\" content=\"720\" \/>\n\t<meta property=\"og:image:type\" content=\"image\/jpeg\" \/>\n<meta name=\"author\" content=\"Andre\u0301 Rangel\u00a0\" \/>\n<meta name=\"twitter:card\" content=\"summary_large_image\" \/>\n<meta name=\"twitter:label1\" content=\"Escrito por\" \/>\n\t<meta name=\"twitter:data1\" content=\"Andre\u0301 Rangel\u00a0\" \/>\n\t<meta name=\"twitter:label2\" content=\"Est. tempo de leitura\" \/>\n\t<meta name=\"twitter:data2\" content=\"5 minutos\" \/>\n<!-- \/ Yoast SEO plugin. -->","yoast_head_json":{"title":"Guarde os seus tubos de papel higi\u00eanico e transforme-os neste acess\u00f3rio \u00fatil para seus filhos - Estado de Minas - Em foco","description":"Com reciclagem simples, rolos de papel higi\u00eanico viram porta-l\u00e1pis funcional. Aprenda o passo a passo e reduza res\u00edduos.","robots":{"index":"index","follow":"follow","max-snippet":"max-snippet:-1","max-image-preview":"max-image-preview:large","max-video-preview":"max-video-preview:-1"},"canonical":"https:\/\/www.em.com.br\/emfoco\/2026\/03\/18\/guarde-os-seus-tubos-de-papel-higienico-e-transforme-os-neste-acessorio-util-para-seus-filhos\/","og_locale":"pt_BR","og_type":"article","og_title":"Guarde os seus tubos de papel higi\u00eanico e transforme-os neste acess\u00f3rio \u00fatil para seus filhos - Estado de Minas - Em foco","og_description":"Com reciclagem simples, rolos de papel higi\u00eanico viram porta-l\u00e1pis funcional. Aprenda o passo a passo e reduza res\u00edduos.","og_url":"https:\/\/www.em.com.br\/emfoco\/2026\/03\/18\/guarde-os-seus-tubos-de-papel-higienico-e-transforme-os-neste-acessorio-util-para-seus-filhos\/","og_site_name":"Estado de Minas - Em foco","article_published_time":"2026-03-18T19:25:00+00:00","article_modified_time":"2026-03-18T19:05:39+00:00","og_image":[{"width":1280,"height":720,"url":"https:\/\/www.em.com.br\/emfoco\/wp-content\/uploads\/2025\/10\/tubos-de-papel-higienico_1761692559281.jpg","type":"image\/jpeg"}],"author":"Andre\u0301 Rangel\u00a0","twitter_card":"summary_large_image","twitter_misc":{"Escrito por":"Andre\u0301 Rangel\u00a0","Est. tempo de leitura":"5 minutos"},"schema":{"@context":"https:\/\/schema.org","@graph":[{"@type":"WebPage","@id":"https:\/\/www.em.com.br\/emfoco\/2026\/03\/18\/guarde-os-seus-tubos-de-papel-higienico-e-transforme-os-neste-acessorio-util-para-seus-filhos\/","url":"https:\/\/www.em.com.br\/emfoco\/2026\/03\/18\/guarde-os-seus-tubos-de-papel-higienico-e-transforme-os-neste-acessorio-util-para-seus-filhos\/","name":"Guarde os seus tubos de papel higi\u00eanico e transforme-os neste acess\u00f3rio \u00fatil para seus filhos - Estado de Minas - Em foco","isPartOf":{"@id":"https:\/\/www.em.com.br\/emfoco\/#website"},"primaryImageOfPage":{"@id":"https:\/\/www.em.com.br\/emfoco\/2026\/03\/18\/guarde-os-seus-tubos-de-papel-higienico-e-transforme-os-neste-acessorio-util-para-seus-filhos\/#primaryimage"},"image":{"@id":"https:\/\/www.em.com.br\/emfoco\/2026\/03\/18\/guarde-os-seus-tubos-de-papel-higienico-e-transforme-os-neste-acessorio-util-para-seus-filhos\/#primaryimage"},"thumbnailUrl":"https:\/\/www.em.com.br\/emfoco\/wp-content\/uploads\/2025\/10\/tubos-de-papel-higienico_1761692559281.jpg","datePublished":"2026-03-18T19:25:00+00:00","dateModified":"2026-03-18T19:05:39+00:00","author":{"@id":"https:\/\/www.em.com.br\/emfoco\/#\/schema\/person\/60eda09c1fedf0d6891f4cef4b60b8b8"},"description":"Com reciclagem simples, rolos de papel higi\u00eanico viram porta-l\u00e1pis funcional. Aprenda o passo a passo e reduza res\u00edduos.","breadcrumb":{"@id":"https:\/\/www.em.com.br\/emfoco\/2026\/03\/18\/guarde-os-seus-tubos-de-papel-higienico-e-transforme-os-neste-acessorio-util-para-seus-filhos\/#breadcrumb"},"inLanguage":"pt-BR","potentialAction":[{"@type":"ReadAction","target":["https:\/\/www.em.com.br\/emfoco\/2026\/03\/18\/guarde-os-seus-tubos-de-papel-higienico-e-transforme-os-neste-acessorio-util-para-seus-filhos\/"]}]},{"@type":"ImageObject","inLanguage":"pt-BR","@id":"https:\/\/www.em.com.br\/emfoco\/2026\/03\/18\/guarde-os-seus-tubos-de-papel-higienico-e-transforme-os-neste-acessorio-util-para-seus-filhos\/#primaryimage","url":"https:\/\/www.em.com.br\/emfoco\/wp-content\/uploads\/2025\/10\/tubos-de-papel-higienico_1761692559281.jpg","contentUrl":"https:\/\/www.em.com.br\/emfoco\/wp-content\/uploads\/2025\/10\/tubos-de-papel-higienico_1761692559281.jpg","width":1280,"height":720,"caption":"Decora\u00e7\u00e3o ecol\u00f3gica que encanta e ajuda o planeta - Cr\u00e9ditos: depositphotos.com \/ mschuppi"},{"@type":"BreadcrumbList","@id":"https:\/\/www.em.com.br\/emfoco\/2026\/03\/18\/guarde-os-seus-tubos-de-papel-higienico-e-transforme-os-neste-acessorio-util-para-seus-filhos\/#breadcrumb","itemListElement":[{"@type":"ListItem","position":1,"name":"In\u00edcio","item":"https:\/\/www.em.com.br\/emfoco\/"},{"@type":"ListItem","position":2,"name":"Guarde os seus tubos de papel higi\u00eanico e transforme-os neste acess\u00f3rio \u00fatil para seus filhos"}]},{"@type":"WebSite","@id":"https:\/\/www.em.com.br\/emfoco\/#website","url":"https:\/\/www.em.com.br\/emfoco\/","name":"Estado de Minas - Em foco","description":"Acompanhe as \u00faltimas not\u00edcias e fique bem informado sobre tudo o que acontece em Minas Gerais, Brasil e no mundo.","potentialAction":[{"@type":"SearchAction","target":{"@type":"EntryPoint","urlTemplate":"https:\/\/www.em.com.br\/emfoco\/?s={search_term_string}"},"query-input":{"@type":"PropertyValueSpecification","valueRequired":true,"valueName":"search_term_string"}}],"inLanguage":"pt-BR"},{"@type":"Person","@id":"https:\/\/www.em.com.br\/emfoco\/#\/schema\/person\/60eda09c1fedf0d6891f4cef4b60b8b8","name":"Andre\u0301 Rangel\u00a0","image":{"@type":"ImageObject","inLanguage":"pt-BR","@id":"https:\/\/www.em.com.br\/emfoco\/#\/schema\/person\/image\/","url":"https:\/\/secure.gravatar.com\/avatar\/6234dc814c77c8ef6d8bba622c787efc?s=96&d=mm&r=g","contentUrl":"https:\/\/secure.gravatar.com\/avatar\/6234dc814c77c8ef6d8bba622c787efc?s=96&d=mm&r=g","caption":"Andre\u0301 Rangel\u00a0"},"url":"https:\/\/www.em.com.br\/emfoco\/author\/luizmyth\/"}]}},"_links":{"self":[{"href":"https:\/\/www.em.com.br\/emfoco\/wp-json\/wp\/v2\/posts\/183022","targetHints":{"allow":["GET"]}}],"collection":[{"href":"https:\/\/www.em.com.br\/emfoco\/wp-json\/wp\/v2\/posts"}],"about":[{"href":"https:\/\/www.em.com.br\/emfoco\/wp-json\/wp\/v2\/types\/post"}],"author":[{"embeddable":true,"href":"https:\/\/www.em.com.br\/emfoco\/wp-json\/wp\/v2\/users\/11"}],"replies":[{"embeddable":true,"href":"https:\/\/www.em.com.br\/emfoco\/wp-json\/wp\/v2\/comments?post=183022"}],"version-history":[{"count":1,"href":"https:\/\/www.em.com.br\/emfoco\/wp-json\/wp\/v2\/posts\/183022\/revisions"}],"predecessor-version":[{"id":183023,"href":"https:\/\/www.em.com.br\/emfoco\/wp-json\/wp\/v2\/posts\/183022\/revisions\/183023"}],"wp:featuredmedia":[{"embeddable":true,"href":"https:\/\/www.em.com.br\/emfoco\/wp-json\/wp\/v2\/media\/120600"}],"wp:attachment":[{"href":"https:\/\/www.em.com.br\/emfoco\/wp-json\/wp\/v2\/media?parent=183022"}],"wp:term":[{"taxonomy":"category","embeddable":true,"href":"https:\/\/www.em.com.br\/emfoco\/wp-json\/wp\/v2\/categories?post=183022"},{"taxonomy":"post_tag","embeddable":true,"href":"https:\/\/www.em.com.br\/emfoco\/wp-json\/wp\/v2\/tags?post=183022"}],"curies":[{"name":"wp","href":"https:\/\/api.w.org\/{rel}","templated":true}]}}