{"id":18285,"date":"2025-02-11T11:20:04","date_gmt":"2025-02-11T14:20:04","guid":{"rendered":"https:\/\/www.em.com.br\/emfoco\/?p=18285"},"modified":"2025-02-10T13:02:11","modified_gmt":"2025-02-10T16:02:11","slug":"quais-as-novas-regras-do-seguro-desemprego-em-2025","status":"publish","type":"post","link":"https:\/\/www.em.com.br\/emfoco\/2025\/02\/11\/quais-as-novas-regras-do-seguro-desemprego-em-2025\/","title":{"rendered":"Quais as novas regras do seguro-desemprego em 2025?"},"content":{"rendered":"\n<p>O <strong>seguro-desemprego<\/strong> no <strong>Brasil <\/strong>\u00e9 um benef\u00edcio essencial para trabalhadores que foram demitidos sem justa causa. Em 2025, esse benef\u00edcio passou por mudan\u00e7as significativas, especialmente com o reajuste do sal\u00e1rio m\u00ednimo. O <strong>Minist\u00e9rio do Trabalho e Emprego<\/strong> (<a href=\"https:\/\/www.gov.br\/trabalho-e-emprego\/pt-br\" target=\"_blank\" rel=\"noreferrer noopener\">MTE<\/a>) atualizou os valores e a tabela de <a href=\"https:\/\/www.em.com.br\/emfoco\/2024\/12\/02\/fim-do-bpc-para-muitos-novas-regras-de-calculo-da-renda-podem-reduzir-o-numero-de-beneficiarios\/\" target=\"_blank\" rel=\"noreferrer noopener\">c\u00e1lculo<\/a>, com o objetivo de proporcionar uma rede de seguran\u00e7a mais robusta para os trabalhadores brasileiros.<\/p>\n\n\n\n<p>Essas altera\u00e7\u00f5es, que entraram em vigor no in\u00edcio do ano, incluem novas faixas de c\u00e1lculo e ajustes nos valores m\u00e1ximos e m\u00ednimos do benef\u00edcio. Com o aumento do sal\u00e1rio m\u00ednimo para R$ 1.518,00, nenhum trabalhador receber\u00e1 menos do que esse valor durante o per\u00edodo de recebimento do seguro-desemprego, garantindo mais estabilidade financeira.<\/p>\n\n\n\n<h2 class=\"wp-block-heading\">Como \u00e9 calculado o seguro-desemprego em 2025?<\/h2>\n\n\n\n<p>O c\u00e1lculo do seguro-desemprego em 2025 foi ajustado com base no <strong>\u00cdndice Nacional de Pre\u00e7os ao Consumidor<\/strong> (<strong>INPC<\/strong>), que registrou uma alta de 4,77% nos 12 meses anteriores ao reajuste. A tabela de c\u00e1lculo foi reformulada para refletir as novas faixas salariais, assegurando que o benef\u00edcio seja proporcional ao sal\u00e1rio m\u00e9dio do trabalhador antes da demiss\u00e3o.<\/p>\n\n\n<div class=\"wp-block-image\">\n<figure class=\"aligncenter size-large\"><img loading=\"lazy\" decoding=\"async\" width=\"1024\" height=\"576\" src=\"https:\/\/www.em.com.br\/emfoco\/wp-content\/uploads\/2024\/12\/Brazil-Money_1734625521453-1024x576.jpg\" alt=\"Quais as novas regras do seguro-desemprego em 2025?\" class=\"wp-image-5732\" srcset=\"https:\/\/www.em.com.br\/emfoco\/wp-content\/uploads\/2024\/12\/Brazil-Money_1734625521453-1024x576.jpg 1024w, https:\/\/www.em.com.br\/emfoco\/wp-content\/uploads\/2024\/12\/Brazil-Money_1734625521453-300x169.jpg 300w, https:\/\/www.em.com.br\/emfoco\/wp-content\/uploads\/2024\/12\/Brazil-Money_1734625521453-768x432.jpg 768w, https:\/\/www.em.com.br\/emfoco\/wp-content\/uploads\/2024\/12\/Brazil-Money_1734625521453-750x422.jpg 750w, https:\/\/www.em.com.br\/emfoco\/wp-content\/uploads\/2024\/12\/Brazil-Money_1734625521453-1140x641.jpg 1140w, https:\/\/www.em.com.br\/emfoco\/wp-content\/uploads\/2024\/12\/Brazil-Money_1734625521453.jpg 1280w\" sizes=\"auto, (max-width: 1024px) 100vw, 1024px\" \/><figcaption class=\"wp-element-caption\">Dinheiro &#8211; Cr\u00e9ditos: depositphotos.com \/ rochu_2008<\/figcaption><\/figure><\/div>\n\n\n<p>As faixas de c\u00e1lculo s\u00e3o as seguintes:<\/p>\n\n\n\n<ul class=\"wp-block-list\">\n<li>Para sal\u00e1rios at\u00e9 R$ 2.138,76, multiplica-se o valor m\u00e9dio por 0,8.<\/li>\n\n\n\n<li>Para sal\u00e1rios entre R$ 2.138,77 e R$ 3.564,96, calcula-se o excedente acima de R$ 2.138,76, multiplicando por 0,5 e somando a R$ 1.711,01.<\/li>\n\n\n\n<li>Para sal\u00e1rios superiores a R$ 3.564,96, aplica-se um valor fixo de R$ 2.424,11.<\/li>\n<\/ul>\n\n\n\n<h2 class=\"wp-block-heading\">Quem tem direito ao seguro-desemprego 2025?<\/h2>\n\n\n\n<p>O seguro-desemprego \u00e9 destinado aos trabalhadores demitidos sem justa causa, desde que atendam a certos crit\u00e9rios. Para ter direito ao benef\u00edcio, \u00e9 necess\u00e1rio que o trabalhador tenha carteira assinada por, no m\u00ednimo, um ano. Al\u00e9m disso, deve-se cumprir os seguintes requisitos:<\/p>\n\n\n\n<ul class=\"wp-block-list\">\n<li>Ter sido dispensado sem justa causa.<\/li>\n\n\n\n<li>Estar desempregado no momento da solicita\u00e7\u00e3o do benef\u00edcio.<\/li>\n\n\n\n<li>Ter recebido pelo menos 12 sal\u00e1rios nos \u00faltimos 18 meses, v\u00e1lido para a primeira solicita\u00e7\u00e3o.<\/li>\n\n\n\n<li>Ter trabalhado pelo menos nove meses nos \u00faltimos 12 meses para o segundo pedido.<\/li>\n\n\n\n<li>Ter trabalhado com carteira assinada nos \u00faltimos seis meses a partir do terceiro pedido.<\/li>\n\n\n\n<li>N\u00e3o ter renda pr\u00f3pria para sustento pr\u00f3prio e da fam\u00edlia.<\/li>\n\n\n\n<li>N\u00e3o receber benef\u00edcios de presta\u00e7\u00e3o continuada da Previd\u00eancia Social, exceto pens\u00e3o por morte e aux\u00edlio-acidente.<\/li>\n<\/ul>\n\n\n\n<h2 class=\"wp-block-heading\">Como solicitar o seguro-desemprego 2025?<\/h2>\n\n\n\n<p>O pedido do seguro-desemprego pode ser feito de forma pr\u00e1tica pelo aplicativo Carteira de Trabalho Digital. O processo \u00e9 simples e pode ser realizado seguindo os passos abaixo:<\/p>\n\n\n\n<ol class=\"wp-block-list\">\n<li>Baixar o aplicativo Carteira de Trabalho Digital no dispositivo m\u00f3vel.<\/li>\n\n\n\n<li>Acessar \u201cEntrar com gov.br\u201d.<\/li>\n\n\n\n<li>Fazer o login com a conta Gov.br.<\/li>\n\n\n\n<li>Acessar a aba \u201cBenef\u00edcios\u201d, localizada na parte inferior da tela.<\/li>\n\n\n\n<li>Na categoria \u201cSeguro-Desemprego\u201d, selecionar \u201cSolicitar\u201d.<\/li>\n\n\n\n<li>Escolher a modalidade do benef\u00edcio.<\/li>\n\n\n\n<li>Informar o n\u00famero do requerimento.<\/li>\n\n\n\n<li>Aceitar os termos apresentados e iniciar a solicita\u00e7\u00e3o.<\/li>\n<\/ol>\n\n\n\n<h2 class=\"wp-block-heading\">Quantas parcelas s\u00e3o pagas pelo seguro-desemprego 2025?<\/h2>\n\n\n\n<p>O n\u00famero de parcelas do seguro-desemprego varia conforme o hist\u00f3rico de solicita\u00e7\u00f5es do trabalhador:<\/p>\n\n\n\n<ul class=\"wp-block-list\">\n<li><strong>1\u00ba Pedido:<\/strong> 4 parcelas para quem trabalhou entre 12 e 23 meses e 5 para mais de 23 meses.<\/li>\n\n\n\n<li><strong>2\u00ba Pedido:<\/strong> 3 parcelas para quem trabalhou entre 9 a 11 meses, 4 de 12 a 23 e 5 para mais de 23.<\/li>\n\n\n\n<li><strong>3\u00ba Pedido:<\/strong> 3 parcelas para quem trabalhou entre 6 a 11 meses, 4 de 12 a 23 e 5 para mais de 23.<\/li>\n<\/ul>\n\n\n\n<h2 class=\"wp-block-heading\">Quais s\u00e3o as modalidades de pagamento do seguro-desemprego 2025?<\/h2>\n\n\n\n<p>O seguro-desemprego 2025 oferece diversas formas de pagamento, garantindo mais comodidade para os benefici\u00e1rios. Entre as op\u00e7\u00f5es est\u00e3o dep\u00f3sitos em contas banc\u00e1rias ou poupan\u00e7as da Caixa Econ\u00f4mica Federal, al\u00e9m de saques em lot\u00e9ricas e caixas eletr\u00f4nicos da institui\u00e7\u00e3o. Essas modalidades buscam otimizar o acesso aos recursos, permitindo que os trabalhadores resgatem os valores de maneira simples e sem complica\u00e7\u00f5es.<\/p>\n","protected":false},"excerpt":{"rendered":"<p>O seguro-desemprego no Brasil \u00e9 um benef\u00edcio essencial para trabalhadores que foram demitidos sem justa causa. Em 2025, esse benef\u00edcio passou por mudan\u00e7as significativas, especialmente com o reajuste do sal\u00e1rio m\u00ednimo. O Minist\u00e9rio do Trabalho e Emprego (MTE) atualizou os valores e a tabela de c\u00e1lculo, com o objetivo de proporcionar uma rede de seguran\u00e7a [&hellip;]<\/p>\n","protected":false},"author":7,"featured_media":6644,"comment_status":"open","ping_status":"open","sticky":false,"template":"","format":"standard","meta":{"jnews-multi-image_gallery":[],"jnews_single_post":{"format":"standard"},"jnews_primary_category":[],"jnews_social_meta":[],"jnews_override_counter":[],"footnotes":""},"categories":[28],"tags":[158,1833,1832,508],"class_list":["post-18285","post","type-post","status-publish","format-standard","has-post-thumbnail","hentry","category-economia","tag-brasil","tag-desemprego","tag-seguro-desemprego","tag-trabalho"],"yoast_head":"<!-- This site is optimized with the Yoast SEO plugin v23.8 - https:\/\/yoast.com\/wordpress\/plugins\/seo\/ -->\n<title>Quais as novas regras do seguro-desemprego em 2025? - Estado de Minas - Em foco<\/title>\n<meta name=\"description\" content=\"Entenda as mudan\u00e7as e veja se voc\u00ea tem direito ao benef\u00edcio. Simule seu pagamento agora mesmo do seguro desemprego!\" \/>\n<meta name=\"robots\" content=\"index, follow, max-snippet:-1, max-image-preview:large, max-video-preview:-1\" \/>\n<link rel=\"canonical\" href=\"https:\/\/www.em.com.br\/emfoco\/2025\/02\/11\/quais-as-novas-regras-do-seguro-desemprego-em-2025\/\" \/>\n<meta property=\"og:locale\" content=\"pt_BR\" \/>\n<meta property=\"og:type\" content=\"article\" \/>\n<meta property=\"og:title\" content=\"Quais as novas regras do seguro-desemprego em 2025? - Estado de Minas - Em foco\" \/>\n<meta property=\"og:description\" content=\"Entenda as mudan\u00e7as e veja se voc\u00ea tem direito ao benef\u00edcio. Simule seu pagamento agora mesmo do seguro desemprego!\" \/>\n<meta property=\"og:url\" content=\"https:\/\/www.em.com.br\/emfoco\/2025\/02\/11\/quais-as-novas-regras-do-seguro-desemprego-em-2025\/\" \/>\n<meta property=\"og:site_name\" content=\"Estado de Minas - Em foco\" \/>\n<meta property=\"article:published_time\" content=\"2025-02-11T14:20:04+00:00\" \/>\n<meta property=\"article:modified_time\" content=\"2025-02-10T16:02:11+00:00\" \/>\n<meta property=\"og:image\" content=\"https:\/\/www.em.com.br\/emfoco\/wp-content\/uploads\/2024\/12\/Agencia-Caixa_1735175959190.jpg\" \/>\n\t<meta property=\"og:image:width\" content=\"1280\" \/>\n\t<meta property=\"og:image:height\" content=\"720\" \/>\n\t<meta property=\"og:image:type\" content=\"image\/jpeg\" \/>\n<meta name=\"author\" content=\"Kelvin\" \/>\n<meta name=\"twitter:card\" content=\"summary_large_image\" \/>\n<meta name=\"twitter:label1\" content=\"Escrito por\" \/>\n\t<meta name=\"twitter:data1\" content=\"Kelvin\" \/>\n\t<meta name=\"twitter:label2\" content=\"Est. tempo de leitura\" \/>\n\t<meta name=\"twitter:data2\" content=\"4 minutos\" \/>\n<!-- \/ Yoast SEO plugin. -->","yoast_head_json":{"title":"Quais as novas regras do seguro-desemprego em 2025? - Estado de Minas - Em foco","description":"Entenda as mudan\u00e7as e veja se voc\u00ea tem direito ao benef\u00edcio. Simule seu pagamento agora mesmo do seguro desemprego!","robots":{"index":"index","follow":"follow","max-snippet":"max-snippet:-1","max-image-preview":"max-image-preview:large","max-video-preview":"max-video-preview:-1"},"canonical":"https:\/\/www.em.com.br\/emfoco\/2025\/02\/11\/quais-as-novas-regras-do-seguro-desemprego-em-2025\/","og_locale":"pt_BR","og_type":"article","og_title":"Quais as novas regras do seguro-desemprego em 2025? - Estado de Minas - Em foco","og_description":"Entenda as mudan\u00e7as e veja se voc\u00ea tem direito ao benef\u00edcio. Simule seu pagamento agora mesmo do seguro desemprego!","og_url":"https:\/\/www.em.com.br\/emfoco\/2025\/02\/11\/quais-as-novas-regras-do-seguro-desemprego-em-2025\/","og_site_name":"Estado de Minas - Em foco","article_published_time":"2025-02-11T14:20:04+00:00","article_modified_time":"2025-02-10T16:02:11+00:00","og_image":[{"width":1280,"height":720,"url":"https:\/\/www.em.com.br\/emfoco\/wp-content\/uploads\/2024\/12\/Agencia-Caixa_1735175959190.jpg","type":"image\/jpeg"}],"author":"Kelvin","twitter_card":"summary_large_image","twitter_misc":{"Escrito por":"Kelvin","Est. tempo de leitura":"4 minutos"},"schema":{"@context":"https:\/\/schema.org","@graph":[{"@type":"WebPage","@id":"https:\/\/www.em.com.br\/emfoco\/2025\/02\/11\/quais-as-novas-regras-do-seguro-desemprego-em-2025\/","url":"https:\/\/www.em.com.br\/emfoco\/2025\/02\/11\/quais-as-novas-regras-do-seguro-desemprego-em-2025\/","name":"Quais as novas regras do seguro-desemprego em 2025? - Estado de Minas - Em foco","isPartOf":{"@id":"https:\/\/www.em.com.br\/emfoco\/#website"},"primaryImageOfPage":{"@id":"https:\/\/www.em.com.br\/emfoco\/2025\/02\/11\/quais-as-novas-regras-do-seguro-desemprego-em-2025\/#primaryimage"},"image":{"@id":"https:\/\/www.em.com.br\/emfoco\/2025\/02\/11\/quais-as-novas-regras-do-seguro-desemprego-em-2025\/#primaryimage"},"thumbnailUrl":"https:\/\/www.em.com.br\/emfoco\/wp-content\/uploads\/2024\/12\/Agencia-Caixa_1735175959190.jpg","datePublished":"2025-02-11T14:20:04+00:00","dateModified":"2025-02-10T16:02:11+00:00","author":{"@id":"https:\/\/www.em.com.br\/emfoco\/#\/schema\/person\/fb0a7f48c6fbb94b83f413a80f61917d"},"description":"Entenda as mudan\u00e7as e veja se voc\u00ea tem direito ao benef\u00edcio. Simule seu pagamento agora mesmo do seguro desemprego!","breadcrumb":{"@id":"https:\/\/www.em.com.br\/emfoco\/2025\/02\/11\/quais-as-novas-regras-do-seguro-desemprego-em-2025\/#breadcrumb"},"inLanguage":"pt-BR","potentialAction":[{"@type":"ReadAction","target":["https:\/\/www.em.com.br\/emfoco\/2025\/02\/11\/quais-as-novas-regras-do-seguro-desemprego-em-2025\/"]}]},{"@type":"ImageObject","inLanguage":"pt-BR","@id":"https:\/\/www.em.com.br\/emfoco\/2025\/02\/11\/quais-as-novas-regras-do-seguro-desemprego-em-2025\/#primaryimage","url":"https:\/\/www.em.com.br\/emfoco\/wp-content\/uploads\/2024\/12\/Agencia-Caixa_1735175959190.jpg","contentUrl":"https:\/\/www.em.com.br\/emfoco\/wp-content\/uploads\/2024\/12\/Agencia-Caixa_1735175959190.jpg","width":1280,"height":720,"caption":"Agencia Caixa - Cr\u00e9ditos: depositphotos.com \/ Alisonnunes"},{"@type":"BreadcrumbList","@id":"https:\/\/www.em.com.br\/emfoco\/2025\/02\/11\/quais-as-novas-regras-do-seguro-desemprego-em-2025\/#breadcrumb","itemListElement":[{"@type":"ListItem","position":1,"name":"In\u00edcio","item":"https:\/\/www.em.com.br\/emfoco\/"},{"@type":"ListItem","position":2,"name":"Quais as novas regras do seguro-desemprego em 2025?"}]},{"@type":"WebSite","@id":"https:\/\/www.em.com.br\/emfoco\/#website","url":"https:\/\/www.em.com.br\/emfoco\/","name":"Estado de Minas - Em foco","description":"Acompanhe as \u00faltimas not\u00edcias e fique bem informado sobre tudo o que acontece em Minas Gerais, Brasil e no mundo.","potentialAction":[{"@type":"SearchAction","target":{"@type":"EntryPoint","urlTemplate":"https:\/\/www.em.com.br\/emfoco\/?s={search_term_string}"},"query-input":{"@type":"PropertyValueSpecification","valueRequired":true,"valueName":"search_term_string"}}],"inLanguage":"pt-BR"},{"@type":"Person","@id":"https:\/\/www.em.com.br\/emfoco\/#\/schema\/person\/fb0a7f48c6fbb94b83f413a80f61917d","name":"Kelvin","image":{"@type":"ImageObject","inLanguage":"pt-BR","@id":"https:\/\/www.em.com.br\/emfoco\/#\/schema\/person\/image\/","url":"https:\/\/secure.gravatar.com\/avatar\/e74f84337e6bf6c4c5e88fbdffa05270?s=96&d=mm&r=g","contentUrl":"https:\/\/secure.gravatar.com\/avatar\/e74f84337e6bf6c4c5e88fbdffa05270?s=96&d=mm&r=g","caption":"Kelvin"},"sameAs":["https:\/\/www.em.com.br\/emfoco"],"url":"https:\/\/www.em.com.br\/emfoco\/author\/kelvinmyth\/"}]}},"_links":{"self":[{"href":"https:\/\/www.em.com.br\/emfoco\/wp-json\/wp\/v2\/posts\/18285","targetHints":{"allow":["GET"]}}],"collection":[{"href":"https:\/\/www.em.com.br\/emfoco\/wp-json\/wp\/v2\/posts"}],"about":[{"href":"https:\/\/www.em.com.br\/emfoco\/wp-json\/wp\/v2\/types\/post"}],"author":[{"embeddable":true,"href":"https:\/\/www.em.com.br\/emfoco\/wp-json\/wp\/v2\/users\/7"}],"replies":[{"embeddable":true,"href":"https:\/\/www.em.com.br\/emfoco\/wp-json\/wp\/v2\/comments?post=18285"}],"version-history":[{"count":2,"href":"https:\/\/www.em.com.br\/emfoco\/wp-json\/wp\/v2\/posts\/18285\/revisions"}],"predecessor-version":[{"id":18288,"href":"https:\/\/www.em.com.br\/emfoco\/wp-json\/wp\/v2\/posts\/18285\/revisions\/18288"}],"wp:featuredmedia":[{"embeddable":true,"href":"https:\/\/www.em.com.br\/emfoco\/wp-json\/wp\/v2\/media\/6644"}],"wp:attachment":[{"href":"https:\/\/www.em.com.br\/emfoco\/wp-json\/wp\/v2\/media?parent=18285"}],"wp:term":[{"taxonomy":"category","embeddable":true,"href":"https:\/\/www.em.com.br\/emfoco\/wp-json\/wp\/v2\/categories?post=18285"},{"taxonomy":"post_tag","embeddable":true,"href":"https:\/\/www.em.com.br\/emfoco\/wp-json\/wp\/v2\/tags?post=18285"}],"curies":[{"name":"wp","href":"https:\/\/api.w.org\/{rel}","templated":true}]}}