{"id":182815,"date":"2026-03-18T15:18:00","date_gmt":"2026-03-18T18:18:00","guid":{"rendered":"https:\/\/www.em.com.br\/emfoco\/?p=182815"},"modified":"2026-03-18T11:51:52","modified_gmt":"2026-03-18T14:51:52","slug":"empresa-e-obrigada-a-pagar-um-bonus-especial-aos-seus-funcionarios-se-essas-tres-condicoes-forem-atendidas","status":"publish","type":"post","link":"https:\/\/www.em.com.br\/emfoco\/2026\/03\/18\/empresa-e-obrigada-a-pagar-um-bonus-especial-aos-seus-funcionarios-se-essas-tres-condicoes-forem-atendidas\/","title":{"rendered":"Empresa \u00e9 obrigada a pagar um b\u00f4nus especial aos seus funcion\u00e1rios se essas tr\u00eas condi\u00e7\u00f5es forem atendidas"},"content":{"rendered":"\n<p>Uma decis\u00e3o recente do <strong><a href=\"https:\/\/www.europeanlawinstitute.eu\/membership\/institutional-members\/court-of-cassation-of-france\/\" target=\"_blank\" rel=\"noreferrer noopener\">Tribunal de Cassa\u00e7\u00e3o da Fran\u00e7a<\/a><\/strong> reacendeu o debate sobre os limites da discricionariedade do empregador no pagamento de gratifica\u00e7\u00f5es. Segundo o entendimento firmado pela corte, um b\u00f4nus excepcional pago de forma reiterada pode se transformar em obriga\u00e7\u00e3o jur\u00eddica vinculante quando preenche tr\u00eas requisitos legais cumulativos. A decis\u00e3o tem repercuss\u00e3o direta no direito trabalhista e serve de alerta para empresas e funcion\u00e1rios em qualquer ordenamento jur\u00eddico que reconhe\u00e7a o instituto do uso obrigat\u00f3rio.<\/p>\n\n\n\n<h2 class=\"wp-block-heading\">Quais s\u00e3o as tr\u00eas condi\u00e7\u00f5es que tornam o b\u00f4nus excepcional obrigat\u00f3rio?<\/h2>\n\n\n\n<p>O direito trabalhista reconhece que certas pr\u00e1ticas reiteradas dentro de uma empresa podem se converter em obriga\u00e7\u00f5es legais por meio do chamado uso empresarial. Para que um b\u00f4nus excepcional deixe de ser uma liberalidade do empregador e se torne um direito adquirido do funcion\u00e1rio, a jurisprud\u00eancia exige o preenchimento simult\u00e2neo de tr\u00eas crit\u00e9rios:<\/p>\n\n\n<div class=\"wp-block-image\">\n<figure class=\"aligncenter size-large\"><img loading=\"lazy\" decoding=\"async\" width=\"1024\" height=\"473\" src=\"https:\/\/www.em.com.br\/emfoco\/wp-content\/uploads\/2026\/03\/convertido-45-1024x473.jpg\" alt=\"Justi\u00e7a entende que b\u00f4nus repetido ao longo dos anos passa a ser direito do funcion\u00e1rio\" class=\"wp-image-182848\" srcset=\"https:\/\/www.em.com.br\/emfoco\/wp-content\/uploads\/2026\/03\/convertido-45-1024x473.jpg 1024w, https:\/\/www.em.com.br\/emfoco\/wp-content\/uploads\/2026\/03\/convertido-45-300x139.jpg 300w, https:\/\/www.em.com.br\/emfoco\/wp-content\/uploads\/2026\/03\/convertido-45-768x355.jpg 768w, https:\/\/www.em.com.br\/emfoco\/wp-content\/uploads\/2026\/03\/convertido-45-750x346.jpg 750w, https:\/\/www.em.com.br\/emfoco\/wp-content\/uploads\/2026\/03\/convertido-45-1140x526.jpg 1140w, https:\/\/www.em.com.br\/emfoco\/wp-content\/uploads\/2026\/03\/convertido-45.jpg 1280w\" sizes=\"auto, (max-width: 1024px) 100vw, 1024px\" \/><figcaption class=\"wp-element-caption\">Justi\u00e7a entende que b\u00f4nus repetido ao longo dos anos passa a ser direito do funcion\u00e1rio<\/figcaption><\/figure><\/div>\n\n\n<h2 class=\"wp-block-heading\">Como o Tribunal de Cassa\u00e7\u00e3o decidiu sobre o caso concreto?<\/h2>\n\n\n\n<p>O caso que chegou ao Tribunal de Cassa\u00e7\u00e3o envolveu uma funcion\u00e1ria contratada em 2011 como secret\u00e1ria administrativa por uma empresa francesa. A partir de 2012, o empregador passou a conceder anualmente um b\u00f4nus excepcional no m\u00eas de abril. Os valores variaram nos primeiros anos, oscilando entre 200 e 2.000 euros, at\u00e9 se estabilizarem em 1.600 euros anuais a partir de 2016.<\/p>\n\n\n\n<p>Em abril de 2020, durante o per\u00edodo de confinamento sanit\u00e1rio na Fran\u00e7a, a empresa deixou de pagar o b\u00f4nus aos funcion\u00e1rios que o recebiam havia oito anos consecutivos. A funcion\u00e1ria contestou a supress\u00e3o do pagamento e acabou sendo demitida em julho de 2020. O lit\u00edgio percorreu todas as inst\u00e2ncias do poder judici\u00e1rio trabalhista franc\u00eas ao longo de mais de cinco anos.<\/p>\n\n\n\n<h2 class=\"wp-block-heading\">O que a decis\u00e3o judicial significa para empregadores e funcion\u00e1rios?<\/h2>\n\n\n\n<p>O Tribunal de Cassa\u00e7\u00e3o confirmou, em decis\u00e3o de 11 de fevereiro de 2026, que o b\u00f4nus excepcional havia se tornado um uso obrigat\u00f3rio. Isso significa que o empregador n\u00e3o podia simplesmente suspender o pagamento sem observar o procedimento legal de den\u00fancia do uso, que exige notifica\u00e7\u00e3o pr\u00e9via aos funcion\u00e1rios e aos representantes sindicais com anteced\u00eancia razo\u00e1vel.<\/p>\n\n\n\n<p>Para o direito trabalhista, essa decis\u00e3o refor\u00e7a princ\u00edpios fundamentais sobre a prote\u00e7\u00e3o do trabalhador contra altera\u00e7\u00f5es unilaterais das condi\u00e7\u00f5es de trabalho. Os efeitos pr\u00e1ticos dessa jurisprud\u00eancia alcan\u00e7am qualquer tipo de gratifica\u00e7\u00e3o peri\u00f3dica concedida pelo empregador. As principais implica\u00e7\u00f5es jur\u00eddicas s\u00e3o:<\/p>\n\n\n\n<ul class=\"wp-block-list\">\n<li>O empregador que concede um b\u00f4nus excepcional por tr\u00eas ou mais anos consecutivos corre o risco de transform\u00e1-lo em obriga\u00e7\u00e3o permanente<\/li>\n\n\n\n<li>A varia\u00e7\u00e3o do valor entre os anos n\u00e3o descaracteriza a fixidez, desde que exista um crit\u00e9rio identific\u00e1vel de c\u00e1lculo<\/li>\n\n\n\n<li>A supress\u00e3o do pagamento sem procedimento formal de den\u00fancia do uso pode ser contestada judicialmente pelo funcion\u00e1rio<\/li>\n\n\n\n<li>A demiss\u00e3o motivada pela reclama\u00e7\u00e3o do trabalhador sobre o n\u00e3o pagamento pode ser declarada nula por viola\u00e7\u00e3o \u00e0 liberdade de express\u00e3o<\/li>\n<\/ul>\n\n\n<div class=\"wp-block-image\">\n<figure class=\"aligncenter size-large\"><img loading=\"lazy\" decoding=\"async\" width=\"1024\" height=\"572\" src=\"https:\/\/www.em.com.br\/emfoco\/wp-content\/uploads\/2026\/03\/freepik__mo-de-funcionrio-segurando-documento-de-pagamento-__56061-1024x572.jpeg\" alt=\"Empresa \u00e9 obrigada a pagar um b\u00f4nus especial aos seus funcion\u00e1rios se essas tr\u00eas condi\u00e7\u00f5es forem atendidas\" class=\"wp-image-182854\" srcset=\"https:\/\/www.em.com.br\/emfoco\/wp-content\/uploads\/2026\/03\/freepik__mo-de-funcionrio-segurando-documento-de-pagamento-__56061-1024x572.jpeg 1024w, https:\/\/www.em.com.br\/emfoco\/wp-content\/uploads\/2026\/03\/freepik__mo-de-funcionrio-segurando-documento-de-pagamento-__56061-300x167.jpeg 300w, https:\/\/www.em.com.br\/emfoco\/wp-content\/uploads\/2026\/03\/freepik__mo-de-funcionrio-segurando-documento-de-pagamento-__56061-768x429.jpeg 768w, https:\/\/www.em.com.br\/emfoco\/wp-content\/uploads\/2026\/03\/freepik__mo-de-funcionrio-segurando-documento-de-pagamento-__56061-750x419.jpeg 750w, https:\/\/www.em.com.br\/emfoco\/wp-content\/uploads\/2026\/03\/freepik__mo-de-funcionrio-segurando-documento-de-pagamento-__56061-1140x636.jpeg 1140w, https:\/\/www.em.com.br\/emfoco\/wp-content\/uploads\/2026\/03\/freepik__mo-de-funcionrio-segurando-documento-de-pagamento-__56061.jpeg 1376w\" sizes=\"auto, (max-width: 1024px) 100vw, 1024px\" \/><figcaption class=\"wp-element-caption\">B\u00f4nus pago por anos pode se tornar obrigat\u00f3rio no direito trabalhista<\/figcaption><\/figure><\/div>\n\n\n<h2 class=\"wp-block-heading\">Como o direito trabalhista brasileiro trata situa\u00e7\u00f5es semelhantes?<\/h2>\n\n\n\n<p>O <a href=\"https:\/\/www.em.com.br\/emfoco\/2026\/02\/07\/faxineira-e-demitida-apos-545-dias-sem-trabalhar-e-pede-indenizacao-maior-na-justica\/\" target=\"_blank\" rel=\"noreferrer noopener\">ordenamento jur\u00eddico<\/a> brasileiro possui mecanismos an\u00e1logos de prote\u00e7\u00e3o ao trabalhador em situa\u00e7\u00f5es de pagamentos reiterados pelo empregador. A Consolida\u00e7\u00e3o das Leis do Trabalho e a jurisprud\u00eancia dos tribunais regionais do trabalho reconhecem que gratifica\u00e7\u00f5es habitualmente concedidas se incorporam ao contrato de trabalho e passam a integrar a remunera\u00e7\u00e3o do funcion\u00e1rio.<\/p>\n\n\n\n<p>O princ\u00edpio da habitualidade no direito trabalhista brasileiro opera de forma semelhante ao instituto do uso obrigat\u00f3rio europeu. Quando o empregador paga um b\u00f4nus excepcional de forma reiterada e sem ressalvas expressas de excepcionalidade, a legisla\u00e7\u00e3o trabalhista presume que o pagamento integra o conjunto de obriga\u00e7\u00f5es contratuais. Tribunais superiores j\u00e1 firmaram entendimento de que a supress\u00e3o unilateral dessas verbas configura altera\u00e7\u00e3o lesiva do contrato de trabalho.<\/p>\n\n\n\n<h2 class=\"wp-block-heading\">Quais cuidados o empregador deve adotar ao conceder gratifica\u00e7\u00f5es excepcionais?<\/h2>\n\n\n\n<p>Diante desse cen\u00e1rio jurisprudencial, especialistas em direito trabalhista recomendam que o empregador adote medidas preventivas ao conceder bonifica\u00e7\u00f5es que pretende manter como excepcionais. A formaliza\u00e7\u00e3o por escrito do car\u00e1ter eventual da gratifica\u00e7\u00e3o, a varia\u00e7\u00e3o dos crit\u00e9rios de pagamento e a comunica\u00e7\u00e3o clara aos funcion\u00e1rios sobre a natureza n\u00e3o vinculante do benef\u00edcio s\u00e3o pr\u00e1ticas que ajudam a preservar a discricionariedade empresarial.<\/p>\n\n\n\n<p>A decis\u00e3o do Tribunal de Cassa\u00e7\u00e3o refor\u00e7a que o direito trabalhista n\u00e3o se limita ao texto da lei escrita. O comportamento reiterado do empregador cria expectativas leg\u00edtimas nos funcion\u00e1rios, e essas expectativas geram obriga\u00e7\u00f5es juridicamente exig\u00edveis. Para governos e legisladores, casos como esse evidenciam a necessidade de normas claras sobre o instituto do uso obrigat\u00f3rio, garantindo seguran\u00e7a jur\u00eddica tanto para empresas quanto para trabalhadores no \u00e2mbito das rela\u00e7\u00f5es de trabalho.<\/p>\n","protected":false},"excerpt":{"rendered":"<p>Uma decis\u00e3o recente do Tribunal de Cassa\u00e7\u00e3o da Fran\u00e7a reacendeu o debate sobre os limites da discricionariedade do empregador no pagamento de gratifica\u00e7\u00f5es. Segundo o entendimento firmado pela corte, um b\u00f4nus excepcional pago de forma reiterada pode se transformar em obriga\u00e7\u00e3o jur\u00eddica vinculante quando preenche tr\u00eas requisitos legais cumulativos. A decis\u00e3o tem repercuss\u00e3o direta no [&hellip;]<\/p>\n","protected":false},"author":10,"featured_media":182853,"comment_status":"open","ping_status":"open","sticky":false,"template":"","format":"standard","meta":{"jnews-multi-image_gallery":[],"jnews_single_post":{"format":"standard"},"jnews_primary_category":[],"jnews_social_meta":[],"jnews_override_counter":[],"footnotes":""},"categories":[1],"tags":[1321,4350,21209,300],"class_list":["post-182815","post","type-post","status-publish","format-standard","has-post-thumbnail","hentry","category-noticias","tag-bonus","tag-empresa","tag-funcionarios","tag-pagamento"],"yoast_head":"<!-- This site is optimized with the Yoast SEO plugin v23.8 - https:\/\/yoast.com\/wordpress\/plugins\/seo\/ -->\n<title>Empresa \u00e9 obrigada a pagar um b\u00f4nus especial aos seus funcion\u00e1rios se essas tr\u00eas condi\u00e7\u00f5es forem atendidas - Estado de Minas - Em foco<\/title>\n<meta name=\"description\" content=\"Decis\u00e3o judicial mostra que b\u00f4nus recorrente pode virar obriga\u00e7\u00e3o. Veja os crit\u00e9rios que transformam o pagamento em direito do trabalhador\" \/>\n<meta name=\"robots\" content=\"index, follow, max-snippet:-1, max-image-preview:large, max-video-preview:-1\" \/>\n<link rel=\"canonical\" href=\"https:\/\/www.em.com.br\/emfoco\/2026\/03\/18\/empresa-e-obrigada-a-pagar-um-bonus-especial-aos-seus-funcionarios-se-essas-tres-condicoes-forem-atendidas\/\" \/>\n<meta property=\"og:locale\" content=\"pt_BR\" \/>\n<meta property=\"og:type\" content=\"article\" \/>\n<meta property=\"og:title\" content=\"Empresa \u00e9 obrigada a pagar um b\u00f4nus especial aos seus funcion\u00e1rios se essas tr\u00eas condi\u00e7\u00f5es forem atendidas - Estado de Minas - Em foco\" \/>\n<meta property=\"og:description\" content=\"Decis\u00e3o judicial mostra que b\u00f4nus recorrente pode virar obriga\u00e7\u00e3o. Veja os crit\u00e9rios que transformam o pagamento em direito do trabalhador\" \/>\n<meta property=\"og:url\" content=\"https:\/\/www.em.com.br\/emfoco\/2026\/03\/18\/empresa-e-obrigada-a-pagar-um-bonus-especial-aos-seus-funcionarios-se-essas-tres-condicoes-forem-atendidas\/\" \/>\n<meta property=\"og:site_name\" content=\"Estado de Minas - Em foco\" \/>\n<meta property=\"article:published_time\" content=\"2026-03-18T18:18:00+00:00\" \/>\n<meta property=\"article:modified_time\" content=\"2026-03-18T14:51:52+00:00\" \/>\n<meta property=\"og:image\" content=\"https:\/\/www.em.com.br\/emfoco\/wp-content\/uploads\/2026\/03\/freepik__mesa-de-escritrio-com-contrato-de-trabalho-impress__56060-e1773845442588.jpeg\" \/>\n\t<meta property=\"og:image:width\" content=\"1280\" \/>\n\t<meta property=\"og:image:height\" content=\"714\" \/>\n\t<meta property=\"og:image:type\" content=\"image\/jpeg\" \/>\n<meta name=\"author\" content=\"Patryck Reinehr\" \/>\n<meta name=\"twitter:card\" content=\"summary_large_image\" \/>\n<meta name=\"twitter:label1\" content=\"Escrito por\" \/>\n\t<meta name=\"twitter:data1\" content=\"Patryck Reinehr\" \/>\n\t<meta name=\"twitter:label2\" content=\"Est. tempo de leitura\" \/>\n\t<meta name=\"twitter:data2\" content=\"5 minutos\" \/>\n<!-- \/ Yoast SEO plugin. -->","yoast_head_json":{"title":"Empresa \u00e9 obrigada a pagar um b\u00f4nus especial aos seus funcion\u00e1rios se essas tr\u00eas condi\u00e7\u00f5es forem atendidas - Estado de Minas - Em foco","description":"Decis\u00e3o judicial mostra que b\u00f4nus recorrente pode virar obriga\u00e7\u00e3o. Veja os crit\u00e9rios que transformam o pagamento em direito do trabalhador","robots":{"index":"index","follow":"follow","max-snippet":"max-snippet:-1","max-image-preview":"max-image-preview:large","max-video-preview":"max-video-preview:-1"},"canonical":"https:\/\/www.em.com.br\/emfoco\/2026\/03\/18\/empresa-e-obrigada-a-pagar-um-bonus-especial-aos-seus-funcionarios-se-essas-tres-condicoes-forem-atendidas\/","og_locale":"pt_BR","og_type":"article","og_title":"Empresa \u00e9 obrigada a pagar um b\u00f4nus especial aos seus funcion\u00e1rios se essas tr\u00eas condi\u00e7\u00f5es forem atendidas - Estado de Minas - Em foco","og_description":"Decis\u00e3o judicial mostra que b\u00f4nus recorrente pode virar obriga\u00e7\u00e3o. Veja os crit\u00e9rios que transformam o pagamento em direito do trabalhador","og_url":"https:\/\/www.em.com.br\/emfoco\/2026\/03\/18\/empresa-e-obrigada-a-pagar-um-bonus-especial-aos-seus-funcionarios-se-essas-tres-condicoes-forem-atendidas\/","og_site_name":"Estado de Minas - Em foco","article_published_time":"2026-03-18T18:18:00+00:00","article_modified_time":"2026-03-18T14:51:52+00:00","og_image":[{"width":1280,"height":714,"url":"https:\/\/www.em.com.br\/emfoco\/wp-content\/uploads\/2026\/03\/freepik__mesa-de-escritrio-com-contrato-de-trabalho-impress__56060-e1773845442588.jpeg","type":"image\/jpeg"}],"author":"Patryck Reinehr","twitter_card":"summary_large_image","twitter_misc":{"Escrito por":"Patryck Reinehr","Est. tempo de leitura":"5 minutos"},"schema":{"@context":"https:\/\/schema.org","@graph":[{"@type":"WebPage","@id":"https:\/\/www.em.com.br\/emfoco\/2026\/03\/18\/empresa-e-obrigada-a-pagar-um-bonus-especial-aos-seus-funcionarios-se-essas-tres-condicoes-forem-atendidas\/","url":"https:\/\/www.em.com.br\/emfoco\/2026\/03\/18\/empresa-e-obrigada-a-pagar-um-bonus-especial-aos-seus-funcionarios-se-essas-tres-condicoes-forem-atendidas\/","name":"Empresa \u00e9 obrigada a pagar um b\u00f4nus especial aos seus funcion\u00e1rios se essas tr\u00eas condi\u00e7\u00f5es forem atendidas - Estado de Minas - Em foco","isPartOf":{"@id":"https:\/\/www.em.com.br\/emfoco\/#website"},"primaryImageOfPage":{"@id":"https:\/\/www.em.com.br\/emfoco\/2026\/03\/18\/empresa-e-obrigada-a-pagar-um-bonus-especial-aos-seus-funcionarios-se-essas-tres-condicoes-forem-atendidas\/#primaryimage"},"image":{"@id":"https:\/\/www.em.com.br\/emfoco\/2026\/03\/18\/empresa-e-obrigada-a-pagar-um-bonus-especial-aos-seus-funcionarios-se-essas-tres-condicoes-forem-atendidas\/#primaryimage"},"thumbnailUrl":"https:\/\/www.em.com.br\/emfoco\/wp-content\/uploads\/2026\/03\/freepik__mesa-de-escritrio-com-contrato-de-trabalho-impress__56060-e1773845442588.jpeg","datePublished":"2026-03-18T18:18:00+00:00","dateModified":"2026-03-18T14:51:52+00:00","author":{"@id":"https:\/\/www.em.com.br\/emfoco\/#\/schema\/person\/43407752bebcbbb4d0ec79deedc0d7ce"},"description":"Decis\u00e3o judicial mostra que b\u00f4nus recorrente pode virar obriga\u00e7\u00e3o. Veja os crit\u00e9rios que transformam o pagamento em direito do trabalhador","breadcrumb":{"@id":"https:\/\/www.em.com.br\/emfoco\/2026\/03\/18\/empresa-e-obrigada-a-pagar-um-bonus-especial-aos-seus-funcionarios-se-essas-tres-condicoes-forem-atendidas\/#breadcrumb"},"inLanguage":"pt-BR","potentialAction":[{"@type":"ReadAction","target":["https:\/\/www.em.com.br\/emfoco\/2026\/03\/18\/empresa-e-obrigada-a-pagar-um-bonus-especial-aos-seus-funcionarios-se-essas-tres-condicoes-forem-atendidas\/"]}]},{"@type":"ImageObject","inLanguage":"pt-BR","@id":"https:\/\/www.em.com.br\/emfoco\/2026\/03\/18\/empresa-e-obrigada-a-pagar-um-bonus-especial-aos-seus-funcionarios-se-essas-tres-condicoes-forem-atendidas\/#primaryimage","url":"https:\/\/www.em.com.br\/emfoco\/wp-content\/uploads\/2026\/03\/freepik__mesa-de-escritrio-com-contrato-de-trabalho-impress__56060-e1773845442588.jpeg","contentUrl":"https:\/\/www.em.com.br\/emfoco\/wp-content\/uploads\/2026\/03\/freepik__mesa-de-escritrio-com-contrato-de-trabalho-impress__56060-e1773845442588.jpeg","width":1280,"height":714,"caption":"Pagamento de b\u00f4nus por anos seguidos pode obrigar empresa a manter valor ao trabalhador"},{"@type":"BreadcrumbList","@id":"https:\/\/www.em.com.br\/emfoco\/2026\/03\/18\/empresa-e-obrigada-a-pagar-um-bonus-especial-aos-seus-funcionarios-se-essas-tres-condicoes-forem-atendidas\/#breadcrumb","itemListElement":[{"@type":"ListItem","position":1,"name":"In\u00edcio","item":"https:\/\/www.em.com.br\/emfoco\/"},{"@type":"ListItem","position":2,"name":"Empresa \u00e9 obrigada a pagar um b\u00f4nus especial aos seus funcion\u00e1rios se essas tr\u00eas condi\u00e7\u00f5es forem atendidas"}]},{"@type":"WebSite","@id":"https:\/\/www.em.com.br\/emfoco\/#website","url":"https:\/\/www.em.com.br\/emfoco\/","name":"Estado de Minas - Em foco","description":"Acompanhe as \u00faltimas not\u00edcias e fique bem informado sobre tudo o que acontece em Minas Gerais, Brasil e no mundo.","potentialAction":[{"@type":"SearchAction","target":{"@type":"EntryPoint","urlTemplate":"https:\/\/www.em.com.br\/emfoco\/?s={search_term_string}"},"query-input":{"@type":"PropertyValueSpecification","valueRequired":true,"valueName":"search_term_string"}}],"inLanguage":"pt-BR"},{"@type":"Person","@id":"https:\/\/www.em.com.br\/emfoco\/#\/schema\/person\/43407752bebcbbb4d0ec79deedc0d7ce","name":"Patryck Reinehr","image":{"@type":"ImageObject","inLanguage":"pt-BR","@id":"https:\/\/www.em.com.br\/emfoco\/#\/schema\/person\/image\/","url":"https:\/\/secure.gravatar.com\/avatar\/570c7fb2898c0e2df0823196891bea88?s=96&d=mm&r=g","contentUrl":"https:\/\/secure.gravatar.com\/avatar\/570c7fb2898c0e2df0823196891bea88?s=96&d=mm&r=g","caption":"Patryck Reinehr"},"url":"https:\/\/www.em.com.br\/emfoco\/author\/patryckmyth\/"}]}},"_links":{"self":[{"href":"https:\/\/www.em.com.br\/emfoco\/wp-json\/wp\/v2\/posts\/182815","targetHints":{"allow":["GET"]}}],"collection":[{"href":"https:\/\/www.em.com.br\/emfoco\/wp-json\/wp\/v2\/posts"}],"about":[{"href":"https:\/\/www.em.com.br\/emfoco\/wp-json\/wp\/v2\/types\/post"}],"author":[{"embeddable":true,"href":"https:\/\/www.em.com.br\/emfoco\/wp-json\/wp\/v2\/users\/10"}],"replies":[{"embeddable":true,"href":"https:\/\/www.em.com.br\/emfoco\/wp-json\/wp\/v2\/comments?post=182815"}],"version-history":[{"count":1,"href":"https:\/\/www.em.com.br\/emfoco\/wp-json\/wp\/v2\/posts\/182815\/revisions"}],"predecessor-version":[{"id":182855,"href":"https:\/\/www.em.com.br\/emfoco\/wp-json\/wp\/v2\/posts\/182815\/revisions\/182855"}],"wp:featuredmedia":[{"embeddable":true,"href":"https:\/\/www.em.com.br\/emfoco\/wp-json\/wp\/v2\/media\/182853"}],"wp:attachment":[{"href":"https:\/\/www.em.com.br\/emfoco\/wp-json\/wp\/v2\/media?parent=182815"}],"wp:term":[{"taxonomy":"category","embeddable":true,"href":"https:\/\/www.em.com.br\/emfoco\/wp-json\/wp\/v2\/categories?post=182815"},{"taxonomy":"post_tag","embeddable":true,"href":"https:\/\/www.em.com.br\/emfoco\/wp-json\/wp\/v2\/tags?post=182815"}],"curies":[{"name":"wp","href":"https:\/\/api.w.org\/{rel}","templated":true}]}}