{"id":182754,"date":"2026-03-18T14:30:00","date_gmt":"2026-03-18T17:30:00","guid":{"rendered":"https:\/\/www.em.com.br\/emfoco\/?p=182754"},"modified":"2026-03-18T11:36:48","modified_gmt":"2026-03-18T14:36:48","slug":"a-lei-deixa-claro-o-que-fazer-quando-galhos-ou-cerca-viva-do-vizinho-invadem-a-calcada","status":"publish","type":"post","link":"https:\/\/www.em.com.br\/emfoco\/2026\/03\/18\/a-lei-deixa-claro-o-que-fazer-quando-galhos-ou-cerca-viva-do-vizinho-invadem-a-calcada\/","title":{"rendered":"A lei deixa claro o que fazer quando galhos ou cerca viva do vizinho invadem a cal\u00e7ada"},"content":{"rendered":"\n<p>No Brasil, \u00e9 comum ver galhos de \u00e1rvores de terrenos particulares se estendendo sobre cal\u00e7adas, tocando fios el\u00e9tricos ou obstruindo a passagem de pedestres, e a maioria das pessoas n\u00e3o sabe exatamente quem deve resolver o problema nem o que fazer quando o vizinho se recusa a agir. A <strong>legisla\u00e7\u00e3o brasileira atribui responsabilidade clara ao propriet\u00e1rio do im\u00f3vel<\/strong> de onde a \u00e1rvore se origina, e a Prefeitura tem poder legal para intervir quando necess\u00e1rio. Contudo, um caso real ocorrido na Espanha que durou quatro anos sem solu\u00e7\u00e3o mostra que, sem o cidad\u00e3o ativamente cobrando, at\u00e9 as obriga\u00e7\u00f5es mais evidentes podem ficar sem resposta.<\/p>\n\n\n\n<h2 class=\"wp-block-heading\">O que diz a lei brasileira sobre galhos que invadem a cal\u00e7ada?<\/h2>\n\n\n\n<p>No Brasil, o C\u00f3digo Civil em seu <a href=\"https:\/\/www.planalto.gov.br\/ccivil_03\/leis\/2002\/l10406compilada.htm\" target=\"_blank\" rel=\"noreferrer noopener\">Artigo 1.283<\/a> estabelece que o propriet\u00e1rio pode cortar at\u00e9 a linha divis\u00f3ria os galhos e ra\u00edzes da \u00e1rvore do vizinho que invadam seu im\u00f3vel. Al\u00e9m disso, quando os galhos invadem a via p\u00fablica, a responsabilidade de podar \u00e9 do dono do terreno de onde a planta se origina, e o Munic\u00edpio tem o poder e a obriga\u00e7\u00e3o de exigir essa poda por meio de notifica\u00e7\u00e3o formal. Portanto, o cidad\u00e3o afetado tem o direito de acionar a Prefeitura para que tome provid\u00eancias, e a in\u00e9rcia municipal pode ser combatida inclusive pela via judicial ou por \u00f3rg\u00e3os de controle como o Minist\u00e9rio P\u00fablico.<\/p>\n\n\n\n<p>Contudo, assim como aconteceu na Espanha, na pr\u00e1tica brasileira o processo costuma ser lento e cheio de obst\u00e1culos. Al\u00e9m disso, podar a \u00e1rvore do vizinho por conta pr\u00f3pria, mesmo que os galhos estejam sobre a cal\u00e7ada ou causando risco, pode configurar dano a bem alheio e gerar consequ\u00eancias legais para quem age sem respaldo formal. Portanto, documentar o problema e formalizar a queixa \u00e0 Prefeitura \u00e9 sempre o caminho mais seguro e juridicamente correto.<\/p>\n\n\n<blockquote style=\"background:#d8f3dc; border-left:4px solid #2d6a4f; border-radius:8px; padding:16px 20px; margin:24px 0;\">\n<p style=\"color:#1b4332; font-style:italic; margin:0 0 8px;\">&#8220;A C\u00e2mara Municipal pode ordenar a poda \u00e0s custas do propriet\u00e1rio, conforme o Artigo 390 do C\u00f3digo Civil, caso o propriet\u00e1rio n\u00e3o cumpra a notifica\u00e7\u00e3o formal.&#8221;<\/p>\n<footer style=\"color:#2d6a4f; font-weight:bold; font-size:0.9em;\">\u2014 Provedor de Justi\u00e7a da Espanha, recomenda\u00e7\u00e3o ao caso de Och\u00e1nduri (La Rioja)<\/footer>\n<\/blockquote>\n\n\n\n<h2 class=\"wp-block-heading\">O que aconteceu no caso real de Och\u00e1nduri, na Espanha, que durou quatro anos?<\/h2>\n\n\n\n<ul class=\"wp-block-list\">\n<li><strong>O problema come\u00e7ou em 2014:<\/strong> uma associa\u00e7\u00e3o de moradores de Och\u00e1nduri, na regi\u00e3o de La Rioja-Espanha, denunciou \u00e0 C\u00e2mara Municipal que galhos de uma \u00e1rvore particular estavam invadindo a cal\u00e7ada e tocando a fia\u00e7\u00e3o el\u00e9trica, representando risco direto \u00e0 seguran\u00e7a p\u00fablica.<\/li>\n\n\n\n<li><strong>A C\u00e2mara agiu de forma insuficiente:<\/strong> por quase quatro anos, o problema persistiu sem solu\u00e7\u00e3o efetiva, com apenas uma poda superficial realizada que n\u00e3o resolveu a quest\u00e3o de forma definitiva nem impediu que os galhos voltassem a representar risco.<\/li>\n\n\n\n<li><strong>Os moradores escalaram o conflito:<\/strong> ap\u00f3s anos de reclama\u00e7\u00f5es sem resultado satisfat\u00f3rio, os moradores recorreram ao Provedor de Justi\u00e7a, \u00f3rg\u00e3o equivalente ao Ouvidor ou ao Minist\u00e9rio P\u00fablico no Brasil, que interveio formalmente junto ao munic\u00edpio.<\/li>\n\n\n\n<li><strong>O Provedor exigiu a\u00e7\u00e3o duradoura:<\/strong> o \u00f3rg\u00e3o deixou claro que a C\u00e2mara deveria notificar por escrito o propriet\u00e1rio da \u00e1rvore para podar todos os galhos al\u00e9m dos limites do terreno e que, caso n\u00e3o o fizesse, a poda seria executada \u00e0s custas do propriet\u00e1rio, com base no <a href=\"https:\/\/www.boe.es\/buscar\/act.php?id=BOE-A-1889-4763\" target=\"_blank\" rel=\"noreferrer noopener\">Artigo 390 do C\u00f3digo Civil<\/a> espanhol.<\/li>\n\n\n\n<li><strong>Provas fotogr\u00e1ficas foram exigidas:<\/strong> para comprovar o cumprimento, o Provedor determinou que fossem apresentadas fotografias da \u00e1rvore podada corretamente, garantindo que a solu\u00e7\u00e3o tivesse car\u00e1ter duradouro e n\u00e3o apenas pontual.<\/li>\n\n\n\n<li><strong>A base legal foi reafirmada:<\/strong> o <a href=\"https:\/\/www.boe.es\/buscar\/act.php?id=BOE-A-1985-5392\" target=\"_blank\" rel=\"noreferrer noopener\">Artigo 21 da Lei do Governo Local<\/a> espanhol confere ao prefeito o poder de promover e supervisionar os servi\u00e7os municipais, o que inclui garantir a seguran\u00e7a p\u00fablica das vias, tornando a interven\u00e7\u00e3o n\u00e3o apenas poss\u00edvel mas obrigat\u00f3ria quando h\u00e1 risco concreto.<\/li>\n<\/ul>\n\n\n\n<figure class=\"wp-block-image size-large\"><img loading=\"lazy\" decoding=\"async\" width=\"1024\" height=\"572\" src=\"https:\/\/www.em.com.br\/emfoco\/wp-content\/uploads\/2026\/03\/freepik__a-colonialstyle-residential-wall-in-recife-brazil-__98800-1024x572.jpeg\" alt=\"\" class=\"wp-image-182789\" srcset=\"https:\/\/www.em.com.br\/emfoco\/wp-content\/uploads\/2026\/03\/freepik__a-colonialstyle-residential-wall-in-recife-brazil-__98800-1024x572.jpeg 1024w, https:\/\/www.em.com.br\/emfoco\/wp-content\/uploads\/2026\/03\/freepik__a-colonialstyle-residential-wall-in-recife-brazil-__98800-300x167.jpeg 300w, https:\/\/www.em.com.br\/emfoco\/wp-content\/uploads\/2026\/03\/freepik__a-colonialstyle-residential-wall-in-recife-brazil-__98800-768x429.jpeg 768w, https:\/\/www.em.com.br\/emfoco\/wp-content\/uploads\/2026\/03\/freepik__a-colonialstyle-residential-wall-in-recife-brazil-__98800-750x419.jpeg 750w, https:\/\/www.em.com.br\/emfoco\/wp-content\/uploads\/2026\/03\/freepik__a-colonialstyle-residential-wall-in-recife-brazil-__98800-1140x636.jpeg 1140w, https:\/\/www.em.com.br\/emfoco\/wp-content\/uploads\/2026\/03\/freepik__a-colonialstyle-residential-wall-in-recife-brazil-__98800.jpeg 1376w\" sizes=\"auto, (max-width: 1024px) 100vw, 1024px\" \/><figcaption class=\"wp-element-caption\">Legisla\u00e7\u00e3o explica como agir quando galhos do vizinho avan\u00e7am sobre a cal\u00e7ada<\/figcaption><\/figure>\n\n\n\n<h2 class=\"wp-block-heading\">Poderia acontecer a mesma demora burocr\u00e1tica no Brasil?<\/h2>\n\n\n\n<p>Sim, e na pr\u00e1tica acontece com frequ\u00eancia. Assim como na Espanha, a queixa \u00e0 Prefeitura brasileira muitas vezes gera uma notifica\u00e7\u00e3o inicial que o propriet\u00e1rio ignora, e o processo de cobran\u00e7a posterior pode se arrastar por meses sem resolu\u00e7\u00e3o. Al\u00e9m disso, a fiscaliza\u00e7\u00e3o municipal no Brasil \u00e9 frequentemente sobrecarregada, o que torna a persist\u00eancia do cidad\u00e3o na cobran\u00e7a um fator determinante para o desfecho do caso.<\/p>\n\n\n\n<figure class=\"wp-block-image size-large\"><img loading=\"lazy\" decoding=\"async\" width=\"1024\" height=\"604\" src=\"https:\/\/www.em.com.br\/emfoco\/wp-content\/uploads\/2026\/03\/freepik__a-brazilian-residential-setting-where-a-living-hed__98801-1024x604.jpeg\" alt=\"\" class=\"wp-image-182792\" srcset=\"https:\/\/www.em.com.br\/emfoco\/wp-content\/uploads\/2026\/03\/freepik__a-brazilian-residential-setting-where-a-living-hed__98801-1024x604.jpeg 1024w, https:\/\/www.em.com.br\/emfoco\/wp-content\/uploads\/2026\/03\/freepik__a-brazilian-residential-setting-where-a-living-hed__98801-300x177.jpeg 300w, https:\/\/www.em.com.br\/emfoco\/wp-content\/uploads\/2026\/03\/freepik__a-brazilian-residential-setting-where-a-living-hed__98801-768x453.jpeg 768w, https:\/\/www.em.com.br\/emfoco\/wp-content\/uploads\/2026\/03\/freepik__a-brazilian-residential-setting-where-a-living-hed__98801-750x443.jpeg 750w, https:\/\/www.em.com.br\/emfoco\/wp-content\/uploads\/2026\/03\/freepik__a-brazilian-residential-setting-where-a-living-hed__98801-1140x673.jpeg 1140w, https:\/\/www.em.com.br\/emfoco\/wp-content\/uploads\/2026\/03\/freepik__a-brazilian-residential-setting-where-a-living-hed__98801.jpeg 1232w\" sizes=\"auto, (max-width: 1024px) 100vw, 1024px\" \/><figcaption class=\"wp-element-caption\">Lei esclarece responsabilidade por galhos e cerca viva que invadem a cal\u00e7ada<\/figcaption><\/figure>\n\n\n\n<p>Portanto, o caminho percorrido pelos moradores de Och\u00e1nduri serve como roteiro pr\u00e1tico para qualquer brasileiro em situa\u00e7\u00e3o semelhante: documentar, formalizar, insistir e escalar para inst\u00e2ncias superiores quando necess\u00e1rio. Contudo, no Brasil o equivalente ao Provedor de Justi\u00e7a espanhol s\u00e3o o Minist\u00e9rio P\u00fablico, a Ouvidoria Municipal e, em casos mais graves, a Defensoria P\u00fablica, todos capazes de pressionar o munic\u00edpio a cumprir suas obriga\u00e7\u00f5es legais de garantir a seguran\u00e7a das cal\u00e7adas.<\/p>\n\n\n<div style=\"overflow-x:auto; margin:24px 0;\">\n<table style=\"width:100%; border-collapse:separate; border-spacing:0; border:2px solid #2d6a4f; border-radius:12px; overflow:hidden; box-shadow:0 10px 30px rgba(0,0,0,0.1); font-size:0.95em;\">\n<thead>\n<tr style=\"background:#1b4332; color:#ffffff;\">\n<th style=\"padding:14px 16px; border-right:1px solid #2d6a4f; text-align:left;\">Situa\u00e7\u00e3o<\/th>\n<th style=\"padding:14px 16px; border-right:1px solid #2d6a4f; text-align:center;\">Brasil<\/th>\n<th style=\"padding:14px 16px; text-align:center;\">Espanha<\/th>\n<\/tr>\n<\/thead>\n<tbody>\n<tr style=\"background:#f8fffe;\">\n<td style=\"padding:12px 16px; border-right:1px solid #d8f3dc; border-bottom:1px solid #d8f3dc;\">Respons\u00e1vel pela poda<\/td>\n<td style=\"padding:12px 16px; border-right:1px solid #d8f3dc; border-bottom:1px solid #d8f3dc; text-align:center;\">Dono do terreno (Art. 1.283 CC)<\/td>\n<td style=\"padding:12px 16px; border-bottom:1px solid #d8f3dc; text-align:center;\">Dono do terreno (Art. 390 CC)<\/td>\n<\/tr>\n<tr style=\"background:#ffffff;\">\n<td style=\"padding:12px 16px; border-right:1px solid #d8f3dc; border-bottom:1px solid #d8f3dc;\">Propriet\u00e1rio omisso<\/td>\n<td style=\"padding:12px 16px; border-right:1px solid #d8f3dc; border-bottom:1px solid #d8f3dc; text-align:center;\">Prefeitura notifica e pode podar<\/td>\n<td style=\"padding:12px 16px; border-bottom:1px solid #d8f3dc; text-align:center;\">C\u00e2mara notifica e pode podar<\/td>\n<\/tr>\n<tr style=\"background:#f8fffe;\">\n<td style=\"padding:12px 16px; border-right:1px solid #d8f3dc; border-bottom:1px solid #d8f3dc;\">Munic\u00edpio inerte<\/td>\n<td style=\"padding:12px 16px; border-right:1px solid #d8f3dc; border-bottom:1px solid #d8f3dc; text-align:center;\">MP, Ouvidoria ou Defensoria<\/td>\n<td style=\"padding:12px 16px; border-bottom:1px solid #d8f3dc; text-align:center;\">Provedor de Justi\u00e7a<\/td>\n<\/tr>\n<tr style=\"background:#ffffff;\">\n<td style=\"padding:12px 16px; border-right:1px solid #d8f3dc;\">Podar \u00e1rvore do vizinho<\/td>\n<td style=\"padding:12px 16px; border-right:1px solid #d8f3dc; text-align:center;\">Proibido sem autoriza\u00e7\u00e3o<\/td>\n<td style=\"padding:12px 16px; text-align:center;\">Proibido sem autoriza\u00e7\u00e3o<\/td>\n<\/tr>\n<\/tbody>\n<\/table>\n<\/div>\n\n\n\n<h2 class=\"wp-block-heading\">O que fazer no Brasil passo a passo quando galhos invadem a cal\u00e7ada?<\/h2>\n\n\n\n<p>A sequ\u00eancia de a\u00e7\u00f5es no Brasil \u00e9 muito parecida com a percorrida pelos moradores espanh\u00f3is, e come\u00e7a sempre pela documenta\u00e7\u00e3o. Fotografar os galhos que ultrapassam os limites do im\u00f3vel e invadem a via p\u00fablica, com imagens que mostrem claramente a extens\u00e3o do problema e qualquer risco envolvido, \u00e9 o primeiro passo indispens\u00e1vel para qualquer encaminhamento posterior. Al\u00e9m disso, registrar a data e as condi\u00e7\u00f5es nas fotos fortalece a posi\u00e7\u00e3o do reclamante em todas as etapas do processo.<\/p>\n\n\n\n<p>Portanto, ap\u00f3s documentar, o morador deve formalizar a queixa \u00e0 Prefeitura por escrito, de prefer\u00eancia pelo protocolo de atendimento, e guardar c\u00f3pia de tudo. Contudo, se a Prefeitura n\u00e3o agir dentro de prazo razo\u00e1vel, o pr\u00f3ximo passo \u00e9 acionar a Ouvidoria Municipal, o Minist\u00e9rio P\u00fablico ou a Defensoria P\u00fablica, levando toda a documenta\u00e7\u00e3o reunida para demonstrar que a tentativa de resolu\u00e7\u00e3o pela via administrativa j\u00e1 foi feita sem sucesso.<\/p>\n\n\n\n<p><\/p>\n\n\n\n<p><\/p>\n","protected":false},"excerpt":{"rendered":"<p>No Brasil, \u00e9 comum ver galhos de \u00e1rvores de terrenos particulares se estendendo sobre cal\u00e7adas, tocando fios el\u00e9tricos ou obstruindo a passagem de pedestres, e a maioria das pessoas n\u00e3o sabe exatamente quem deve resolver o problema nem o que fazer quando o vizinho se recusa a agir. A legisla\u00e7\u00e3o brasileira atribui responsabilidade clara ao [&hellip;]<\/p>\n","protected":false},"author":19,"featured_media":182784,"comment_status":"open","ping_status":"open","sticky":false,"template":"","format":"standard","meta":{"jnews-multi-image_gallery":[],"jnews_single_post":{"format":"standard"},"jnews_primary_category":[],"jnews_social_meta":[],"jnews_override_counter":[],"footnotes":""},"categories":[1],"tags":[17456,26401,487],"class_list":["post-182754","post","type-post","status-publish","format-standard","has-post-thumbnail","hentry","category-noticias","tag-calcada","tag-galhos-de-arvore","tag-lei"],"yoast_head":"<!-- This site is optimized with the Yoast SEO plugin v23.8 - https:\/\/yoast.com\/wordpress\/plugins\/seo\/ -->\n<title>A lei deixa claro o que fazer quando galhos ou cerca viva do vizinho invadem a cal\u00e7ada - Estado de Minas - Em foco<\/title>\n<meta name=\"description\" content=\"A lei define quem deve podar galhos que invadem a cal\u00e7ada e o que fazer quando o propriet\u00e1rio ou a C\u00e2mara n\u00e3o agem. Conhe\u00e7a seus direitos e os passos legais corretos.\" \/>\n<meta name=\"robots\" content=\"index, follow, max-snippet:-1, max-image-preview:large, max-video-preview:-1\" \/>\n<link rel=\"canonical\" href=\"https:\/\/www.em.com.br\/emfoco\/2026\/03\/18\/a-lei-deixa-claro-o-que-fazer-quando-galhos-ou-cerca-viva-do-vizinho-invadem-a-calcada\/\" \/>\n<meta property=\"og:locale\" content=\"pt_BR\" \/>\n<meta property=\"og:type\" content=\"article\" \/>\n<meta property=\"og:title\" content=\"A lei deixa claro o que fazer quando galhos ou cerca viva do vizinho invadem a cal\u00e7ada - Estado de Minas - Em foco\" \/>\n<meta property=\"og:description\" content=\"A lei define quem deve podar galhos que invadem a cal\u00e7ada e o que fazer quando o propriet\u00e1rio ou a C\u00e2mara n\u00e3o agem. Conhe\u00e7a seus direitos e os passos legais corretos.\" \/>\n<meta property=\"og:url\" content=\"https:\/\/www.em.com.br\/emfoco\/2026\/03\/18\/a-lei-deixa-claro-o-que-fazer-quando-galhos-ou-cerca-viva-do-vizinho-invadem-a-calcada\/\" \/>\n<meta property=\"og:site_name\" content=\"Estado de Minas - Em foco\" \/>\n<meta property=\"article:published_time\" content=\"2026-03-18T17:30:00+00:00\" \/>\n<meta property=\"article:modified_time\" content=\"2026-03-18T14:36:48+00:00\" \/>\n<meta property=\"og:image\" content=\"https:\/\/www.em.com.br\/emfoco\/wp-content\/uploads\/2026\/03\/freepik__a-residential-wall-in-brazil-with-a-wild-overgrown__98795.jpeg\" \/>\n\t<meta property=\"og:image:width\" content=\"1376\" \/>\n\t<meta property=\"og:image:height\" content=\"768\" \/>\n\t<meta property=\"og:image:type\" content=\"image\/jpeg\" \/>\n<meta name=\"author\" content=\"Vanessa Tavares\" \/>\n<meta name=\"twitter:card\" content=\"summary_large_image\" \/>\n<meta name=\"twitter:label1\" content=\"Escrito por\" \/>\n\t<meta name=\"twitter:data1\" content=\"Vanessa Tavares\" \/>\n\t<meta name=\"twitter:label2\" content=\"Est. tempo de leitura\" \/>\n\t<meta name=\"twitter:data2\" content=\"6 minutos\" \/>\n<!-- \/ Yoast SEO plugin. -->","yoast_head_json":{"title":"A lei deixa claro o que fazer quando galhos ou cerca viva do vizinho invadem a cal\u00e7ada - Estado de Minas - Em foco","description":"A lei define quem deve podar galhos que invadem a cal\u00e7ada e o que fazer quando o propriet\u00e1rio ou a C\u00e2mara n\u00e3o agem. Conhe\u00e7a seus direitos e os passos legais corretos.","robots":{"index":"index","follow":"follow","max-snippet":"max-snippet:-1","max-image-preview":"max-image-preview:large","max-video-preview":"max-video-preview:-1"},"canonical":"https:\/\/www.em.com.br\/emfoco\/2026\/03\/18\/a-lei-deixa-claro-o-que-fazer-quando-galhos-ou-cerca-viva-do-vizinho-invadem-a-calcada\/","og_locale":"pt_BR","og_type":"article","og_title":"A lei deixa claro o que fazer quando galhos ou cerca viva do vizinho invadem a cal\u00e7ada - Estado de Minas - Em foco","og_description":"A lei define quem deve podar galhos que invadem a cal\u00e7ada e o que fazer quando o propriet\u00e1rio ou a C\u00e2mara n\u00e3o agem. Conhe\u00e7a seus direitos e os passos legais corretos.","og_url":"https:\/\/www.em.com.br\/emfoco\/2026\/03\/18\/a-lei-deixa-claro-o-que-fazer-quando-galhos-ou-cerca-viva-do-vizinho-invadem-a-calcada\/","og_site_name":"Estado de Minas - Em foco","article_published_time":"2026-03-18T17:30:00+00:00","article_modified_time":"2026-03-18T14:36:48+00:00","og_image":[{"width":1376,"height":768,"url":"https:\/\/www.em.com.br\/emfoco\/wp-content\/uploads\/2026\/03\/freepik__a-residential-wall-in-brazil-with-a-wild-overgrown__98795.jpeg","type":"image\/jpeg"}],"author":"Vanessa Tavares","twitter_card":"summary_large_image","twitter_misc":{"Escrito por":"Vanessa Tavares","Est. tempo de leitura":"6 minutos"},"schema":{"@context":"https:\/\/schema.org","@graph":[{"@type":"WebPage","@id":"https:\/\/www.em.com.br\/emfoco\/2026\/03\/18\/a-lei-deixa-claro-o-que-fazer-quando-galhos-ou-cerca-viva-do-vizinho-invadem-a-calcada\/","url":"https:\/\/www.em.com.br\/emfoco\/2026\/03\/18\/a-lei-deixa-claro-o-que-fazer-quando-galhos-ou-cerca-viva-do-vizinho-invadem-a-calcada\/","name":"A lei deixa claro o que fazer quando galhos ou cerca viva do vizinho invadem a cal\u00e7ada - Estado de Minas - Em foco","isPartOf":{"@id":"https:\/\/www.em.com.br\/emfoco\/#website"},"primaryImageOfPage":{"@id":"https:\/\/www.em.com.br\/emfoco\/2026\/03\/18\/a-lei-deixa-claro-o-que-fazer-quando-galhos-ou-cerca-viva-do-vizinho-invadem-a-calcada\/#primaryimage"},"image":{"@id":"https:\/\/www.em.com.br\/emfoco\/2026\/03\/18\/a-lei-deixa-claro-o-que-fazer-quando-galhos-ou-cerca-viva-do-vizinho-invadem-a-calcada\/#primaryimage"},"thumbnailUrl":"https:\/\/www.em.com.br\/emfoco\/wp-content\/uploads\/2026\/03\/freepik__a-residential-wall-in-brazil-with-a-wild-overgrown__98795.jpeg","datePublished":"2026-03-18T17:30:00+00:00","dateModified":"2026-03-18T14:36:48+00:00","author":{"@id":"https:\/\/www.em.com.br\/emfoco\/#\/schema\/person\/4a7a157aac450b98edc86f15a7434f0b"},"description":"A lei define quem deve podar galhos que invadem a cal\u00e7ada e o que fazer quando o propriet\u00e1rio ou a C\u00e2mara n\u00e3o agem. Conhe\u00e7a seus direitos e os passos legais corretos.","breadcrumb":{"@id":"https:\/\/www.em.com.br\/emfoco\/2026\/03\/18\/a-lei-deixa-claro-o-que-fazer-quando-galhos-ou-cerca-viva-do-vizinho-invadem-a-calcada\/#breadcrumb"},"inLanguage":"pt-BR","potentialAction":[{"@type":"ReadAction","target":["https:\/\/www.em.com.br\/emfoco\/2026\/03\/18\/a-lei-deixa-claro-o-que-fazer-quando-galhos-ou-cerca-viva-do-vizinho-invadem-a-calcada\/"]}]},{"@type":"ImageObject","inLanguage":"pt-BR","@id":"https:\/\/www.em.com.br\/emfoco\/2026\/03\/18\/a-lei-deixa-claro-o-que-fazer-quando-galhos-ou-cerca-viva-do-vizinho-invadem-a-calcada\/#primaryimage","url":"https:\/\/www.em.com.br\/emfoco\/wp-content\/uploads\/2026\/03\/freepik__a-residential-wall-in-brazil-with-a-wild-overgrown__98795.jpeg","contentUrl":"https:\/\/www.em.com.br\/emfoco\/wp-content\/uploads\/2026\/03\/freepik__a-residential-wall-in-brazil-with-a-wild-overgrown__98795.jpeg","width":1376,"height":768,"caption":"O que a lei determina sobre galhos do vizinho que avan\u00e7am na cal\u00e7ada"},{"@type":"BreadcrumbList","@id":"https:\/\/www.em.com.br\/emfoco\/2026\/03\/18\/a-lei-deixa-claro-o-que-fazer-quando-galhos-ou-cerca-viva-do-vizinho-invadem-a-calcada\/#breadcrumb","itemListElement":[{"@type":"ListItem","position":1,"name":"In\u00edcio","item":"https:\/\/www.em.com.br\/emfoco\/"},{"@type":"ListItem","position":2,"name":"A lei deixa claro o que fazer quando galhos ou cerca viva do vizinho invadem a cal\u00e7ada"}]},{"@type":"WebSite","@id":"https:\/\/www.em.com.br\/emfoco\/#website","url":"https:\/\/www.em.com.br\/emfoco\/","name":"Estado de Minas - Em foco","description":"Acompanhe as \u00faltimas not\u00edcias e fique bem informado sobre tudo o que acontece em Minas Gerais, Brasil e no mundo.","potentialAction":[{"@type":"SearchAction","target":{"@type":"EntryPoint","urlTemplate":"https:\/\/www.em.com.br\/emfoco\/?s={search_term_string}"},"query-input":{"@type":"PropertyValueSpecification","valueRequired":true,"valueName":"search_term_string"}}],"inLanguage":"pt-BR"},{"@type":"Person","@id":"https:\/\/www.em.com.br\/emfoco\/#\/schema\/person\/4a7a157aac450b98edc86f15a7434f0b","name":"Vanessa Tavares","image":{"@type":"ImageObject","inLanguage":"pt-BR","@id":"https:\/\/www.em.com.br\/emfoco\/#\/schema\/person\/image\/","url":"https:\/\/secure.gravatar.com\/avatar\/088c9372da58da00f00f8e508f13d635?s=96&d=mm&r=g","contentUrl":"https:\/\/secure.gravatar.com\/avatar\/088c9372da58da00f00f8e508f13d635?s=96&d=mm&r=g","caption":"Vanessa Tavares"},"sameAs":["https:\/\/www.em.com.br\/emfoco"],"url":"https:\/\/www.em.com.br\/emfoco\/author\/vanessamyth\/"}]}},"_links":{"self":[{"href":"https:\/\/www.em.com.br\/emfoco\/wp-json\/wp\/v2\/posts\/182754","targetHints":{"allow":["GET"]}}],"collection":[{"href":"https:\/\/www.em.com.br\/emfoco\/wp-json\/wp\/v2\/posts"}],"about":[{"href":"https:\/\/www.em.com.br\/emfoco\/wp-json\/wp\/v2\/types\/post"}],"author":[{"embeddable":true,"href":"https:\/\/www.em.com.br\/emfoco\/wp-json\/wp\/v2\/users\/19"}],"replies":[{"embeddable":true,"href":"https:\/\/www.em.com.br\/emfoco\/wp-json\/wp\/v2\/comments?post=182754"}],"version-history":[{"count":3,"href":"https:\/\/www.em.com.br\/emfoco\/wp-json\/wp\/v2\/posts\/182754\/revisions"}],"predecessor-version":[{"id":182793,"href":"https:\/\/www.em.com.br\/emfoco\/wp-json\/wp\/v2\/posts\/182754\/revisions\/182793"}],"wp:featuredmedia":[{"embeddable":true,"href":"https:\/\/www.em.com.br\/emfoco\/wp-json\/wp\/v2\/media\/182784"}],"wp:attachment":[{"href":"https:\/\/www.em.com.br\/emfoco\/wp-json\/wp\/v2\/media?parent=182754"}],"wp:term":[{"taxonomy":"category","embeddable":true,"href":"https:\/\/www.em.com.br\/emfoco\/wp-json\/wp\/v2\/categories?post=182754"},{"taxonomy":"post_tag","embeddable":true,"href":"https:\/\/www.em.com.br\/emfoco\/wp-json\/wp\/v2\/tags?post=182754"}],"curies":[{"name":"wp","href":"https:\/\/api.w.org\/{rel}","templated":true}]}}