{"id":18261,"date":"2025-02-11T10:40:01","date_gmt":"2025-02-11T13:40:01","guid":{"rendered":"https:\/\/www.em.com.br\/emfoco\/?p=18261"},"modified":"2025-02-10T13:05:44","modified_gmt":"2025-02-10T16:05:44","slug":"chatgpt-no-whatsapp-agora-interpreta-audios-e-imagens","status":"publish","type":"post","link":"https:\/\/www.em.com.br\/emfoco\/2025\/02\/11\/chatgpt-no-whatsapp-agora-interpreta-audios-e-imagens\/","title":{"rendered":"ChatGPT no WhatsApp agora interpreta \u00e1udios e imagens"},"content":{"rendered":"\n<p>Em dezembro de 2024, a <strong>OpenAI <\/strong>lan\u00e7ou uma atualiza\u00e7\u00e3o significativa para o <strong>ChatGPT no WhatsApp<\/strong>, permitindo que o <strong>chatbot <\/strong>interprete \u00e1udios e imagens enviados pelos usu\u00e1rios. Essa inova\u00e7\u00e3o aproxima o ChatGPT das funcionalidades do aplicativo oficial e da vers\u00e3o web, embora as respostas continuem sendo exclusivamente em texto.<\/p>\n\n\n\n<p>A novidade foi anunciada pela OpenAI na<strong> plataforma X<\/strong>, <strong>anteriormente conhecida como Twitter<\/strong>. Com essa <a href=\"https:\/\/www.macrumors.com\/2025\/02\/05\/whatsapp-send-images-voice-messages-chatgpt\/\" target=\"_blank\" rel=\"noreferrer noopener\">atualiza\u00e7\u00e3o<\/a>, os usu\u00e1rios podem enviar \u00e1udios e imagens para o ChatGPT, aumentando a versatilidade da intera\u00e7\u00e3o. No entanto, ainda h\u00e1 um limite di\u00e1rio de respostas, cujo n\u00famero exato n\u00e3o foi revelado pela OpenAI.<\/p>\n\n\n\n<blockquote class=\"twitter-tweet\"><p lang=\"en\" dir=\"ltr\">\ud83d\udce2 1-800-ChatGPT WhatsApp Updates<br><br>&#8211; You can now upload images when asking a question<br><br>&#8211; You can talk to ChatGPT using voice messages<br><br>&#8211; And coming soon, you can link your ChatGPT account (Free, Plus, Pro) for more usage<\/p>&mdash; OpenAI (@OpenAI) <a href=\"https:\/\/twitter.com\/OpenAI\/status\/1886966048970478016?ref_src=twsrc%5Etfw\">February 5, 2025<\/a><\/blockquote> <script async src=\"https:\/\/platform.twitter.com\/widgets.js\" charset=\"utf-8\"><\/script>\n\n\n\n<h2 class=\"wp-block-heading\">Como funciona o ChatGPT no WhatsApp?<\/h2>\n\n\n\n<p>Para utilizar o ChatGPT no <a href=\"https:\/\/www.em.com.br\/emfoco\/?s=WhatsApp+\" target=\"_blank\" rel=\"noreferrer noopener\">WhatsApp<\/a>, os usu\u00e1rios devem enviar uma mensagem para o n\u00famero <strong>1 (800) 242-8478<\/strong>, tamb\u00e9m conhecido como <strong>1800CHATGPT.<\/strong> O funcionamento \u00e9 semelhante ao do ChatGPT via aplicativo ou web: o usu\u00e1rio envia mensagens e recebe respostas geradas por intelig\u00eancia artificial.<\/p>\n\n\n\n<p>Apesar da praticidade, existem algumas limita\u00e7\u00f5es. O ChatGPT no WhatsApp responde apenas por texto, o que significa que n\u00e3o \u00e9 poss\u00edvel solicitar a gera\u00e7\u00e3o de imagens, como ocorre com o Dall-E. Al\u00e9m disso, h\u00e1 um limite di\u00e1rio de respostas, mas a OpenAI n\u00e3o especificou qual \u00e9 esse limite.<\/p>\n\n\n\n<h2 class=\"wp-block-heading\">Quais outras IAs est\u00e3o dispon\u00edveis no WhatsApp?<\/h2>\n\n\n\n<p>Al\u00e9m do ChatGPT, o WhatsApp suporta outras intelig\u00eancias artificiais, como a Meta AI. A Meta AI \u00e9 uma solu\u00e7\u00e3o nativa da plataforma e oferece uma integra\u00e7\u00e3o mais completa, incluindo gera\u00e7\u00e3o de imagens e participa\u00e7\u00e3o em conversas em grupo. Essa IA est\u00e1 presente n\u00e3o apenas no WhatsApp, mas tamb\u00e9m no Instagram, Facebook e Messenger.<\/p>\n\n\n\n<p>A <strong>Microsoft <\/strong>tamb\u00e9m disponibiliza o <strong>Copilot no WhatsApp e no Telegram<\/strong>. Assim como o ChatGPT, o <strong>Copilot <\/strong>permite a intera\u00e7\u00e3o atrav\u00e9s de mensagens, mas oferece recursos adicionais, como a gera\u00e7\u00e3o de imagens.<\/p>\n\n\n<div class=\"wp-block-image\">\n<figure class=\"aligncenter size-large\"><img loading=\"lazy\" decoding=\"async\" width=\"1024\" height=\"576\" src=\"https:\/\/www.em.com.br\/emfoco\/wp-content\/uploads\/2025\/02\/WhatsApp_1739039813697-1024x576.jpg\" alt=\"Mudan\u00e7a nas operadoras gera preocupa\u00e7\u00e3o em milh\u00f5es de usu\u00e1rios do WhatsApp\" class=\"wp-image-18018\" srcset=\"https:\/\/www.em.com.br\/emfoco\/wp-content\/uploads\/2025\/02\/WhatsApp_1739039813697-1024x576.jpg 1024w, https:\/\/www.em.com.br\/emfoco\/wp-content\/uploads\/2025\/02\/WhatsApp_1739039813697-300x169.jpg 300w, https:\/\/www.em.com.br\/emfoco\/wp-content\/uploads\/2025\/02\/WhatsApp_1739039813697-768x432.jpg 768w, https:\/\/www.em.com.br\/emfoco\/wp-content\/uploads\/2025\/02\/WhatsApp_1739039813697-750x422.jpg 750w, https:\/\/www.em.com.br\/emfoco\/wp-content\/uploads\/2025\/02\/WhatsApp_1739039813697-1140x641.jpg 1140w, https:\/\/www.em.com.br\/emfoco\/wp-content\/uploads\/2025\/02\/WhatsApp_1739039813697.jpg 1280w\" sizes=\"auto, (max-width: 1024px) 100vw, 1024px\" \/><figcaption class=\"wp-element-caption\">Imagem ilustrativa de usu\u00e1rio mexendo no WhatsApp &#8211; Cr\u00e9ditos: depositphotos.com \/ diego_cervo<\/figcaption><\/figure><\/div>\n\n\n<h2 class=\"wp-block-heading\">Como a atualiza\u00e7\u00e3o do ChatGPT impacta os usu\u00e1rios?<\/h2>\n\n\n\n<p>A atualiza\u00e7\u00e3o do ChatGPT no WhatsApp representa um avan\u00e7o significativo na forma como os usu\u00e1rios interagem com a intelig\u00eancia artificial. A capacidade de interpretar \u00e1udios e imagens expande as possibilidades de uso, tornando a experi\u00eancia mais rica e din\u00e2mica. No entanto, as limita\u00e7\u00f5es de resposta apenas em texto e o limite di\u00e1rio de intera\u00e7\u00f5es s\u00e3o fatores a serem considerados pelos usu\u00e1rios.<\/p>\n\n\n\n<p>Com a promessa de futuras integra\u00e7\u00f5es, como a possibilidade de conectar a conta do ChatGPT ao WhatsApp, espera-se que o uso da IA se torne ainda mais flex\u00edvel e acess\u00edvel. Isso pode aumentar o limite de uso, proporcionando uma experi\u00eancia mais satisfat\u00f3ria para os usu\u00e1rios que dependem do ChatGPT para diversas tarefas di\u00e1rias.<\/p>\n\n\n\n<h2 class=\"wp-block-heading\">O futuro do ChatGPT no WhatsApp<\/h2>\n\n\n\n<p>O lan\u00e7amento do ChatGPT no WhatsApp \u00e9 um passo importante na evolu\u00e7\u00e3o das intera\u00e7\u00f5es com intelig\u00eancia artificial. Com a capacidade de interpretar \u00e1udios e imagens, a OpenAI demonstra seu compromisso em tornar a tecnologia mais acess\u00edvel e funcional para os usu\u00e1rios. A expectativa \u00e9 que, com o tempo, novas funcionalidades sejam adicionadas, ampliando ainda mais o potencial dessa ferramenta no cotidiano das pessoas.<\/p>\n\n\n\n<p>\u00c0 medida que a tecnologia avan\u00e7a, \u00e9 prov\u00e1vel que vejamos uma integra\u00e7\u00e3o ainda maior entre diferentes plataformas e assistentes virtuais, tornando a intelig\u00eancia artificial uma parte indispens\u00e1vel da comunica\u00e7\u00e3o digital moderna.<\/p>\n","protected":false},"excerpt":{"rendered":"<p>Em dezembro de 2024, a OpenAI lan\u00e7ou uma atualiza\u00e7\u00e3o significativa para o ChatGPT no WhatsApp, permitindo que o chatbot interprete \u00e1udios e imagens enviados pelos usu\u00e1rios. Essa inova\u00e7\u00e3o aproxima o ChatGPT das funcionalidades do aplicativo oficial e da vers\u00e3o web, embora as respostas continuem sendo exclusivamente em texto. A novidade foi anunciada pela OpenAI na [&hellip;]<\/p>\n","protected":false},"author":9,"featured_media":18270,"comment_status":"open","ping_status":"open","sticky":false,"template":"","format":"standard","meta":{"jnews-multi-image_gallery":[],"jnews_single_post":{"format":"standard"},"jnews_primary_category":[],"jnews_social_meta":[],"jnews_override_counter":[],"footnotes":""},"categories":[1,4204],"tags":[4143,1375,1249,2814],"class_list":["post-18261","post","type-post","status-publish","format-standard","has-post-thumbnail","hentry","category-noticias","category-tecnologia","tag-chatgpt","tag-ia","tag-inteligencia-artificial","tag-whatsapp"],"yoast_head":"<!-- This site is optimized with the Yoast SEO plugin v23.8 - https:\/\/yoast.com\/wordpress\/plugins\/seo\/ -->\n<title>ChatGPT no WhatsApp agora interpreta \u00e1udios e imagens<\/title>\n<meta name=\"description\" content=\"OpenAI lan\u00e7a atualiza\u00e7\u00e3o do ChatGPT no WhatsApp, permitindo interpreta\u00e7\u00e3o de \u00e1udios e imagens. Saiba como funciona e quais s\u00e3o as limita\u00e7\u00f5es.\" \/>\n<meta name=\"robots\" content=\"index, follow, max-snippet:-1, max-image-preview:large, max-video-preview:-1\" \/>\n<link rel=\"canonical\" href=\"https:\/\/www.em.com.br\/emfoco\/2025\/02\/11\/chatgpt-no-whatsapp-agora-interpreta-audios-e-imagens\/\" \/>\n<meta property=\"og:locale\" content=\"pt_BR\" \/>\n<meta property=\"og:type\" content=\"article\" \/>\n<meta property=\"og:title\" content=\"ChatGPT no WhatsApp agora interpreta \u00e1udios e imagens\" \/>\n<meta property=\"og:description\" content=\"OpenAI lan\u00e7a atualiza\u00e7\u00e3o do ChatGPT no WhatsApp, permitindo interpreta\u00e7\u00e3o de \u00e1udios e imagens. Saiba como funciona e quais s\u00e3o as limita\u00e7\u00f5es.\" \/>\n<meta property=\"og:url\" content=\"https:\/\/www.em.com.br\/emfoco\/2025\/02\/11\/chatgpt-no-whatsapp-agora-interpreta-audios-e-imagens\/\" \/>\n<meta property=\"og:site_name\" content=\"Estado de Minas - Em foco\" \/>\n<meta property=\"article:published_time\" content=\"2025-02-11T13:40:01+00:00\" \/>\n<meta property=\"article:modified_time\" content=\"2025-02-10T16:05:44+00:00\" \/>\n<meta property=\"og:image\" content=\"https:\/\/www.em.com.br\/emfoco\/wp-content\/uploads\/2025\/02\/chatgpt_1739201792768.jpg\" \/>\n\t<meta property=\"og:image:width\" content=\"1280\" \/>\n\t<meta property=\"og:image:height\" content=\"720\" \/>\n\t<meta property=\"og:image:type\" content=\"image\/jpeg\" \/>\n<meta name=\"author\" content=\"Daniely Cardoso\" \/>\n<meta name=\"twitter:card\" content=\"summary_large_image\" \/>\n<meta name=\"twitter:label1\" content=\"Escrito por\" \/>\n\t<meta name=\"twitter:data1\" content=\"Daniely Cardoso\" \/>\n\t<meta name=\"twitter:label2\" content=\"Est. tempo de leitura\" \/>\n\t<meta name=\"twitter:data2\" content=\"4 minutos\" \/>\n<!-- \/ Yoast SEO plugin. -->","yoast_head_json":{"title":"ChatGPT no WhatsApp agora interpreta \u00e1udios e imagens","description":"OpenAI lan\u00e7a atualiza\u00e7\u00e3o do ChatGPT no WhatsApp, permitindo interpreta\u00e7\u00e3o de \u00e1udios e imagens. Saiba como funciona e quais s\u00e3o as limita\u00e7\u00f5es.","robots":{"index":"index","follow":"follow","max-snippet":"max-snippet:-1","max-image-preview":"max-image-preview:large","max-video-preview":"max-video-preview:-1"},"canonical":"https:\/\/www.em.com.br\/emfoco\/2025\/02\/11\/chatgpt-no-whatsapp-agora-interpreta-audios-e-imagens\/","og_locale":"pt_BR","og_type":"article","og_title":"ChatGPT no WhatsApp agora interpreta \u00e1udios e imagens","og_description":"OpenAI lan\u00e7a atualiza\u00e7\u00e3o do ChatGPT no WhatsApp, permitindo interpreta\u00e7\u00e3o de \u00e1udios e imagens. Saiba como funciona e quais s\u00e3o as limita\u00e7\u00f5es.","og_url":"https:\/\/www.em.com.br\/emfoco\/2025\/02\/11\/chatgpt-no-whatsapp-agora-interpreta-audios-e-imagens\/","og_site_name":"Estado de Minas - Em foco","article_published_time":"2025-02-11T13:40:01+00:00","article_modified_time":"2025-02-10T16:05:44+00:00","og_image":[{"width":1280,"height":720,"url":"https:\/\/www.em.com.br\/emfoco\/wp-content\/uploads\/2025\/02\/chatgpt_1739201792768.jpg","type":"image\/jpeg"}],"author":"Daniely Cardoso","twitter_card":"summary_large_image","twitter_misc":{"Escrito por":"Daniely Cardoso","Est. tempo de leitura":"4 minutos"},"schema":{"@context":"https:\/\/schema.org","@graph":[{"@type":"WebPage","@id":"https:\/\/www.em.com.br\/emfoco\/2025\/02\/11\/chatgpt-no-whatsapp-agora-interpreta-audios-e-imagens\/","url":"https:\/\/www.em.com.br\/emfoco\/2025\/02\/11\/chatgpt-no-whatsapp-agora-interpreta-audios-e-imagens\/","name":"ChatGPT no WhatsApp agora interpreta \u00e1udios e imagens","isPartOf":{"@id":"https:\/\/www.em.com.br\/emfoco\/#website"},"primaryImageOfPage":{"@id":"https:\/\/www.em.com.br\/emfoco\/2025\/02\/11\/chatgpt-no-whatsapp-agora-interpreta-audios-e-imagens\/#primaryimage"},"image":{"@id":"https:\/\/www.em.com.br\/emfoco\/2025\/02\/11\/chatgpt-no-whatsapp-agora-interpreta-audios-e-imagens\/#primaryimage"},"thumbnailUrl":"https:\/\/www.em.com.br\/emfoco\/wp-content\/uploads\/2025\/02\/chatgpt_1739201792768.jpg","datePublished":"2025-02-11T13:40:01+00:00","dateModified":"2025-02-10T16:05:44+00:00","author":{"@id":"https:\/\/www.em.com.br\/emfoco\/#\/schema\/person\/0a8186d72f2c3a5c6276d90b41f271a0"},"description":"OpenAI lan\u00e7a atualiza\u00e7\u00e3o do ChatGPT no WhatsApp, permitindo interpreta\u00e7\u00e3o de \u00e1udios e imagens. Saiba como funciona e quais s\u00e3o as limita\u00e7\u00f5es.","breadcrumb":{"@id":"https:\/\/www.em.com.br\/emfoco\/2025\/02\/11\/chatgpt-no-whatsapp-agora-interpreta-audios-e-imagens\/#breadcrumb"},"inLanguage":"pt-BR","potentialAction":[{"@type":"ReadAction","target":["https:\/\/www.em.com.br\/emfoco\/2025\/02\/11\/chatgpt-no-whatsapp-agora-interpreta-audios-e-imagens\/"]}]},{"@type":"ImageObject","inLanguage":"pt-BR","@id":"https:\/\/www.em.com.br\/emfoco\/2025\/02\/11\/chatgpt-no-whatsapp-agora-interpreta-audios-e-imagens\/#primaryimage","url":"https:\/\/www.em.com.br\/emfoco\/wp-content\/uploads\/2025\/02\/chatgpt_1739201792768.jpg","contentUrl":"https:\/\/www.em.com.br\/emfoco\/wp-content\/uploads\/2025\/02\/chatgpt_1739201792768.jpg","width":1280,"height":720,"caption":"Imagem ilustrativa da interface do ChatGPT - Cr\u00e9ditos: depositphotos.com \/ Irrmago"},{"@type":"BreadcrumbList","@id":"https:\/\/www.em.com.br\/emfoco\/2025\/02\/11\/chatgpt-no-whatsapp-agora-interpreta-audios-e-imagens\/#breadcrumb","itemListElement":[{"@type":"ListItem","position":1,"name":"In\u00edcio","item":"https:\/\/www.em.com.br\/emfoco\/"},{"@type":"ListItem","position":2,"name":"ChatGPT no WhatsApp agora interpreta \u00e1udios e imagens"}]},{"@type":"WebSite","@id":"https:\/\/www.em.com.br\/emfoco\/#website","url":"https:\/\/www.em.com.br\/emfoco\/","name":"Estado de Minas - Em foco","description":"Acompanhe as \u00faltimas not\u00edcias e fique bem informado sobre tudo o que acontece em Minas Gerais, Brasil e no mundo.","potentialAction":[{"@type":"SearchAction","target":{"@type":"EntryPoint","urlTemplate":"https:\/\/www.em.com.br\/emfoco\/?s={search_term_string}"},"query-input":{"@type":"PropertyValueSpecification","valueRequired":true,"valueName":"search_term_string"}}],"inLanguage":"pt-BR"},{"@type":"Person","@id":"https:\/\/www.em.com.br\/emfoco\/#\/schema\/person\/0a8186d72f2c3a5c6276d90b41f271a0","name":"Daniely Cardoso","image":{"@type":"ImageObject","inLanguage":"pt-BR","@id":"https:\/\/www.em.com.br\/emfoco\/#\/schema\/person\/image\/","url":"https:\/\/secure.gravatar.com\/avatar\/4b80ddbd124d1f071b626d52d62e5dff?s=96&d=mm&r=g","contentUrl":"https:\/\/secure.gravatar.com\/avatar\/4b80ddbd124d1f071b626d52d62e5dff?s=96&d=mm&r=g","caption":"Daniely Cardoso"},"url":"https:\/\/www.em.com.br\/emfoco\/author\/danielymyth\/"}]}},"_links":{"self":[{"href":"https:\/\/www.em.com.br\/emfoco\/wp-json\/wp\/v2\/posts\/18261","targetHints":{"allow":["GET"]}}],"collection":[{"href":"https:\/\/www.em.com.br\/emfoco\/wp-json\/wp\/v2\/posts"}],"about":[{"href":"https:\/\/www.em.com.br\/emfoco\/wp-json\/wp\/v2\/types\/post"}],"author":[{"embeddable":true,"href":"https:\/\/www.em.com.br\/emfoco\/wp-json\/wp\/v2\/users\/9"}],"replies":[{"embeddable":true,"href":"https:\/\/www.em.com.br\/emfoco\/wp-json\/wp\/v2\/comments?post=18261"}],"version-history":[{"count":2,"href":"https:\/\/www.em.com.br\/emfoco\/wp-json\/wp\/v2\/posts\/18261\/revisions"}],"predecessor-version":[{"id":18273,"href":"https:\/\/www.em.com.br\/emfoco\/wp-json\/wp\/v2\/posts\/18261\/revisions\/18273"}],"wp:featuredmedia":[{"embeddable":true,"href":"https:\/\/www.em.com.br\/emfoco\/wp-json\/wp\/v2\/media\/18270"}],"wp:attachment":[{"href":"https:\/\/www.em.com.br\/emfoco\/wp-json\/wp\/v2\/media?parent=18261"}],"wp:term":[{"taxonomy":"category","embeddable":true,"href":"https:\/\/www.em.com.br\/emfoco\/wp-json\/wp\/v2\/categories?post=18261"},{"taxonomy":"post_tag","embeddable":true,"href":"https:\/\/www.em.com.br\/emfoco\/wp-json\/wp\/v2\/tags?post=18261"}],"curies":[{"name":"wp","href":"https:\/\/api.w.org\/{rel}","templated":true}]}}