{"id":18255,"date":"2025-02-11T08:00:46","date_gmt":"2025-02-11T11:00:46","guid":{"rendered":"https:\/\/www.em.com.br\/emfoco\/?p=18255"},"modified":"2025-02-10T22:51:29","modified_gmt":"2025-02-11T01:51:29","slug":"novidades-sobre-o-salario-minimo-2025-o-que-mudou","status":"publish","type":"post","link":"https:\/\/www.em.com.br\/emfoco\/2025\/02\/11\/novidades-sobre-o-salario-minimo-2025-o-que-mudou\/","title":{"rendered":"Novidades sobre o novo Sal\u00e1rio M\u00ednimo 2025, o que mudou?"},"content":{"rendered":"\n<p>O sal\u00e1rio m\u00ednimo no Brasil \u00e9 um tema de grande <a href=\"https:\/\/www.em.com.br\/emfoco\/2025\/02\/10\/gratuidade-e-descontos-no-transporte-para-idosos-saiba-como-voce-pode-conseguir-esse-beneficio\/\" target=\"_blank\" rel=\"noreferrer noopener\">relev\u00e2ncia<\/a>, impactando diretamente a vida de milh\u00f5es de trabalhadores e aposentados. Em 2025, o valor do sal\u00e1rio m\u00ednimo foi reajustado para R$ 1.518, representando um aumento de R$ 106 em rela\u00e7\u00e3o ao ano anterior. Este reajuste de 7,5% est\u00e1 acima da infla\u00e7\u00e3o do per\u00edodo, gerando discuss\u00f5es sobre suas implica\u00e7\u00f5es econ\u00f4micas.<\/p>\n\n\n\n<p>A f\u00f3rmula de c\u00e1lculo do sal\u00e1rio m\u00ednimo sofreu altera\u00e7\u00f5es significativas, afetando n\u00e3o apenas o valor final, mas tamb\u00e9m a maneira como o governo lida com o or\u00e7amento. Essas mudan\u00e7as visam equilibrar o poder de compra dos trabalhadores com a necessidade de controle fiscal.<\/p>\n\n\n\n<h2 class=\"wp-block-heading\">Como \u00e9 calculado o Sal\u00e1rio M\u00ednimo?<\/h2>\n\n\n\n<p>Historicamente, o c\u00e1lculo do sal\u00e1rio m\u00ednimo no Brasil considerava a reposi\u00e7\u00e3o da infla\u00e7\u00e3o, medida pelo <a href=\"https:\/\/www.ibge.gov.br\/estatisticas\/economicas\/precos-e-custos\/9258-indice-nacional-de-precos-ao-consumidor.html\" target=\"_blank\" rel=\"noreferrer noopener\">INPC <\/a>(<strong>\u00cdndice Nacional de Pre\u00e7os ao Consumidor<\/strong>), e a varia\u00e7\u00e3o do PIB (<strong>Produto Interno Bruto<\/strong>). Este m\u00e9todo buscava garantir que o sal\u00e1rio m\u00ednimo acompanhasse o crescimento econ\u00f4mico e o aumento do custo de vida.<\/p>\n\n\n\n<p>No entanto, a nova f\u00f3rmula introduziu um teto de aumento de despesas de 2,5%. Isso significa que, mesmo que o PIB cres\u00e7a mais do que 2,5%, o reajuste do sal\u00e1rio m\u00ednimo ser\u00e1 limitado a esse percentual. Esta mudan\u00e7a visa conter os gastos p\u00fablicos, especialmente em tempos de conten\u00e7\u00e3o fiscal.<\/p>\n\n\n<div class=\"wp-block-image\">\n<figure class=\"aligncenter size-large\"><img loading=\"lazy\" decoding=\"async\" width=\"1024\" height=\"576\" src=\"https:\/\/www.em.com.br\/emfoco\/wp-content\/uploads\/2024\/11\/Dinheiro-Real_1732808710466-1024x576.jpg\" alt=\"Novidades sobre o Sal\u00e1rio M\u00ednimo 2025 o que mudou?\" class=\"wp-image-1937\" srcset=\"https:\/\/www.em.com.br\/emfoco\/wp-content\/uploads\/2024\/11\/Dinheiro-Real_1732808710466-1024x576.jpg 1024w, https:\/\/www.em.com.br\/emfoco\/wp-content\/uploads\/2024\/11\/Dinheiro-Real_1732808710466-300x169.jpg 300w, https:\/\/www.em.com.br\/emfoco\/wp-content\/uploads\/2024\/11\/Dinheiro-Real_1732808710466-768x432.jpg 768w, https:\/\/www.em.com.br\/emfoco\/wp-content\/uploads\/2024\/11\/Dinheiro-Real_1732808710466-750x422.jpg 750w, https:\/\/www.em.com.br\/emfoco\/wp-content\/uploads\/2024\/11\/Dinheiro-Real_1732808710466-1140x641.jpg 1140w, https:\/\/www.em.com.br\/emfoco\/wp-content\/uploads\/2024\/11\/Dinheiro-Real_1732808710466.jpg 1280w\" sizes=\"auto, (max-width: 1024px) 100vw, 1024px\" \/><figcaption class=\"wp-element-caption\">Valori\u00e7\u00e3o do Real &#8211; Cr\u00e9ditos: depositphotos.com \/ AntonMatyukha<\/figcaption><\/figure><\/div>\n\n\n<h2 class=\"wp-block-heading\">Qual o impacto do Sal\u00e1rio M\u00ednimo nas aposentadorias e benef\u00edcios sociais?<\/h2>\n\n\n\n<p>O sal\u00e1rio m\u00ednimo tem um papel crucial no c\u00e1lculo das aposentadorias, principalmente as do INSS (Instituto Nacional do Seguro Social), e em diversos benef\u00edcios sociais. Qualquer altera\u00e7\u00e3o no seu valor pode ter efeitos significativos no or\u00e7amento do governo e na renda dos benefici\u00e1rios.<\/p>\n\n\n\n<p>Com o aumento do sal\u00e1rio m\u00ednimo, h\u00e1 uma preocupa\u00e7\u00e3o em evitar que os gastos com aposentadorias e benef\u00edcios sociais cres\u00e7am de forma descontrolada. O governo busca um equil\u00edbrio entre garantir o poder de compra dos cidad\u00e3os e manter a sustentabilidade fiscal.<\/p>\n\n\n\n<h2 class=\"wp-block-heading\">Quais s\u00e3o as implica\u00e7\u00f5es econ\u00f4micas do novo reajuste?<\/h2>\n\n\n\n<p>O reajuste do sal\u00e1rio m\u00ednimo acima da infla\u00e7\u00e3o pode ter efeitos variados na economia. Por um lado, ele aumenta o poder de compra dos trabalhadores, o que pode estimular o consumo e o crescimento econ\u00f4mico. Por outro lado, h\u00e1 o risco de press\u00e3o inflacion\u00e1ria e aumento dos custos para as empresas, que podem repassar esses custos aos consumidores.<\/p>\n\n\n\n<p>Al\u00e9m disso, o controle do aumento das despesas p\u00fablicas \u00e9 uma preocupa\u00e7\u00e3o constante. O governo precisa garantir que o aumento do sal\u00e1rio m\u00ednimo n\u00e3o comprometa o equil\u00edbrio fiscal, especialmente em um cen\u00e1rio de conten\u00e7\u00e3o de gastos.<\/p>\n\n\n\n<h2 class=\"wp-block-heading\">Como o Governo est\u00e1 lidando com os desafios do reajuste?<\/h2>\n\n\n\n<p>Para lidar com os desafios impostos pelo reajuste do sal\u00e1rio m\u00ednimo, o governo tem adotado medidas de controle fiscal e busca alternativas para aumentar a efici\u00eancia dos gastos p\u00fablicos. A introdu\u00e7\u00e3o do teto de 2,5% no aumento das despesas \u00e9 uma dessas medidas, visando garantir que o or\u00e7amento n\u00e3o seja comprometido.<\/p>\n\n\n\n<p>O di\u00e1logo com setores econ\u00f4micos e sociais \u00e9 fundamental para encontrar solu\u00e7\u00f5es que atendam \u00e0s necessidades dos trabalhadores sem comprometer a sa\u00fade fiscal do pa\u00eds. A busca por um equil\u00edbrio entre crescimento econ\u00f4mico e controle de despesas continua sendo um dos principais desafios para o governo em 2025.<\/p>\n","protected":false},"excerpt":{"rendered":"<p>O sal\u00e1rio m\u00ednimo no Brasil \u00e9 um tema de grande relev\u00e2ncia, impactando diretamente a vida de milh\u00f5es de trabalhadores e aposentados. Em 2025, o valor do sal\u00e1rio m\u00ednimo foi reajustado para R$ 1.518, representando um aumento de R$ 106 em rela\u00e7\u00e3o ao ano anterior. Este reajuste de 7,5% est\u00e1 acima da infla\u00e7\u00e3o do per\u00edodo, gerando [&hellip;]<\/p>\n","protected":false},"author":7,"featured_media":1929,"comment_status":"open","ping_status":"open","sticky":false,"template":"","format":"standard","meta":{"jnews-multi-image_gallery":[],"jnews_single_post":{"format":"standard"},"jnews_primary_category":[],"jnews_social_meta":[],"jnews_override_counter":[],"footnotes":""},"categories":[28],"tags":[1176,1437,717],"class_list":["post-18255","post","type-post","status-publish","format-standard","has-post-thumbnail","hentry","category-economia","tag-economia-brasileira","tag-reajuste-salarial","tag-salario-minimo"],"yoast_head":"<!-- This site is optimized with the Yoast SEO plugin v23.8 - https:\/\/yoast.com\/wordpress\/plugins\/seo\/ -->\n<title>Novidades sobre o novo Sal\u00e1rio M\u00ednimo 2025, o que mudou? - Estado de Minas - Em foco<\/title>\n<meta name=\"description\" content=\"Descubra tudo sobre o novo sal\u00e1rio m\u00ednimo de 2025. Entenda o reajuste, veja os valores e saiba como calcular seu sal\u00e1rio l\u00edquido.\" \/>\n<meta name=\"robots\" content=\"index, follow, max-snippet:-1, max-image-preview:large, max-video-preview:-1\" \/>\n<link rel=\"canonical\" href=\"https:\/\/www.em.com.br\/emfoco\/2025\/02\/11\/novidades-sobre-o-salario-minimo-2025-o-que-mudou\/\" \/>\n<meta property=\"og:locale\" content=\"pt_BR\" \/>\n<meta property=\"og:type\" content=\"article\" \/>\n<meta property=\"og:title\" content=\"Novidades sobre o novo Sal\u00e1rio M\u00ednimo 2025, o que mudou? - Estado de Minas - Em foco\" \/>\n<meta property=\"og:description\" content=\"Descubra tudo sobre o novo sal\u00e1rio m\u00ednimo de 2025. Entenda o reajuste, veja os valores e saiba como calcular seu sal\u00e1rio l\u00edquido.\" \/>\n<meta property=\"og:url\" content=\"https:\/\/www.em.com.br\/emfoco\/2025\/02\/11\/novidades-sobre-o-salario-minimo-2025-o-que-mudou\/\" \/>\n<meta property=\"og:site_name\" content=\"Estado de Minas - Em foco\" \/>\n<meta property=\"article:published_time\" content=\"2025-02-11T11:00:46+00:00\" \/>\n<meta property=\"article:modified_time\" content=\"2025-02-11T01:51:29+00:00\" \/>\n<meta property=\"og:image\" content=\"https:\/\/www.em.com.br\/emfoco\/wp-content\/uploads\/2024\/11\/Carteira-de-trabalho_1732808400368.jpg\" \/>\n\t<meta property=\"og:image:width\" content=\"1280\" \/>\n\t<meta property=\"og:image:height\" content=\"720\" \/>\n\t<meta property=\"og:image:type\" content=\"image\/jpeg\" \/>\n<meta name=\"author\" content=\"Kelvin\" \/>\n<meta name=\"twitter:card\" content=\"summary_large_image\" \/>\n<meta name=\"twitter:label1\" content=\"Escrito por\" \/>\n\t<meta name=\"twitter:data1\" content=\"Kelvin\" \/>\n\t<meta name=\"twitter:label2\" content=\"Est. tempo de leitura\" \/>\n\t<meta name=\"twitter:data2\" content=\"4 minutos\" \/>\n<!-- \/ Yoast SEO plugin. -->","yoast_head_json":{"title":"Novidades sobre o novo Sal\u00e1rio M\u00ednimo 2025, o que mudou? - Estado de Minas - Em foco","description":"Descubra tudo sobre o novo sal\u00e1rio m\u00ednimo de 2025. Entenda o reajuste, veja os valores e saiba como calcular seu sal\u00e1rio l\u00edquido.","robots":{"index":"index","follow":"follow","max-snippet":"max-snippet:-1","max-image-preview":"max-image-preview:large","max-video-preview":"max-video-preview:-1"},"canonical":"https:\/\/www.em.com.br\/emfoco\/2025\/02\/11\/novidades-sobre-o-salario-minimo-2025-o-que-mudou\/","og_locale":"pt_BR","og_type":"article","og_title":"Novidades sobre o novo Sal\u00e1rio M\u00ednimo 2025, o que mudou? - Estado de Minas - Em foco","og_description":"Descubra tudo sobre o novo sal\u00e1rio m\u00ednimo de 2025. Entenda o reajuste, veja os valores e saiba como calcular seu sal\u00e1rio l\u00edquido.","og_url":"https:\/\/www.em.com.br\/emfoco\/2025\/02\/11\/novidades-sobre-o-salario-minimo-2025-o-que-mudou\/","og_site_name":"Estado de Minas - Em foco","article_published_time":"2025-02-11T11:00:46+00:00","article_modified_time":"2025-02-11T01:51:29+00:00","og_image":[{"width":1280,"height":720,"url":"https:\/\/www.em.com.br\/emfoco\/wp-content\/uploads\/2024\/11\/Carteira-de-trabalho_1732808400368.jpg","type":"image\/jpeg"}],"author":"Kelvin","twitter_card":"summary_large_image","twitter_misc":{"Escrito por":"Kelvin","Est. tempo de leitura":"4 minutos"},"schema":{"@context":"https:\/\/schema.org","@graph":[{"@type":"WebPage","@id":"https:\/\/www.em.com.br\/emfoco\/2025\/02\/11\/novidades-sobre-o-salario-minimo-2025-o-que-mudou\/","url":"https:\/\/www.em.com.br\/emfoco\/2025\/02\/11\/novidades-sobre-o-salario-minimo-2025-o-que-mudou\/","name":"Novidades sobre o novo Sal\u00e1rio M\u00ednimo 2025, o que mudou? - Estado de Minas - Em foco","isPartOf":{"@id":"https:\/\/www.em.com.br\/emfoco\/#website"},"primaryImageOfPage":{"@id":"https:\/\/www.em.com.br\/emfoco\/2025\/02\/11\/novidades-sobre-o-salario-minimo-2025-o-que-mudou\/#primaryimage"},"image":{"@id":"https:\/\/www.em.com.br\/emfoco\/2025\/02\/11\/novidades-sobre-o-salario-minimo-2025-o-que-mudou\/#primaryimage"},"thumbnailUrl":"https:\/\/www.em.com.br\/emfoco\/wp-content\/uploads\/2024\/11\/Carteira-de-trabalho_1732808400368.jpg","datePublished":"2025-02-11T11:00:46+00:00","dateModified":"2025-02-11T01:51:29+00:00","author":{"@id":"https:\/\/www.em.com.br\/emfoco\/#\/schema\/person\/fb0a7f48c6fbb94b83f413a80f61917d"},"description":"Descubra tudo sobre o novo sal\u00e1rio m\u00ednimo de 2025. Entenda o reajuste, veja os valores e saiba como calcular seu sal\u00e1rio l\u00edquido.","breadcrumb":{"@id":"https:\/\/www.em.com.br\/emfoco\/2025\/02\/11\/novidades-sobre-o-salario-minimo-2025-o-que-mudou\/#breadcrumb"},"inLanguage":"pt-BR","potentialAction":[{"@type":"ReadAction","target":["https:\/\/www.em.com.br\/emfoco\/2025\/02\/11\/novidades-sobre-o-salario-minimo-2025-o-que-mudou\/"]}]},{"@type":"ImageObject","inLanguage":"pt-BR","@id":"https:\/\/www.em.com.br\/emfoco\/2025\/02\/11\/novidades-sobre-o-salario-minimo-2025-o-que-mudou\/#primaryimage","url":"https:\/\/www.em.com.br\/emfoco\/wp-content\/uploads\/2024\/11\/Carteira-de-trabalho_1732808400368.jpg","contentUrl":"https:\/\/www.em.com.br\/emfoco\/wp-content\/uploads\/2024\/11\/Carteira-de-trabalho_1732808400368.jpg","width":1280,"height":720,"caption":"Carteira de Trabalho - Cr\u00e9ditos: depositphotos.com \/ rafapress"},{"@type":"BreadcrumbList","@id":"https:\/\/www.em.com.br\/emfoco\/2025\/02\/11\/novidades-sobre-o-salario-minimo-2025-o-que-mudou\/#breadcrumb","itemListElement":[{"@type":"ListItem","position":1,"name":"In\u00edcio","item":"https:\/\/www.em.com.br\/emfoco\/"},{"@type":"ListItem","position":2,"name":"Novidades sobre o novo Sal\u00e1rio M\u00ednimo 2025, o que mudou?"}]},{"@type":"WebSite","@id":"https:\/\/www.em.com.br\/emfoco\/#website","url":"https:\/\/www.em.com.br\/emfoco\/","name":"Estado de Minas - Em foco","description":"Acompanhe as \u00faltimas not\u00edcias e fique bem informado sobre tudo o que acontece em Minas Gerais, Brasil e no mundo.","potentialAction":[{"@type":"SearchAction","target":{"@type":"EntryPoint","urlTemplate":"https:\/\/www.em.com.br\/emfoco\/?s={search_term_string}"},"query-input":{"@type":"PropertyValueSpecification","valueRequired":true,"valueName":"search_term_string"}}],"inLanguage":"pt-BR"},{"@type":"Person","@id":"https:\/\/www.em.com.br\/emfoco\/#\/schema\/person\/fb0a7f48c6fbb94b83f413a80f61917d","name":"Kelvin","image":{"@type":"ImageObject","inLanguage":"pt-BR","@id":"https:\/\/www.em.com.br\/emfoco\/#\/schema\/person\/image\/","url":"https:\/\/secure.gravatar.com\/avatar\/e74f84337e6bf6c4c5e88fbdffa05270?s=96&d=mm&r=g","contentUrl":"https:\/\/secure.gravatar.com\/avatar\/e74f84337e6bf6c4c5e88fbdffa05270?s=96&d=mm&r=g","caption":"Kelvin"},"sameAs":["https:\/\/www.em.com.br\/emfoco"],"url":"https:\/\/www.em.com.br\/emfoco\/author\/kelvinmyth\/"}]}},"_links":{"self":[{"href":"https:\/\/www.em.com.br\/emfoco\/wp-json\/wp\/v2\/posts\/18255","targetHints":{"allow":["GET"]}}],"collection":[{"href":"https:\/\/www.em.com.br\/emfoco\/wp-json\/wp\/v2\/posts"}],"about":[{"href":"https:\/\/www.em.com.br\/emfoco\/wp-json\/wp\/v2\/types\/post"}],"author":[{"embeddable":true,"href":"https:\/\/www.em.com.br\/emfoco\/wp-json\/wp\/v2\/users\/7"}],"replies":[{"embeddable":true,"href":"https:\/\/www.em.com.br\/emfoco\/wp-json\/wp\/v2\/comments?post=18255"}],"version-history":[{"count":3,"href":"https:\/\/www.em.com.br\/emfoco\/wp-json\/wp\/v2\/posts\/18255\/revisions"}],"predecessor-version":[{"id":18473,"href":"https:\/\/www.em.com.br\/emfoco\/wp-json\/wp\/v2\/posts\/18255\/revisions\/18473"}],"wp:featuredmedia":[{"embeddable":true,"href":"https:\/\/www.em.com.br\/emfoco\/wp-json\/wp\/v2\/media\/1929"}],"wp:attachment":[{"href":"https:\/\/www.em.com.br\/emfoco\/wp-json\/wp\/v2\/media?parent=18255"}],"wp:term":[{"taxonomy":"category","embeddable":true,"href":"https:\/\/www.em.com.br\/emfoco\/wp-json\/wp\/v2\/categories?post=18255"},{"taxonomy":"post_tag","embeddable":true,"href":"https:\/\/www.em.com.br\/emfoco\/wp-json\/wp\/v2\/tags?post=18255"}],"curies":[{"name":"wp","href":"https:\/\/api.w.org\/{rel}","templated":true}]}}