{"id":182537,"date":"2026-03-18T14:35:24","date_gmt":"2026-03-18T17:35:24","guid":{"rendered":"https:\/\/www.em.com.br\/emfoco\/?p=182537"},"modified":"2026-03-17T18:54:23","modified_gmt":"2026-03-17T21:54:23","slug":"amassado-ou-amacado-a-regra-para-voce-nunca-mais-travar-na-hora-de-escrever","status":"publish","type":"post","link":"https:\/\/www.em.com.br\/emfoco\/2026\/03\/18\/amassado-ou-amacado-a-regra-para-voce-nunca-mais-travar-na-hora-de-escrever\/","title":{"rendered":"Amassado ou ama\u00e7ado, a regra para voc\u00ea nunca mais travar na hora de escrever"},"content":{"rendered":"\n<p>Voc\u00ea j\u00e1 mandou uma mensagem r\u00e1pida e travou na d\u00favida: escreve <strong>amassado<\/strong> ou \u201c<strong>ama\u00e7ado<\/strong>\u201d? Essa confus\u00e3o \u00e9 muito comum e aparece em <strong>conversas<\/strong>, bilhetes de trabalho e at\u00e9 em documentos importantes. A boa not\u00edcia \u00e9 que a norma padr\u00e3o \u00e9 bem clara sobre qual forma est\u00e1 correta e qual deve ser evitada, mesmo que ambas pare\u00e7am soar praticamente iguais no dia a dia.<\/p>\n\n\n\n<h2 class=\"wp-block-heading\">O que significa amassado no uso do dia a dia<\/h2>\n\n\n\n<p>Na l\u00edngua portuguesa, <strong>amassado<\/strong> \u00e9 o partic\u00edpio do verbo <strong>amassar<\/strong>, usado quando algo foi pressionado, deformado ou <strong>achatado<\/strong>. Se voc\u00ea diz que um papel est\u00e1 amassado, est\u00e1 dizendo que ele perdeu a forma original e ficou cheio de vincos, dobras e marcas vis\u00edveis.<\/p>\n\n\n\n<p>Esse sentido vale para v\u00e1rias situa\u00e7\u00f5es do cotidiano, como roupas <strong>amarrotadas<\/strong>, frutas deformadas ou latinhas danificadas. Em todos esses contextos, a ideia central \u00e9 a mesma: algo que foi pressionado e j\u00e1 n\u00e3o est\u00e1 mais liso, bonito ou com a apar\u00eancia <strong>inteira<\/strong> de antes.<\/p>\n\n\n\n<figure class=\"wp-block-embed is-type-rich is-provider-pinterest wp-block-embed-pinterest\"><div class=\"wp-block-embed__wrapper\">\n<iframe loading=\"lazy\" title=\"\u00c7 ou SS ? #portugues #grafia #ortografia #concursopublico #concurso #concurso #fy #estudar\" src=\"https:\/\/assets.pinterest.com\/ext\/embed.html?id=366058275986549749&#038;src=oembed\" height=\"899\" width=\"450\" frameborder=\"0\" scrolling=\"no\" ><\/iframe>\n<\/div><\/figure>\n\n\n\n<p>Leia tamb\u00e9m:&nbsp;<a href=\"https:\/\/www.em.com.br\/emfoco\/2026\/02\/23\/as-curiosidades-mais-impressionantes-sobre-a-visao-dos-gatos-e-o-que-elas-significam\/\" target=\"_blank\" rel=\"noopener\">As curiosidades mais impressionantes sobre a vis\u00e3o dos gatos e o que elas significam<\/a><\/p>\n\n\n\n<h2 class=\"wp-block-heading\">Amassado ou ama\u00e7ado qual \u00e9 a forma correta<\/h2>\n\n\n\n<p>A d\u00favida entre <strong>amassado<\/strong> e \u201c<strong>ama\u00e7ado<\/strong>\u201d surge porque, em muitas regi\u00f5es do Brasil, o som de \u201css\u201d e \u201c\u00e7\u201d \u00e9 muito parecido. Muita gente acha que as duas formas existem, mas, de acordo com dicion\u00e1rios e gram\u00e1ticas atuais, apenas <strong>amassado<\/strong> \u00e9 reconhecido como grafia correta.<\/p>\n\n\n\n<p>Se voc\u00ea procurar \u201c<strong>ama\u00e7ado<\/strong>\u201d em obras de refer\u00eancia confi\u00e1veis, n\u00e3o vai encontrar o termo registrado como palavra v\u00e1lida. Por isso, em textos escolares, reda\u00e7\u00f5es de vestibular, e-mails profissionais ou provas, a grafia com \u201c\u00e7\u201d deve ser evitada para manter a escrita mais clara e <strong>adequada<\/strong>.<\/p>\n\n\n\n<h2 class=\"wp-block-heading\">Por que a palavra amassado \u00e9 escrita com dois s<\/h2>\n\n\n\n<p>A explica\u00e7\u00e3o para a grafia de <strong>amassado<\/strong> est\u00e1 na origem da palavra, que vem diretamente de <strong>massa<\/strong>. Primeiro temos o substantivo \u201cmassa\u201d, depois o verbo \u201camassar\u201d, e, como consequ\u00eancia natural, o partic\u00edpio <strong>amassado<\/strong>, sempre mantendo o \u201css\u201d no meio da palavra.<\/p>\n\n\n\n<p>J\u00e1 o \u201c\u00e7\u201d costuma aparecer em palavras de outra origem, como <strong>ra\u00e7\u00e3o<\/strong>, cabe\u00e7a ou bra\u00e7o, sem rela\u00e7\u00e3o com o grupo formado por massa, amassar e amassado. Lembrar dessa \u201cfam\u00edlia\u201d de palavras ajuda muito a fixar a ortografia correta e a evitar deslizes em textos formais, provas e <strong>mensagens<\/strong> importantes.<\/p>\n\n\n\n<p>Para voc\u00ea que gosta de aprender, separamos um v\u00eddeo do canal <a href=\"https:\/\/www.youtube.com\/@tiago_buranello\" target=\"_blank\" rel=\"noreferrer noopener\">Portugu\u00eas F\u00e1cil<\/a> com dicas para de quando usar o SS ou \u00c7:<\/p>\n\n\n\n<figure class=\"wp-block-embed is-type-video is-provider-youtube wp-block-embed-youtube wp-embed-aspect-16-9 wp-has-aspect-ratio\"><div class=\"wp-block-embed__wrapper\">\n<div class=\"jeg_video_container jeg_video_content\"><iframe loading=\"lazy\" title=\"Aula de ORTOGRAFIA  - uso do \u00c7, SS e SC | Parte 2\" width=\"500\" height=\"281\" src=\"https:\/\/www.youtube.com\/embed\/m7OykBqca5s?feature=oembed\" frameborder=\"0\" allow=\"accelerometer; autoplay; clipboard-write; encrypted-media; gyroscope; picture-in-picture; web-share\" referrerpolicy=\"strict-origin-when-cross-origin\" allowfullscreen><\/iframe><\/div>\n<\/div><\/figure>\n\n\n\n<h2 class=\"wp-block-heading\">Como evitar erros com a palavra amassado no cotidiano<\/h2>\n\n\n\n<p>Se voc\u00ea sempre trava na hora de escrever <strong>amassado<\/strong>, vale adotar alguns truques simples de memoriza\u00e7\u00e3o. A ideia \u00e9 criar associa\u00e7\u00f5es f\u00e1ceis de lembrar e buscar confirma\u00e7\u00e3o em fontes confi\u00e1veis sempre que surgir aquela d\u00favida r\u00e1pida na cabe\u00e7a.<\/p>\n\n\n\n<ul class=\"wp-block-list\">\n<li>Lembrar da palavra-base <strong>massa<\/strong> sempre que bater a incerteza;<\/li>\n\n\n\n<li>Relacionar o verbo <strong>amassar<\/strong> ao ato de mexer uma massa f\u00edsica ou metaf\u00f3rica;<\/li>\n\n\n\n<li>Conferir a grafia em dicion\u00e1rios on-line ou impressos em caso de hesita\u00e7\u00e3o;<\/li>\n\n\n\n<li>Evitar copiar grafias vistas em an\u00fancios ou postagens sem checar a <strong>corre\u00e7\u00e3o<\/strong>;<\/li>\n\n\n\n<li>Praticar o uso da palavra em frases curtas, exerc\u00edcios e pequenos <strong>textos<\/strong>.<\/li>\n<\/ul>\n\n\n\n<p>Ao reconhecer esses contextos e associ\u00e1-los sempre \u00e0 grafia com dois \u201cs\u201d, a d\u00favida entre <strong>amassado<\/strong> e \u201cama\u00e7ado\u201d tende a desaparecer. Com o tempo, escrever a forma correta se torna t\u00e3o natural quanto falar, deixando sua comunica\u00e7\u00e3o mais clara, segura e bem <strong>cuidada<\/strong>.<\/p>\n","protected":false},"excerpt":{"rendered":"<p>Voc\u00ea j\u00e1 mandou uma mensagem r\u00e1pida e travou na d\u00favida: escreve amassado ou \u201cama\u00e7ado\u201d? Essa confus\u00e3o \u00e9 muito comum e aparece em conversas, bilhetes de trabalho e at\u00e9 em documentos importantes. A boa not\u00edcia \u00e9 que a norma padr\u00e3o \u00e9 bem clara sobre qual forma est\u00e1 correta e qual deve ser evitada, mesmo que ambas [&hellip;]<\/p>\n","protected":false},"author":9,"featured_media":182586,"comment_status":"open","ping_status":"open","sticky":false,"template":"","format":"standard","meta":{"jnews-multi-image_gallery":[],"jnews_single_post":{"format":"standard"},"jnews_primary_category":[],"jnews_social_meta":[],"jnews_override_counter":[],"footnotes":""},"categories":[8819,1],"tags":[26369,26368,26370],"class_list":["post-182537","post","type-post","status-publish","format-standard","has-post-thumbnail","hentry","category-curiosidades","category-noticias","tag-amacado","tag-amassada","tag-erro-de-lingua"],"yoast_head":"<!-- This site is optimized with the Yoast SEO plugin v23.8 - https:\/\/yoast.com\/wordpress\/plugins\/seo\/ -->\n<title>Amassado ou ama\u00e7ado, a regra para voc\u00ea nunca mais travar na hora de escrever - Estado de Minas - Em foco<\/title>\n<meta name=\"description\" content=\"Aprenda se o correto \u00e9 amassado ou ama\u00e7ado e entenda a regra gramatical para nunca mais errar em seus textos.\" \/>\n<meta name=\"robots\" content=\"index, follow, max-snippet:-1, max-image-preview:large, max-video-preview:-1\" \/>\n<link rel=\"canonical\" href=\"https:\/\/www.em.com.br\/emfoco\/2026\/03\/18\/amassado-ou-amacado-a-regra-para-voce-nunca-mais-travar-na-hora-de-escrever\/\" \/>\n<meta property=\"og:locale\" content=\"pt_BR\" \/>\n<meta property=\"og:type\" content=\"article\" \/>\n<meta property=\"og:title\" content=\"Amassado ou ama\u00e7ado, a regra para voc\u00ea nunca mais travar na hora de escrever - Estado de Minas - Em foco\" \/>\n<meta property=\"og:description\" content=\"Aprenda se o correto \u00e9 amassado ou ama\u00e7ado e entenda a regra gramatical para nunca mais errar em seus textos.\" \/>\n<meta property=\"og:url\" content=\"https:\/\/www.em.com.br\/emfoco\/2026\/03\/18\/amassado-ou-amacado-a-regra-para-voce-nunca-mais-travar-na-hora-de-escrever\/\" \/>\n<meta property=\"og:site_name\" content=\"Estado de Minas - Em foco\" \/>\n<meta property=\"article:published_time\" content=\"2026-03-18T17:35:24+00:00\" \/>\n<meta property=\"article:modified_time\" content=\"2026-03-17T21:54:23+00:00\" \/>\n<meta property=\"og:image\" content=\"https:\/\/www.em.com.br\/emfoco\/wp-content\/uploads\/2026\/03\/pensando_1773784443089.jpg\" \/>\n\t<meta property=\"og:image:width\" content=\"1280\" \/>\n\t<meta property=\"og:image:height\" content=\"720\" \/>\n\t<meta property=\"og:image:type\" content=\"image\/jpeg\" \/>\n<meta name=\"author\" content=\"Daniely Cardoso\" \/>\n<meta name=\"twitter:card\" content=\"summary_large_image\" \/>\n<meta name=\"twitter:label1\" content=\"Escrito por\" \/>\n\t<meta name=\"twitter:data1\" content=\"Daniely Cardoso\" \/>\n\t<meta name=\"twitter:label2\" content=\"Est. tempo de leitura\" \/>\n\t<meta name=\"twitter:data2\" content=\"4 minutos\" \/>\n<!-- \/ Yoast SEO plugin. -->","yoast_head_json":{"title":"Amassado ou ama\u00e7ado, a regra para voc\u00ea nunca mais travar na hora de escrever - Estado de Minas - Em foco","description":"Aprenda se o correto \u00e9 amassado ou ama\u00e7ado e entenda a regra gramatical para nunca mais errar em seus textos.","robots":{"index":"index","follow":"follow","max-snippet":"max-snippet:-1","max-image-preview":"max-image-preview:large","max-video-preview":"max-video-preview:-1"},"canonical":"https:\/\/www.em.com.br\/emfoco\/2026\/03\/18\/amassado-ou-amacado-a-regra-para-voce-nunca-mais-travar-na-hora-de-escrever\/","og_locale":"pt_BR","og_type":"article","og_title":"Amassado ou ama\u00e7ado, a regra para voc\u00ea nunca mais travar na hora de escrever - Estado de Minas - Em foco","og_description":"Aprenda se o correto \u00e9 amassado ou ama\u00e7ado e entenda a regra gramatical para nunca mais errar em seus textos.","og_url":"https:\/\/www.em.com.br\/emfoco\/2026\/03\/18\/amassado-ou-amacado-a-regra-para-voce-nunca-mais-travar-na-hora-de-escrever\/","og_site_name":"Estado de Minas - Em foco","article_published_time":"2026-03-18T17:35:24+00:00","article_modified_time":"2026-03-17T21:54:23+00:00","og_image":[{"width":1280,"height":720,"url":"https:\/\/www.em.com.br\/emfoco\/wp-content\/uploads\/2026\/03\/pensando_1773784443089.jpg","type":"image\/jpeg"}],"author":"Daniely Cardoso","twitter_card":"summary_large_image","twitter_misc":{"Escrito por":"Daniely Cardoso","Est. tempo de leitura":"4 minutos"},"schema":{"@context":"https:\/\/schema.org","@graph":[{"@type":"WebPage","@id":"https:\/\/www.em.com.br\/emfoco\/2026\/03\/18\/amassado-ou-amacado-a-regra-para-voce-nunca-mais-travar-na-hora-de-escrever\/","url":"https:\/\/www.em.com.br\/emfoco\/2026\/03\/18\/amassado-ou-amacado-a-regra-para-voce-nunca-mais-travar-na-hora-de-escrever\/","name":"Amassado ou ama\u00e7ado, a regra para voc\u00ea nunca mais travar na hora de escrever - Estado de Minas - Em foco","isPartOf":{"@id":"https:\/\/www.em.com.br\/emfoco\/#website"},"primaryImageOfPage":{"@id":"https:\/\/www.em.com.br\/emfoco\/2026\/03\/18\/amassado-ou-amacado-a-regra-para-voce-nunca-mais-travar-na-hora-de-escrever\/#primaryimage"},"image":{"@id":"https:\/\/www.em.com.br\/emfoco\/2026\/03\/18\/amassado-ou-amacado-a-regra-para-voce-nunca-mais-travar-na-hora-de-escrever\/#primaryimage"},"thumbnailUrl":"https:\/\/www.em.com.br\/emfoco\/wp-content\/uploads\/2026\/03\/pensando_1773784443089.jpg","datePublished":"2026-03-18T17:35:24+00:00","dateModified":"2026-03-17T21:54:23+00:00","author":{"@id":"https:\/\/www.em.com.br\/emfoco\/#\/schema\/person\/0a8186d72f2c3a5c6276d90b41f271a0"},"description":"Aprenda se o correto \u00e9 amassado ou ama\u00e7ado e entenda a regra gramatical para nunca mais errar em seus textos.","breadcrumb":{"@id":"https:\/\/www.em.com.br\/emfoco\/2026\/03\/18\/amassado-ou-amacado-a-regra-para-voce-nunca-mais-travar-na-hora-de-escrever\/#breadcrumb"},"inLanguage":"pt-BR","potentialAction":[{"@type":"ReadAction","target":["https:\/\/www.em.com.br\/emfoco\/2026\/03\/18\/amassado-ou-amacado-a-regra-para-voce-nunca-mais-travar-na-hora-de-escrever\/"]}]},{"@type":"ImageObject","inLanguage":"pt-BR","@id":"https:\/\/www.em.com.br\/emfoco\/2026\/03\/18\/amassado-ou-amacado-a-regra-para-voce-nunca-mais-travar-na-hora-de-escrever\/#primaryimage","url":"https:\/\/www.em.com.br\/emfoco\/wp-content\/uploads\/2026\/03\/pensando_1773784443089.jpg","contentUrl":"https:\/\/www.em.com.br\/emfoco\/wp-content\/uploads\/2026\/03\/pensando_1773784443089.jpg","width":1280,"height":720,"caption":"Na l\u00edngua portuguesa, amassado \u00e9 o partic\u00edpio do verbo amassar, usado quando algo foi pressionado, deformado ou achatado. - Cr\u00e9ditos: depositphotos.com \/ VitalikRadko"},{"@type":"BreadcrumbList","@id":"https:\/\/www.em.com.br\/emfoco\/2026\/03\/18\/amassado-ou-amacado-a-regra-para-voce-nunca-mais-travar-na-hora-de-escrever\/#breadcrumb","itemListElement":[{"@type":"ListItem","position":1,"name":"In\u00edcio","item":"https:\/\/www.em.com.br\/emfoco\/"},{"@type":"ListItem","position":2,"name":"Amassado ou ama\u00e7ado, a regra para voc\u00ea nunca mais travar na hora de escrever"}]},{"@type":"WebSite","@id":"https:\/\/www.em.com.br\/emfoco\/#website","url":"https:\/\/www.em.com.br\/emfoco\/","name":"Estado de Minas - Em foco","description":"Acompanhe as \u00faltimas not\u00edcias e fique bem informado sobre tudo o que acontece em Minas Gerais, Brasil e no mundo.","potentialAction":[{"@type":"SearchAction","target":{"@type":"EntryPoint","urlTemplate":"https:\/\/www.em.com.br\/emfoco\/?s={search_term_string}"},"query-input":{"@type":"PropertyValueSpecification","valueRequired":true,"valueName":"search_term_string"}}],"inLanguage":"pt-BR"},{"@type":"Person","@id":"https:\/\/www.em.com.br\/emfoco\/#\/schema\/person\/0a8186d72f2c3a5c6276d90b41f271a0","name":"Daniely Cardoso","image":{"@type":"ImageObject","inLanguage":"pt-BR","@id":"https:\/\/www.em.com.br\/emfoco\/#\/schema\/person\/image\/","url":"https:\/\/secure.gravatar.com\/avatar\/4b80ddbd124d1f071b626d52d62e5dff?s=96&d=mm&r=g","contentUrl":"https:\/\/secure.gravatar.com\/avatar\/4b80ddbd124d1f071b626d52d62e5dff?s=96&d=mm&r=g","caption":"Daniely Cardoso"},"url":"https:\/\/www.em.com.br\/emfoco\/author\/danielymyth\/"}]}},"_links":{"self":[{"href":"https:\/\/www.em.com.br\/emfoco\/wp-json\/wp\/v2\/posts\/182537","targetHints":{"allow":["GET"]}}],"collection":[{"href":"https:\/\/www.em.com.br\/emfoco\/wp-json\/wp\/v2\/posts"}],"about":[{"href":"https:\/\/www.em.com.br\/emfoco\/wp-json\/wp\/v2\/types\/post"}],"author":[{"embeddable":true,"href":"https:\/\/www.em.com.br\/emfoco\/wp-json\/wp\/v2\/users\/9"}],"replies":[{"embeddable":true,"href":"https:\/\/www.em.com.br\/emfoco\/wp-json\/wp\/v2\/comments?post=182537"}],"version-history":[{"count":2,"href":"https:\/\/www.em.com.br\/emfoco\/wp-json\/wp\/v2\/posts\/182537\/revisions"}],"predecessor-version":[{"id":182587,"href":"https:\/\/www.em.com.br\/emfoco\/wp-json\/wp\/v2\/posts\/182537\/revisions\/182587"}],"wp:featuredmedia":[{"embeddable":true,"href":"https:\/\/www.em.com.br\/emfoco\/wp-json\/wp\/v2\/media\/182586"}],"wp:attachment":[{"href":"https:\/\/www.em.com.br\/emfoco\/wp-json\/wp\/v2\/media?parent=182537"}],"wp:term":[{"taxonomy":"category","embeddable":true,"href":"https:\/\/www.em.com.br\/emfoco\/wp-json\/wp\/v2\/categories?post=182537"},{"taxonomy":"post_tag","embeddable":true,"href":"https:\/\/www.em.com.br\/emfoco\/wp-json\/wp\/v2\/tags?post=182537"}],"curies":[{"name":"wp","href":"https:\/\/api.w.org\/{rel}","templated":true}]}}