{"id":182536,"date":"2026-03-18T14:25:20","date_gmt":"2026-03-18T17:25:20","guid":{"rendered":"https:\/\/www.em.com.br\/emfoco\/?p=182536"},"modified":"2026-03-17T19:31:07","modified_gmt":"2026-03-17T22:31:07","slug":"adeus-cabelo-sem-forma-o-corte-que-cria-movimento-e-leveza-em-poucos-minutos","status":"publish","type":"post","link":"https:\/\/www.em.com.br\/emfoco\/2026\/03\/18\/adeus-cabelo-sem-forma-o-corte-que-cria-movimento-e-leveza-em-poucos-minutos\/","title":{"rendered":"Adeus cabelo sem forma: o corte que cria movimento e leveza em poucos minutos"},"content":{"rendered":"\n<p>Voc\u00ea j\u00e1 se olhou no espelho e sentiu que o cabelo est\u00e1 ali, comprido, bem cuidado, mas sem gra\u00e7a, sem vida e sem balan\u00e7o? Esse inc\u00f4modo \u00e9 mais comum do que parece, e por isso, em 2026, a busca por um visual mais leve, com fios cheios de movimento e apar\u00eancia <strong>natural<\/strong> vem ganhando ainda mais espa\u00e7o nos sal\u00f5es de <strong>beleza<\/strong>.&nbsp;<\/p>\n\n\n\n<h2 class=\"wp-block-heading\">O que \u00e9 o corte que cria movimento e leveza nos cabelos<\/h2>\n\n\n\n<p>A express\u00e3o <strong>\u201ccorte que cria movimento e leveza\u201d<\/strong> costuma se referir a t\u00e9cnicas baseadas em camadas suaves, pontas desconectadas e ajuste de <strong>volume<\/strong>. N\u00e3o \u00e9 um \u00fanico modelo fixo, mas um conjunto de recursos que o cabeleireiro adapta ao tipo de fio, ao estilo de vida e ao desejo de cada <strong>pessoa<\/strong>. A palavra-chave \u00e9 <strong>personaliza\u00e7\u00e3o<\/strong>, porque o mesmo m\u00e9todo nunca funciona igual em todos os cabelos.<\/p>\n\n\n\n<p>No dia a dia, esse corte afasta o efeito de \u201cbloco \u00fanico\u201d e traz uma sensa\u00e7\u00e3o de cabelo mais solto e <strong>din\u00e2mico<\/strong>. O profissional trabalha mechas internas e extremidades, tirando peso onde h\u00e1 excesso e preservando massa onde o fio precisa de <strong>sustenta\u00e7\u00e3o<\/strong>. Assim, o cabelo cai de forma mais natural, com balan\u00e7o vis\u00edvel ao caminhar, prender, soltar os fios ou apenas passar a m\u00e3o de forma mais <strong>descontra\u00edda<\/strong>.<\/p>\n\n\n\n<figure class=\"wp-block-embed is-type-rich is-provider-pinterest wp-block-embed-pinterest\"><div class=\"wp-block-embed__wrapper\">\n<iframe loading=\"lazy\" title=\" \" src=\"https:\/\/assets.pinterest.com\/ext\/embed.html?id=1125968735722801&#038;src=oembed\" height=\"899\" width=\"450\" frameborder=\"0\" scrolling=\"no\" ><\/iframe>\n<\/div><\/figure>\n\n\n\n<p>Leia tamb\u00e9m:&nbsp;<a href=\"https:\/\/www.em.com.br\/emfoco\/2026\/03\/17\/autoridades-ordenam-a-retirada-do-mercado-de-analgesicos-antiacidos-remedios-para-resfriado-e-outros-produtos-de-um-laboratorio\/\" target=\"_blank\" rel=\"noopener\">Autoridades ordenam a retirada do mercado de analg\u00e9sicos, anti\u00e1cidos, rem\u00e9dios para resfriado e outros produtos de um laborat\u00f3rio&nbsp;<\/a><\/p>\n\n\n\n<h2 class=\"wp-block-heading\">Quais s\u00e3o as t\u00e9cnicas mais usadas para dar leveza<\/h2>\n\n\n\n<p>Para chegar a esse efeito mais leve, o profissional combina t\u00e9cnicas simples, mas cheias de <strong>inten\u00e7\u00e3o<\/strong>. O segredo est\u00e1 em entender como o cabelo se comporta seco, como a pessoa costuma arrumar os fios e qual \u00e9 o n\u00edvel de praticidade que ela busca na <strong>rotina<\/strong>. A partir da\u00ed, ele escolhe os recursos que v\u00e3o valorizar o visual sem exigir muitas horas em frente ao <strong>espelho<\/strong>.<\/p>\n\n\n\n<ul class=\"wp-block-list\">\n<li><strong>Camadas longas:<\/strong> indicadas para quem quer manter o comprimento e ganhar movimento sem perder a sensa\u00e7\u00e3o de cabelo cheio.<\/li>\n\n\n\n<li><strong>Desfiado ou repicado leve:<\/strong> usado para dar textura nas pontas, tirando a marca\u00e7\u00e3o reta e criando um toque mais suave.<\/li>\n\n\n\n<li><strong>Corte em U ou em V:<\/strong> ajuda a deixar as laterais mais leves e a parte de tr\u00e1s com caimento mais fluido e natural.<\/li>\n\n\n\n<li><strong>Franja longa ou cortina:<\/strong> emoldura o rosto sem pesar, trazendo um ar moderno e f\u00e1cil de estilizar no dia a dia.<\/li>\n<\/ul>\n\n\n\n<p>Para voc\u00ea que gosta de se cuidar, separamos um v\u00eddeo do canal da <a href=\"https:\/\/www.youtube.com\/@mabs\" target=\"_blank\" rel=\"noreferrer noopener\">Mabs<\/a> mostrando como fazer o corte de cabelo em casa:<\/p>\n\n\n\n<figure class=\"wp-block-embed is-type-video is-provider-youtube wp-block-embed-youtube wp-embed-aspect-16-9 wp-has-aspect-ratio\"><div class=\"wp-block-embed__wrapper\">\n<div class=\"jeg_video_container jeg_video_content\"><iframe loading=\"lazy\" title=\"Meu corte de cabelo - Corte em camadas + como eu corto\ud83e\udd0d\u2702\ufe0f\u27bf\" width=\"500\" height=\"281\" src=\"https:\/\/www.youtube.com\/embed\/9OKFjnAqdZA?feature=oembed\" frameborder=\"0\" allow=\"accelerometer; autoplay; clipboard-write; encrypted-media; gyroscope; picture-in-picture; web-share\" referrerpolicy=\"strict-origin-when-cross-origin\" allowfullscreen><\/iframe><\/div>\n<\/div><\/figure>\n\n\n\n<h2 class=\"wp-block-heading\">Como o corte cria movimento em poucos minutos<\/h2>\n\n\n\n<p>O chamado <strong>corte que cria movimento e leveza em poucos minutos<\/strong> \u00e9 r\u00e1pido porque costuma ser feito com ajustes pontuais, e n\u00e3o com uma mudan\u00e7a radical de <strong>forma<\/strong>. Em muitos casos, o profissional apenas redesenha camadas, aparando pontas e mexendo em pontos estrat\u00e9gicos de <strong>volume<\/strong>. Isso deixa a manuten\u00e7\u00e3o mais \u00e1gil, ideal para quem tem rotina corrida, mas n\u00e3o abre m\u00e3o de um visual mais <strong>cuidadoso<\/strong>.<\/p>\n\n\n\n<p>De forma geral, o passo a passo inclui observar textura, densidade e formato do <strong>rosto<\/strong>, decidir onde tirar peso e criar camadas graduais para evitar falhas vis\u00edveis. Depois, vem o acabamento com secagem e pequenos <strong>ajustes<\/strong>, que ajudam o cabelo a se mover com naturalidade. Em cabelos m\u00e9dios e longos, \u00e9 comum sair do sal\u00e3o com a sensa\u00e7\u00e3o imediata de fios mais leves e com <strong>balan\u00e7o<\/strong>.<\/p>\n\n\n\n<figure class=\"wp-block-embed is-type-rich is-provider-pinterest wp-block-embed-pinterest\"><div class=\"wp-block-embed__wrapper\">\n<iframe loading=\"lazy\" title=\" \" src=\"https:\/\/assets.pinterest.com\/ext\/embed.html?id=140806234883201&#038;src=oembed\" height=\"898\" width=\"450\" frameborder=\"0\" scrolling=\"no\" ><\/iframe>\n<\/div><\/figure>\n\n\n\n<h2 class=\"wp-block-heading\">Quem mais se beneficia do corte que d\u00e1 leveza<\/h2>\n\n\n\n<p>Esse tipo de <strong>corte<\/strong> \u00e9 vers\u00e1til, mas algumas pessoas sentem a diferen\u00e7a logo na primeira vez. Cabelos muito cheios, grossos ou que armam sem defini\u00e7\u00e3o costumam responder bem \u00e0s camadas que redistribuem o <strong>volume<\/strong>. J\u00e1 fios finos e murchos podem ganhar apar\u00eancia de maior densidade quando o desfiado \u00e9 feito com cuidado e em pontos bem <strong>estrat\u00e9gicos<\/strong>.<\/p>\n\n\n\n<p>Em geral, procuram esse corte quem sente que o cabelo est\u00e1 \u201cparado\u201d, quer manter o comprimento, usa pouco secador ou mora em lugares quentes e <strong>\u00famidos<\/strong>. O hist\u00f3rico de qu\u00edmica tamb\u00e9m entra na avalia\u00e7\u00e3o, porque fios com colora\u00e7\u00e3o ou alisamento pedem uma retirada de peso mais suave, para n\u00e3o comprometer a for\u00e7a e a <strong>sa\u00fade<\/strong> da fibra capilar e evitar quebra ou efeito ainda mais <strong>ressecado<\/strong>.<\/p>\n","protected":false},"excerpt":{"rendered":"<p>Voc\u00ea j\u00e1 se olhou no espelho e sentiu que o cabelo est\u00e1 ali, comprido, bem cuidado, mas sem gra\u00e7a, sem vida e sem balan\u00e7o? Esse inc\u00f4modo \u00e9 mais comum do que parece, e por isso, em 2026, a busca por um visual mais leve, com fios cheios de movimento e apar\u00eancia natural vem ganhando ainda [&hellip;]<\/p>\n","protected":false},"author":9,"featured_media":169012,"comment_status":"open","ping_status":"open","sticky":false,"template":"","format":"standard","meta":{"jnews-multi-image_gallery":[],"jnews_single_post":{"format":"standard"},"jnews_primary_category":[],"jnews_social_meta":[],"jnews_override_counter":[],"footnotes":""},"categories":[8819,1],"tags":[2616,4905,5257,8564],"class_list":["post-182536","post","type-post","status-publish","format-standard","has-post-thumbnail","hentry","category-curiosidades","category-noticias","tag-beleza","tag-cabelo","tag-corte","tag-franja"],"yoast_head":"<!-- This site is optimized with the Yoast SEO plugin v23.8 - https:\/\/yoast.com\/wordpress\/plugins\/seo\/ -->\n<title>Adeus cabelo sem forma: o corte que cria movimento e leveza em poucos minutos - Estado de Minas - Em foco<\/title>\n<meta name=\"description\" content=\"Aprenda como o corte em camadas e pontas desconectadas traz leveza e movimento natural aos fios sem perder o comprimento.\" \/>\n<meta name=\"robots\" content=\"index, follow, max-snippet:-1, max-image-preview:large, max-video-preview:-1\" \/>\n<link rel=\"canonical\" href=\"https:\/\/www.em.com.br\/emfoco\/2026\/03\/18\/adeus-cabelo-sem-forma-o-corte-que-cria-movimento-e-leveza-em-poucos-minutos\/\" \/>\n<meta property=\"og:locale\" content=\"pt_BR\" \/>\n<meta property=\"og:type\" content=\"article\" \/>\n<meta property=\"og:title\" content=\"Adeus cabelo sem forma: o corte que cria movimento e leveza em poucos minutos - Estado de Minas - Em foco\" \/>\n<meta property=\"og:description\" content=\"Aprenda como o corte em camadas e pontas desconectadas traz leveza e movimento natural aos fios sem perder o comprimento.\" \/>\n<meta property=\"og:url\" content=\"https:\/\/www.em.com.br\/emfoco\/2026\/03\/18\/adeus-cabelo-sem-forma-o-corte-que-cria-movimento-e-leveza-em-poucos-minutos\/\" \/>\n<meta property=\"og:site_name\" content=\"Estado de Minas - Em foco\" \/>\n<meta property=\"article:published_time\" content=\"2026-03-18T17:25:20+00:00\" \/>\n<meta property=\"article:modified_time\" content=\"2026-03-17T22:31:07+00:00\" \/>\n<meta property=\"og:image\" content=\"https:\/\/www.em.com.br\/emfoco\/wp-content\/uploads\/2026\/02\/Gemini_Generated_Image_7nnu5z7nnu5z7nnu-2.png\" \/>\n\t<meta property=\"og:image:width\" content=\"1280\" \/>\n\t<meta property=\"og:image:height\" content=\"720\" \/>\n\t<meta property=\"og:image:type\" content=\"image\/png\" \/>\n<meta name=\"author\" content=\"Daniely Cardoso\" \/>\n<meta name=\"twitter:card\" content=\"summary_large_image\" \/>\n<meta name=\"twitter:label1\" content=\"Escrito por\" \/>\n\t<meta name=\"twitter:data1\" content=\"Daniely Cardoso\" \/>\n\t<meta name=\"twitter:label2\" content=\"Est. tempo de leitura\" \/>\n\t<meta name=\"twitter:data2\" content=\"4 minutos\" \/>\n<!-- \/ Yoast SEO plugin. -->","yoast_head_json":{"title":"Adeus cabelo sem forma: o corte que cria movimento e leveza em poucos minutos - Estado de Minas - Em foco","description":"Aprenda como o corte em camadas e pontas desconectadas traz leveza e movimento natural aos fios sem perder o comprimento.","robots":{"index":"index","follow":"follow","max-snippet":"max-snippet:-1","max-image-preview":"max-image-preview:large","max-video-preview":"max-video-preview:-1"},"canonical":"https:\/\/www.em.com.br\/emfoco\/2026\/03\/18\/adeus-cabelo-sem-forma-o-corte-que-cria-movimento-e-leveza-em-poucos-minutos\/","og_locale":"pt_BR","og_type":"article","og_title":"Adeus cabelo sem forma: o corte que cria movimento e leveza em poucos minutos - Estado de Minas - Em foco","og_description":"Aprenda como o corte em camadas e pontas desconectadas traz leveza e movimento natural aos fios sem perder o comprimento.","og_url":"https:\/\/www.em.com.br\/emfoco\/2026\/03\/18\/adeus-cabelo-sem-forma-o-corte-que-cria-movimento-e-leveza-em-poucos-minutos\/","og_site_name":"Estado de Minas - Em foco","article_published_time":"2026-03-18T17:25:20+00:00","article_modified_time":"2026-03-17T22:31:07+00:00","og_image":[{"width":1280,"height":720,"url":"https:\/\/www.em.com.br\/emfoco\/wp-content\/uploads\/2026\/02\/Gemini_Generated_Image_7nnu5z7nnu5z7nnu-2.png","type":"image\/png"}],"author":"Daniely Cardoso","twitter_card":"summary_large_image","twitter_misc":{"Escrito por":"Daniely Cardoso","Est. tempo de leitura":"4 minutos"},"schema":{"@context":"https:\/\/schema.org","@graph":[{"@type":"WebPage","@id":"https:\/\/www.em.com.br\/emfoco\/2026\/03\/18\/adeus-cabelo-sem-forma-o-corte-que-cria-movimento-e-leveza-em-poucos-minutos\/","url":"https:\/\/www.em.com.br\/emfoco\/2026\/03\/18\/adeus-cabelo-sem-forma-o-corte-que-cria-movimento-e-leveza-em-poucos-minutos\/","name":"Adeus cabelo sem forma: o corte que cria movimento e leveza em poucos minutos - Estado de Minas - Em foco","isPartOf":{"@id":"https:\/\/www.em.com.br\/emfoco\/#website"},"primaryImageOfPage":{"@id":"https:\/\/www.em.com.br\/emfoco\/2026\/03\/18\/adeus-cabelo-sem-forma-o-corte-que-cria-movimento-e-leveza-em-poucos-minutos\/#primaryimage"},"image":{"@id":"https:\/\/www.em.com.br\/emfoco\/2026\/03\/18\/adeus-cabelo-sem-forma-o-corte-que-cria-movimento-e-leveza-em-poucos-minutos\/#primaryimage"},"thumbnailUrl":"https:\/\/www.em.com.br\/emfoco\/wp-content\/uploads\/2026\/02\/Gemini_Generated_Image_7nnu5z7nnu5z7nnu-2.png","datePublished":"2026-03-18T17:25:20+00:00","dateModified":"2026-03-17T22:31:07+00:00","author":{"@id":"https:\/\/www.em.com.br\/emfoco\/#\/schema\/person\/0a8186d72f2c3a5c6276d90b41f271a0"},"description":"Aprenda como o corte em camadas e pontas desconectadas traz leveza e movimento natural aos fios sem perder o comprimento.","breadcrumb":{"@id":"https:\/\/www.em.com.br\/emfoco\/2026\/03\/18\/adeus-cabelo-sem-forma-o-corte-que-cria-movimento-e-leveza-em-poucos-minutos\/#breadcrumb"},"inLanguage":"pt-BR","potentialAction":[{"@type":"ReadAction","target":["https:\/\/www.em.com.br\/emfoco\/2026\/03\/18\/adeus-cabelo-sem-forma-o-corte-que-cria-movimento-e-leveza-em-poucos-minutos\/"]}]},{"@type":"ImageObject","inLanguage":"pt-BR","@id":"https:\/\/www.em.com.br\/emfoco\/2026\/03\/18\/adeus-cabelo-sem-forma-o-corte-que-cria-movimento-e-leveza-em-poucos-minutos\/#primaryimage","url":"https:\/\/www.em.com.br\/emfoco\/wp-content\/uploads\/2026\/02\/Gemini_Generated_Image_7nnu5z7nnu5z7nnu-2.png","contentUrl":"https:\/\/www.em.com.br\/emfoco\/wp-content\/uploads\/2026\/02\/Gemini_Generated_Image_7nnu5z7nnu5z7nnu-2.png","width":1280,"height":720,"caption":"A express\u00e3o \u201ccorte que cria movimento e leveza\u201d costuma se referir a t\u00e9cnicas baseadas em camadas suaves"},{"@type":"BreadcrumbList","@id":"https:\/\/www.em.com.br\/emfoco\/2026\/03\/18\/adeus-cabelo-sem-forma-o-corte-que-cria-movimento-e-leveza-em-poucos-minutos\/#breadcrumb","itemListElement":[{"@type":"ListItem","position":1,"name":"In\u00edcio","item":"https:\/\/www.em.com.br\/emfoco\/"},{"@type":"ListItem","position":2,"name":"Adeus cabelo sem forma: o corte que cria movimento e leveza em poucos minutos"}]},{"@type":"WebSite","@id":"https:\/\/www.em.com.br\/emfoco\/#website","url":"https:\/\/www.em.com.br\/emfoco\/","name":"Estado de Minas - Em foco","description":"Acompanhe as \u00faltimas not\u00edcias e fique bem informado sobre tudo o que acontece em Minas Gerais, Brasil e no mundo.","potentialAction":[{"@type":"SearchAction","target":{"@type":"EntryPoint","urlTemplate":"https:\/\/www.em.com.br\/emfoco\/?s={search_term_string}"},"query-input":{"@type":"PropertyValueSpecification","valueRequired":true,"valueName":"search_term_string"}}],"inLanguage":"pt-BR"},{"@type":"Person","@id":"https:\/\/www.em.com.br\/emfoco\/#\/schema\/person\/0a8186d72f2c3a5c6276d90b41f271a0","name":"Daniely Cardoso","image":{"@type":"ImageObject","inLanguage":"pt-BR","@id":"https:\/\/www.em.com.br\/emfoco\/#\/schema\/person\/image\/","url":"https:\/\/secure.gravatar.com\/avatar\/4b80ddbd124d1f071b626d52d62e5dff?s=96&d=mm&r=g","contentUrl":"https:\/\/secure.gravatar.com\/avatar\/4b80ddbd124d1f071b626d52d62e5dff?s=96&d=mm&r=g","caption":"Daniely Cardoso"},"url":"https:\/\/www.em.com.br\/emfoco\/author\/danielymyth\/"}]}},"_links":{"self":[{"href":"https:\/\/www.em.com.br\/emfoco\/wp-json\/wp\/v2\/posts\/182536","targetHints":{"allow":["GET"]}}],"collection":[{"href":"https:\/\/www.em.com.br\/emfoco\/wp-json\/wp\/v2\/posts"}],"about":[{"href":"https:\/\/www.em.com.br\/emfoco\/wp-json\/wp\/v2\/types\/post"}],"author":[{"embeddable":true,"href":"https:\/\/www.em.com.br\/emfoco\/wp-json\/wp\/v2\/users\/9"}],"replies":[{"embeddable":true,"href":"https:\/\/www.em.com.br\/emfoco\/wp-json\/wp\/v2\/comments?post=182536"}],"version-history":[{"count":3,"href":"https:\/\/www.em.com.br\/emfoco\/wp-json\/wp\/v2\/posts\/182536\/revisions"}],"predecessor-version":[{"id":182604,"href":"https:\/\/www.em.com.br\/emfoco\/wp-json\/wp\/v2\/posts\/182536\/revisions\/182604"}],"wp:featuredmedia":[{"embeddable":true,"href":"https:\/\/www.em.com.br\/emfoco\/wp-json\/wp\/v2\/media\/169012"}],"wp:attachment":[{"href":"https:\/\/www.em.com.br\/emfoco\/wp-json\/wp\/v2\/media?parent=182536"}],"wp:term":[{"taxonomy":"category","embeddable":true,"href":"https:\/\/www.em.com.br\/emfoco\/wp-json\/wp\/v2\/categories?post=182536"},{"taxonomy":"post_tag","embeddable":true,"href":"https:\/\/www.em.com.br\/emfoco\/wp-json\/wp\/v2\/tags?post=182536"}],"curies":[{"name":"wp","href":"https:\/\/api.w.org\/{rel}","templated":true}]}}