{"id":182512,"date":"2026-03-18T08:15:18","date_gmt":"2026-03-18T11:15:18","guid":{"rendered":"https:\/\/www.em.com.br\/emfoco\/?p=182512"},"modified":"2026-03-17T18:19:46","modified_gmt":"2026-03-17T21:19:46","slug":"adeus-salto-alto-desconfortavel-o-sapato-elegante-que-virou-favorito-no-dia-a-dia-sem-causar-dor","status":"publish","type":"post","link":"https:\/\/www.em.com.br\/emfoco\/2026\/03\/18\/adeus-salto-alto-desconfortavel-o-sapato-elegante-que-virou-favorito-no-dia-a-dia-sem-causar-dor\/","title":{"rendered":"Adeus salto alto desconfort\u00e1vel: o sapato elegante que virou favorito no dia a dia sem causar dor"},"content":{"rendered":"\n<p>Voc\u00ea j\u00e1 ficou olhando para o arm\u00e1rio, desejando um visual arrumado, mas sem ter que encarar o salto alto o dia inteiro? Cada vez mais mulheres est\u00e3o vivendo exatamente esse dilema \u2013 e descobrindo que um <strong>sapato elegante<\/strong> e <strong>confort\u00e1vel<\/strong> pode resolver tudo sem exigir sofrimento.<\/p>\n\n\n\n<h2 class=\"wp-block-heading\">Como o sapato elegante para o dia a dia mudou a rela\u00e7\u00e3o com o salto alto<\/h2>\n\n\n\n<p>Durante muito tempo, a ideia de <strong>eleg\u00e2ncia feminina<\/strong> esteve quase sempre ligada ao salto alto. Nos \u00faltimos anos, por\u00e9m, essa l\u00f3gica mudou: muita gente tem deixado o salto no arm\u00e1rio e adotado um <strong>sapato elegante<\/strong> para o dia a dia, unindo estilo, conforto e praticidade.<\/p>\n\n\n\n<p>Essa virada tem tudo a ver com rotina corrida, jornadas longas e mais cuidado com a <strong>sa\u00fade dos p\u00e9s<\/strong>. Em vez do antigo conflito entre \u201csapato bonito\u201d e \u201csapato confort\u00e1vel\u201d, surgem op\u00e7\u00f5es como <strong>flat shoes<\/strong>, sapatilhas modernas, loafers, mocassins, mules, t\u00eanis casuais e sand\u00e1lias de salto baixo, que entregam um visual arrumado sem dor.<\/p>\n\n\n<div class=\"wp-block-image\">\n<figure class=\"aligncenter size-large\"><img loading=\"lazy\" decoding=\"async\" width=\"1024\" height=\"576\" src=\"https:\/\/www.em.com.br\/emfoco\/wp-content\/uploads\/2026\/02\/slingback-_1770143731732-1024x576.jpg\" alt=\"\" class=\"wp-image-164164\" srcset=\"https:\/\/www.em.com.br\/emfoco\/wp-content\/uploads\/2026\/02\/slingback-_1770143731732-1024x576.jpg 1024w, https:\/\/www.em.com.br\/emfoco\/wp-content\/uploads\/2026\/02\/slingback-_1770143731732-300x169.jpg 300w, https:\/\/www.em.com.br\/emfoco\/wp-content\/uploads\/2026\/02\/slingback-_1770143731732-768x432.jpg 768w, https:\/\/www.em.com.br\/emfoco\/wp-content\/uploads\/2026\/02\/slingback-_1770143731732-750x422.jpg 750w, https:\/\/www.em.com.br\/emfoco\/wp-content\/uploads\/2026\/02\/slingback-_1770143731732-1140x641.jpg 1140w, https:\/\/www.em.com.br\/emfoco\/wp-content\/uploads\/2026\/02\/slingback-_1770143731732.jpg 1280w\" sizes=\"auto, (max-width: 1024px) 100vw, 1024px\" \/><figcaption class=\"wp-element-caption\">Os sapatos slingback de bico fino hoje est\u00e1 muito ligada \u00e0 ideia de praticidade e versatilidade. &#8211; Cr\u00e9ditos: depositphotos.com \/ Casimiro_PT<\/figcaption><\/figure><\/div>\n\n\n<p>Leia tamb\u00e9m:&nbsp;<a href=\"https:\/\/www.em.com.br\/emfoco\/2026\/03\/17\/calcas-jeans-skinny-pretas-combinadas-com-esses-sapatos-da-moda-sao-a-escolha-perfeita-para-arrasar-no-visual-em-marco-de-2026\/\" target=\"_blank\" rel=\"noopener\">Cal\u00e7as jeans skinny pretas combinadas com esses sapatos da moda s\u00e3o a escolha perfeita para arrasar no visual em mar\u00e7o de 2026<\/a><\/p>\n\n\n\n<h2 class=\"wp-block-heading\">Por que o salto alto perdeu espa\u00e7o na rotina moderna<\/h2>\n\n\n\n<p>O sapato elegante para o dia a dia precisa aguentar caminhadas, transporte p\u00fablico, escadas, imprevistos e ainda assim manter uma apar\u00eancia <strong>alinhada e moderna<\/strong>. Nesse cen\u00e1rio, o salto muito alto acaba ficando em desvantagem para quem vive em movimento.<\/p>\n\n\n\n<p>Al\u00e9m disso, profissionais de <strong>ortopedia e fisioterapia<\/strong> alertam h\u00e1 anos para os impactos do uso prolongado de saltos altos, como dores na coluna, joelhos e planta dos p\u00e9s. Com a rotina de trabalho mais flex\u00edvel em 2026, muita gente passou a priorizar modelos com melhor distribui\u00e7\u00e3o de peso, apoio de <strong>arco plantar<\/strong> e palmilhas acolchoadas, sem abrir m\u00e3o da eleg\u00e2ncia.<\/p>\n\n\n\n<figure class=\"wp-block-embed is-type-rich is-provider-pinterest wp-block-embed-pinterest\"><div class=\"wp-block-embed__wrapper\">\n<iframe loading=\"lazy\" title=\"Filipa - Sand\u00e1lia Feminina Salto Fino Tiras Entrela\u00e7adas - Not-Me Shoes - F\u00e1brica Pr\u00f3pria de Cal\u00e7ados Femininos\" src=\"https:\/\/assets.pinterest.com\/ext\/embed.html?id=985303224763929925&#038;src=oembed\" height=\"899\" width=\"450\" frameborder=\"0\" scrolling=\"no\" ><\/iframe>\n<\/div><\/figure>\n\n\n\n<h2 class=\"wp-block-heading\">Quais modelos de sapato elegante se tornaram favoritos no dia a dia<\/h2>\n\n\n\n<p>Entre os modelos que ganharam o cora\u00e7\u00e3o de quem busca um <strong>sapato elegante<\/strong> do dia a dia, aparecem com frequ\u00eancia loafers, mocassins, mules estruturadas, sapatilhas de bico fino, t\u00eanis casuais de couro e sand\u00e1lias de salto bloco baixo. Eles combinam f\u00e1cil com roupas diversas e oferecem <strong>estabilidade prolongada<\/strong> sem perder o charme.<\/p>\n\n\n\n<p>Esses sapatos costumam ter linhas mais limpas, poucos detalhes exagerados e cores vers\u00e1teis, como preto, nude, caramelo, branco e marinho. Assim, o sapato baixo deixa de ser apenas op\u00e7\u00e3o de descanso e vira <strong>protagonista elegante<\/strong> em looks sofisticados, do trabalho ao lazer.<\/p>\n\n\n\n<h2 class=\"wp-block-heading\">Quais tipos de sapato elegante s\u00e3o ideais para substituir o salto<\/h2>\n\n\n\n<p>Para quem est\u00e1 come\u00e7ando a trocar o salto alto por op\u00e7\u00f5es mais baixas, alguns modelos funcionam como curingas. Eles transitam bem entre looks formais e informais e ajudam a montar produ\u00e7\u00f5es <strong>arrumadas e confort\u00e1veis<\/strong> sem esfor\u00e7o.<\/p>\n\n\n\n<ul class=\"wp-block-list\">\n<li><strong>Loafer ou mocassim:<\/strong> fechado, estruturado e com apar\u00eancia cl\u00e1ssica, funciona bem em ambientes formais e reuni\u00f5es de trabalho.<\/li>\n\n\n\n<li><strong>Sapatilha moderna:<\/strong> vers\u00f5es de bico fino ou quadrado, com boa palmilha, criam um visual sofisticado e delicado sem salto.<\/li>\n\n\n\n<li><strong>Mule fechado:<\/strong> pr\u00e1tico de cal\u00e7ar, mant\u00e9m a frente elegante e limpa, perfeito para quem quer estilo com conforto.<\/li>\n\n\n\n<li><strong>T\u00eanis casual em couro:<\/strong> modelo minimalista que combina com alfaiataria e passa uma imagem organizada e atual.<\/li>\n\n\n\n<li><strong>Sand\u00e1lia de salto baixo ou bloco:<\/strong> alternativa intermedi\u00e1ria entre o salto alto tradicional e os sapatos rasteiros.<\/li>\n<\/ul>\n\n\n\n<figure class=\"wp-block-embed is-type-rich is-provider-pinterest wp-block-embed-pinterest\"><div class=\"wp-block-embed__wrapper\">\n<iframe loading=\"lazy\" title=\"\ufffcSand\u00e1lia Feminina Lumiss\" src=\"https:\/\/assets.pinterest.com\/ext\/embed.html?id=637189047320398195&#038;src=oembed\" height=\"899\" width=\"450\" frameborder=\"0\" scrolling=\"no\" ><\/iframe>\n<\/div><\/figure>\n\n\n\n<figure class=\"wp-block-embed is-type-rich is-provider-pinterest wp-block-embed-pinterest\"><div class=\"wp-block-embed__wrapper\">\n<iframe loading=\"lazy\" title=\"livia - Not-Me Shoes - F\u00e1brica Pr\u00f3pria de Cal\u00e7ados Femininos\" src=\"https:\/\/assets.pinterest.com\/ext\/embed.html?id=632966922678603835&#038;src=oembed\" height=\"899\" width=\"450\" frameborder=\"0\" scrolling=\"no\" ><\/iframe>\n<\/div><\/figure>\n\n\n\n<h2 class=\"wp-block-heading\">Como escolher um sapato elegante e confort\u00e1vel para o cotidiano<\/h2>\n\n\n\n<p>Na hora de escolher um <strong>sapato elegante<\/strong> confort\u00e1vel para a rotina, vale olhar al\u00e9m da apar\u00eancia. O material faz diferen\u00e7a: couro natural, sint\u00e9ticos de boa qualidade e tecidos estruturados costumam garantir maior durabilidade e melhor <strong>adapta\u00e7\u00e3o ao p\u00e9<\/strong>, evitando machucados desnecess\u00e1rios.<\/p>\n\n\n\n<p>Tamb\u00e9m \u00e9 importante avaliar solado e palmilha. Um modelo simples pode virar seu aliado di\u00e1rio se tiver solado antiderrapante, palmilha macia com leve amortecimento, forma adequada \u00e0 <strong>largura do p\u00e9<\/strong> e altura equilibrada, mesmo em saltos baixos, para n\u00e3o for\u00e7ar a postura e o corpo todo. <\/p>\n\n\n\n<p>Se voc\u00ea gosta de moda, separamos esse v\u00eddeo do canal da <a href=\"https:\/\/www.youtube.com\/@leisealvarenga\" target=\"_blank\" rel=\"noreferrer noopener\">leise alvarenga<\/a> mostrando mais op\u00e7\u00f5es de sapatos: <\/p>\n\n\n\n<figure class=\"wp-block-embed is-type-video is-provider-youtube wp-block-embed-youtube wp-embed-aspect-16-9 wp-has-aspect-ratio\"><div class=\"wp-block-embed__wrapper\">\n<div class=\"jeg_video_container jeg_video_content\"><iframe loading=\"lazy\" title=\"7 sapatos essenciais para um guarda roupa elegante\" width=\"500\" height=\"281\" src=\"https:\/\/www.youtube.com\/embed\/U2RSWzRlqn0?feature=oembed\" frameborder=\"0\" allow=\"accelerometer; autoplay; clipboard-write; encrypted-media; gyroscope; picture-in-picture; web-share\" referrerpolicy=\"strict-origin-when-cross-origin\" allowfullscreen><\/iframe><\/div>\n<\/div><\/figure>\n\n\n\n<h2 class=\"wp-block-heading\">De que forma o sapato elegante sem salto transformou o modo de se vestir<\/h2>\n\n\n\n<p>A populariza\u00e7\u00e3o do <strong>sapato elegante<\/strong> sem salto mudou a forma de combinar roupas no dia a dia. Pe\u00e7as de alfaiataria, que antes apareciam quase sempre com salto alto, hoje surgem com t\u00eanis minimalistas, loafers polidos ou mules discretas, criando um visual <strong>moderno e leve<\/strong> para escrit\u00f3rios e encontros profissionais.<\/p>\n\n\n\n<p>Na moda festa, cresceu o uso de sand\u00e1lias de salto baixo e sapatilhas refinadas em casamentos ao ar livre e eventos diurnos. O conforto virou argumento central nas campanhas, com termos como \u201cuso prolongado\u201d e \u201cdesign ergon\u00f4mico\u201d, refor\u00e7ando que, em 2026, eleg\u00e2ncia n\u00e3o depende da altura do salto, mas de como voc\u00ea se sente ao caminhar com seu <strong>cal\u00e7ado favorito<\/strong>.<\/p>\n","protected":false},"excerpt":{"rendered":"<p>Voc\u00ea j\u00e1 ficou olhando para o arm\u00e1rio, desejando um visual arrumado, mas sem ter que encarar o salto alto o dia inteiro? Cada vez mais mulheres est\u00e3o vivendo exatamente esse dilema \u2013 e descobrindo que um sapato elegante e confort\u00e1vel pode resolver tudo sem exigir sofrimento. Como o sapato elegante para o dia a dia [&hellip;]<\/p>\n","protected":false},"author":9,"featured_media":157701,"comment_status":"open","ping_status":"open","sticky":false,"template":"","format":"standard","meta":{"jnews-multi-image_gallery":[],"jnews_single_post":{"format":"standard"},"jnews_primary_category":[],"jnews_social_meta":[],"jnews_override_counter":[],"footnotes":""},"categories":[8691,8819,1],"tags":[19511,4977,11489,26364],"class_list":["post-182512","post","type-post","status-publish","format-standard","has-post-thumbnail","hentry","category-bem-estar","category-curiosidades","category-noticias","tag-elegante","tag-moda","tag-salto","tag-sapato-confortavel"],"yoast_head":"<!-- This site is optimized with the Yoast SEO plugin v23.8 - https:\/\/yoast.com\/wordpress\/plugins\/seo\/ -->\n<title>Adeus salto alto desconfort\u00e1vel: o sapato elegante que virou favorito no dia a dia sem causar dor - Estado de Minas - Em foco<\/title>\n<meta name=\"description\" content=\"Um novo jeito de se vestir est\u00e1 mudando escolhas e mostrando que \u00e9 poss\u00edvel ter eleg\u00e2ncia sem abrir m\u00e3o do conforto\" \/>\n<meta name=\"robots\" content=\"index, follow, max-snippet:-1, max-image-preview:large, max-video-preview:-1\" \/>\n<link rel=\"canonical\" href=\"https:\/\/www.em.com.br\/emfoco\/2026\/03\/18\/adeus-salto-alto-desconfortavel-o-sapato-elegante-que-virou-favorito-no-dia-a-dia-sem-causar-dor\/\" \/>\n<meta property=\"og:locale\" content=\"pt_BR\" \/>\n<meta property=\"og:type\" content=\"article\" \/>\n<meta property=\"og:title\" content=\"Adeus salto alto desconfort\u00e1vel: o sapato elegante que virou favorito no dia a dia sem causar dor - Estado de Minas - Em foco\" \/>\n<meta property=\"og:description\" content=\"Um novo jeito de se vestir est\u00e1 mudando escolhas e mostrando que \u00e9 poss\u00edvel ter eleg\u00e2ncia sem abrir m\u00e3o do conforto\" \/>\n<meta property=\"og:url\" content=\"https:\/\/www.em.com.br\/emfoco\/2026\/03\/18\/adeus-salto-alto-desconfortavel-o-sapato-elegante-que-virou-favorito-no-dia-a-dia-sem-causar-dor\/\" \/>\n<meta property=\"og:site_name\" content=\"Estado de Minas - Em foco\" \/>\n<meta property=\"article:published_time\" content=\"2026-03-18T11:15:18+00:00\" \/>\n<meta property=\"article:modified_time\" content=\"2026-03-17T21:19:46+00:00\" \/>\n<meta property=\"og:image\" content=\"https:\/\/www.em.com.br\/emfoco\/wp-content\/uploads\/2026\/01\/Gemini_Generated_Image_cy0ktccy0ktccy0k-1.png\" \/>\n\t<meta property=\"og:image:width\" content=\"1280\" \/>\n\t<meta property=\"og:image:height\" content=\"720\" \/>\n\t<meta property=\"og:image:type\" content=\"image\/png\" \/>\n<meta name=\"author\" content=\"Daniely Cardoso\" \/>\n<meta name=\"twitter:card\" content=\"summary_large_image\" \/>\n<meta name=\"twitter:label1\" content=\"Escrito por\" \/>\n\t<meta name=\"twitter:data1\" content=\"Daniely Cardoso\" \/>\n\t<meta name=\"twitter:label2\" content=\"Est. tempo de leitura\" \/>\n\t<meta name=\"twitter:data2\" content=\"5 minutos\" \/>\n<!-- \/ Yoast SEO plugin. -->","yoast_head_json":{"title":"Adeus salto alto desconfort\u00e1vel: o sapato elegante que virou favorito no dia a dia sem causar dor - Estado de Minas - Em foco","description":"Um novo jeito de se vestir est\u00e1 mudando escolhas e mostrando que \u00e9 poss\u00edvel ter eleg\u00e2ncia sem abrir m\u00e3o do conforto","robots":{"index":"index","follow":"follow","max-snippet":"max-snippet:-1","max-image-preview":"max-image-preview:large","max-video-preview":"max-video-preview:-1"},"canonical":"https:\/\/www.em.com.br\/emfoco\/2026\/03\/18\/adeus-salto-alto-desconfortavel-o-sapato-elegante-que-virou-favorito-no-dia-a-dia-sem-causar-dor\/","og_locale":"pt_BR","og_type":"article","og_title":"Adeus salto alto desconfort\u00e1vel: o sapato elegante que virou favorito no dia a dia sem causar dor - Estado de Minas - Em foco","og_description":"Um novo jeito de se vestir est\u00e1 mudando escolhas e mostrando que \u00e9 poss\u00edvel ter eleg\u00e2ncia sem abrir m\u00e3o do conforto","og_url":"https:\/\/www.em.com.br\/emfoco\/2026\/03\/18\/adeus-salto-alto-desconfortavel-o-sapato-elegante-que-virou-favorito-no-dia-a-dia-sem-causar-dor\/","og_site_name":"Estado de Minas - Em foco","article_published_time":"2026-03-18T11:15:18+00:00","article_modified_time":"2026-03-17T21:19:46+00:00","og_image":[{"width":1280,"height":720,"url":"https:\/\/www.em.com.br\/emfoco\/wp-content\/uploads\/2026\/01\/Gemini_Generated_Image_cy0ktccy0ktccy0k-1.png","type":"image\/png"}],"author":"Daniely Cardoso","twitter_card":"summary_large_image","twitter_misc":{"Escrito por":"Daniely Cardoso","Est. tempo de leitura":"5 minutos"},"schema":{"@context":"https:\/\/schema.org","@graph":[{"@type":"WebPage","@id":"https:\/\/www.em.com.br\/emfoco\/2026\/03\/18\/adeus-salto-alto-desconfortavel-o-sapato-elegante-que-virou-favorito-no-dia-a-dia-sem-causar-dor\/","url":"https:\/\/www.em.com.br\/emfoco\/2026\/03\/18\/adeus-salto-alto-desconfortavel-o-sapato-elegante-que-virou-favorito-no-dia-a-dia-sem-causar-dor\/","name":"Adeus salto alto desconfort\u00e1vel: o sapato elegante que virou favorito no dia a dia sem causar dor - Estado de Minas - Em foco","isPartOf":{"@id":"https:\/\/www.em.com.br\/emfoco\/#website"},"primaryImageOfPage":{"@id":"https:\/\/www.em.com.br\/emfoco\/2026\/03\/18\/adeus-salto-alto-desconfortavel-o-sapato-elegante-que-virou-favorito-no-dia-a-dia-sem-causar-dor\/#primaryimage"},"image":{"@id":"https:\/\/www.em.com.br\/emfoco\/2026\/03\/18\/adeus-salto-alto-desconfortavel-o-sapato-elegante-que-virou-favorito-no-dia-a-dia-sem-causar-dor\/#primaryimage"},"thumbnailUrl":"https:\/\/www.em.com.br\/emfoco\/wp-content\/uploads\/2026\/01\/Gemini_Generated_Image_cy0ktccy0ktccy0k-1.png","datePublished":"2026-03-18T11:15:18+00:00","dateModified":"2026-03-17T21:19:46+00:00","author":{"@id":"https:\/\/www.em.com.br\/emfoco\/#\/schema\/person\/0a8186d72f2c3a5c6276d90b41f271a0"},"description":"Um novo jeito de se vestir est\u00e1 mudando escolhas e mostrando que \u00e9 poss\u00edvel ter eleg\u00e2ncia sem abrir m\u00e3o do conforto","breadcrumb":{"@id":"https:\/\/www.em.com.br\/emfoco\/2026\/03\/18\/adeus-salto-alto-desconfortavel-o-sapato-elegante-que-virou-favorito-no-dia-a-dia-sem-causar-dor\/#breadcrumb"},"inLanguage":"pt-BR","potentialAction":[{"@type":"ReadAction","target":["https:\/\/www.em.com.br\/emfoco\/2026\/03\/18\/adeus-salto-alto-desconfortavel-o-sapato-elegante-que-virou-favorito-no-dia-a-dia-sem-causar-dor\/"]}]},{"@type":"ImageObject","inLanguage":"pt-BR","@id":"https:\/\/www.em.com.br\/emfoco\/2026\/03\/18\/adeus-salto-alto-desconfortavel-o-sapato-elegante-que-virou-favorito-no-dia-a-dia-sem-causar-dor\/#primaryimage","url":"https:\/\/www.em.com.br\/emfoco\/wp-content\/uploads\/2026\/01\/Gemini_Generated_Image_cy0ktccy0ktccy0k-1.png","contentUrl":"https:\/\/www.em.com.br\/emfoco\/wp-content\/uploads\/2026\/01\/Gemini_Generated_Image_cy0ktccy0ktccy0k-1.png","width":1280,"height":720,"caption":"Na hora de escolher o cal\u00e7ado para a noite, muita gente pensa primeiro na apar\u00eancia"},{"@type":"BreadcrumbList","@id":"https:\/\/www.em.com.br\/emfoco\/2026\/03\/18\/adeus-salto-alto-desconfortavel-o-sapato-elegante-que-virou-favorito-no-dia-a-dia-sem-causar-dor\/#breadcrumb","itemListElement":[{"@type":"ListItem","position":1,"name":"In\u00edcio","item":"https:\/\/www.em.com.br\/emfoco\/"},{"@type":"ListItem","position":2,"name":"Adeus salto alto desconfort\u00e1vel: o sapato elegante que virou favorito no dia a dia sem causar dor"}]},{"@type":"WebSite","@id":"https:\/\/www.em.com.br\/emfoco\/#website","url":"https:\/\/www.em.com.br\/emfoco\/","name":"Estado de Minas - Em foco","description":"Acompanhe as \u00faltimas not\u00edcias e fique bem informado sobre tudo o que acontece em Minas Gerais, Brasil e no mundo.","potentialAction":[{"@type":"SearchAction","target":{"@type":"EntryPoint","urlTemplate":"https:\/\/www.em.com.br\/emfoco\/?s={search_term_string}"},"query-input":{"@type":"PropertyValueSpecification","valueRequired":true,"valueName":"search_term_string"}}],"inLanguage":"pt-BR"},{"@type":"Person","@id":"https:\/\/www.em.com.br\/emfoco\/#\/schema\/person\/0a8186d72f2c3a5c6276d90b41f271a0","name":"Daniely Cardoso","image":{"@type":"ImageObject","inLanguage":"pt-BR","@id":"https:\/\/www.em.com.br\/emfoco\/#\/schema\/person\/image\/","url":"https:\/\/secure.gravatar.com\/avatar\/4b80ddbd124d1f071b626d52d62e5dff?s=96&d=mm&r=g","contentUrl":"https:\/\/secure.gravatar.com\/avatar\/4b80ddbd124d1f071b626d52d62e5dff?s=96&d=mm&r=g","caption":"Daniely Cardoso"},"url":"https:\/\/www.em.com.br\/emfoco\/author\/danielymyth\/"}]}},"_links":{"self":[{"href":"https:\/\/www.em.com.br\/emfoco\/wp-json\/wp\/v2\/posts\/182512","targetHints":{"allow":["GET"]}}],"collection":[{"href":"https:\/\/www.em.com.br\/emfoco\/wp-json\/wp\/v2\/posts"}],"about":[{"href":"https:\/\/www.em.com.br\/emfoco\/wp-json\/wp\/v2\/types\/post"}],"author":[{"embeddable":true,"href":"https:\/\/www.em.com.br\/emfoco\/wp-json\/wp\/v2\/users\/9"}],"replies":[{"embeddable":true,"href":"https:\/\/www.em.com.br\/emfoco\/wp-json\/wp\/v2\/comments?post=182512"}],"version-history":[{"count":2,"href":"https:\/\/www.em.com.br\/emfoco\/wp-json\/wp\/v2\/posts\/182512\/revisions"}],"predecessor-version":[{"id":182561,"href":"https:\/\/www.em.com.br\/emfoco\/wp-json\/wp\/v2\/posts\/182512\/revisions\/182561"}],"wp:featuredmedia":[{"embeddable":true,"href":"https:\/\/www.em.com.br\/emfoco\/wp-json\/wp\/v2\/media\/157701"}],"wp:attachment":[{"href":"https:\/\/www.em.com.br\/emfoco\/wp-json\/wp\/v2\/media?parent=182512"}],"wp:term":[{"taxonomy":"category","embeddable":true,"href":"https:\/\/www.em.com.br\/emfoco\/wp-json\/wp\/v2\/categories?post=182512"},{"taxonomy":"post_tag","embeddable":true,"href":"https:\/\/www.em.com.br\/emfoco\/wp-json\/wp\/v2\/tags?post=182512"}],"curies":[{"name":"wp","href":"https:\/\/api.w.org\/{rel}","templated":true}]}}