{"id":182493,"date":"2026-03-18T22:05:04","date_gmt":"2026-03-19T01:05:04","guid":{"rendered":"https:\/\/www.em.com.br\/emfoco\/?p=182493"},"modified":"2026-03-17T16:39:42","modified_gmt":"2026-03-17T19:39:42","slug":"as-5-bases-nacionais-que-podem-durar-o-dia-todo-mesmo-no-calor-e-custam-menos-que-muitas-importadas","status":"publish","type":"post","link":"https:\/\/www.em.com.br\/emfoco\/2026\/03\/18\/as-5-bases-nacionais-que-podem-durar-o-dia-todo-mesmo-no-calor-e-custam-menos-que-muitas-importadas\/","title":{"rendered":"As 5 bases nacionais que podem durar o dia todo mesmo no calor e custam menos que muitas importadas"},"content":{"rendered":"\n<p>Voc\u00ea j\u00e1 saiu de casa cedo, fez mil coisas no dia e, quando se olhou no espelho \u00e0 noite, a <b>base<\/b> tinha praticamente sumido? Essa \u00e9 a realidade de muita gente no Brasil, principalmente por causa do <b>calor<\/b>, da umidade e da correria di\u00e1ria. A boa not\u00edcia \u00e9 que hoje existem v\u00e1rias bases nacionais que aguentam bem essa <b>rotina<\/b>, t\u00eam pre\u00e7o mais amigo e foram pensadas justamente para o nosso clima e diversidade de tons de pele.<\/p>\n\n\n\n<h2 class=\"wp-block-heading\">Por que vale a pena olhar com carinho para bases nacionais de longa dura\u00e7\u00e3o<\/h2>\n\n\n\n<p>A principal ideia aqui s\u00e3o as <b>bases<\/b> nacionais que duram o dia todo, feitas para encarar calor, suor, \u00f4nibus cheio, ar-condicionado e at\u00e9 aquele <b>happy<\/b> hour depois do trabalho. Muitas marcas brasileiras j\u00e1 ajustaram as f\u00f3rmulas para a realidade daqui, o que ajuda muito na <b>fixa\u00e7\u00e3o<\/b> e no conforto na pele.<\/p>\n\n\n\n<p>Outro ponto \u00e9 o bolso: em geral, essas bases custam menos que importadas de proposta semelhante e ainda aparecem em promo\u00e7\u00f5es nas <b>farm\u00e1cias<\/b> e lojas online. Com essa economia, d\u00e1 at\u00e9 para investir em outros itens, como <b>corretivo<\/b>, p\u00f3 ou protetor solar, sem estourar o <b>or\u00e7amento<\/b>.<\/p>\n\n\n<div class=\"wp-block-image\">\n<figure class=\"aligncenter size-large\"><img loading=\"lazy\" decoding=\"async\" width=\"1024\" height=\"576\" src=\"https:\/\/www.em.com.br\/emfoco\/wp-content\/uploads\/2025\/12\/Gemini_Generated_Image_a0cfnia0cfnia0cf-1-1024x576.png\" alt=\"\" class=\"wp-image-148343\" srcset=\"https:\/\/www.em.com.br\/emfoco\/wp-content\/uploads\/2025\/12\/Gemini_Generated_Image_a0cfnia0cfnia0cf-1-1024x576.png 1024w, https:\/\/www.em.com.br\/emfoco\/wp-content\/uploads\/2025\/12\/Gemini_Generated_Image_a0cfnia0cfnia0cf-1-300x169.png 300w, https:\/\/www.em.com.br\/emfoco\/wp-content\/uploads\/2025\/12\/Gemini_Generated_Image_a0cfnia0cfnia0cf-1-768x432.png 768w, https:\/\/www.em.com.br\/emfoco\/wp-content\/uploads\/2025\/12\/Gemini_Generated_Image_a0cfnia0cfnia0cf-1-750x422.png 750w, https:\/\/www.em.com.br\/emfoco\/wp-content\/uploads\/2025\/12\/Gemini_Generated_Image_a0cfnia0cfnia0cf-1-1140x641.png 1140w, https:\/\/www.em.com.br\/emfoco\/wp-content\/uploads\/2025\/12\/Gemini_Generated_Image_a0cfnia0cfnia0cf-1.png 1280w\" sizes=\"auto, (max-width: 1024px) 100vw, 1024px\" \/><figcaption class=\"wp-element-caption\">Em noites quentes, a forma de aplicar os produtos faz toda a diferen\u00e7a<\/figcaption><\/figure><\/div>\n\n\n<p>Leia tamb\u00e9m:&nbsp;<a href=\"https:\/\/www.em.com.br\/emfoco\/2026\/03\/17\/as-receitas-poderosas-de-hidratante-para-os-pes-que-deixam-a-pele-macia-como-seda\/\" target=\"_blank\" rel=\"noopener\">As receitas poderosas de hidratante para os p\u00e9s que deixam a pele macia como seda<\/a><\/p>\n\n\n\n<h2 class=\"wp-block-heading\">Quais s\u00e3o as 5 bases nacionais que duram o dia todo e custam menos que muitas importadas<\/h2>\n\n\n\n<p>Entre tantas op\u00e7\u00f5es dispon\u00edveis em 2026, algumas bases l\u00edquidas e flu\u00eddas se destacam por segurar bem na <b>pele<\/b>, ter acabamento bonito e um pre\u00e7o mais acess\u00edvel. A lista abaixo re\u00fane cinco exemplos de <b>bases<\/b> nacionais de longa dura\u00e7\u00e3o que, de modo geral, saem mais em conta do que similares importadas vendidas em <b>perfumarias<\/b> e e-commerces.<\/p>\n\n\n\n<ul class=\"wp-block-list\">\n<li><b>Base<\/b> Boca Rosa Beauty by Payot<br>Famosa pela alta cobertura e acabamento mais sequinho, \u00e9 muito lembrada quando o assunto \u00e9 longa <b>dura\u00e7\u00e3o<\/b>. Foi pensada para segurar a oleosidade ao longo do dia e costuma funcionar bem em peles mistas e <b>oleosas<\/b>. <\/li>\n<\/ul>\n\n\n\n<figure class=\"wp-block-embed is-type-rich is-provider-pinterest wp-block-embed-pinterest\"><div class=\"wp-block-embed__wrapper\">\n<iframe loading=\"lazy\" title=\"Boca Rosa Base L\u00edquida Matte Perfect By Payot\" src=\"https:\/\/assets.pinterest.com\/ext\/embed.html?id=616500636528691692&#038;src=oembed\" height=\"899\" width=\"450\" frameborder=\"0\" scrolling=\"no\" ><\/iframe>\n<\/div><\/figure>\n\n\n\n<ul class=\"wp-block-list\">\n<li><b>Base<\/b> Fluida Quem Disse, Berenice?<br>Essa base fluida foi criada para ficar leve na pele, com cobertura de m\u00e9dia a alta, dependendo das <b>camadas<\/b>. A marca promete longa dura\u00e7\u00e3o e resist\u00eancia ao suor, \u00f3tima para quem passa muitas horas fora de casa. <\/li>\n<\/ul>\n\n\n\n<figure class=\"wp-block-embed is-type-rich is-provider-pinterest wp-block-embed-pinterest\"><div class=\"wp-block-embed__wrapper\">\n<iframe loading=\"lazy\" title=\"CLIQUE EM VER PRODUTO!Base Quem Disse Berenice \u2705Fortalece a barreira da pele; \u2705Tratamento 24 horas por dia; \u2705Efeito mate; \u2705Protege contra polui\u00e7\u00e3o;\u2705Purifica e hidrata; \u2705F\u00f3rmula 100% vegana; \u2705Controla a oleosidade; \u2705Disfar\u00e7a os poros e protege contra a acne.Compre Comigo \u2935\ufe0f(82) 99389-2828#qdb #quemdisseberenice #make #maceio #baseacordeiassim\" src=\"https:\/\/assets.pinterest.com\/ext\/embed.html?id=780811654180791393&#038;src=oembed\" height=\"899\" width=\"450\" frameborder=\"0\" scrolling=\"no\" ><\/iframe>\n<\/div><\/figure>\n\n\n\n<ul class=\"wp-block-list\">\n<li><b>Base<\/b> L\u00edquida Eudora Glam Skin Perfection<br>Indicada para quem busca um acabamento mais sofisticado e boa durabilidade, sem pagar pre\u00e7o de base de luxo internacional. Ajuda a <b>uniformizar<\/b> a pele, disfar\u00e7ar imperfei\u00e7\u00f5es e manter a apar\u00eancia est\u00e1vel por v\u00e1rias <b>horas<\/b>. <\/li>\n<\/ul>\n\n\n\n<figure class=\"wp-block-embed is-type-rich is-provider-pinterest wp-block-embed-pinterest\"><div class=\"wp-block-embed__wrapper\">\n<iframe loading=\"lazy\" title=\"Pele Perfeita e Radiante Todos os Dias! \ud83d\udc96\" src=\"https:\/\/assets.pinterest.com\/ext\/embed.html?id=697143217359416179&#038;src=oembed\" height=\"899\" width=\"450\" frameborder=\"0\" scrolling=\"no\" ><\/iframe>\n<\/div><\/figure>\n\n\n\n<ul class=\"wp-block-list\">\n<li><b>Base<\/b> Intense O Botic\u00e1rio<br>A linha Intense foi reformulada pensando no uso di\u00e1rio, com pre\u00e7os mais competitivos. A base oferece cobertura m\u00e9dia e dura\u00e7\u00e3o adequada para um dia de <b>trabalho<\/b> ou estudo, com f\u00f3rmula voltada para a rotina urbana. <\/li>\n<\/ul>\n\n\n\n<figure class=\"wp-block-embed is-type-rich is-provider-pinterest wp-block-embed-pinterest\"><div class=\"wp-block-embed__wrapper\">\n<iframe loading=\"lazy\" title=\"Base efeito mate intense oBoticario\" src=\"https:\/\/assets.pinterest.com\/ext\/embed.html?id=221380137935481673&#038;src=oembed\" height=\"899\" width=\"450\" frameborder=\"0\" scrolling=\"no\" ><\/iframe>\n<\/div><\/figure>\n\n\n\n<ul class=\"wp-block-list\">\n<li><b>Base<\/b> Dailus Ultra Cobertura<br>Indicada para quem gosta de mais cobertura, essa base nacional se destaca por resistir bem ao <b>calor<\/b> e ter proposta de longa dura\u00e7\u00e3o. A textura \u00e9 mais encorpada, o que ajuda a manter tudo no lugar ao longo do <b>dia<\/b>. <\/li>\n<\/ul>\n\n\n\n<figure class=\"wp-block-embed is-type-rich is-provider-pinterest wp-block-embed-pinterest\"><div class=\"wp-block-embed__wrapper\">\n<iframe loading=\"lazy\" title=\"Comprar maquiagem, pinceis e batons agora ficou f\u00e1cil.\" src=\"https:\/\/assets.pinterest.com\/ext\/embed.html?id=298011700352141544&#038;src=oembed\" height=\"898\" width=\"450\" frameborder=\"0\" scrolling=\"no\" ><\/iframe>\n<\/div><\/figure>\n\n\n\n<h2 class=\"wp-block-heading\">Como escolher a melhor base nacional de longa dura\u00e7\u00e3o para o seu tipo de pele<\/h2>\n\n\n\n<p>Na hora de escolher entre as bases nacionais que duram o dia todo, n\u00e3o vale olhar s\u00f3 a promessa de \u201c24 horas\u201d na embalagem. \u00c9 importante considerar tamb\u00e9m o seu tipo de <b>pele<\/b>, o acabamento que voc\u00ea gosta e quanto <b>conforto<\/b> quer sentir ao longo do dia.<\/p>\n\n\n\n<p>Para te ajudar nessa decis\u00e3o, alguns cuidados simples fazem diferen\u00e7a real no resultado e na durabilidade da base:<\/p>\n\n\n\n<ul class=\"wp-block-list\">\n<li><b>Prepara\u00e7\u00e3o<\/b> da pele: limpar, hidratar e usar protetor solar adequado ao seu tipo de <b>pele<\/b>.<\/li>\n\n\n\n<li><b>Aplica\u00e7\u00e3o<\/b> em camadas finas: construir a cobertura aos poucos reduz o risco de craquelar ou marcar <b>linhas<\/b>.<\/li>\n\n\n\n<li><b>Selagem<\/b> estrat\u00e9gica: aplicar p\u00f3 apenas nas \u00e1reas de maior oleosidade ajuda a prolongar a dura\u00e7\u00e3o sem <b>pesar<\/b>.<\/li>\n\n\n\n<li>Teste de <b>cor<\/b> em luz natural: experimentar no rosto, em luz do dia, evita diferen\u00e7a entre rosto e <b>pesco\u00e7o<\/b>.<\/li>\n<\/ul>\n\n\n\n<p>Ficou em d\u00favida em qual escolher? Separamos esse v\u00eddeo do canal da <a href=\"https:\/\/www.youtube.com\/@VanessaRozan\" target=\"_blank\" rel=\"noreferrer noopener\">Vanessa Rozan<\/a> mostrando mais bases nacionais:<\/p>\n\n\n\n<figure class=\"wp-block-embed is-type-video is-provider-youtube wp-block-embed-youtube wp-embed-aspect-16-9 wp-has-aspect-ratio\"><div class=\"wp-block-embed__wrapper\">\n<div class=\"jeg_video_container jeg_video_content\"><iframe loading=\"lazy\" title=\"AS 5 MELHORES BASES DE MARCAS NACIONAIS QUE VOCE\u0302 PRECISA CONHECER com Isabella Marinelli - #Lista50\" width=\"500\" height=\"281\" src=\"https:\/\/www.youtube.com\/embed\/oyCnC3r9B9s?feature=oembed\" frameborder=\"0\" allow=\"accelerometer; autoplay; clipboard-write; encrypted-media; gyroscope; picture-in-picture; web-share\" referrerpolicy=\"strict-origin-when-cross-origin\" allowfullscreen><\/iframe><\/div>\n<\/div><\/figure>\n\n\n\n<h2 class=\"wp-block-heading\">Vale a pena priorizar bases nacionais em vez de importadas no dia a dia<\/h2>\n\n\n\n<p>A escolha entre bases importadas e bases nacionais que duram o dia todo passa por <b>or\u00e7amento<\/b>, praticidade e resultado desejado. As op\u00e7\u00f5es brasileiras citadas oferecem boa cobertura, durabilidade, cartela de tons pensada para a <b>popula\u00e7\u00e3o<\/b> do pa\u00eds e, normalmente, pre\u00e7os mais baixos que os de produtos estrangeiros da mesma <b>categoria<\/b>.<\/p>\n\n\n\n<p>Para quem busca praticidade, economia e uma maquiagem que sobreviva ao dia inteiro, as bases nacionais de longa durabilidade s\u00e3o alternativas muito consistentes. Com tanta variedade no <b>mercado<\/b>, d\u00e1 para testar texturas, acabamentos e marcas at\u00e9 encontrar a que combina melhor com sua <b>pele<\/b>, seu clima e sua rotina, sem depender s\u00f3 de produtos <b>importados<\/b>.<\/p>\n","protected":false},"excerpt":{"rendered":"<p>Voc\u00ea j\u00e1 saiu de casa cedo, fez mil coisas no dia e, quando se olhou no espelho \u00e0 noite, a base tinha praticamente sumido? Essa \u00e9 a realidade de muita gente no Brasil, principalmente por causa do calor, da umidade e da correria di\u00e1ria. A boa not\u00edcia \u00e9 que hoje existem v\u00e1rias bases nacionais que [&hellip;]<\/p>\n","protected":false},"author":9,"featured_media":177971,"comment_status":"open","ping_status":"open","sticky":false,"template":"","format":"standard","meta":{"jnews-multi-image_gallery":[],"jnews_single_post":{"format":"standard"},"jnews_primary_category":[],"jnews_social_meta":[],"jnews_override_counter":[],"footnotes":""},"categories":[8691,1],"tags":[26351,4914,26350],"class_list":["post-182493","post","type-post","status-publish","format-standard","has-post-thumbnail","hentry","category-bem-estar","category-noticias","tag-base-nacional","tag-maquiagem","tag-marcas-nacionais"],"yoast_head":"<!-- This site is optimized with the Yoast SEO plugin v23.8 - https:\/\/yoast.com\/wordpress\/plugins\/seo\/ -->\n<title>As 5 bases nacionais que podem durar o dia todo mesmo no calor e custam menos que muitas importadas - Estado de Minas - Em foco<\/title>\n<meta name=\"description\" content=\"Bases nacionais podem durar o dia todo mesmo no calor, com boa cobertura e pre\u00e7o mais acess\u00edvel que muitas importadas\" \/>\n<meta name=\"robots\" content=\"index, follow, max-snippet:-1, max-image-preview:large, max-video-preview:-1\" \/>\n<link rel=\"canonical\" href=\"https:\/\/www.em.com.br\/emfoco\/2026\/03\/18\/as-5-bases-nacionais-que-podem-durar-o-dia-todo-mesmo-no-calor-e-custam-menos-que-muitas-importadas\/\" \/>\n<meta property=\"og:locale\" content=\"pt_BR\" \/>\n<meta property=\"og:type\" content=\"article\" \/>\n<meta property=\"og:title\" content=\"As 5 bases nacionais que podem durar o dia todo mesmo no calor e custam menos que muitas importadas - Estado de Minas - Em foco\" \/>\n<meta property=\"og:description\" content=\"Bases nacionais podem durar o dia todo mesmo no calor, com boa cobertura e pre\u00e7o mais acess\u00edvel que muitas importadas\" \/>\n<meta property=\"og:url\" content=\"https:\/\/www.em.com.br\/emfoco\/2026\/03\/18\/as-5-bases-nacionais-que-podem-durar-o-dia-todo-mesmo-no-calor-e-custam-menos-que-muitas-importadas\/\" \/>\n<meta property=\"og:site_name\" content=\"Estado de Minas - Em foco\" \/>\n<meta property=\"article:published_time\" content=\"2026-03-19T01:05:04+00:00\" \/>\n<meta property=\"article:modified_time\" content=\"2026-03-17T19:39:42+00:00\" \/>\n<meta property=\"og:image\" content=\"https:\/\/www.em.com.br\/emfoco\/wp-content\/uploads\/2026\/03\/Gemini_Generated_Image_izot1vizot1vizot-1.png\" \/>\n\t<meta property=\"og:image:width\" content=\"1280\" \/>\n\t<meta property=\"og:image:height\" content=\"720\" \/>\n\t<meta property=\"og:image:type\" content=\"image\/png\" \/>\n<meta name=\"author\" content=\"Daniely Cardoso\" \/>\n<meta name=\"twitter:card\" content=\"summary_large_image\" \/>\n<meta name=\"twitter:label1\" content=\"Escrito por\" \/>\n\t<meta name=\"twitter:data1\" content=\"Daniely Cardoso\" \/>\n\t<meta name=\"twitter:label2\" content=\"Est. tempo de leitura\" \/>\n\t<meta name=\"twitter:data2\" content=\"5 minutos\" \/>\n<!-- \/ Yoast SEO plugin. -->","yoast_head_json":{"title":"As 5 bases nacionais que podem durar o dia todo mesmo no calor e custam menos que muitas importadas - Estado de Minas - Em foco","description":"Bases nacionais podem durar o dia todo mesmo no calor, com boa cobertura e pre\u00e7o mais acess\u00edvel que muitas importadas","robots":{"index":"index","follow":"follow","max-snippet":"max-snippet:-1","max-image-preview":"max-image-preview:large","max-video-preview":"max-video-preview:-1"},"canonical":"https:\/\/www.em.com.br\/emfoco\/2026\/03\/18\/as-5-bases-nacionais-que-podem-durar-o-dia-todo-mesmo-no-calor-e-custam-menos-que-muitas-importadas\/","og_locale":"pt_BR","og_type":"article","og_title":"As 5 bases nacionais que podem durar o dia todo mesmo no calor e custam menos que muitas importadas - Estado de Minas - Em foco","og_description":"Bases nacionais podem durar o dia todo mesmo no calor, com boa cobertura e pre\u00e7o mais acess\u00edvel que muitas importadas","og_url":"https:\/\/www.em.com.br\/emfoco\/2026\/03\/18\/as-5-bases-nacionais-que-podem-durar-o-dia-todo-mesmo-no-calor-e-custam-menos-que-muitas-importadas\/","og_site_name":"Estado de Minas - Em foco","article_published_time":"2026-03-19T01:05:04+00:00","article_modified_time":"2026-03-17T19:39:42+00:00","og_image":[{"width":1280,"height":720,"url":"https:\/\/www.em.com.br\/emfoco\/wp-content\/uploads\/2026\/03\/Gemini_Generated_Image_izot1vizot1vizot-1.png","type":"image\/png"}],"author":"Daniely Cardoso","twitter_card":"summary_large_image","twitter_misc":{"Escrito por":"Daniely Cardoso","Est. tempo de leitura":"5 minutos"},"schema":{"@context":"https:\/\/schema.org","@graph":[{"@type":"WebPage","@id":"https:\/\/www.em.com.br\/emfoco\/2026\/03\/18\/as-5-bases-nacionais-que-podem-durar-o-dia-todo-mesmo-no-calor-e-custam-menos-que-muitas-importadas\/","url":"https:\/\/www.em.com.br\/emfoco\/2026\/03\/18\/as-5-bases-nacionais-que-podem-durar-o-dia-todo-mesmo-no-calor-e-custam-menos-que-muitas-importadas\/","name":"As 5 bases nacionais que podem durar o dia todo mesmo no calor e custam menos que muitas importadas - Estado de Minas - Em foco","isPartOf":{"@id":"https:\/\/www.em.com.br\/emfoco\/#website"},"primaryImageOfPage":{"@id":"https:\/\/www.em.com.br\/emfoco\/2026\/03\/18\/as-5-bases-nacionais-que-podem-durar-o-dia-todo-mesmo-no-calor-e-custam-menos-que-muitas-importadas\/#primaryimage"},"image":{"@id":"https:\/\/www.em.com.br\/emfoco\/2026\/03\/18\/as-5-bases-nacionais-que-podem-durar-o-dia-todo-mesmo-no-calor-e-custam-menos-que-muitas-importadas\/#primaryimage"},"thumbnailUrl":"https:\/\/www.em.com.br\/emfoco\/wp-content\/uploads\/2026\/03\/Gemini_Generated_Image_izot1vizot1vizot-1.png","datePublished":"2026-03-19T01:05:04+00:00","dateModified":"2026-03-17T19:39:42+00:00","author":{"@id":"https:\/\/www.em.com.br\/emfoco\/#\/schema\/person\/0a8186d72f2c3a5c6276d90b41f271a0"},"description":"Bases nacionais podem durar o dia todo mesmo no calor, com boa cobertura e pre\u00e7o mais acess\u00edvel que muitas importadas","breadcrumb":{"@id":"https:\/\/www.em.com.br\/emfoco\/2026\/03\/18\/as-5-bases-nacionais-que-podem-durar-o-dia-todo-mesmo-no-calor-e-custam-menos-que-muitas-importadas\/#breadcrumb"},"inLanguage":"pt-BR","potentialAction":[{"@type":"ReadAction","target":["https:\/\/www.em.com.br\/emfoco\/2026\/03\/18\/as-5-bases-nacionais-que-podem-durar-o-dia-todo-mesmo-no-calor-e-custam-menos-que-muitas-importadas\/"]}]},{"@type":"ImageObject","inLanguage":"pt-BR","@id":"https:\/\/www.em.com.br\/emfoco\/2026\/03\/18\/as-5-bases-nacionais-que-podem-durar-o-dia-todo-mesmo-no-calor-e-custam-menos-que-muitas-importadas\/#primaryimage","url":"https:\/\/www.em.com.br\/emfoco\/wp-content\/uploads\/2026\/03\/Gemini_Generated_Image_izot1vizot1vizot-1.png","contentUrl":"https:\/\/www.em.com.br\/emfoco\/wp-content\/uploads\/2026\/03\/Gemini_Generated_Image_izot1vizot1vizot-1.png","width":1280,"height":720,"caption":"Os cuidados n\u00e3o invasivos re\u00fanem tr\u00eas pilares: rotina di\u00e1ria, h\u00e1bitos saud\u00e1veis e tecnologias em consult\u00f3rio com pouca ou nenhuma"},{"@type":"BreadcrumbList","@id":"https:\/\/www.em.com.br\/emfoco\/2026\/03\/18\/as-5-bases-nacionais-que-podem-durar-o-dia-todo-mesmo-no-calor-e-custam-menos-que-muitas-importadas\/#breadcrumb","itemListElement":[{"@type":"ListItem","position":1,"name":"In\u00edcio","item":"https:\/\/www.em.com.br\/emfoco\/"},{"@type":"ListItem","position":2,"name":"As 5 bases nacionais que podem durar o dia todo mesmo no calor e custam menos que muitas importadas"}]},{"@type":"WebSite","@id":"https:\/\/www.em.com.br\/emfoco\/#website","url":"https:\/\/www.em.com.br\/emfoco\/","name":"Estado de Minas - Em foco","description":"Acompanhe as \u00faltimas not\u00edcias e fique bem informado sobre tudo o que acontece em Minas Gerais, Brasil e no mundo.","potentialAction":[{"@type":"SearchAction","target":{"@type":"EntryPoint","urlTemplate":"https:\/\/www.em.com.br\/emfoco\/?s={search_term_string}"},"query-input":{"@type":"PropertyValueSpecification","valueRequired":true,"valueName":"search_term_string"}}],"inLanguage":"pt-BR"},{"@type":"Person","@id":"https:\/\/www.em.com.br\/emfoco\/#\/schema\/person\/0a8186d72f2c3a5c6276d90b41f271a0","name":"Daniely Cardoso","image":{"@type":"ImageObject","inLanguage":"pt-BR","@id":"https:\/\/www.em.com.br\/emfoco\/#\/schema\/person\/image\/","url":"https:\/\/secure.gravatar.com\/avatar\/4b80ddbd124d1f071b626d52d62e5dff?s=96&d=mm&r=g","contentUrl":"https:\/\/secure.gravatar.com\/avatar\/4b80ddbd124d1f071b626d52d62e5dff?s=96&d=mm&r=g","caption":"Daniely Cardoso"},"url":"https:\/\/www.em.com.br\/emfoco\/author\/danielymyth\/"}]}},"_links":{"self":[{"href":"https:\/\/www.em.com.br\/emfoco\/wp-json\/wp\/v2\/posts\/182493","targetHints":{"allow":["GET"]}}],"collection":[{"href":"https:\/\/www.em.com.br\/emfoco\/wp-json\/wp\/v2\/posts"}],"about":[{"href":"https:\/\/www.em.com.br\/emfoco\/wp-json\/wp\/v2\/types\/post"}],"author":[{"embeddable":true,"href":"https:\/\/www.em.com.br\/emfoco\/wp-json\/wp\/v2\/users\/9"}],"replies":[{"embeddable":true,"href":"https:\/\/www.em.com.br\/emfoco\/wp-json\/wp\/v2\/comments?post=182493"}],"version-history":[{"count":2,"href":"https:\/\/www.em.com.br\/emfoco\/wp-json\/wp\/v2\/posts\/182493\/revisions"}],"predecessor-version":[{"id":182502,"href":"https:\/\/www.em.com.br\/emfoco\/wp-json\/wp\/v2\/posts\/182493\/revisions\/182502"}],"wp:featuredmedia":[{"embeddable":true,"href":"https:\/\/www.em.com.br\/emfoco\/wp-json\/wp\/v2\/media\/177971"}],"wp:attachment":[{"href":"https:\/\/www.em.com.br\/emfoco\/wp-json\/wp\/v2\/media?parent=182493"}],"wp:term":[{"taxonomy":"category","embeddable":true,"href":"https:\/\/www.em.com.br\/emfoco\/wp-json\/wp\/v2\/categories?post=182493"},{"taxonomy":"post_tag","embeddable":true,"href":"https:\/\/www.em.com.br\/emfoco\/wp-json\/wp\/v2\/tags?post=182493"}],"curies":[{"name":"wp","href":"https:\/\/api.w.org\/{rel}","templated":true}]}}