{"id":182489,"date":"2026-03-18T21:15:18","date_gmt":"2026-03-19T00:15:18","guid":{"rendered":"https:\/\/www.em.com.br\/emfoco\/?p=182489"},"modified":"2026-03-17T17:12:06","modified_gmt":"2026-03-17T20:12:06","slug":"o-que-significa-caminhar-olhando-para-o-chao-segundo-a-psicologia","status":"publish","type":"post","link":"https:\/\/www.em.com.br\/emfoco\/2026\/03\/18\/o-que-significa-caminhar-olhando-para-o-chao-segundo-a-psicologia\/","title":{"rendered":"O que significa caminhar olhando para o ch\u00e3o, segundo a psicologia"},"content":{"rendered":"\n<p><strong>Talvez voc\u00ea<\/strong> j\u00e1 tenha reparado em algu\u00e9m caminhando sempre de cabe\u00e7a baixa \u2013 ou at\u00e9 tenha se visto assim, encarando o ch\u00e3o enquanto anda pela rua. Esse jeito de caminhar parece simples, mas pode dizer muito sobre como a pessoa est\u00e1 se sentindo, como lida com o <strong>mundo ao redor<\/strong> e at\u00e9 como se relaciona com os outros. Entender esse comportamento ajuda a olhar para o dia a dia com mais empatia, sem julgamentos <strong>apressados<\/strong>.<\/p>\n\n\n\n<h2 class=\"wp-block-heading\">O que significa caminhar olhando para o ch\u00e3o<\/h2>\n\n\n\n<p>Na <strong>psicologia<\/strong> e na observa\u00e7\u00e3o da linguagem corporal, caminhar olhando para o ch\u00e3o pode ter v\u00e1rios significados, dependendo da fase de vida e da personalidade de cada um. Um dos mais comuns \u00e9 o <strong>estado reflexivo<\/strong>: quando algu\u00e9m est\u00e1 cheio de pensamentos, tende a \u201cdesligar\u201d um pouco do ambiente, baixar a cabe\u00e7a e focar em um <strong>ponto neutro<\/strong>.<\/p>\n\n\n\n<p>Esse comportamento tamb\u00e9m pode aparecer em pessoas mais <strong>t\u00edmidas<\/strong> ou inseguras em situa\u00e7\u00f5es sociais. Manter a cabe\u00e7a baixa vira uma forma de evitar olhares diretos, reduzir a chance de puxarem conversa ou se proteger em lugares novos, cheios de gente ou considerados <strong>desconfort\u00e1veis<\/strong>, especialmente quando a pessoa j\u00e1 se sente sobrecarregada por est\u00edmulos e quer diminuir o n\u00edvel de <strong>exposi\u00e7\u00e3o social<\/strong>.<\/p>\n\n\n<div class=\"wp-block-image\">\n<figure class=\"aligncenter size-large\"><img loading=\"lazy\" decoding=\"async\" width=\"1024\" height=\"576\" src=\"https:\/\/www.em.com.br\/emfoco\/wp-content\/uploads\/2026\/03\/Gemini_Generated_Image_57hm1w57hm1w57hm-1-1024x576.png\" alt=\"\" class=\"wp-image-182522\" srcset=\"https:\/\/www.em.com.br\/emfoco\/wp-content\/uploads\/2026\/03\/Gemini_Generated_Image_57hm1w57hm1w57hm-1-1024x576.png 1024w, https:\/\/www.em.com.br\/emfoco\/wp-content\/uploads\/2026\/03\/Gemini_Generated_Image_57hm1w57hm1w57hm-1-300x169.png 300w, https:\/\/www.em.com.br\/emfoco\/wp-content\/uploads\/2026\/03\/Gemini_Generated_Image_57hm1w57hm1w57hm-1-768x432.png 768w, https:\/\/www.em.com.br\/emfoco\/wp-content\/uploads\/2026\/03\/Gemini_Generated_Image_57hm1w57hm1w57hm-1-750x422.png 750w, https:\/\/www.em.com.br\/emfoco\/wp-content\/uploads\/2026\/03\/Gemini_Generated_Image_57hm1w57hm1w57hm-1-1140x641.png 1140w, https:\/\/www.em.com.br\/emfoco\/wp-content\/uploads\/2026\/03\/Gemini_Generated_Image_57hm1w57hm1w57hm-1.png 1280w\" sizes=\"auto, (max-width: 1024px) 100vw, 1024px\" \/><figcaption class=\"wp-element-caption\">Na psicologia e na observa\u00e7\u00e3o da linguagem corporal, caminhar olhando para o ch\u00e3o pode ter v\u00e1rios significados<\/figcaption><\/figure><\/div>\n\n\n<p>Leia tamb\u00e9m:&nbsp;<a href=\"https:\/\/www.em.com.br\/emfoco\/2026\/03\/15\/o-que-significa-organizar-tudo-antes-de-dormir-segundo-a-psicologia\/\" target=\"_blank\" rel=\"noopener\">O que significa organizar tudo antes de dormir, segundo a psicologia<\/a><\/p>\n\n\n\n<h2 class=\"wp-block-heading\">Como timidez, cansa\u00e7o e estresse podem influenciar esse gesto<\/h2>\n\n\n\n<p>Em per\u00edodos de <strong>cansa\u00e7o emocional<\/strong>, preocupa\u00e7\u00e3o constante ou estresse, \u00e9 comum que o corpo fique mais encolhido, com ombros ca\u00eddos, passos lentos e o olhar voltado para baixo. Mesmo sem perceber, a pessoa passa a caminhar assim como se estivesse carregando um <strong>peso extra<\/strong>, refletindo no corpo aquilo que muitas vezes n\u00e3o consegue expressar em <strong>palavras claras<\/strong>.<\/p>\n\n\n\n<p>Nessas fases, o gesto pode ser um sinal de <strong>desgaste interno<\/strong>, mesmo que ela n\u00e3o consiga colocar em palavras o que est\u00e1 sentindo. Para alguns, \u00e9 quase um pedido silencioso de <strong>pausa<\/strong>; para outros, uma tentativa de passar despercebido no meio da correria, reduzindo contatos, conversas inesperadas e poss\u00edveis <strong>conflitos<\/strong> durante o dia.<\/p>\n\n\n\n<h2 class=\"wp-block-heading\">Caminhar olhando para o piso \u00e9 h\u00e1bito, prote\u00e7\u00e3o ou concentra\u00e7\u00e3o<\/h2>\n\n\n\n<p>Nem sempre olhar para o ch\u00e3o significa um <a href=\"https:\/\/apsiquiatra.com.br\/conflitos-emocionais\/#:~:text=s%C3%A3o%20eventos%20diferentes.-,O%20conflito%20emocional%20est%C3%A1%20atrelado%20%C3%A0%20dificuldade%20para%20expressar%20o,condiz%20com%20as%20emo%C3%A7%C3%B5es%20verdadeiras.\" target=\"_blank\" rel=\"noreferrer noopener\">conflito emocional<\/a>. Para muita gente, \u00e9 simplesmente um <strong>h\u00e1bito consolidado<\/strong>. H\u00e1 quem prefira acompanhar o caminho pelos pr\u00f3prios p\u00e9s, prestar aten\u00e7\u00e3o em buracos, degraus ou irregularidades da cal\u00e7ada, principalmente em cidades com pavimentos cheios de <strong>surpresas<\/strong> e riscos de queda que exigem mais <strong>aten\u00e7\u00e3o<\/strong>.<\/p>\n\n\n\n<p>Tamb\u00e9m pode ser uma estrat\u00e9gia de foco e <strong>prote\u00e7\u00e3o social<\/strong>: ao baixar a cabe\u00e7a, a pessoa reduz distra\u00e7\u00f5es visuais, organiza mentalmente o dia, relembra conversas e, ao mesmo tempo, sinaliza de forma sutil que n\u00e3o est\u00e1 dispon\u00edvel para <strong>intera\u00e7\u00f5es<\/strong> naquele momento. Em ambientes movimentados, esse gesto funciona como uma esp\u00e9cie de <strong>fronteira silenciosa<\/strong> entre ela e o mundo.<\/p>\n\n\n<div class=\"wp-block-image\">\n<figure class=\"aligncenter size-large\"><img loading=\"lazy\" decoding=\"async\" width=\"1024\" height=\"576\" src=\"https:\/\/www.em.com.br\/emfoco\/wp-content\/uploads\/2026\/03\/Gemini_Generated_Image_l1upo4l1upo4l1up-1-1024x576.png\" alt=\"\" class=\"wp-image-178913\" srcset=\"https:\/\/www.em.com.br\/emfoco\/wp-content\/uploads\/2026\/03\/Gemini_Generated_Image_l1upo4l1upo4l1up-1-1024x576.png 1024w, https:\/\/www.em.com.br\/emfoco\/wp-content\/uploads\/2026\/03\/Gemini_Generated_Image_l1upo4l1upo4l1up-1-300x169.png 300w, https:\/\/www.em.com.br\/emfoco\/wp-content\/uploads\/2026\/03\/Gemini_Generated_Image_l1upo4l1upo4l1up-1-768x432.png 768w, https:\/\/www.em.com.br\/emfoco\/wp-content\/uploads\/2026\/03\/Gemini_Generated_Image_l1upo4l1upo4l1up-1-750x422.png 750w, https:\/\/www.em.com.br\/emfoco\/wp-content\/uploads\/2026\/03\/Gemini_Generated_Image_l1upo4l1upo4l1up-1-1140x641.png 1140w, https:\/\/www.em.com.br\/emfoco\/wp-content\/uploads\/2026\/03\/Gemini_Generated_Image_l1upo4l1upo4l1up-1.png 1280w\" sizes=\"auto, (max-width: 1024px) 100vw, 1024px\" \/><figcaption class=\"wp-element-caption\">Os motivos para preferir caminhar sozinho variam de pessoa para pessoa<\/figcaption><\/figure><\/div>\n\n\n<h2 class=\"wp-block-heading\">Quando prestar aten\u00e7\u00e3o ao h\u00e1bito de caminhar com a cabe\u00e7a baixa<\/h2>\n\n\n\n<p>Vale observar esse h\u00e1bito com mais carinho quando ele come\u00e7a a vir acompanhado de outros sinais persistentes, como <strong>isolamento<\/strong>, des\u00e2nimo ou queda na motiva\u00e7\u00e3o para atividades que antes traziam prazer. Nessas situa\u00e7\u00f5es, o modo de caminhar pode fazer parte de um <strong>quadro emocional<\/strong> mais amplo, que merece ser olhado com <strong>cuidado<\/strong>.<\/p>\n\n\n\n<p>Algumas atitudes simples podem ajudar a perceber se \u00e9 hora de buscar apoio profissional ou conversar com algu\u00e9m de confian\u00e7a sobre o que est\u00e1 <strong>acontecendo<\/strong>:<\/p>\n\n\n\n<ol class=\"wp-block-list\">\n<li><strong>Observar se<\/strong> o h\u00e1bito \u00e9 recente ou antigo.<\/li>\n\n\n\n<li><strong>Notar se<\/strong> surge mais em situa\u00e7\u00f5es espec\u00edficas, como locais cheios ou momentos de <strong>tens\u00e3o<\/strong>.<\/li>\n\n\n\n<li><strong>Perceber se<\/strong> h\u00e1 outros sinais associados, como fala reduzida ou postura constantemente <strong>curvada<\/strong>.<\/li>\n\n\n\n<li><strong>Buscar orienta\u00e7\u00e3o<\/strong> de um profissional se o conjunto de mudan\u00e7as come\u00e7a a prejudicar rela\u00e7\u00f5es, trabalho ou <strong>estudos<\/strong>.<\/li>\n<\/ol>\n\n\n\n<p>No dia a dia, caminhar olhando para o ch\u00e3o pode ser apenas um <strong>costume<\/strong>, um jeito de se concentrar ou um reflexo de timidez passageira. Em outros momentos, pode indicar que algo dentro da pessoa precisa de <strong>aten\u00e7\u00e3o<\/strong> e cuidado. Olhar para esse gesto com sensibilidade, considerando o contexto e outros comportamentos, ajuda a compreender melhor o significado desse <strong>h\u00e1bito<\/strong>, sem r\u00f3tulos e sem conclus\u00f5es precipitadas.<\/p>\n","protected":false},"excerpt":{"rendered":"<p>Talvez voc\u00ea j\u00e1 tenha reparado em algu\u00e9m caminhando sempre de cabe\u00e7a baixa \u2013 ou at\u00e9 tenha se visto assim, encarando o ch\u00e3o enquanto anda pela rua. Esse jeito de caminhar parece simples, mas pode dizer muito sobre como a pessoa est\u00e1 se sentindo, como lida com o mundo ao redor e at\u00e9 como se relaciona [&hellip;]<\/p>\n","protected":false},"author":9,"featured_media":182529,"comment_status":"open","ping_status":"open","sticky":false,"template":"","format":"standard","meta":{"jnews-multi-image_gallery":[],"jnews_single_post":{"format":"standard"},"jnews_primary_category":[],"jnews_social_meta":[],"jnews_override_counter":[],"footnotes":""},"categories":[8819,1],"tags":[26349,5155,12003],"class_list":["post-182489","post","type-post","status-publish","format-standard","has-post-thumbnail","hentry","category-curiosidades","category-noticias","tag-caminhar-olhando-para-o-chao","tag-psicologia","tag-timidez"],"yoast_head":"<!-- This site is optimized with the Yoast SEO plugin v23.8 - https:\/\/yoast.com\/wordpress\/plugins\/seo\/ -->\n<title>O que significa caminhar olhando para o ch\u00e3o, segundo a psicologia - Estado de Minas - Em foco<\/title>\n<meta name=\"description\" content=\"Caminhar olhando para o ch\u00e3o pode estar ligado a emo\u00e7\u00f5es, timidez ou h\u00e1bito e revelar como voc\u00ea lida com o ambiente ao redor\" \/>\n<meta name=\"robots\" content=\"index, follow, max-snippet:-1, max-image-preview:large, max-video-preview:-1\" \/>\n<link rel=\"canonical\" href=\"https:\/\/www.em.com.br\/emfoco\/2026\/03\/18\/o-que-significa-caminhar-olhando-para-o-chao-segundo-a-psicologia\/\" \/>\n<meta property=\"og:locale\" content=\"pt_BR\" \/>\n<meta property=\"og:type\" content=\"article\" \/>\n<meta property=\"og:title\" content=\"O que significa caminhar olhando para o ch\u00e3o, segundo a psicologia - Estado de Minas - Em foco\" \/>\n<meta property=\"og:description\" content=\"Caminhar olhando para o ch\u00e3o pode estar ligado a emo\u00e7\u00f5es, timidez ou h\u00e1bito e revelar como voc\u00ea lida com o ambiente ao redor\" \/>\n<meta property=\"og:url\" content=\"https:\/\/www.em.com.br\/emfoco\/2026\/03\/18\/o-que-significa-caminhar-olhando-para-o-chao-segundo-a-psicologia\/\" \/>\n<meta property=\"og:site_name\" content=\"Estado de Minas - Em foco\" \/>\n<meta property=\"article:published_time\" content=\"2026-03-19T00:15:18+00:00\" \/>\n<meta property=\"article:modified_time\" content=\"2026-03-17T20:12:06+00:00\" \/>\n<meta property=\"og:image\" content=\"https:\/\/www.em.com.br\/emfoco\/wp-content\/uploads\/2026\/03\/Gemini_Generated_Image_2yqspg2yqspg2yqs-1.png\" \/>\n\t<meta property=\"og:image:width\" content=\"1280\" \/>\n\t<meta property=\"og:image:height\" content=\"720\" \/>\n\t<meta property=\"og:image:type\" content=\"image\/png\" \/>\n<meta name=\"author\" content=\"Daniely Cardoso\" \/>\n<meta name=\"twitter:card\" content=\"summary_large_image\" \/>\n<meta name=\"twitter:label1\" content=\"Escrito por\" \/>\n\t<meta name=\"twitter:data1\" content=\"Daniely Cardoso\" \/>\n\t<meta name=\"twitter:label2\" content=\"Est. tempo de leitura\" \/>\n\t<meta name=\"twitter:data2\" content=\"5 minutos\" \/>\n<!-- \/ Yoast SEO plugin. -->","yoast_head_json":{"title":"O que significa caminhar olhando para o ch\u00e3o, segundo a psicologia - Estado de Minas - Em foco","description":"Caminhar olhando para o ch\u00e3o pode estar ligado a emo\u00e7\u00f5es, timidez ou h\u00e1bito e revelar como voc\u00ea lida com o ambiente ao redor","robots":{"index":"index","follow":"follow","max-snippet":"max-snippet:-1","max-image-preview":"max-image-preview:large","max-video-preview":"max-video-preview:-1"},"canonical":"https:\/\/www.em.com.br\/emfoco\/2026\/03\/18\/o-que-significa-caminhar-olhando-para-o-chao-segundo-a-psicologia\/","og_locale":"pt_BR","og_type":"article","og_title":"O que significa caminhar olhando para o ch\u00e3o, segundo a psicologia - Estado de Minas - Em foco","og_description":"Caminhar olhando para o ch\u00e3o pode estar ligado a emo\u00e7\u00f5es, timidez ou h\u00e1bito e revelar como voc\u00ea lida com o ambiente ao redor","og_url":"https:\/\/www.em.com.br\/emfoco\/2026\/03\/18\/o-que-significa-caminhar-olhando-para-o-chao-segundo-a-psicologia\/","og_site_name":"Estado de Minas - Em foco","article_published_time":"2026-03-19T00:15:18+00:00","article_modified_time":"2026-03-17T20:12:06+00:00","og_image":[{"width":1280,"height":720,"url":"https:\/\/www.em.com.br\/emfoco\/wp-content\/uploads\/2026\/03\/Gemini_Generated_Image_2yqspg2yqspg2yqs-1.png","type":"image\/png"}],"author":"Daniely Cardoso","twitter_card":"summary_large_image","twitter_misc":{"Escrito por":"Daniely Cardoso","Est. tempo de leitura":"5 minutos"},"schema":{"@context":"https:\/\/schema.org","@graph":[{"@type":"WebPage","@id":"https:\/\/www.em.com.br\/emfoco\/2026\/03\/18\/o-que-significa-caminhar-olhando-para-o-chao-segundo-a-psicologia\/","url":"https:\/\/www.em.com.br\/emfoco\/2026\/03\/18\/o-que-significa-caminhar-olhando-para-o-chao-segundo-a-psicologia\/","name":"O que significa caminhar olhando para o ch\u00e3o, segundo a psicologia - Estado de Minas - Em foco","isPartOf":{"@id":"https:\/\/www.em.com.br\/emfoco\/#website"},"primaryImageOfPage":{"@id":"https:\/\/www.em.com.br\/emfoco\/2026\/03\/18\/o-que-significa-caminhar-olhando-para-o-chao-segundo-a-psicologia\/#primaryimage"},"image":{"@id":"https:\/\/www.em.com.br\/emfoco\/2026\/03\/18\/o-que-significa-caminhar-olhando-para-o-chao-segundo-a-psicologia\/#primaryimage"},"thumbnailUrl":"https:\/\/www.em.com.br\/emfoco\/wp-content\/uploads\/2026\/03\/Gemini_Generated_Image_2yqspg2yqspg2yqs-1.png","datePublished":"2026-03-19T00:15:18+00:00","dateModified":"2026-03-17T20:12:06+00:00","author":{"@id":"https:\/\/www.em.com.br\/emfoco\/#\/schema\/person\/0a8186d72f2c3a5c6276d90b41f271a0"},"description":"Caminhar olhando para o ch\u00e3o pode estar ligado a emo\u00e7\u00f5es, timidez ou h\u00e1bito e revelar como voc\u00ea lida com o ambiente ao redor","breadcrumb":{"@id":"https:\/\/www.em.com.br\/emfoco\/2026\/03\/18\/o-que-significa-caminhar-olhando-para-o-chao-segundo-a-psicologia\/#breadcrumb"},"inLanguage":"pt-BR","potentialAction":[{"@type":"ReadAction","target":["https:\/\/www.em.com.br\/emfoco\/2026\/03\/18\/o-que-significa-caminhar-olhando-para-o-chao-segundo-a-psicologia\/"]}]},{"@type":"ImageObject","inLanguage":"pt-BR","@id":"https:\/\/www.em.com.br\/emfoco\/2026\/03\/18\/o-que-significa-caminhar-olhando-para-o-chao-segundo-a-psicologia\/#primaryimage","url":"https:\/\/www.em.com.br\/emfoco\/wp-content\/uploads\/2026\/03\/Gemini_Generated_Image_2yqspg2yqspg2yqs-1.png","contentUrl":"https:\/\/www.em.com.br\/emfoco\/wp-content\/uploads\/2026\/03\/Gemini_Generated_Image_2yqspg2yqspg2yqs-1.png","width":1280,"height":720,"caption":"Esse comportamento tamb\u00e9m pode aparecer em pessoas mais t\u00edmidas ou inseguras em situa\u00e7\u00f5es sociais"},{"@type":"BreadcrumbList","@id":"https:\/\/www.em.com.br\/emfoco\/2026\/03\/18\/o-que-significa-caminhar-olhando-para-o-chao-segundo-a-psicologia\/#breadcrumb","itemListElement":[{"@type":"ListItem","position":1,"name":"In\u00edcio","item":"https:\/\/www.em.com.br\/emfoco\/"},{"@type":"ListItem","position":2,"name":"O que significa caminhar olhando para o ch\u00e3o, segundo a psicologia"}]},{"@type":"WebSite","@id":"https:\/\/www.em.com.br\/emfoco\/#website","url":"https:\/\/www.em.com.br\/emfoco\/","name":"Estado de Minas - Em foco","description":"Acompanhe as \u00faltimas not\u00edcias e fique bem informado sobre tudo o que acontece em Minas Gerais, Brasil e no mundo.","potentialAction":[{"@type":"SearchAction","target":{"@type":"EntryPoint","urlTemplate":"https:\/\/www.em.com.br\/emfoco\/?s={search_term_string}"},"query-input":{"@type":"PropertyValueSpecification","valueRequired":true,"valueName":"search_term_string"}}],"inLanguage":"pt-BR"},{"@type":"Person","@id":"https:\/\/www.em.com.br\/emfoco\/#\/schema\/person\/0a8186d72f2c3a5c6276d90b41f271a0","name":"Daniely Cardoso","image":{"@type":"ImageObject","inLanguage":"pt-BR","@id":"https:\/\/www.em.com.br\/emfoco\/#\/schema\/person\/image\/","url":"https:\/\/secure.gravatar.com\/avatar\/4b80ddbd124d1f071b626d52d62e5dff?s=96&d=mm&r=g","contentUrl":"https:\/\/secure.gravatar.com\/avatar\/4b80ddbd124d1f071b626d52d62e5dff?s=96&d=mm&r=g","caption":"Daniely Cardoso"},"url":"https:\/\/www.em.com.br\/emfoco\/author\/danielymyth\/"}]}},"_links":{"self":[{"href":"https:\/\/www.em.com.br\/emfoco\/wp-json\/wp\/v2\/posts\/182489","targetHints":{"allow":["GET"]}}],"collection":[{"href":"https:\/\/www.em.com.br\/emfoco\/wp-json\/wp\/v2\/posts"}],"about":[{"href":"https:\/\/www.em.com.br\/emfoco\/wp-json\/wp\/v2\/types\/post"}],"author":[{"embeddable":true,"href":"https:\/\/www.em.com.br\/emfoco\/wp-json\/wp\/v2\/users\/9"}],"replies":[{"embeddable":true,"href":"https:\/\/www.em.com.br\/emfoco\/wp-json\/wp\/v2\/comments?post=182489"}],"version-history":[{"count":2,"href":"https:\/\/www.em.com.br\/emfoco\/wp-json\/wp\/v2\/posts\/182489\/revisions"}],"predecessor-version":[{"id":182530,"href":"https:\/\/www.em.com.br\/emfoco\/wp-json\/wp\/v2\/posts\/182489\/revisions\/182530"}],"wp:featuredmedia":[{"embeddable":true,"href":"https:\/\/www.em.com.br\/emfoco\/wp-json\/wp\/v2\/media\/182529"}],"wp:attachment":[{"href":"https:\/\/www.em.com.br\/emfoco\/wp-json\/wp\/v2\/media?parent=182489"}],"wp:term":[{"taxonomy":"category","embeddable":true,"href":"https:\/\/www.em.com.br\/emfoco\/wp-json\/wp\/v2\/categories?post=182489"},{"taxonomy":"post_tag","embeddable":true,"href":"https:\/\/www.em.com.br\/emfoco\/wp-json\/wp\/v2\/tags?post=182489"}],"curies":[{"name":"wp","href":"https:\/\/api.w.org\/{rel}","templated":true}]}}