{"id":182488,"date":"2026-03-18T17:15:13","date_gmt":"2026-03-18T20:15:13","guid":{"rendered":"https:\/\/www.em.com.br\/emfoco\/?p=182488"},"modified":"2026-03-17T17:01:47","modified_gmt":"2026-03-17T20:01:47","slug":"se-sua-cor-favorita-e-azul-aqui-estao-5-coisas-que-a-psicologia-diz-sobre-sua-personalidade","status":"publish","type":"post","link":"https:\/\/www.em.com.br\/emfoco\/2026\/03\/18\/se-sua-cor-favorita-e-azul-aqui-estao-5-coisas-que-a-psicologia-diz-sobre-sua-personalidade\/","title":{"rendered":"Se sua cor favorita \u00e9 azul, aqui est\u00e3o 5 coisas que a psicologia diz sobre sua personalidade"},"content":{"rendered":"\n<p>Voc\u00ea j\u00e1 reparou como, em meio a tantas cores, \u00e9 o azul que insiste em aparecer nas suas roupas, na capa do celular, na parede do quarto ou at\u00e9 na tela do computador? Muitas pessoas t\u00eam essa mesma prefer\u00eancia sem nem perceber, e \u00e9 justamente a\u00ed que entra a psicologia das cores: entender como os tons que escolhemos todos os dias se conectam com o que sentimos, com a forma como nos comportamos e com o jeito que queremos ser vistos no mundo.<\/p>\n\n\n\n<h2 class=\"wp-block-heading\">O que o azul pode revelar sobre como voc\u00ea pensa e sente<\/h2>\n\n\n\n<p>A psicologia das cores parte da ideia de que cada tonalidade desperta rea\u00e7\u00f5es emocionais e cognitivas espec\u00edficas. No caso do azul, aparecem com for\u00e7a caracter\u00edsticas como serenidade, organiza\u00e7\u00e3o mental e necessidade de ambientes previs\u00edveis, com menos ru\u00eddo, menos conflito aberto e mais sensa\u00e7\u00e3o de harmonia.<\/p>\n\n\n\n<p>Em muitos estudos e pesquisas de comportamento, o azul surge ligado \u00e0 imagem de confiabilidade. N\u00e3o por acaso, bancos, empresas de tecnologia e institui\u00e7\u00f5es de sa\u00fade usam esse tom em logotipos para transmitir seguran\u00e7a e seriedade, refor\u00e7ando a ideia de compromisso, responsabilidade e estabilidade nas rela\u00e7\u00f5es.<\/p>\n\n\n<div class=\"wp-block-image\">\n<figure class=\"aligncenter size-large\"><img loading=\"lazy\" decoding=\"async\" width=\"1024\" height=\"576\" src=\"https:\/\/www.em.com.br\/emfoco\/wp-content\/uploads\/2026\/03\/roupa-colorida_1772480952205-1024x576.jpg\" alt=\"\" class=\"wp-image-176509\" srcset=\"https:\/\/www.em.com.br\/emfoco\/wp-content\/uploads\/2026\/03\/roupa-colorida_1772480952205-1024x576.jpg 1024w, https:\/\/www.em.com.br\/emfoco\/wp-content\/uploads\/2026\/03\/roupa-colorida_1772480952205-300x169.jpg 300w, https:\/\/www.em.com.br\/emfoco\/wp-content\/uploads\/2026\/03\/roupa-colorida_1772480952205-768x432.jpg 768w, https:\/\/www.em.com.br\/emfoco\/wp-content\/uploads\/2026\/03\/roupa-colorida_1772480952205-750x422.jpg 750w, https:\/\/www.em.com.br\/emfoco\/wp-content\/uploads\/2026\/03\/roupa-colorida_1772480952205-1140x641.jpg 1140w, https:\/\/www.em.com.br\/emfoco\/wp-content\/uploads\/2026\/03\/roupa-colorida_1772480952205.jpg 1280w\" sizes=\"auto, (max-width: 1024px) 100vw, 1024px\" \/><figcaption class=\"wp-element-caption\">A psicologia das cores parte da ideia de que cada tonalidade desperta rea\u00e7\u00f5es emocionais  &#8211; Cr\u00e9ditos: depositphotos.com \/ VitalikRadko<\/figcaption><\/figure><\/div>\n\n\n<p>Leia tamb\u00e9m:\u00a0<a href=\"https:\/\/www.em.com.br\/emfoco\/2026\/03\/15\/o-que-significa-organizar-tudo-antes-de-dormir-segundo-a-psicologia\/\" target=\"_blank\" rel=\"noreferrer noopener\">O que significa organizar tudo antes de dormir, segundo a psicologia<\/a><\/p>\n\n\n\n<h2 class=\"wp-block-heading\">O que significa que o azul seja sua cor favorita<\/h2>\n\n\n\n<p>Quando o azul domina nas suas escolhas \u2013 roupas, objetos pessoais, decora\u00e7\u00e3o \u2013 alguns tra\u00e7os costumam aparecer com frequ\u00eancia. Em geral, h\u00e1 uma busca por paz interior, por rela\u00e7\u00f5es duradouras e por uma conviv\u00eancia mais serena, em que os conflitos s\u00e3o resolvidos com conversa e n\u00e3o com explos\u00f5es emocionais.<\/p>\n\n\n\n<p>A psicologia das cores v\u00ea essa prefer\u00eancia como um sinal de desejo de estabilidade e previsibilidade, tanto na vida pessoal quanto profissional. Para organizar melhor essas poss\u00edveis caracter\u00edsticas, veja alguns pontos que costumam ser associados ao azul:<\/p>\n\n\n<div class=\"wp-block-image\">\n<figure class=\"aligncenter size-large\"><img loading=\"lazy\" decoding=\"async\" width=\"910\" height=\"1024\" src=\"https:\/\/www.em.com.br\/emfoco\/wp-content\/uploads\/2026\/03\/convertido-5-1-910x1024.jpg\" alt=\"\" class=\"wp-image-182507\" srcset=\"https:\/\/www.em.com.br\/emfoco\/wp-content\/uploads\/2026\/03\/convertido-5-1-910x1024.jpg 910w, https:\/\/www.em.com.br\/emfoco\/wp-content\/uploads\/2026\/03\/convertido-5-1-266x300.jpg 266w, https:\/\/www.em.com.br\/emfoco\/wp-content\/uploads\/2026\/03\/convertido-5-1-768x865.jpg 768w, https:\/\/www.em.com.br\/emfoco\/wp-content\/uploads\/2026\/03\/convertido-5-1-750x844.jpg 750w, https:\/\/www.em.com.br\/emfoco\/wp-content\/uploads\/2026\/03\/convertido-5-1-1140x1283.jpg 1140w, https:\/\/www.em.com.br\/emfoco\/wp-content\/uploads\/2026\/03\/convertido-5-1.jpg 1280w\" sizes=\"auto, (max-width: 910px) 100vw, 910px\" \/><figcaption class=\"wp-element-caption\">A psicologia das cores v\u00ea essa prefer\u00eancia como um sinal de desejo de estabilidade e previsibilidade<\/figcaption><\/figure><\/div>\n\n\n<h2 class=\"wp-block-heading\">Como o azul \u00e9 usado no dia a dia por quem cria ambientes e mensagens<\/h2>\n\n\n\n<p>Profissionais de design, marketing, arquitetura e psicologia ambiental usam muito o azul para construir sensa\u00e7\u00f5es espec\u00edficas. Em consult\u00f3rios, hospitais e cl\u00ednicas, por exemplo, essa cor ajuda a trazer calma, diminuir o nervosismo e refor\u00e7ar a confian\u00e7a em procedimentos e atendimentos.<\/p>\n\n\n\n<p>No universo corporativo, o azul \u00e9 presen\u00e7a constante em logotipos, sites e uniformes, porque refor\u00e7a a ideia de organiza\u00e7\u00e3o, seriedade e clareza. Em escrit\u00f3rios e home offices, combin\u00e1-lo com boa ilumina\u00e7\u00e3o e elementos naturais, como plantas, pode favorecer concentra\u00e7\u00e3o, foco e uma sensa\u00e7\u00e3o de menor estresse durante a rotina de trabalho. Se voc\u00ea gosta de ouvir profissionais, separamos esse v\u00eddeo do canal da <a href=\"https:\/\/www.youtube.com\/@BrandingDigital\" target=\"_blank\" rel=\"noreferrer noopener\">Cristiane Thiel<\/a> falando mais sobre a cor:<\/p>\n\n\n\n<figure class=\"wp-block-embed is-type-video is-provider-youtube wp-block-embed-youtube wp-embed-aspect-16-9 wp-has-aspect-ratio\"><div class=\"wp-block-embed__wrapper\">\n<div class=\"jeg_video_container jeg_video_content\"><iframe loading=\"lazy\" title=\"PSICOLOGIA E SIGNIFICADO DA COR AZUL\" width=\"500\" height=\"281\" src=\"https:\/\/www.youtube.com\/embed\/r4vHo1-RpYA?feature=oembed\" frameborder=\"0\" allow=\"accelerometer; autoplay; clipboard-write; encrypted-media; gyroscope; picture-in-picture; web-share\" referrerpolicy=\"strict-origin-when-cross-origin\" allowfullscreen><\/iframe><\/div>\n<\/div><\/figure>\n\n\n\n<h2 class=\"wp-block-heading\">Como perceber a influ\u00eancia do azul no seu comportamento<\/h2>\n\n\n\n<p>Observar como o azul aparece na sua rotina \u00e9 um jeito simples de entender melhor o que essa cor desperta em voc\u00ea. Em vez de tratar a prefer\u00eancia como r\u00f3tulo, a ideia \u00e9 perceber que sensa\u00e7\u00f5es e atitudes surgem quando o azul est\u00e1 presente nos ambientes e objetos que voc\u00ea escolhe.<\/p>\n\n\n\n<ul class=\"wp-block-list\">\n<li>Observar onde o azul aparece: repare se ele est\u00e1 mais nas roupas, no ambiente de trabalho, nos materiais de estudo ou na decora\u00e7\u00e3o, e em quais momentos voc\u00ea sente mais necessidade de calma e foco.<\/li>\n\n\n\n<li>Perceber o efeito emocional: note se, na presen\u00e7a do azul, voc\u00ea se sente mais organizado, seguro ou tranquilo, e em quais situa\u00e7\u00f5es isso acontece com mais for\u00e7a.<\/li>\n\n\n\n<li>Ajustar ambientes: experimente incluir ou reduzir o azul em espa\u00e7os de descanso, estudo ou conviv\u00eancia, observando se muda algo no humor, na concentra\u00e7\u00e3o ou nas intera\u00e7\u00f5es.<\/li>\n\n\n\n<li>Integrar em rotinas: usar o azul em agendas, materiais de trabalho ou aplicativos pode trazer uma sensa\u00e7\u00e3o maior de ordem e controle diante de tarefas, prazos e decis\u00f5es importantes.<\/li>\n<\/ul>\n\n\n\n<p>Quando entendemos esse v\u00ednculo entre cor e emo\u00e7\u00e3o, fica mais f\u00e1cil montar ambientes e rotinas que combinem com o que buscamos: mais tranquilidade, mais confian\u00e7a e uma vida emocional um pouco mais est\u00e1vel, sem perder autenticidade.<\/p>\n","protected":false},"excerpt":{"rendered":"<p>Voc\u00ea j\u00e1 reparou como, em meio a tantas cores, \u00e9 o azul que insiste em aparecer nas suas roupas, na capa do celular, na parede do quarto ou at\u00e9 na tela do computador? Muitas pessoas t\u00eam essa mesma prefer\u00eancia sem nem perceber, e \u00e9 justamente a\u00ed que entra a psicologia das cores: entender como os [&hellip;]<\/p>\n","protected":false},"author":9,"featured_media":178519,"comment_status":"open","ping_status":"open","sticky":false,"template":"","format":"standard","meta":{"jnews-multi-image_gallery":[],"jnews_single_post":{"format":"standard"},"jnews_primary_category":[],"jnews_social_meta":[],"jnews_override_counter":[],"footnotes":""},"categories":[8819,1],"tags":[3046,26348,1278],"class_list":["post-182488","post","type-post","status-publish","format-standard","has-post-thumbnail","hentry","category-curiosidades","category-noticias","tag-azul","tag-cor-azul-na-psicologia","tag-estabilidade"],"yoast_head":"<!-- This site is optimized with the Yoast SEO plugin v23.8 - https:\/\/yoast.com\/wordpress\/plugins\/seo\/ -->\n<title>Se sua cor favorita \u00e9 azul, aqui est\u00e3o 5 coisas que a psicologia diz sobre sua personalidade - Estado de Minas - Em foco<\/title>\n<meta name=\"description\" content=\"Gostar da cor azul pode revelar tra\u00e7os da personalidade ligados \u00e0 calma, confian\u00e7a e forma de lidar com emo\u00e7\u00f5es no dia a dia\" \/>\n<meta name=\"robots\" content=\"index, follow, max-snippet:-1, max-image-preview:large, max-video-preview:-1\" \/>\n<link rel=\"canonical\" href=\"https:\/\/www.em.com.br\/emfoco\/2026\/03\/18\/se-sua-cor-favorita-e-azul-aqui-estao-5-coisas-que-a-psicologia-diz-sobre-sua-personalidade\/\" \/>\n<meta property=\"og:locale\" content=\"pt_BR\" \/>\n<meta property=\"og:type\" content=\"article\" \/>\n<meta property=\"og:title\" content=\"Se sua cor favorita \u00e9 azul, aqui est\u00e3o 5 coisas que a psicologia diz sobre sua personalidade - Estado de Minas - Em foco\" \/>\n<meta property=\"og:description\" content=\"Gostar da cor azul pode revelar tra\u00e7os da personalidade ligados \u00e0 calma, confian\u00e7a e forma de lidar com emo\u00e7\u00f5es no dia a dia\" \/>\n<meta property=\"og:url\" content=\"https:\/\/www.em.com.br\/emfoco\/2026\/03\/18\/se-sua-cor-favorita-e-azul-aqui-estao-5-coisas-que-a-psicologia-diz-sobre-sua-personalidade\/\" \/>\n<meta property=\"og:site_name\" content=\"Estado de Minas - Em foco\" \/>\n<meta property=\"article:published_time\" content=\"2026-03-18T20:15:13+00:00\" \/>\n<meta property=\"article:modified_time\" content=\"2026-03-17T20:01:47+00:00\" \/>\n<meta property=\"og:image\" content=\"https:\/\/www.em.com.br\/emfoco\/wp-content\/uploads\/2026\/03\/Gemini_Generated_Image_ch7c3ich7c3ich7c-1.png\" \/>\n\t<meta property=\"og:image:width\" content=\"1280\" \/>\n\t<meta property=\"og:image:height\" content=\"720\" \/>\n\t<meta property=\"og:image:type\" content=\"image\/png\" \/>\n<meta name=\"author\" content=\"Daniely Cardoso\" \/>\n<meta name=\"twitter:card\" content=\"summary_large_image\" \/>\n<meta name=\"twitter:label1\" content=\"Escrito por\" \/>\n\t<meta name=\"twitter:data1\" content=\"Daniely Cardoso\" \/>\n\t<meta name=\"twitter:label2\" content=\"Est. tempo de leitura\" \/>\n\t<meta name=\"twitter:data2\" content=\"5 minutos\" \/>\n<!-- \/ Yoast SEO plugin. -->","yoast_head_json":{"title":"Se sua cor favorita \u00e9 azul, aqui est\u00e3o 5 coisas que a psicologia diz sobre sua personalidade - Estado de Minas - Em foco","description":"Gostar da cor azul pode revelar tra\u00e7os da personalidade ligados \u00e0 calma, confian\u00e7a e forma de lidar com emo\u00e7\u00f5es no dia a dia","robots":{"index":"index","follow":"follow","max-snippet":"max-snippet:-1","max-image-preview":"max-image-preview:large","max-video-preview":"max-video-preview:-1"},"canonical":"https:\/\/www.em.com.br\/emfoco\/2026\/03\/18\/se-sua-cor-favorita-e-azul-aqui-estao-5-coisas-que-a-psicologia-diz-sobre-sua-personalidade\/","og_locale":"pt_BR","og_type":"article","og_title":"Se sua cor favorita \u00e9 azul, aqui est\u00e3o 5 coisas que a psicologia diz sobre sua personalidade - Estado de Minas - Em foco","og_description":"Gostar da cor azul pode revelar tra\u00e7os da personalidade ligados \u00e0 calma, confian\u00e7a e forma de lidar com emo\u00e7\u00f5es no dia a dia","og_url":"https:\/\/www.em.com.br\/emfoco\/2026\/03\/18\/se-sua-cor-favorita-e-azul-aqui-estao-5-coisas-que-a-psicologia-diz-sobre-sua-personalidade\/","og_site_name":"Estado de Minas - Em foco","article_published_time":"2026-03-18T20:15:13+00:00","article_modified_time":"2026-03-17T20:01:47+00:00","og_image":[{"width":1280,"height":720,"url":"https:\/\/www.em.com.br\/emfoco\/wp-content\/uploads\/2026\/03\/Gemini_Generated_Image_ch7c3ich7c3ich7c-1.png","type":"image\/png"}],"author":"Daniely Cardoso","twitter_card":"summary_large_image","twitter_misc":{"Escrito por":"Daniely Cardoso","Est. tempo de leitura":"5 minutos"},"schema":{"@context":"https:\/\/schema.org","@graph":[{"@type":"WebPage","@id":"https:\/\/www.em.com.br\/emfoco\/2026\/03\/18\/se-sua-cor-favorita-e-azul-aqui-estao-5-coisas-que-a-psicologia-diz-sobre-sua-personalidade\/","url":"https:\/\/www.em.com.br\/emfoco\/2026\/03\/18\/se-sua-cor-favorita-e-azul-aqui-estao-5-coisas-que-a-psicologia-diz-sobre-sua-personalidade\/","name":"Se sua cor favorita \u00e9 azul, aqui est\u00e3o 5 coisas que a psicologia diz sobre sua personalidade - Estado de Minas - Em foco","isPartOf":{"@id":"https:\/\/www.em.com.br\/emfoco\/#website"},"primaryImageOfPage":{"@id":"https:\/\/www.em.com.br\/emfoco\/2026\/03\/18\/se-sua-cor-favorita-e-azul-aqui-estao-5-coisas-que-a-psicologia-diz-sobre-sua-personalidade\/#primaryimage"},"image":{"@id":"https:\/\/www.em.com.br\/emfoco\/2026\/03\/18\/se-sua-cor-favorita-e-azul-aqui-estao-5-coisas-que-a-psicologia-diz-sobre-sua-personalidade\/#primaryimage"},"thumbnailUrl":"https:\/\/www.em.com.br\/emfoco\/wp-content\/uploads\/2026\/03\/Gemini_Generated_Image_ch7c3ich7c3ich7c-1.png","datePublished":"2026-03-18T20:15:13+00:00","dateModified":"2026-03-17T20:01:47+00:00","author":{"@id":"https:\/\/www.em.com.br\/emfoco\/#\/schema\/person\/0a8186d72f2c3a5c6276d90b41f271a0"},"description":"Gostar da cor azul pode revelar tra\u00e7os da personalidade ligados \u00e0 calma, confian\u00e7a e forma de lidar com emo\u00e7\u00f5es no dia a dia","breadcrumb":{"@id":"https:\/\/www.em.com.br\/emfoco\/2026\/03\/18\/se-sua-cor-favorita-e-azul-aqui-estao-5-coisas-que-a-psicologia-diz-sobre-sua-personalidade\/#breadcrumb"},"inLanguage":"pt-BR","potentialAction":[{"@type":"ReadAction","target":["https:\/\/www.em.com.br\/emfoco\/2026\/03\/18\/se-sua-cor-favorita-e-azul-aqui-estao-5-coisas-que-a-psicologia-diz-sobre-sua-personalidade\/"]}]},{"@type":"ImageObject","inLanguage":"pt-BR","@id":"https:\/\/www.em.com.br\/emfoco\/2026\/03\/18\/se-sua-cor-favorita-e-azul-aqui-estao-5-coisas-que-a-psicologia-diz-sobre-sua-personalidade\/#primaryimage","url":"https:\/\/www.em.com.br\/emfoco\/wp-content\/uploads\/2026\/03\/Gemini_Generated_Image_ch7c3ich7c3ich7c-1.png","contentUrl":"https:\/\/www.em.com.br\/emfoco\/wp-content\/uploads\/2026\/03\/Gemini_Generated_Image_ch7c3ich7c3ich7c-1.png","width":1280,"height":720,"caption":"A psicologia da cor azul na roupa busca entender como esse tom influencia emo\u00e7\u00f5es"},{"@type":"BreadcrumbList","@id":"https:\/\/www.em.com.br\/emfoco\/2026\/03\/18\/se-sua-cor-favorita-e-azul-aqui-estao-5-coisas-que-a-psicologia-diz-sobre-sua-personalidade\/#breadcrumb","itemListElement":[{"@type":"ListItem","position":1,"name":"In\u00edcio","item":"https:\/\/www.em.com.br\/emfoco\/"},{"@type":"ListItem","position":2,"name":"Se sua cor favorita \u00e9 azul, aqui est\u00e3o 5 coisas que a psicologia diz sobre sua personalidade"}]},{"@type":"WebSite","@id":"https:\/\/www.em.com.br\/emfoco\/#website","url":"https:\/\/www.em.com.br\/emfoco\/","name":"Estado de Minas - Em foco","description":"Acompanhe as \u00faltimas not\u00edcias e fique bem informado sobre tudo o que acontece em Minas Gerais, Brasil e no mundo.","potentialAction":[{"@type":"SearchAction","target":{"@type":"EntryPoint","urlTemplate":"https:\/\/www.em.com.br\/emfoco\/?s={search_term_string}"},"query-input":{"@type":"PropertyValueSpecification","valueRequired":true,"valueName":"search_term_string"}}],"inLanguage":"pt-BR"},{"@type":"Person","@id":"https:\/\/www.em.com.br\/emfoco\/#\/schema\/person\/0a8186d72f2c3a5c6276d90b41f271a0","name":"Daniely Cardoso","image":{"@type":"ImageObject","inLanguage":"pt-BR","@id":"https:\/\/www.em.com.br\/emfoco\/#\/schema\/person\/image\/","url":"https:\/\/secure.gravatar.com\/avatar\/4b80ddbd124d1f071b626d52d62e5dff?s=96&d=mm&r=g","contentUrl":"https:\/\/secure.gravatar.com\/avatar\/4b80ddbd124d1f071b626d52d62e5dff?s=96&d=mm&r=g","caption":"Daniely Cardoso"},"url":"https:\/\/www.em.com.br\/emfoco\/author\/danielymyth\/"}]}},"_links":{"self":[{"href":"https:\/\/www.em.com.br\/emfoco\/wp-json\/wp\/v2\/posts\/182488","targetHints":{"allow":["GET"]}}],"collection":[{"href":"https:\/\/www.em.com.br\/emfoco\/wp-json\/wp\/v2\/posts"}],"about":[{"href":"https:\/\/www.em.com.br\/emfoco\/wp-json\/wp\/v2\/types\/post"}],"author":[{"embeddable":true,"href":"https:\/\/www.em.com.br\/emfoco\/wp-json\/wp\/v2\/users\/9"}],"replies":[{"embeddable":true,"href":"https:\/\/www.em.com.br\/emfoco\/wp-json\/wp\/v2\/comments?post=182488"}],"version-history":[{"count":2,"href":"https:\/\/www.em.com.br\/emfoco\/wp-json\/wp\/v2\/posts\/182488\/revisions"}],"predecessor-version":[{"id":182508,"href":"https:\/\/www.em.com.br\/emfoco\/wp-json\/wp\/v2\/posts\/182488\/revisions\/182508"}],"wp:featuredmedia":[{"embeddable":true,"href":"https:\/\/www.em.com.br\/emfoco\/wp-json\/wp\/v2\/media\/178519"}],"wp:attachment":[{"href":"https:\/\/www.em.com.br\/emfoco\/wp-json\/wp\/v2\/media?parent=182488"}],"wp:term":[{"taxonomy":"category","embeddable":true,"href":"https:\/\/www.em.com.br\/emfoco\/wp-json\/wp\/v2\/categories?post=182488"},{"taxonomy":"post_tag","embeddable":true,"href":"https:\/\/www.em.com.br\/emfoco\/wp-json\/wp\/v2\/tags?post=182488"}],"curies":[{"name":"wp","href":"https:\/\/api.w.org\/{rel}","templated":true}]}}