{"id":182441,"date":"2026-03-17T18:35:00","date_gmt":"2026-03-17T21:35:00","guid":{"rendered":"https:\/\/www.em.com.br\/emfoco\/?p=182441"},"modified":"2026-03-17T15:41:17","modified_gmt":"2026-03-17T18:41:17","slug":"em-vez-de-um-criado-mudo-prefira-esta-nova-tendencia-que-vemos-cada-vez-mais-nos-quartos","status":"publish","type":"post","link":"https:\/\/www.em.com.br\/emfoco\/2026\/03\/17\/em-vez-de-um-criado-mudo-prefira-esta-nova-tendencia-que-vemos-cada-vez-mais-nos-quartos\/","title":{"rendered":"Em vez de um criado mudo, prefira esta nova tend\u00eancia que vemos cada vez mais nos quartos"},"content":{"rendered":"\n<p>O quarto \u00e9 um dos ambientes mais importantes da casa, um espa\u00e7o de <strong>descanso, conforto e personalidade<\/strong>. Nos \u00faltimos anos, uma <strong>nova tend\u00eancia de decora\u00e7\u00e3o<\/strong> vem ganhando destaque: substituir a tradicional <strong>mesa de cabeceira<\/strong> por solu\u00e7\u00f5es criativas e funcionais. Essa mudan\u00e7a transforma o visual do ambiente, valoriza o espa\u00e7o ao redor da cama e traz novas possibilidades para organizar objetos e compor a est\u00e9tica do quarto.<\/p>\n\n\n\n<h2 class=\"wp-block-heading\">Por que substituir a <strong>mesa de cabeceira tradicional<\/strong>?<\/h2>\n\n\n\n<p>A <strong><a href=\"https:\/\/pt.wikipedia.org\/wiki\/Criado-mudo\" target=\"_blank\" rel=\"noreferrer noopener\">mesa de cabeceira<\/a> <\/strong>sempre foi considerada um elemento essencial ao lado da cama. No entanto, a <strong>decora\u00e7\u00e3o contempor\u00e2nea<\/strong> passou a valorizar ambientes mais leves, funcionais e personalizados, abrindo espa\u00e7o para alternativas que trazem <strong>charme e praticidade<\/strong> ao quarto.<\/p>\n\n\n\n<p>Essa mudan\u00e7a n\u00e3o significa abrir m\u00e3o da funcionalidade. Pelo contr\u00e1rio, <strong>novas solu\u00e7\u00f5es<\/strong> surgem para manter itens essenciais ao alcance das m\u00e3os, ao mesmo tempo em que ajudam a renovar o visual do ambiente e aproveitam melhor <strong>cada cent\u00edmetro do espa\u00e7o<\/strong>.<\/p>\n\n\n\n<ul class=\"wp-block-list\">\n<li><strong>Estantes suspensas<\/strong> que deixam o quarto mais moderno e organizado<\/li>\n\n\n\n<li><strong>Prateleiras minimalistas<\/strong> instaladas ao lado da cama<\/li>\n\n\n\n<li><strong>Bancos compactos<\/strong> que funcionam como apoio e elemento decorativo<\/li>\n\n\n\n<li><strong>Caixotes de madeira<\/strong> que trazem um toque r\u00fastico e aconchegante<\/li>\n<\/ul>\n\n\n\n<h2 class=\"wp-block-heading\">Como adaptar essa tend\u00eancia ao <strong>espa\u00e7o do quarto<\/strong>?<\/h2>\n\n\n\n<p>Antes de escolher o substituto ideal para a mesa de cabeceira, \u00e9 importante observar o <strong>tamanho do quarto<\/strong> e a disposi\u00e7\u00e3o da <a href=\"https:\/\/www.em.com.br\/emfoco\/2026\/03\/07\/adeus-a-cama-tradicional-com-a-nova-tendencia-que-esta-ganhando-espaco-nas-casas-pelo-mundo\/\" target=\"_blank\" rel=\"noreferrer noopener\"><strong>cama<\/strong><\/a>. Em ambientes menores, <strong>solu\u00e7\u00f5es suspensas<\/strong> ajudam a liberar espa\u00e7o visual e deixam o quarto mais leve.<\/p>\n\n\n\n<p>J\u00e1 em quartos maiores, pe\u00e7as decorativas com dupla fun\u00e7\u00e3o podem criar uma composi\u00e7\u00e3o <strong>elegante<\/strong> ao lado da cama. O segredo est\u00e1 em equilibrar <strong>est\u00e9tica e praticidade<\/strong> para que o ambiente continue confort\u00e1vel para o dia a dia.<\/p>\n\n\n\n<ul class=\"wp-block-list\">\n<li>Em quartos pequenos, prefira <strong>prateleiras finas<\/strong> ou <strong>nichos embutidos<\/strong><\/li>\n\n\n\n<li>Em espa\u00e7os amplos, utilize <strong>bancos decorativos<\/strong> ou <strong>pequenos aparadores<\/strong><\/li>\n\n\n\n<li>Escolha <strong>materiais que combinem<\/strong> com o restante da decora\u00e7\u00e3o do quarto<\/li>\n\n\n\n<li>Mantenha apenas <strong>objetos essenciais<\/strong> ao lado da cama<\/li>\n<\/ul>\n\n\n\n<figure class=\"wp-block-image size-large\"><img loading=\"lazy\" decoding=\"async\" width=\"1024\" height=\"576\" src=\"https:\/\/www.em.com.br\/emfoco\/wp-content\/uploads\/2026\/03\/X-63-1-1024x576.jpg\" alt=\"Em vez de um criado mudo, prefira esta nova tend\u00eancia que vemos cada vez mais nos quartos\" class=\"wp-image-182458\" srcset=\"https:\/\/www.em.com.br\/emfoco\/wp-content\/uploads\/2026\/03\/X-63-1-1024x576.jpg 1024w, https:\/\/www.em.com.br\/emfoco\/wp-content\/uploads\/2026\/03\/X-63-1-300x169.jpg 300w, https:\/\/www.em.com.br\/emfoco\/wp-content\/uploads\/2026\/03\/X-63-1-768x432.jpg 768w, https:\/\/www.em.com.br\/emfoco\/wp-content\/uploads\/2026\/03\/X-63-1-1536x864.jpg 1536w, https:\/\/www.em.com.br\/emfoco\/wp-content\/uploads\/2026\/03\/X-63-1-2048x1152.jpg 2048w, https:\/\/www.em.com.br\/emfoco\/wp-content\/uploads\/2026\/03\/X-63-1-750x422.jpg 750w, https:\/\/www.em.com.br\/emfoco\/wp-content\/uploads\/2026\/03\/X-63-1-1140x641.jpg 1140w\" sizes=\"auto, (max-width: 1024px) 100vw, 1024px\" \/><figcaption class=\"wp-element-caption\">Prateleiras minimalistas podem substituir a mesa de cabeceira<\/figcaption><\/figure>\n\n\n\n<h2 class=\"wp-block-heading\">Quais objetos podem substituir a fun\u00e7\u00e3o da <strong>mesa de cabeceira<\/strong>?<\/h2>\n\n\n\n<p>Mesmo sem a mesa de cabeceira tradicional, \u00e9 importante manter um <strong>ponto de apoio<\/strong> ao lado da cama para objetos essenciais do dia a dia. <strong>Livros, lumin\u00e1rias e itens decorativos<\/strong> continuam sendo parte importante da composi\u00e7\u00e3o do quarto.<\/p>\n\n\n\n<p>Por isso, muitas <strong>solu\u00e7\u00f5es criativas<\/strong> surgem justamente para unir organiza\u00e7\u00e3o e estilo. Elementos simples podem assumir essa fun\u00e7\u00e3o com <strong>muito mais personalidade<\/strong>, criando um ambiente \u00fanico e acolhedor.<\/p>\n\n\n\n<p><strong>Escadas decorativas<\/strong>, por exemplo, s\u00e3o usadas para apoiar livros ou lumin\u00e1rias pequenas. <strong>Nichos embutidos na parede<\/strong> tamb\u00e9m se tornaram populares por criar um visual moderno e elegante. Outra op\u00e7\u00e3o interessante s\u00e3o <strong>mesas laterais leves<\/strong>, que podem ser movimentadas facilmente conforme a necessidade.<\/p>\n\n\n\n<h2 class=\"wp-block-heading\">Essa tend\u00eancia combina com todos os <strong>estilos de quarto<\/strong>?<\/h2>\n\n\n\n<p>A versatilidade dessa tend\u00eancia \u00e9 justamente o que a torna t\u00e3o popular. Independentemente do estilo de decora\u00e7\u00e3o do quarto, existem <strong>alternativas capazes de substituir a mesa de cabeceira<\/strong> sem comprometer a harmonia do ambiente.<\/p>\n\n\n\n<p>Em quartos de estilo minimalista, <strong>prateleiras discretas<\/strong> ou <strong>nichos embutidos<\/strong> criam uma est\u00e9tica limpa e sofisticada. J\u00e1 em ambientes mais acolhedores, <strong>pe\u00e7as de madeira natural<\/strong> ou <strong>bancos artesanais<\/strong> adicionam textura e personalidade ao espa\u00e7o ao lado da cama.<\/p>\n\n\n\n<p>No final das contas, a ideia principal \u00e9 permitir que o quarto reflita o estilo de quem vive nele. Ao abandonar a mesa de cabeceira tradicional e explorar <strong>novas solu\u00e7\u00f5es<\/strong>, o ambiente ganha <strong>leveza, criatividade e um toque contempor\u00e2neo<\/strong> que transforma completamente a decora\u00e7\u00e3o.<\/p>\n","protected":false},"excerpt":{"rendered":"<p>O quarto \u00e9 um dos ambientes mais importantes da casa, um espa\u00e7o de descanso, conforto e personalidade. Nos \u00faltimos anos, uma nova tend\u00eancia de decora\u00e7\u00e3o vem ganhando destaque: substituir a tradicional mesa de cabeceira por solu\u00e7\u00f5es criativas e funcionais. Essa mudan\u00e7a transforma o visual do ambiente, valoriza o espa\u00e7o ao redor da cama e traz [&hellip;]<\/p>\n","protected":false},"author":28,"featured_media":182457,"comment_status":"open","ping_status":"open","sticky":false,"template":"","format":"standard","meta":{"jnews-multi-image_gallery":[],"jnews_single_post":{"format":"standard"},"jnews_primary_category":[],"jnews_social_meta":[],"jnews_override_counter":[],"footnotes":""},"categories":[8819],"tags":[26339,26337,26336,26338],"class_list":["post-182441","post","type-post","status-publish","format-standard","has-post-thumbnail","hentry","category-curiosidades","tag-decoracao-de-quarto-moderno","tag-ideias-para-quarto-pequeno","tag-mesa-de-cabeceira-decoracao","tag-substituir-mesa-de-cabeceira"],"yoast_head":"<!-- This site is optimized with the Yoast SEO plugin v23.8 - https:\/\/yoast.com\/wordpress\/plugins\/seo\/ -->\n<title>Em vez de um criado mudo, prefira esta nova tend\u00eancia que vemos cada vez mais nos quartos - Estado de Minas - Em foco<\/title>\n<meta name=\"description\" content=\"A decora\u00e7\u00e3o contempor\u00e2nea vem substituindo a mesa de cabeceira tradicional por solu\u00e7\u00f5es mais leves e criativas.\" \/>\n<meta name=\"robots\" content=\"index, follow, max-snippet:-1, max-image-preview:large, max-video-preview:-1\" \/>\n<link rel=\"canonical\" href=\"https:\/\/www.em.com.br\/emfoco\/2026\/03\/17\/em-vez-de-um-criado-mudo-prefira-esta-nova-tendencia-que-vemos-cada-vez-mais-nos-quartos\/\" \/>\n<meta property=\"og:locale\" content=\"pt_BR\" \/>\n<meta property=\"og:type\" content=\"article\" \/>\n<meta property=\"og:title\" content=\"Em vez de um criado mudo, prefira esta nova tend\u00eancia que vemos cada vez mais nos quartos - Estado de Minas - Em foco\" \/>\n<meta property=\"og:description\" content=\"A decora\u00e7\u00e3o contempor\u00e2nea vem substituindo a mesa de cabeceira tradicional por solu\u00e7\u00f5es mais leves e criativas.\" \/>\n<meta property=\"og:url\" content=\"https:\/\/www.em.com.br\/emfoco\/2026\/03\/17\/em-vez-de-um-criado-mudo-prefira-esta-nova-tendencia-que-vemos-cada-vez-mais-nos-quartos\/\" \/>\n<meta property=\"og:site_name\" content=\"Estado de Minas - Em foco\" \/>\n<meta property=\"article:published_time\" content=\"2026-03-17T21:35:00+00:00\" \/>\n<meta property=\"article:modified_time\" content=\"2026-03-17T18:41:17+00:00\" \/>\n<meta property=\"og:image\" content=\"https:\/\/www.em.com.br\/emfoco\/wp-content\/uploads\/2026\/03\/X-64-1.jpg\" \/>\n\t<meta property=\"og:image:width\" content=\"2560\" \/>\n\t<meta property=\"og:image:height\" content=\"1440\" \/>\n\t<meta property=\"og:image:type\" content=\"image\/jpeg\" \/>\n<meta name=\"author\" content=\"Elis Gabrielle Santos Souza\" \/>\n<meta name=\"twitter:card\" content=\"summary_large_image\" \/>\n<meta name=\"twitter:label1\" content=\"Escrito por\" \/>\n\t<meta name=\"twitter:data1\" content=\"Elis Gabrielle Santos Souza\" \/>\n\t<meta name=\"twitter:label2\" content=\"Est. tempo de leitura\" \/>\n\t<meta name=\"twitter:data2\" content=\"4 minutos\" \/>\n<!-- \/ Yoast SEO plugin. -->","yoast_head_json":{"title":"Em vez de um criado mudo, prefira esta nova tend\u00eancia que vemos cada vez mais nos quartos - Estado de Minas - Em foco","description":"A decora\u00e7\u00e3o contempor\u00e2nea vem substituindo a mesa de cabeceira tradicional por solu\u00e7\u00f5es mais leves e criativas.","robots":{"index":"index","follow":"follow","max-snippet":"max-snippet:-1","max-image-preview":"max-image-preview:large","max-video-preview":"max-video-preview:-1"},"canonical":"https:\/\/www.em.com.br\/emfoco\/2026\/03\/17\/em-vez-de-um-criado-mudo-prefira-esta-nova-tendencia-que-vemos-cada-vez-mais-nos-quartos\/","og_locale":"pt_BR","og_type":"article","og_title":"Em vez de um criado mudo, prefira esta nova tend\u00eancia que vemos cada vez mais nos quartos - Estado de Minas - Em foco","og_description":"A decora\u00e7\u00e3o contempor\u00e2nea vem substituindo a mesa de cabeceira tradicional por solu\u00e7\u00f5es mais leves e criativas.","og_url":"https:\/\/www.em.com.br\/emfoco\/2026\/03\/17\/em-vez-de-um-criado-mudo-prefira-esta-nova-tendencia-que-vemos-cada-vez-mais-nos-quartos\/","og_site_name":"Estado de Minas - Em foco","article_published_time":"2026-03-17T21:35:00+00:00","article_modified_time":"2026-03-17T18:41:17+00:00","og_image":[{"width":2560,"height":1440,"url":"https:\/\/www.em.com.br\/emfoco\/wp-content\/uploads\/2026\/03\/X-64-1.jpg","type":"image\/jpeg"}],"author":"Elis Gabrielle Santos Souza","twitter_card":"summary_large_image","twitter_misc":{"Escrito por":"Elis Gabrielle Santos Souza","Est. tempo de leitura":"4 minutos"},"schema":{"@context":"https:\/\/schema.org","@graph":[{"@type":"WebPage","@id":"https:\/\/www.em.com.br\/emfoco\/2026\/03\/17\/em-vez-de-um-criado-mudo-prefira-esta-nova-tendencia-que-vemos-cada-vez-mais-nos-quartos\/","url":"https:\/\/www.em.com.br\/emfoco\/2026\/03\/17\/em-vez-de-um-criado-mudo-prefira-esta-nova-tendencia-que-vemos-cada-vez-mais-nos-quartos\/","name":"Em vez de um criado mudo, prefira esta nova tend\u00eancia que vemos cada vez mais nos quartos - Estado de Minas - Em foco","isPartOf":{"@id":"https:\/\/www.em.com.br\/emfoco\/#website"},"primaryImageOfPage":{"@id":"https:\/\/www.em.com.br\/emfoco\/2026\/03\/17\/em-vez-de-um-criado-mudo-prefira-esta-nova-tendencia-que-vemos-cada-vez-mais-nos-quartos\/#primaryimage"},"image":{"@id":"https:\/\/www.em.com.br\/emfoco\/2026\/03\/17\/em-vez-de-um-criado-mudo-prefira-esta-nova-tendencia-que-vemos-cada-vez-mais-nos-quartos\/#primaryimage"},"thumbnailUrl":"https:\/\/www.em.com.br\/emfoco\/wp-content\/uploads\/2026\/03\/X-64-1.jpg","datePublished":"2026-03-17T21:35:00+00:00","dateModified":"2026-03-17T18:41:17+00:00","author":{"@id":"https:\/\/www.em.com.br\/emfoco\/#\/schema\/person\/0c545bffa944f9caa147d776b5f6f1f5"},"description":"A decora\u00e7\u00e3o contempor\u00e2nea vem substituindo a mesa de cabeceira tradicional por solu\u00e7\u00f5es mais leves e criativas.","breadcrumb":{"@id":"https:\/\/www.em.com.br\/emfoco\/2026\/03\/17\/em-vez-de-um-criado-mudo-prefira-esta-nova-tendencia-que-vemos-cada-vez-mais-nos-quartos\/#breadcrumb"},"inLanguage":"pt-BR","potentialAction":[{"@type":"ReadAction","target":["https:\/\/www.em.com.br\/emfoco\/2026\/03\/17\/em-vez-de-um-criado-mudo-prefira-esta-nova-tendencia-que-vemos-cada-vez-mais-nos-quartos\/"]}]},{"@type":"ImageObject","inLanguage":"pt-BR","@id":"https:\/\/www.em.com.br\/emfoco\/2026\/03\/17\/em-vez-de-um-criado-mudo-prefira-esta-nova-tendencia-que-vemos-cada-vez-mais-nos-quartos\/#primaryimage","url":"https:\/\/www.em.com.br\/emfoco\/wp-content\/uploads\/2026\/03\/X-64-1.jpg","contentUrl":"https:\/\/www.em.com.br\/emfoco\/wp-content\/uploads\/2026\/03\/X-64-1.jpg","width":2560,"height":1440,"caption":"Atualmente o criado mudo pesa o visual do quarto"},{"@type":"BreadcrumbList","@id":"https:\/\/www.em.com.br\/emfoco\/2026\/03\/17\/em-vez-de-um-criado-mudo-prefira-esta-nova-tendencia-que-vemos-cada-vez-mais-nos-quartos\/#breadcrumb","itemListElement":[{"@type":"ListItem","position":1,"name":"In\u00edcio","item":"https:\/\/www.em.com.br\/emfoco\/"},{"@type":"ListItem","position":2,"name":"Em vez de um criado mudo, prefira esta nova tend\u00eancia que vemos cada vez mais nos quartos"}]},{"@type":"WebSite","@id":"https:\/\/www.em.com.br\/emfoco\/#website","url":"https:\/\/www.em.com.br\/emfoco\/","name":"Estado de Minas - Em foco","description":"Acompanhe as \u00faltimas not\u00edcias e fique bem informado sobre tudo o que acontece em Minas Gerais, Brasil e no mundo.","potentialAction":[{"@type":"SearchAction","target":{"@type":"EntryPoint","urlTemplate":"https:\/\/www.em.com.br\/emfoco\/?s={search_term_string}"},"query-input":{"@type":"PropertyValueSpecification","valueRequired":true,"valueName":"search_term_string"}}],"inLanguage":"pt-BR"},{"@type":"Person","@id":"https:\/\/www.em.com.br\/emfoco\/#\/schema\/person\/0c545bffa944f9caa147d776b5f6f1f5","name":"Elis Gabrielle Santos Souza","image":{"@type":"ImageObject","inLanguage":"pt-BR","@id":"https:\/\/www.em.com.br\/emfoco\/#\/schema\/person\/image\/","url":"https:\/\/secure.gravatar.com\/avatar\/1dc86c254cebb74d9c8a14da612c52db?s=96&d=mm&r=g","contentUrl":"https:\/\/secure.gravatar.com\/avatar\/1dc86c254cebb74d9c8a14da612c52db?s=96&d=mm&r=g","caption":"Elis Gabrielle Santos Souza"},"sameAs":["https:\/\/www.em.com.br\/emfoco"],"url":"https:\/\/www.em.com.br\/emfoco\/author\/elis-myth\/"}]}},"_links":{"self":[{"href":"https:\/\/www.em.com.br\/emfoco\/wp-json\/wp\/v2\/posts\/182441","targetHints":{"allow":["GET"]}}],"collection":[{"href":"https:\/\/www.em.com.br\/emfoco\/wp-json\/wp\/v2\/posts"}],"about":[{"href":"https:\/\/www.em.com.br\/emfoco\/wp-json\/wp\/v2\/types\/post"}],"author":[{"embeddable":true,"href":"https:\/\/www.em.com.br\/emfoco\/wp-json\/wp\/v2\/users\/28"}],"replies":[{"embeddable":true,"href":"https:\/\/www.em.com.br\/emfoco\/wp-json\/wp\/v2\/comments?post=182441"}],"version-history":[{"count":1,"href":"https:\/\/www.em.com.br\/emfoco\/wp-json\/wp\/v2\/posts\/182441\/revisions"}],"predecessor-version":[{"id":182471,"href":"https:\/\/www.em.com.br\/emfoco\/wp-json\/wp\/v2\/posts\/182441\/revisions\/182471"}],"wp:featuredmedia":[{"embeddable":true,"href":"https:\/\/www.em.com.br\/emfoco\/wp-json\/wp\/v2\/media\/182457"}],"wp:attachment":[{"href":"https:\/\/www.em.com.br\/emfoco\/wp-json\/wp\/v2\/media?parent=182441"}],"wp:term":[{"taxonomy":"category","embeddable":true,"href":"https:\/\/www.em.com.br\/emfoco\/wp-json\/wp\/v2\/categories?post=182441"},{"taxonomy":"post_tag","embeddable":true,"href":"https:\/\/www.em.com.br\/emfoco\/wp-json\/wp\/v2\/tags?post=182441"}],"curies":[{"name":"wp","href":"https:\/\/api.w.org\/{rel}","templated":true}]}}