{"id":182273,"date":"2026-03-18T11:25:00","date_gmt":"2026-03-18T14:25:00","guid":{"rendered":"https:\/\/www.em.com.br\/emfoco\/?p=182273"},"modified":"2026-03-17T23:09:17","modified_gmt":"2026-03-18T02:09:17","slug":"a-23-km-de-belo-horizonte-esta-a-cidade-que-conquista-quem-busca-viver-com-qualidade-de-vida-e-tranquilidade","status":"publish","type":"post","link":"https:\/\/www.em.com.br\/emfoco\/2026\/03\/18\/a-23-km-de-belo-horizonte-esta-a-cidade-que-conquista-quem-busca-viver-com-qualidade-de-vida-e-tranquilidade\/","title":{"rendered":"A 23 km de Belo Horizonte est\u00e1 a cidade que conquista quem busca viver com qualidade de vida e tranquilidade"},"content":{"rendered":"\n<p>A apenas 25 minutos de carro de <strong>Belo Horizonte<\/strong>, <strong>Sabar\u00e1<\/strong> surpreende quem espera encontrar mais uma cidade hist\u00f3rica previs\u00edvel. No cora\u00e7\u00e3o da <strong>Regi\u00e3o Metropolitana<\/strong>, a antiga Vila Real esconde pain\u00e9is orientais dentro de uma capela barroca, o segundo teatro mais antigo do <strong>Brasil<\/strong> em funcionamento e uma fruta que virou patrim\u00f4nio com selo nacional.<\/p>\n\n\n\n<h2 class=\"wp-block-heading\">Por que Sabar\u00e1 tem uma igreja com arte chinesa?<\/h2>\n\n\n\n<p>A <a href=\"http:\/\/portal.iphan.gov.br\/pagina\/detalhes\/1817\/\" target=\"_blank\" rel=\"noreferrer noopener\"><strong>Capela de Nossa Senhora do \u00d3<\/strong><\/a>, erguida em 1717, reserva uma das maiores surpresas do barroco brasileiro. Por fora, a fachada \u00e9 simples: adobe, cal e uma torre central discreta. Por dentro, pain\u00e9is vermelhos, azuis e dourados imitam laca chinesa e exibem pagodes, p\u00e1ssaros e figuras orientais.<\/p>\n\n\n\n<p>Esse tipo de ornamenta\u00e7\u00e3o \u00e9 chamado de chinesice, um estilo decorativo inspirado na arte do Extremo Oriente que chegou ao Brasil via Portugal. Segundo o <strong>Instituto do Patrim\u00f4nio Hist\u00f3rico e Art\u00edstico Nacional (IPHAN)<\/strong>, sup\u00f5e-se que o pintor <strong>Jacinto Ribeiro<\/strong>, nascido na \u00cdndia portuguesa e morador em <strong>Minas Gerais<\/strong> desde 1711, tenha executado as pinturas. O historiador franc\u00eas <strong>Germain Bazin<\/strong> classificou a capela como uma das cria\u00e7\u00f5es mais requintadas da arte barroca. O tombamento federal veio em 1938.<\/p>\n\n\n<div class=\"wp-block-image\">\n<figure class=\"aligncenter size-large\"><img loading=\"lazy\" decoding=\"async\" width=\"1024\" height=\"576\" src=\"https:\/\/www.em.com.br\/emfoco\/wp-content\/uploads\/2026\/01\/Sabara-1-1024x576.jpg\" alt=\"\" class=\"wp-image-152867\" srcset=\"https:\/\/www.em.com.br\/emfoco\/wp-content\/uploads\/2026\/01\/Sabara-1-1024x576.jpg 1024w, https:\/\/www.em.com.br\/emfoco\/wp-content\/uploads\/2026\/01\/Sabara-1-300x169.jpg 300w, https:\/\/www.em.com.br\/emfoco\/wp-content\/uploads\/2026\/01\/Sabara-1-768x432.jpg 768w, https:\/\/www.em.com.br\/emfoco\/wp-content\/uploads\/2026\/01\/Sabara-1-750x422.jpg 750w, https:\/\/www.em.com.br\/emfoco\/wp-content\/uploads\/2026\/01\/Sabara-1-1140x641.jpg 1140w, https:\/\/www.em.com.br\/emfoco\/wp-content\/uploads\/2026\/01\/Sabara-1.jpg 1280w\" sizes=\"auto, (max-width: 1024px) 100vw, 1024px\" \/><figcaption class=\"wp-element-caption\">Sabar\u00e1 preserva o segundo teatro mais antigo do Brasil e det\u00e9m o t\u00edtulo de capital da jabuticaba \/\/ Cr\u00e9ditos: Wikipedia<\/figcaption><\/figure><\/div>\n\n\n<h2 class=\"wp-block-heading\">O que fazer em um bate-volta hist\u00f3rico saindo de BH?<\/h2>\n\n\n\n<p>O centro hist\u00f3rico de Sabar\u00e1 concentra atra\u00e7\u00f5es a poucos minutos de caminhada umas das outras. Uma manh\u00e3 inteira \u00e9 suficiente para os principais pontos, mas o ideal \u00e9 reservar o dia completo para aproveitar sem pressa:<\/p>\n\n\n\n<ul class=\"wp-block-list has-medium-font-size\">\n<li><strong>Capela de Nossa Senhora do \u00d3<\/strong>: a joia oriental do barroco mineiro. Funciona de 8h \u00e0s 12h e de 13h \u00e0s 17h (domingos at\u00e9 12h).<\/li>\n\n\n\n<li><strong>Igreja de Nossa Senhora do Carmo<\/strong> (1763): portada em pedra-sab\u00e3o atribu\u00edda a <strong>Aleijadinho<\/strong>, com p\u00falpitos e esculturas de sua autoria. Tombada pelo <a href=\"http:\/\/portal.iphan.gov.br\/pagina\/detalhes\/1817\/\" target=\"_blank\" rel=\"noreferrer noopener\"><strong>IPHAN<\/strong><\/a>.<\/li>\n\n\n\n<li><strong>Teatro Municipal<\/strong> (1819): segundo mais antigo do Brasil em atividade, com 400 lugares em tr\u00eas galerias de camarotes. Eleito uma das <strong>Sete Maravilhas da Estrada Real<\/strong>. Tombado pelo IPHAN desde 1963.<\/li>\n\n\n\n<li><strong>Museu do Ouro<\/strong>: instalado na antiga <strong>Casa de Intend\u00eancia e Fundi\u00e7\u00e3o<\/strong> (1730), \u00fanica constru\u00e7\u00e3o com essas caracter\u00edsticas ainda de p\u00e9 no pa\u00eds. Inaugurado em 1946, \u00e9 administrado pelo <a href=\"https:\/\/museudoouro.museus.gov.br\/\" target=\"_blank\" rel=\"noreferrer noopener\"><strong>Instituto Brasileiro de Museus (IBRAM)<\/strong><\/a>. <em>Aten\u00e7\u00e3o: o pr\u00e9dio original est\u00e1 fechado para restaura\u00e7\u00e3o. O acervo ser\u00e1 transferido para o Solar do Padre Correia, no centro.<\/em><\/li>\n\n\n\n<li><strong>Chafariz do Kaquende<\/strong> (1750): fonte colonial preservada em pedra, pr\u00f3xima ao centro.<\/li>\n\n\n\n<li><strong>Igreja do Ros\u00e1rio dos Pretos<\/strong> (1767): constru\u00edda por escravizados, ficou inacabada ap\u00f3s a aboli\u00e7\u00e3o. Abriga o Museu de Arte Sacra na sacristia.<\/li>\n<\/ul>\n\n\n\n<p>Quem quer conhecer o centro hist\u00f3rico de <strong>Sabar\u00e1<\/strong>, vai curtir esse v\u00eddeo do canal <strong>De fora em Juiz de Fora<\/strong>, com mais de <strong>83 mil<\/strong> visualiza\u00e7\u00f5es, onde <strong>Tati Marmon<\/strong> apresenta as belezas e curiosidades de <strong>Minas Gerais<\/strong>:<\/p>\n\n\n\n<figure class=\"wp-block-embed is-type-video is-provider-youtube wp-block-embed-youtube wp-embed-aspect-16-9 wp-has-aspect-ratio\"><div class=\"wp-block-embed__wrapper\">\n<div class=\"jeg_video_container jeg_video_content\"><iframe loading=\"lazy\" title=\"CONHE\u00c7A SABAR\u00c1 MG: Cidade hist\u00f3rica ao lado de Belo Horizonte - Minas Gerais\" width=\"500\" height=\"281\" src=\"https:\/\/www.youtube.com\/embed\/a2GWW0rRiL8?feature=oembed\" frameborder=\"0\" allow=\"accelerometer; autoplay; clipboard-write; encrypted-media; gyroscope; picture-in-picture; web-share\" referrerpolicy=\"strict-origin-when-cross-origin\" allowfullscreen><\/iframe><\/div>\n<\/div><\/figure>\n\n\n\n<h2 class=\"wp-block-heading\">Jabuticaba com selo nacional e festival de 200 mil visitantes<\/h2>\n\n\n\n<p>Sabar\u00e1 \u00e9 conhecida como a Terra da Jabuticaba. O solo f\u00e9rtil da regi\u00e3o favoreceu o cultivo da fruta, e os moradores transformaram a safra em licores, geleias, compotas e molhos transmitidos de gera\u00e7\u00e3o em gera\u00e7\u00e3o. Em 2018, o <strong>Instituto Nacional da Propriedade Industrial (INPI)<\/strong> concedeu o <a href=\"https:\/\/www.mg.gov.br\/agricultura\/noticias\/derivados-de-jabuticaba-produzidos-em-minas-estao-no-mapa-das-indicacoes\" target=\"_blank\" rel=\"noreferrer noopener\"><strong>selo de Indica\u00e7\u00e3o Geogr\u00e1fica (IG)<\/strong><\/a> aos derivados produzidos no munic\u00edpio.<\/p>\n\n\n\n<p>O <strong>Festival da Jabuticaba<\/strong>, realizado anualmente desde 1987, atrai cerca de 200 mil visitantes em quatro dias de programa\u00e7\u00e3o nas pra\u00e7as <strong>Melo Viana<\/strong> e <strong>Santa Rita<\/strong>. A <a href=\"https:\/\/site.sabara.mg.gov.br\/tag\/festival-da-jabuticaba\/\" target=\"_blank\" rel=\"noreferrer noopener\"><strong>Prefeitura de Sabar\u00e1<\/strong><\/a> organiza o evento com shows, oficinas de culin\u00e1ria e concursos de melhor licor e geleia. A 39\u00aa edi\u00e7\u00e3o aconteceu em novembro de 2025. A jabuticaba \u00e9 registrada como patrim\u00f4nio imaterial e cultural do munic\u00edpio.<\/p>\n\n\n<div class=\"wp-block-image\">\n<figure class=\"aligncenter size-large\"><img loading=\"lazy\" decoding=\"async\" width=\"1024\" height=\"576\" src=\"https:\/\/www.em.com.br\/emfoco\/wp-content\/uploads\/2026\/01\/Sabara2-1024x576.jpg\" alt=\"\" class=\"wp-image-152866\" srcset=\"https:\/\/www.em.com.br\/emfoco\/wp-content\/uploads\/2026\/01\/Sabara2-1024x576.jpg 1024w, https:\/\/www.em.com.br\/emfoco\/wp-content\/uploads\/2026\/01\/Sabara2-300x169.jpg 300w, https:\/\/www.em.com.br\/emfoco\/wp-content\/uploads\/2026\/01\/Sabara2-768x432.jpg 768w, https:\/\/www.em.com.br\/emfoco\/wp-content\/uploads\/2026\/01\/Sabara2-750x422.jpg 750w, https:\/\/www.em.com.br\/emfoco\/wp-content\/uploads\/2026\/01\/Sabara2-1140x641.jpg 1140w, https:\/\/www.em.com.br\/emfoco\/wp-content\/uploads\/2026\/01\/Sabara2.jpg 1280w\" sizes=\"auto, (max-width: 1024px) 100vw, 1024px\" \/><figcaption class=\"wp-element-caption\">Sabar\u00e1 preserva barroco hist\u00f3rico e qualidade de vida perto de Belo Horizonte \/\/ Cr\u00e9ditos: Wikipedia<\/figcaption><\/figure><\/div>\n\n\n<p><strong>Leia tamb\u00e9m: <a href=\"https:\/\/www.em.com.br\/emfoco\/2026\/03\/04\/uma-montanha-1-385-metros-desapareceu-a-cidade-mineira-a-2-horas-de-belo-horizonte-onde-a-paisagem-valia-menos-que-os-lucros-e-o-maior-poeta-brasileiro-nasceu\/\" target=\"_blank\" rel=\"noreferrer noopener\">Uma montanha de 1.385 metros desapareceu, a cidade mineira a 2 horas de Belo Horizonte onde a paisagem valia menos que os lucros e o maior poeta brasileiro nasceu<\/a><\/strong><\/p>\n\n\n\n<h2 class=\"wp-block-heading\">Quando o clima favorece os passeios na cidade colonial?<\/h2>\n\n\n\n<p>O clima de Sabar\u00e1 acompanha o padr\u00e3o da Grande BH, com ver\u00f5es chuvosos e invernos secos. A tabela abaixo mostra o que esperar em cada esta\u00e7\u00e3o:<\/p>\n\n\n\n<style>\n    .grid-clima { display: grid; grid-template-columns: repeat(auto-fit, minmax(200px, 1fr)); gap: 15px; }\n    .card-interativo { transition: transform 0.15s cubic-bezier(0.4, 0, 0.2, 1), box-shadow 0.15s ease-in-out; cursor: pointer; -webkit-tap-highlight-color: transparent; user-select: none; }\n    .card-interativo:hover { transform: translateY(-6px); box-shadow: 0 8px 16px rgba(26, 42, 87, 0.15) !important; }\n    .card-interativo:active { transform: scale(0.93); box-shadow: 0 2px 4px rgba(26, 42, 87, 0.1) !important; }\n<\/style>\n<div class=\"google-auto-ads-ignore grid-clima\" style=\"box-sizing: border-box; width: 100%; max-width: 900px; margin: 30px auto; font-family: 'Segoe UI', Roboto, Helvetica, Arial, sans-serif; clear: both;\">\n    <div class=\"card-interativo\" style=\"border: 1px solid #e1e6ef; border-top: 4px solid #1a2a57; border-radius: 8px; padding: 20px; background: #fff; box-sizing: border-box; display: flex; flex-direction: column;\">\n        <div style=\"display: flex; align-items: center; justify-content: center; gap: 8px; margin-bottom: 20px;\">\n            <span style=\"font-size: 22px; line-height: 1;\">\u2600\ufe0f<\/span><strong style=\"color: #1a2a57; font-size: 16px; text-transform: uppercase;\">Ver\u00e3o<\/strong>\n        <\/div>\n        <div style=\"margin-bottom: auto;\">\n            <div style=\"text-align: center; font-size: 11px; font-weight: 800; color: #111c3a; text-transform: uppercase; margin-bottom: 5px;\">Dezembro &#8211; Fevereiro<\/div>\n            <div style=\"text-align: center; font-size: 26px; font-weight: 900; color: #1a2a57; margin-bottom: 10px;\">18\u00b0C a 30\u00b0C<\/div>\n            <div style=\"text-align: center; font-size: 13px; color: #555; line-height: 1.5; margin-bottom: 15px;\">Os temporais de ver\u00e3o dominam a Grande BH. No in\u00edcio da esta\u00e7\u00e3o, a cidade lota para o delicioso <strong>Festival da Jabuticaba<\/strong>. <em>Deixe as trilhas na natureza sempre para o comecinho da manh\u00e3.<\/em><\/div>\n        <\/div>\n        <div style=\"text-align: center;\"><span style=\"display: inline-block; background: #f0f4f8; color: #1a2a57; font-size: 10px; font-weight: 800; padding: 6px 12px; border-radius: 20px; text-transform: uppercase; border: 1px solid #e1e6ef; line-height: 1.4;\">\ud83d\udca7 Chuva Alta \/ Festivais<\/span><\/div>\n    <\/div>\n    <div class=\"card-interativo\" style=\"border: 1px solid #e1e6ef; border-top: 4px solid #1a2a57; border-radius: 8px; padding: 20px; background: #fff; box-sizing: border-box; display: flex; flex-direction: column;\">\n        <div style=\"display: flex; align-items: center; justify-content: center; gap: 8px; margin-bottom: 20px;\">\n            <span style=\"font-size: 22px; line-height: 1;\">\ud83c\udf42<\/span><strong style=\"color: #1a2a57; font-size: 16px; text-transform: uppercase;\">Outono<\/strong>\n        <\/div>\n        <div style=\"margin-bottom: auto;\">\n            <div style=\"text-align: center; font-size: 11px; font-weight: 800; color: #111c3a; text-transform: uppercase; margin-bottom: 5px;\">Mar\u00e7o &#8211; Maio<\/div>\n            <div style=\"text-align: center; font-size: 26px; font-weight: 900; color: #1a2a57; margin-bottom: 10px;\">16\u00b0C a 28\u00b0C<\/div>\n            <div style=\"text-align: center; font-size: 13px; color: #555; line-height: 1.5; margin-bottom: 15px;\">O clima sufocante e abafado cede espa\u00e7o para noites mais fresquinhas. Janela maravilhosa e sem superlota\u00e7\u00e3o para curtir o <strong>roteiro a p\u00e9 explorando todo o imponente centro hist\u00f3rico<\/strong> colonial.<\/div>\n        <\/div>\n        <div style=\"text-align: center;\"><span style=\"display: inline-block; background: #f0f4f8; color: #1a2a57; font-size: 10px; font-weight: 800; padding: 6px 12px; border-radius: 20px; text-transform: uppercase; border: 1px solid #e1e6ef; line-height: 1.4;\">\u2601\ufe0f Chuva M\u00e9dia<\/span><\/div>\n    <\/div>\n    <div class=\"card-interativo\" style=\"border: 2px solid #1a2a57; border-top: 4px solid #1a2a57; border-radius: 8px; padding: 20px; background: #f0f4f8; box-sizing: border-box; display: flex; flex-direction: column;\">\n        <div style=\"display: flex; align-items: center; justify-content: center; gap: 8px; margin-bottom: 20px;\">\n            <span style=\"font-size: 22px; line-height: 1;\">\u2744\ufe0f<\/span><strong style=\"color: #1a2a57; font-size: 16px; text-transform: uppercase;\">Inverno<\/strong>\n        <\/div>\n        <div style=\"margin-bottom: auto;\">\n            <div style=\"text-align: center; font-size: 11px; font-weight: 800; color: #111c3a; text-transform: uppercase; margin-bottom: 5px;\">Junho &#8211; Agosto<\/div>\n            <div style=\"text-align: center; font-size: 26px; font-weight: 900; color: #1a2a57; margin-bottom: 10px;\">12\u00b0C a 24\u00b0C<\/div>\n            <div style=\"text-align: center; font-size: 13px; color: #555; line-height: 1.5; margin-bottom: 15px;\">\u00c9 de longe a fase mais garantida e segura para o turismo! A seca afasta as chuvas e crava a <strong>melhor \u00e9poca do ano para os passeios ao ar livre<\/strong>, rendendo fotos com o c\u00e9u absurdamente limpo.<\/div>\n        <\/div>\n        <div style=\"text-align: center;\"><span style=\"display: inline-block; background: #1a2a57; color: #fff; font-size: 10px; font-weight: 800; padding: 6px 12px; border-radius: 20px; text-transform: uppercase; line-height: 1.4;\">\u2b50 Clima Seco \/ Melhor \u00c9poca<\/span><\/div>\n    <\/div>\n    <div class=\"card-interativo\" style=\"border: 1px solid #e1e6ef; border-top: 4px solid #1a2a57; border-radius: 8px; padding: 20px; background: #fff; box-sizing: border-box; display: flex; flex-direction: column;\">\n        <div style=\"display: flex; align-items: center; justify-content: center; gap: 8px; margin-bottom: 20px;\">\n            <span style=\"font-size: 22px; line-height: 1;\">\ud83c\udf38<\/span><strong style=\"color: #1a2a57; font-size: 16px; text-transform: uppercase;\">Primavera<\/strong>\n        <\/div>\n        <div style=\"margin-bottom: auto;\">\n            <div style=\"text-align: center; font-size: 11px; font-weight: 800; color: #111c3a; text-transform: uppercase; margin-bottom: 5px;\">Setembro &#8211; Novembro<\/div>\n            <div style=\"text-align: center; font-size: 26px; font-weight: 900; color: #1a2a57; margin-bottom: 10px;\">16\u00b0C a 29\u00b0C<\/div>\n            <div style=\"text-align: center; font-size: 13px; color: #555; line-height: 1.5; margin-bottom: 15px;\">Os term\u00f4metros sobem, as pancadas de chuva voltam e a cidade fica deliciosa com a natureza pulsando. Excelente fase para vivenciar de pertinho o cobi\u00e7ado <strong>in\u00edcio da safra de jabuticaba<\/strong>.<\/div>\n        <\/div>\n        <div style=\"text-align: center;\"><span style=\"display: inline-block; background: #f0f4f8; color: #1a2a57; font-size: 10px; font-weight: 800; padding: 6px 12px; border-radius: 20px; text-transform: uppercase; border: 1px solid #e1e6ef; line-height: 1.4;\">\u2601\ufe0f Chuva M\u00e9dia<\/span><\/div>\n    <\/div>\n<\/div>\n\n\n\n<p><em>Temperaturas aproximadas com base no <a href=\"https:\/\/www.climatempo.com.br\/previsao-do-tempo\/cidade\/186\/sabara-mg\" target=\"_blank\" rel=\"noreferrer noopener\"><strong>Climatempo<\/strong><\/a>. Condi\u00e7\u00f5es podem variar.<\/em><\/p>\n\n\n\n<h2 class=\"wp-block-heading\">Como chegar a Sabar\u00e1 saindo de Belo Horizonte?<\/h2>\n\n\n\n<p>A rota mais direta sai pela <strong>Avenida Cristiano Machado<\/strong>, sentido <strong>Vit\u00f3ria (ES)<\/strong>, e leva cerca de 25 minutos sem tr\u00e2nsito. S\u00e3o aproximadamente 23 km at\u00e9 o centro hist\u00f3rico. O trajeto passa pela <strong>MG-262<\/strong> e \u00e9 bem sinalizado.<\/p>\n\n\n\n<p>Quem prefere transporte p\u00fablico pode usar linhas de \u00f4nibus metropolitanas que partem do centro de BH em dire\u00e7\u00e3o a Sabar\u00e1. De t\u00e1xi ou aplicativo, o trajeto custa entre R$ 50 e R$ 70. Para quem vem de <strong>S\u00e3o Paulo<\/strong>, o caminho mais pr\u00e1tico \u00e9 pela <strong>BR-381<\/strong> (Fern\u00e3o Dias) at\u00e9 BH e depois seguir pela Cristiano Machado.<\/p>\n\n\n\n<iframe src=\"https:\/\/www.google.com\/maps\/embed?pb=!1m28!1m12!1m3!1d71386.95404931108!2d-43.930734249255096!3d-19.890048691152366!2m3!1f0!2f0!3f0!3m2!1i1024!2i768!4f13.1!4m13!3e0!4m5!1s0xa690cacacf2c33%3A0x5b35795e3ad23997!2sBelo%20Horizonte%2C%20MG!3m2!1d-19.919052!2d-43.9386685!4m5!1s0xa682ee7fa532db%3A0xfe66c0d614a51a84!2zU2FiYXLDoSwgTUc!3m2!1d-19.8948501!2d-43.814814!5e0!3m2!1spt-BR!2sbr!4v1773798444095!5m2!1spt-BR!2sbr\" width=\"600\" height=\"450\" style=\"border:0;\" allowfullscreen=\"\" loading=\"lazy\" referrerpolicy=\"no-referrer-when-downgrade\"><\/iframe>\n\n\n\n<h2 class=\"wp-block-heading\">Uma manh\u00e3 na Terra da Jabuticaba j\u00e1 muda o olhar<\/h2>\n\n\n\n<p>Sabar\u00e1 re\u00fane em poucas quadras o que muitas cidades hist\u00f3ricas distribuem por roteiros extensos: arte oriental em capela barroca, um teatro bicenten\u00e1rio com ac\u00fastica elogiada at\u00e9 por imperadores e uma fruta transformada em identidade cultural com certifica\u00e7\u00e3o nacional.<\/p>\n\n\n\n<p>Voc\u00ea precisa separar uma manh\u00e3, cruzar a Cristiano Machado e deixar Sabar\u00e1 mostrar que a cidade mais perto de BH \u00e9 tamb\u00e9m a mais surpreendente do circuito colonial mineiro.<\/p>\n","protected":false},"excerpt":{"rendered":"<p>A apenas 25 minutos de carro de Belo Horizonte, Sabar\u00e1 surpreende quem espera encontrar mais uma cidade hist\u00f3rica previs\u00edvel. No cora\u00e7\u00e3o da Regi\u00e3o Metropolitana, a antiga Vila Real esconde pain\u00e9is orientais dentro de uma capela barroca, o segundo teatro mais antigo do Brasil em funcionamento e uma fruta que virou patrim\u00f4nio com selo nacional. Por [&hellip;]<\/p>\n","protected":false},"author":6,"featured_media":166589,"comment_status":"open","ping_status":"open","sticky":false,"template":"","format":"standard","meta":{"jnews-multi-image_gallery":[],"jnews_single_post":{"format":"standard"},"jnews_primary_category":[],"jnews_social_meta":[],"jnews_override_counter":[],"footnotes":""},"categories":[26],"tags":[183,207,981],"class_list":["post-182273","post","type-post","status-publish","format-standard","has-post-thumbnail","hentry","category-cidades","tag-cidades","tag-minas-gerais","tag-sabara"],"yoast_head":"<!-- This site is optimized with the Yoast SEO plugin v23.8 - https:\/\/yoast.com\/wordpress\/plugins\/seo\/ -->\n<title>A 23 km de Belo Horizonte est\u00e1 a cidade que conquista quem busca viver com qualidade de vida e tranquilidade - Estado de Minas - Em foco<\/title>\n<meta name=\"description\" content=\"Perto de Belo Horizonte, a cidade a 23 km se destaca por oferecer tranquilidade e qualidade de vida aos moradores.\" \/>\n<meta name=\"robots\" content=\"index, follow, max-snippet:-1, max-image-preview:large, max-video-preview:-1\" \/>\n<link rel=\"canonical\" href=\"https:\/\/www.em.com.br\/emfoco\/2026\/03\/18\/a-23-km-de-belo-horizonte-esta-a-cidade-que-conquista-quem-busca-viver-com-qualidade-de-vida-e-tranquilidade\/\" \/>\n<meta property=\"og:locale\" content=\"pt_BR\" \/>\n<meta property=\"og:type\" content=\"article\" \/>\n<meta property=\"og:title\" content=\"A 23 km de Belo Horizonte est\u00e1 a cidade que conquista quem busca viver com qualidade de vida e tranquilidade - Estado de Minas - Em foco\" \/>\n<meta property=\"og:description\" content=\"Perto de Belo Horizonte, a cidade a 23 km se destaca por oferecer tranquilidade e qualidade de vida aos moradores.\" \/>\n<meta property=\"og:url\" content=\"https:\/\/www.em.com.br\/emfoco\/2026\/03\/18\/a-23-km-de-belo-horizonte-esta-a-cidade-que-conquista-quem-busca-viver-com-qualidade-de-vida-e-tranquilidade\/\" \/>\n<meta property=\"og:site_name\" content=\"Estado de Minas - Em foco\" \/>\n<meta property=\"article:published_time\" content=\"2026-03-18T14:25:00+00:00\" \/>\n<meta property=\"article:modified_time\" content=\"2026-03-18T02:09:17+00:00\" \/>\n<meta property=\"og:image\" content=\"https:\/\/www.em.com.br\/emfoco\/wp-content\/uploads\/2026\/02\/sabara2.jpg\" \/>\n\t<meta property=\"og:image:width\" content=\"1280\" \/>\n\t<meta property=\"og:image:height\" content=\"720\" \/>\n\t<meta property=\"og:image:type\" content=\"image\/jpeg\" \/>\n<meta name=\"author\" content=\"Vitor Bruno\" \/>\n<meta name=\"twitter:card\" content=\"summary_large_image\" \/>\n<meta name=\"twitter:label1\" content=\"Escrito por\" \/>\n\t<meta name=\"twitter:data1\" content=\"Vitor Bruno\" \/>\n\t<meta name=\"twitter:label2\" content=\"Est. tempo de leitura\" \/>\n\t<meta name=\"twitter:data2\" content=\"7 minutos\" \/>\n<!-- \/ Yoast SEO plugin. -->","yoast_head_json":{"title":"A 23 km de Belo Horizonte est\u00e1 a cidade que conquista quem busca viver com qualidade de vida e tranquilidade - Estado de Minas - Em foco","description":"Perto de Belo Horizonte, a cidade a 23 km se destaca por oferecer tranquilidade e qualidade de vida aos moradores.","robots":{"index":"index","follow":"follow","max-snippet":"max-snippet:-1","max-image-preview":"max-image-preview:large","max-video-preview":"max-video-preview:-1"},"canonical":"https:\/\/www.em.com.br\/emfoco\/2026\/03\/18\/a-23-km-de-belo-horizonte-esta-a-cidade-que-conquista-quem-busca-viver-com-qualidade-de-vida-e-tranquilidade\/","og_locale":"pt_BR","og_type":"article","og_title":"A 23 km de Belo Horizonte est\u00e1 a cidade que conquista quem busca viver com qualidade de vida e tranquilidade - Estado de Minas - Em foco","og_description":"Perto de Belo Horizonte, a cidade a 23 km se destaca por oferecer tranquilidade e qualidade de vida aos moradores.","og_url":"https:\/\/www.em.com.br\/emfoco\/2026\/03\/18\/a-23-km-de-belo-horizonte-esta-a-cidade-que-conquista-quem-busca-viver-com-qualidade-de-vida-e-tranquilidade\/","og_site_name":"Estado de Minas - Em foco","article_published_time":"2026-03-18T14:25:00+00:00","article_modified_time":"2026-03-18T02:09:17+00:00","og_image":[{"width":1280,"height":720,"url":"https:\/\/www.em.com.br\/emfoco\/wp-content\/uploads\/2026\/02\/sabara2.jpg","type":"image\/jpeg"}],"author":"Vitor Bruno","twitter_card":"summary_large_image","twitter_misc":{"Escrito por":"Vitor Bruno","Est. tempo de leitura":"7 minutos"},"schema":{"@context":"https:\/\/schema.org","@graph":[{"@type":"WebPage","@id":"https:\/\/www.em.com.br\/emfoco\/2026\/03\/18\/a-23-km-de-belo-horizonte-esta-a-cidade-que-conquista-quem-busca-viver-com-qualidade-de-vida-e-tranquilidade\/","url":"https:\/\/www.em.com.br\/emfoco\/2026\/03\/18\/a-23-km-de-belo-horizonte-esta-a-cidade-que-conquista-quem-busca-viver-com-qualidade-de-vida-e-tranquilidade\/","name":"A 23 km de Belo Horizonte est\u00e1 a cidade que conquista quem busca viver com qualidade de vida e tranquilidade - Estado de Minas - Em foco","isPartOf":{"@id":"https:\/\/www.em.com.br\/emfoco\/#website"},"primaryImageOfPage":{"@id":"https:\/\/www.em.com.br\/emfoco\/2026\/03\/18\/a-23-km-de-belo-horizonte-esta-a-cidade-que-conquista-quem-busca-viver-com-qualidade-de-vida-e-tranquilidade\/#primaryimage"},"image":{"@id":"https:\/\/www.em.com.br\/emfoco\/2026\/03\/18\/a-23-km-de-belo-horizonte-esta-a-cidade-que-conquista-quem-busca-viver-com-qualidade-de-vida-e-tranquilidade\/#primaryimage"},"thumbnailUrl":"https:\/\/www.em.com.br\/emfoco\/wp-content\/uploads\/2026\/02\/sabara2.jpg","datePublished":"2026-03-18T14:25:00+00:00","dateModified":"2026-03-18T02:09:17+00:00","author":{"@id":"https:\/\/www.em.com.br\/emfoco\/#\/schema\/person\/364ac1852fafd00f1be20f0b8b237569"},"description":"Perto de Belo Horizonte, a cidade a 23 km se destaca por oferecer tranquilidade e qualidade de vida aos moradores.","breadcrumb":{"@id":"https:\/\/www.em.com.br\/emfoco\/2026\/03\/18\/a-23-km-de-belo-horizonte-esta-a-cidade-que-conquista-quem-busca-viver-com-qualidade-de-vida-e-tranquilidade\/#breadcrumb"},"inLanguage":"pt-BR","potentialAction":[{"@type":"ReadAction","target":["https:\/\/www.em.com.br\/emfoco\/2026\/03\/18\/a-23-km-de-belo-horizonte-esta-a-cidade-que-conquista-quem-busca-viver-com-qualidade-de-vida-e-tranquilidade\/"]}]},{"@type":"ImageObject","inLanguage":"pt-BR","@id":"https:\/\/www.em.com.br\/emfoco\/2026\/03\/18\/a-23-km-de-belo-horizonte-esta-a-cidade-que-conquista-quem-busca-viver-com-qualidade-de-vida-e-tranquilidade\/#primaryimage","url":"https:\/\/www.em.com.br\/emfoco\/wp-content\/uploads\/2026\/02\/sabara2.jpg","contentUrl":"https:\/\/www.em.com.br\/emfoco\/wp-content\/uploads\/2026\/02\/sabara2.jpg","width":1280,"height":720,"caption":"Sabar\u00e1 une patrim\u00f4nio colonial e gastronomia de quintal na Grande BH (imagem ilustrativa)"},{"@type":"BreadcrumbList","@id":"https:\/\/www.em.com.br\/emfoco\/2026\/03\/18\/a-23-km-de-belo-horizonte-esta-a-cidade-que-conquista-quem-busca-viver-com-qualidade-de-vida-e-tranquilidade\/#breadcrumb","itemListElement":[{"@type":"ListItem","position":1,"name":"In\u00edcio","item":"https:\/\/www.em.com.br\/emfoco\/"},{"@type":"ListItem","position":2,"name":"A 23 km de Belo Horizonte est\u00e1 a cidade que conquista quem busca viver com qualidade de vida e tranquilidade"}]},{"@type":"WebSite","@id":"https:\/\/www.em.com.br\/emfoco\/#website","url":"https:\/\/www.em.com.br\/emfoco\/","name":"Estado de Minas - Em foco","description":"Acompanhe as \u00faltimas not\u00edcias e fique bem informado sobre tudo o que acontece em Minas Gerais, Brasil e no mundo.","potentialAction":[{"@type":"SearchAction","target":{"@type":"EntryPoint","urlTemplate":"https:\/\/www.em.com.br\/emfoco\/?s={search_term_string}"},"query-input":{"@type":"PropertyValueSpecification","valueRequired":true,"valueName":"search_term_string"}}],"inLanguage":"pt-BR"},{"@type":"Person","@id":"https:\/\/www.em.com.br\/emfoco\/#\/schema\/person\/364ac1852fafd00f1be20f0b8b237569","name":"Vitor Bruno","image":{"@type":"ImageObject","inLanguage":"pt-BR","@id":"https:\/\/www.em.com.br\/emfoco\/#\/schema\/person\/image\/","url":"https:\/\/secure.gravatar.com\/avatar\/b719e5cdede09f942064960883b5524d?s=96&d=mm&r=g","contentUrl":"https:\/\/secure.gravatar.com\/avatar\/b719e5cdede09f942064960883b5524d?s=96&d=mm&r=g","caption":"Vitor Bruno"},"sameAs":["https:\/\/www.em.com.br\/emfoco\/"],"url":"https:\/\/www.em.com.br\/emfoco\/author\/vitormyth\/"}]}},"_links":{"self":[{"href":"https:\/\/www.em.com.br\/emfoco\/wp-json\/wp\/v2\/posts\/182273","targetHints":{"allow":["GET"]}}],"collection":[{"href":"https:\/\/www.em.com.br\/emfoco\/wp-json\/wp\/v2\/posts"}],"about":[{"href":"https:\/\/www.em.com.br\/emfoco\/wp-json\/wp\/v2\/types\/post"}],"author":[{"embeddable":true,"href":"https:\/\/www.em.com.br\/emfoco\/wp-json\/wp\/v2\/users\/6"}],"replies":[{"embeddable":true,"href":"https:\/\/www.em.com.br\/emfoco\/wp-json\/wp\/v2\/comments?post=182273"}],"version-history":[{"count":11,"href":"https:\/\/www.em.com.br\/emfoco\/wp-json\/wp\/v2\/posts\/182273\/revisions"}],"predecessor-version":[{"id":182632,"href":"https:\/\/www.em.com.br\/emfoco\/wp-json\/wp\/v2\/posts\/182273\/revisions\/182632"}],"wp:featuredmedia":[{"embeddable":true,"href":"https:\/\/www.em.com.br\/emfoco\/wp-json\/wp\/v2\/media\/166589"}],"wp:attachment":[{"href":"https:\/\/www.em.com.br\/emfoco\/wp-json\/wp\/v2\/media?parent=182273"}],"wp:term":[{"taxonomy":"category","embeddable":true,"href":"https:\/\/www.em.com.br\/emfoco\/wp-json\/wp\/v2\/categories?post=182273"},{"taxonomy":"post_tag","embeddable":true,"href":"https:\/\/www.em.com.br\/emfoco\/wp-json\/wp\/v2\/tags?post=182273"}],"curies":[{"name":"wp","href":"https:\/\/api.w.org\/{rel}","templated":true}]}}