{"id":182165,"date":"2026-03-17T21:15:58","date_gmt":"2026-03-18T00:15:58","guid":{"rendered":"https:\/\/www.em.com.br\/emfoco\/?p=182165"},"modified":"2026-03-16T18:51:58","modified_gmt":"2026-03-16T21:51:58","slug":"o-que-conseguir-dobrar-a-lingua-em-forma-de-u-segundo-a-psicologia","status":"publish","type":"post","link":"https:\/\/www.em.com.br\/emfoco\/2026\/03\/17\/o-que-conseguir-dobrar-a-lingua-em-forma-de-u-segundo-a-psicologia\/","title":{"rendered":"O que conseguir dobrar a l\u00edngua em forma de \u201cU\u201d, segundo a psicologia"},"content":{"rendered":"\n<p>Em uma roda de amigos, algu\u00e9m lan\u00e7a o desafio: \u201cQuem consegue dobrar a l\u00edngua em forma de U?\u201d. Alguns mostram o truque com facilidade, outros tentam e n\u00e3o conseguem de jeito nenhum \u2014 e logo surgem piadas, compara\u00e7\u00f5es e at\u00e9 d\u00favidas sobre o que isso diz sobre a nossa <b>personalidade<\/b> ou nossa <b>gen\u00e9tica<\/b>. Essa curiosidade simples acaba levantando perguntas interessantes para a psicologia e para quem gosta de entender o comportamento humano.<\/p>\n\n\n\n<h2 class=\"wp-block-heading\">O que significa dobrar a l\u00edngua em U na vis\u00e3o da psicologia<\/h2>\n\n\n\n<p>Quando falamos em dobrar a l\u00edngua em forma de <b>U<\/b>, estamos descrevendo o movimento em que as bordas laterais se elevam, formando um pequeno \u201ccanal\u201d. Na pr\u00e1tica, \u00e9 apenas uma habilidade <b>motora<\/b> espec\u00edfica, ligada ao controle dos m\u00fasculos da l\u00edngua, algo parecido com aprender a assobiar ou piscar um olho s\u00f3.<\/p>\n\n\n\n<p>Do ponto de vista psicol\u00f3gico, essa capacidade n\u00e3o \u00e9 um \u201cdom especial\u201d nem um sinal de maior <b>intelig\u00eancia<\/b> ou menor valor pessoal. Ela \u00e9 vista como uma entre muitas varia\u00e7\u00f5es <b>naturais<\/b> do corpo humano, que misturam caracter\u00edsticas biol\u00f3gicas, experi\u00eancias de vida e at\u00e9 momentos de curiosidade e brincadeira.<\/p>\n\n\n<div class=\"wp-block-image\">\n<figure class=\"aligncenter size-large\"><img loading=\"lazy\" decoding=\"async\" width=\"1024\" height=\"576\" src=\"https:\/\/www.em.com.br\/emfoco\/wp-content\/uploads\/2026\/03\/Gemini_Generated_Image_4uwdx84uwdx84uwd-1-1024x576.png\" alt=\"\" class=\"wp-image-182252\" srcset=\"https:\/\/www.em.com.br\/emfoco\/wp-content\/uploads\/2026\/03\/Gemini_Generated_Image_4uwdx84uwdx84uwd-1-1024x576.png 1024w, https:\/\/www.em.com.br\/emfoco\/wp-content\/uploads\/2026\/03\/Gemini_Generated_Image_4uwdx84uwdx84uwd-1-300x169.png 300w, https:\/\/www.em.com.br\/emfoco\/wp-content\/uploads\/2026\/03\/Gemini_Generated_Image_4uwdx84uwdx84uwd-1-768x432.png 768w, https:\/\/www.em.com.br\/emfoco\/wp-content\/uploads\/2026\/03\/Gemini_Generated_Image_4uwdx84uwdx84uwd-1-750x422.png 750w, https:\/\/www.em.com.br\/emfoco\/wp-content\/uploads\/2026\/03\/Gemini_Generated_Image_4uwdx84uwdx84uwd-1-1140x641.png 1140w, https:\/\/www.em.com.br\/emfoco\/wp-content\/uploads\/2026\/03\/Gemini_Generated_Image_4uwdx84uwdx84uwd-1.png 1280w\" sizes=\"auto, (max-width: 1024px) 100vw, 1024px\" \/><figcaption class=\"wp-element-caption\">Durante muito tempo, acreditou-se que fazer a l\u00edngua em U era algo totalmente gen\u00e9tico<\/figcaption><\/figure><\/div>\n\n\n<p>Leia tamb\u00e9m:&nbsp;<a href=\"https:\/\/www.em.com.br\/emfoco\/2026\/03\/15\/o-que-significa-falar-sozinho-quando-esta-pensando-segundo-a-psicologia\/\" target=\"_blank\" rel=\"noopener\">O que significa falar sozinho quando est\u00e1 pensando, segundo a psicologia<\/a><\/p>\n\n\n\n<h2 class=\"wp-block-heading\">Dobrar a l\u00edngua em U revela algo sobre a personalidade<\/h2>\n\n\n\n<p>No dia a dia, \u00e9 comum algu\u00e9m brincar que quem enrola a l\u00edngua \u00e9 mais <b>criativo<\/b>, mais extrovertido ou at\u00e9 mais \u201cousado\u201d. Mas as pesquisas em psicologia n\u00e3o encontram provas s\u00f3lidas de que essa habilidade tenha rela\u00e7\u00e3o com tra\u00e7os de <a href=\"https:\/\/www.16personalities.com\/br\/teste-de-personalidade\" target=\"_blank\" rel=\"noreferrer noopener\">personalidade<\/a>, como timidez, coragem ou autoestima.<\/p>\n\n\n\n<p>Estudos s\u00e9rios sobre comportamento usam testes padronizados, entrevistas e an\u00e1lises estat\u00edsticas, enquanto dobrar a <b>l\u00edngua<\/b> entra apenas como curiosidade. Assim, em vez de ser um teste psicol\u00f3gico, esse truque serve melhor como exemplo de como cada corpo tem suas pr\u00f3prias <b>particularidades<\/b>, sem que isso defina o car\u00e1ter de ningu\u00e9m.<\/p>\n\n\n\n<h2 class=\"wp-block-heading\">A habilidade de enrolar a l\u00edngua \u00e9 herdada ou pode ser aprendida<\/h2>\n\n\n\n<p>Durante muito tempo, acreditou-se que fazer a l\u00edngua em U era algo totalmente <b>gen\u00e9tico<\/b>, passado de pais para filhos de maneira simples. Hoje se sabe que a hist\u00f3ria \u00e9 mais complexa: a anatomia da boca e da l\u00edngua ajuda, mas a <b>pr\u00e1tica<\/b> e a tentativa tamb\u00e9m podem fazer diferen\u00e7a.<\/p>\n\n\n\n<p>H\u00e1 pessoas que aprendem o movimento imitando irm\u00e3os, amigos ou v\u00eddeos, depois de muitas tentativas e risadas. Ao mesmo tempo, existem indiv\u00edduos que, mesmo com bastante <b>treino<\/b>, simplesmente n\u00e3o conseguem, provavelmente por limites biol\u00f3gicos, como formato da l\u00edngua ou for\u00e7a <b>muscular<\/b> diferente.<\/p>\n\n\n<div class=\"wp-block-image\">\n<figure class=\"aligncenter size-large\"><img loading=\"lazy\" decoding=\"async\" width=\"1024\" height=\"576\" src=\"https:\/\/www.em.com.br\/emfoco\/wp-content\/uploads\/2026\/03\/Gemini_Generated_Image_ogenaqogenaqogen-1-1024x576.png\" alt=\"\" class=\"wp-image-182254\" srcset=\"https:\/\/www.em.com.br\/emfoco\/wp-content\/uploads\/2026\/03\/Gemini_Generated_Image_ogenaqogenaqogen-1-1024x576.png 1024w, https:\/\/www.em.com.br\/emfoco\/wp-content\/uploads\/2026\/03\/Gemini_Generated_Image_ogenaqogenaqogen-1-300x169.png 300w, https:\/\/www.em.com.br\/emfoco\/wp-content\/uploads\/2026\/03\/Gemini_Generated_Image_ogenaqogenaqogen-1-768x432.png 768w, https:\/\/www.em.com.br\/emfoco\/wp-content\/uploads\/2026\/03\/Gemini_Generated_Image_ogenaqogenaqogen-1-750x422.png 750w, https:\/\/www.em.com.br\/emfoco\/wp-content\/uploads\/2026\/03\/Gemini_Generated_Image_ogenaqogenaqogen-1-1140x641.png 1140w, https:\/\/www.em.com.br\/emfoco\/wp-content\/uploads\/2026\/03\/Gemini_Generated_Image_ogenaqogenaqogen-1.png 1280w\" sizes=\"auto, (max-width: 1024px) 100vw, 1024px\" \/><figcaption class=\"wp-element-caption\">No dia a dia, \u00e9 comum algu\u00e9m brincar que quem enrola a l\u00edngua \u00e9 mais criativo<\/figcaption><\/figure><\/div>\n\n\n<h2 class=\"wp-block-heading\">Quais s\u00e3o os fatores que influenciam dobrar a l\u00edngua em U<\/h2>\n\n\n\n<p>Para entender melhor por que algumas pessoas conseguem e outras n\u00e3o, vale olhar para os diferentes fatores que se misturam nessa habilidade. Abaixo est\u00e1 uma lista simples que ajuda a visualizar esses <b>elementos<\/b> e como eles se relacionam com o nosso corpo e nossas <b>experi\u00eancias<\/b>:<\/p>\n\n\n\n<ul class=\"wp-block-list\">\n<li><strong>Influ\u00eancia biol\u00f3gica:<\/strong> anatomia da <b>l\u00edngua<\/b>, musculatura e poss\u00edveis fatores <b>gen\u00e9ticos<\/b>.<\/li>\n\n\n\n<li><strong>Influ\u00eancia ambiental:<\/strong> imita\u00e7\u00e3o, brincadeiras, experi\u00eancias na inf\u00e2ncia e motiva\u00e7\u00e3o para <b>treinar<\/b>.<\/li>\n\n\n\n<li><strong>Limites individuais:<\/strong> mesmo com pr\u00e1tica, algumas pessoas n\u00e3o conseguem executar o <b>movimento<\/b>.<\/li>\n<\/ul>\n\n\n\n<h2 class=\"wp-block-heading\">N\u00e3o conseguir dobrar a l\u00edngua em U causa algum impacto emocional<\/h2>\n\n\n\n<p>Na maior parte do tempo, n\u00e3o conseguir fazer a l\u00edngua em U n\u00e3o traz nenhum grande problema <b>emocional<\/b>. A quest\u00e3o costuma aparecer em momentos de descontra\u00e7\u00e3o, em festas, salas de aula ou grupos de amigos, gerando compara\u00e7\u00f5es r\u00e1pidas e algumas <b>brincadeiras<\/b>.<\/p>\n\n\n\n<p>O cuidado maior \u00e9 com situa\u00e7\u00f5es em que a gra\u00e7a vira motivo de <b>zombaria<\/b> constante, especialmente entre crian\u00e7as e adolescentes. Nesses casos, o que d\u00f3i n\u00e3o \u00e9 a habilidade em si, mas o jeito como os outros <b>reagem<\/b>, podendo gerar vergonha, sensa\u00e7\u00e3o de ser \u201cmenos\u201d ou de n\u00e3o se encaixar naquele grupo.<\/p>\n","protected":false},"excerpt":{"rendered":"<p>Em uma roda de amigos, algu\u00e9m lan\u00e7a o desafio: \u201cQuem consegue dobrar a l\u00edngua em forma de U?\u201d. Alguns mostram o truque com facilidade, outros tentam e n\u00e3o conseguem de jeito nenhum \u2014 e logo surgem piadas, compara\u00e7\u00f5es e at\u00e9 d\u00favidas sobre o que isso diz sobre a nossa personalidade ou nossa gen\u00e9tica. Essa curiosidade [&hellip;]<\/p>\n","protected":false},"author":9,"featured_media":182250,"comment_status":"open","ping_status":"open","sticky":false,"template":"","format":"standard","meta":{"jnews-multi-image_gallery":[],"jnews_single_post":{"format":"standard"},"jnews_primary_category":[],"jnews_social_meta":[],"jnews_override_counter":[],"footnotes":""},"categories":[8819,1],"tags":[4983,26303,16525,5155],"class_list":["post-182165","post","type-post","status-publish","format-standard","has-post-thumbnail","hentry","category-curiosidades","category-noticias","tag-comportamento","tag-dobrar-em-u","tag-lingua","tag-psicologia"],"yoast_head":"<!-- This site is optimized with the Yoast SEO plugin v23.8 - https:\/\/yoast.com\/wordpress\/plugins\/seo\/ -->\n<title>O que conseguir dobrar a l\u00edngua em forma de \u201cU\u201d, segundo a psicologia - Estado de Minas - Em foco<\/title>\n<meta name=\"robots\" content=\"index, follow, max-snippet:-1, max-image-preview:large, max-video-preview:-1\" \/>\n<link rel=\"canonical\" href=\"https:\/\/www.em.com.br\/emfoco\/2026\/03\/17\/o-que-conseguir-dobrar-a-lingua-em-forma-de-u-segundo-a-psicologia\/\" \/>\n<meta property=\"og:locale\" content=\"pt_BR\" \/>\n<meta property=\"og:type\" content=\"article\" \/>\n<meta property=\"og:title\" content=\"O que conseguir dobrar a l\u00edngua em forma de \u201cU\u201d, segundo a psicologia - Estado de Minas - Em foco\" \/>\n<meta property=\"og:description\" content=\"Em uma roda de amigos, algu\u00e9m lan\u00e7a o desafio: \u201cQuem consegue dobrar a l\u00edngua em forma de U?\u201d. Alguns mostram o truque com facilidade, outros tentam e n\u00e3o conseguem de jeito nenhum \u2014 e logo surgem piadas, compara\u00e7\u00f5es e at\u00e9 d\u00favidas sobre o que isso diz sobre a nossa personalidade ou nossa gen\u00e9tica. Essa curiosidade [&hellip;]\" \/>\n<meta property=\"og:url\" content=\"https:\/\/www.em.com.br\/emfoco\/2026\/03\/17\/o-que-conseguir-dobrar-a-lingua-em-forma-de-u-segundo-a-psicologia\/\" \/>\n<meta property=\"og:site_name\" content=\"Estado de Minas - Em foco\" \/>\n<meta property=\"article:published_time\" content=\"2026-03-18T00:15:58+00:00\" \/>\n<meta property=\"article:modified_time\" content=\"2026-03-16T21:51:58+00:00\" \/>\n<meta property=\"og:image\" content=\"https:\/\/www.em.com.br\/emfoco\/wp-content\/uploads\/2026\/03\/Gemini_Generated_Image_f1946mf1946mf194-1.png\" \/>\n\t<meta property=\"og:image:width\" content=\"1280\" \/>\n\t<meta property=\"og:image:height\" content=\"720\" \/>\n\t<meta property=\"og:image:type\" content=\"image\/png\" \/>\n<meta name=\"author\" content=\"Daniely Cardoso\" \/>\n<meta name=\"twitter:card\" content=\"summary_large_image\" \/>\n<meta name=\"twitter:label1\" content=\"Escrito por\" \/>\n\t<meta name=\"twitter:data1\" content=\"Daniely Cardoso\" \/>\n\t<meta name=\"twitter:label2\" content=\"Est. tempo de leitura\" \/>\n\t<meta name=\"twitter:data2\" content=\"5 minutos\" \/>\n<!-- \/ Yoast SEO plugin. -->","yoast_head_json":{"title":"O que conseguir dobrar a l\u00edngua em forma de \u201cU\u201d, segundo a psicologia - Estado de Minas - Em foco","robots":{"index":"index","follow":"follow","max-snippet":"max-snippet:-1","max-image-preview":"max-image-preview:large","max-video-preview":"max-video-preview:-1"},"canonical":"https:\/\/www.em.com.br\/emfoco\/2026\/03\/17\/o-que-conseguir-dobrar-a-lingua-em-forma-de-u-segundo-a-psicologia\/","og_locale":"pt_BR","og_type":"article","og_title":"O que conseguir dobrar a l\u00edngua em forma de \u201cU\u201d, segundo a psicologia - Estado de Minas - Em foco","og_description":"Em uma roda de amigos, algu\u00e9m lan\u00e7a o desafio: \u201cQuem consegue dobrar a l\u00edngua em forma de U?\u201d. Alguns mostram o truque com facilidade, outros tentam e n\u00e3o conseguem de jeito nenhum \u2014 e logo surgem piadas, compara\u00e7\u00f5es e at\u00e9 d\u00favidas sobre o que isso diz sobre a nossa personalidade ou nossa gen\u00e9tica. Essa curiosidade [&hellip;]","og_url":"https:\/\/www.em.com.br\/emfoco\/2026\/03\/17\/o-que-conseguir-dobrar-a-lingua-em-forma-de-u-segundo-a-psicologia\/","og_site_name":"Estado de Minas - Em foco","article_published_time":"2026-03-18T00:15:58+00:00","article_modified_time":"2026-03-16T21:51:58+00:00","og_image":[{"width":1280,"height":720,"url":"https:\/\/www.em.com.br\/emfoco\/wp-content\/uploads\/2026\/03\/Gemini_Generated_Image_f1946mf1946mf194-1.png","type":"image\/png"}],"author":"Daniely Cardoso","twitter_card":"summary_large_image","twitter_misc":{"Escrito por":"Daniely Cardoso","Est. tempo de leitura":"5 minutos"},"schema":{"@context":"https:\/\/schema.org","@graph":[{"@type":"WebPage","@id":"https:\/\/www.em.com.br\/emfoco\/2026\/03\/17\/o-que-conseguir-dobrar-a-lingua-em-forma-de-u-segundo-a-psicologia\/","url":"https:\/\/www.em.com.br\/emfoco\/2026\/03\/17\/o-que-conseguir-dobrar-a-lingua-em-forma-de-u-segundo-a-psicologia\/","name":"O que conseguir dobrar a l\u00edngua em forma de \u201cU\u201d, segundo a psicologia - Estado de Minas - Em foco","isPartOf":{"@id":"https:\/\/www.em.com.br\/emfoco\/#website"},"primaryImageOfPage":{"@id":"https:\/\/www.em.com.br\/emfoco\/2026\/03\/17\/o-que-conseguir-dobrar-a-lingua-em-forma-de-u-segundo-a-psicologia\/#primaryimage"},"image":{"@id":"https:\/\/www.em.com.br\/emfoco\/2026\/03\/17\/o-que-conseguir-dobrar-a-lingua-em-forma-de-u-segundo-a-psicologia\/#primaryimage"},"thumbnailUrl":"https:\/\/www.em.com.br\/emfoco\/wp-content\/uploads\/2026\/03\/Gemini_Generated_Image_f1946mf1946mf194-1.png","datePublished":"2026-03-18T00:15:58+00:00","dateModified":"2026-03-16T21:51:58+00:00","author":{"@id":"https:\/\/www.em.com.br\/emfoco\/#\/schema\/person\/0a8186d72f2c3a5c6276d90b41f271a0"},"breadcrumb":{"@id":"https:\/\/www.em.com.br\/emfoco\/2026\/03\/17\/o-que-conseguir-dobrar-a-lingua-em-forma-de-u-segundo-a-psicologia\/#breadcrumb"},"inLanguage":"pt-BR","potentialAction":[{"@type":"ReadAction","target":["https:\/\/www.em.com.br\/emfoco\/2026\/03\/17\/o-que-conseguir-dobrar-a-lingua-em-forma-de-u-segundo-a-psicologia\/"]}]},{"@type":"ImageObject","inLanguage":"pt-BR","@id":"https:\/\/www.em.com.br\/emfoco\/2026\/03\/17\/o-que-conseguir-dobrar-a-lingua-em-forma-de-u-segundo-a-psicologia\/#primaryimage","url":"https:\/\/www.em.com.br\/emfoco\/wp-content\/uploads\/2026\/03\/Gemini_Generated_Image_f1946mf1946mf194-1.png","contentUrl":"https:\/\/www.em.com.br\/emfoco\/wp-content\/uploads\/2026\/03\/Gemini_Generated_Image_f1946mf1946mf194-1.png","width":1280,"height":720,"caption":"Quando falamos em dobrar a l\u00edngua em forma de U, estamos descrevendo o movimento em que as bordas laterais se elevam"},{"@type":"BreadcrumbList","@id":"https:\/\/www.em.com.br\/emfoco\/2026\/03\/17\/o-que-conseguir-dobrar-a-lingua-em-forma-de-u-segundo-a-psicologia\/#breadcrumb","itemListElement":[{"@type":"ListItem","position":1,"name":"In\u00edcio","item":"https:\/\/www.em.com.br\/emfoco\/"},{"@type":"ListItem","position":2,"name":"O que conseguir dobrar a l\u00edngua em forma de \u201cU\u201d, segundo a psicologia"}]},{"@type":"WebSite","@id":"https:\/\/www.em.com.br\/emfoco\/#website","url":"https:\/\/www.em.com.br\/emfoco\/","name":"Estado de Minas - Em foco","description":"Acompanhe as \u00faltimas not\u00edcias e fique bem informado sobre tudo o que acontece em Minas Gerais, Brasil e no mundo.","potentialAction":[{"@type":"SearchAction","target":{"@type":"EntryPoint","urlTemplate":"https:\/\/www.em.com.br\/emfoco\/?s={search_term_string}"},"query-input":{"@type":"PropertyValueSpecification","valueRequired":true,"valueName":"search_term_string"}}],"inLanguage":"pt-BR"},{"@type":"Person","@id":"https:\/\/www.em.com.br\/emfoco\/#\/schema\/person\/0a8186d72f2c3a5c6276d90b41f271a0","name":"Daniely Cardoso","image":{"@type":"ImageObject","inLanguage":"pt-BR","@id":"https:\/\/www.em.com.br\/emfoco\/#\/schema\/person\/image\/","url":"https:\/\/secure.gravatar.com\/avatar\/4b80ddbd124d1f071b626d52d62e5dff?s=96&d=mm&r=g","contentUrl":"https:\/\/secure.gravatar.com\/avatar\/4b80ddbd124d1f071b626d52d62e5dff?s=96&d=mm&r=g","caption":"Daniely Cardoso"},"url":"https:\/\/www.em.com.br\/emfoco\/author\/danielymyth\/"}]}},"_links":{"self":[{"href":"https:\/\/www.em.com.br\/emfoco\/wp-json\/wp\/v2\/posts\/182165","targetHints":{"allow":["GET"]}}],"collection":[{"href":"https:\/\/www.em.com.br\/emfoco\/wp-json\/wp\/v2\/posts"}],"about":[{"href":"https:\/\/www.em.com.br\/emfoco\/wp-json\/wp\/v2\/types\/post"}],"author":[{"embeddable":true,"href":"https:\/\/www.em.com.br\/emfoco\/wp-json\/wp\/v2\/users\/9"}],"replies":[{"embeddable":true,"href":"https:\/\/www.em.com.br\/emfoco\/wp-json\/wp\/v2\/comments?post=182165"}],"version-history":[{"count":3,"href":"https:\/\/www.em.com.br\/emfoco\/wp-json\/wp\/v2\/posts\/182165\/revisions"}],"predecessor-version":[{"id":182255,"href":"https:\/\/www.em.com.br\/emfoco\/wp-json\/wp\/v2\/posts\/182165\/revisions\/182255"}],"wp:featuredmedia":[{"embeddable":true,"href":"https:\/\/www.em.com.br\/emfoco\/wp-json\/wp\/v2\/media\/182250"}],"wp:attachment":[{"href":"https:\/\/www.em.com.br\/emfoco\/wp-json\/wp\/v2\/media?parent=182165"}],"wp:term":[{"taxonomy":"category","embeddable":true,"href":"https:\/\/www.em.com.br\/emfoco\/wp-json\/wp\/v2\/categories?post=182165"},{"taxonomy":"post_tag","embeddable":true,"href":"https:\/\/www.em.com.br\/emfoco\/wp-json\/wp\/v2\/tags?post=182165"}],"curies":[{"name":"wp","href":"https:\/\/api.w.org\/{rel}","templated":true}]}}