{"id":182141,"date":"2026-03-16T18:55:00","date_gmt":"2026-03-16T21:55:00","guid":{"rendered":"https:\/\/www.em.com.br\/emfoco\/?p=182141"},"modified":"2026-03-16T17:16:08","modified_gmt":"2026-03-16T20:16:08","slug":"os-sapatos-muito-pesados-estao-ficando-no-passado-os-novos-modelos-leves-sao-tendencia","status":"publish","type":"post","link":"https:\/\/www.em.com.br\/emfoco\/2026\/03\/16\/os-sapatos-muito-pesados-estao-ficando-no-passado-os-novos-modelos-leves-sao-tendencia\/","title":{"rendered":"Os sapatos muito pesados est\u00e3o ficando no passado! Os novos modelos leves s\u00e3o tend\u00eancia"},"content":{"rendered":"\n<p>Os <strong>sapatos muito pesados<\/strong> est\u00e3o ficando para tr\u00e1s e abrindo espa\u00e7o para <strong>modelos cada vez mais leves<\/strong>, funcionais e confort\u00e1veis. Para quem busca <strong>melhorar o desempenho nos treinos<\/strong> e manter o bem-estar no dia a dia, os <strong>cal\u00e7ados leves com design ergon\u00f4mico<\/strong> se tornaram aliados importantes. Eles ajudam a <strong>reduzir o impacto<\/strong>, favorecem a mobilidade e contribuem para uma <strong>rotina mais ativa<\/strong>, conectando tecnologia, conforto e desempenho f\u00edsico.<\/p>\n\n\n\n<h2 class=\"wp-block-heading\">Por que os cal\u00e7ados leves est\u00e3o ganhando espa\u00e7o nas rotinas ativas?<\/h2>\n\n\n\n<p>A evolu\u00e7\u00e3o dos <strong>materiais esportivos<\/strong> transformou completamente a forma como os <a href=\"https:\/\/www.em.com.br\/emfoco\/2026\/03\/14\/o-fim-do-salto-alto-e-da-sapatilha-como-o-calcado-moderno-urbano-dominou-os-looks-de-trabalho-em-2026\/\" target=\"_blank\" rel=\"noreferrer noopener\"><strong>cal\u00e7ados <\/strong><\/a>s\u00e3o desenvolvidos. Hoje, muitas marcas priorizam <strong>estruturas leves<\/strong> que favorecem a movimenta\u00e7\u00e3o natural do corpo e reduzem a <strong>sensa\u00e7\u00e3o de peso<\/strong> durante caminhadas, corridas e treinos funcionais.<\/p>\n\n\n\n<p>Al\u00e9m do conforto, a leveza contribui para <strong>maior efici\u00eancia nos movimentos<\/strong>. Com menos carga nos p\u00e9s, o corpo se movimenta com mais liberdade, o que pode influenciar positivamente na <strong>performance f\u00edsica<\/strong> e na resist\u00eancia durante atividades prolongadas.<\/p>\n\n\n\n<p>Entre os principais benef\u00edcios desse tipo de cal\u00e7ado, alguns pontos se destacam:<\/p>\n\n\n\n<ul class=\"wp-block-list\">\n<li><strong>Redu\u00e7\u00e3o do cansa\u00e7o<\/strong> durante caminhadas e treinos<\/li>\n\n\n\n<li><strong>Maior sensa\u00e7\u00e3o de liberdade<\/strong> nos movimentos<\/li>\n\n\n\n<li><strong>Melhor adapta\u00e7\u00e3o<\/strong> ao ritmo natural do corpo<\/li>\n\n\n\n<li><strong>Mais conforto<\/strong> para uso prolongado ao longo do dia<\/li>\n<\/ul>\n\n\n\n<h2 class=\"wp-block-heading\">Como o design ergon\u00f4mico melhora o conforto e o desempenho?<\/h2>\n\n\n\n<p>O <strong>design <\/strong><a href=\"https:\/\/pt.wikipedia.org\/wiki\/Ergonomia\" target=\"_blank\" rel=\"noreferrer noopener\"><strong>ergon\u00f4mico<\/strong> <\/a>tem papel essencial na cria\u00e7\u00e3o dos novos modelos de cal\u00e7ados leves. Esse conceito busca adaptar o formato do produto \u00e0 <strong>anatomia natural dos p\u00e9s<\/strong>, oferecendo suporte adequado sem limitar os movimentos.<\/p>\n\n\n\n<p>Esse tipo de estrutura permite que o p\u00e9 se mova de forma mais natural, reduzindo <strong>pontos de press\u00e3o<\/strong> e melhorando a estabilidade. Com isso, atividades f\u00edsicas se tornam <strong>mais seguras e confort\u00e1veis<\/strong>, principalmente para quem mant\u00e9m uma rotina ativa.<\/p>\n\n\n\n<p>Algumas caracter\u00edsticas comuns do design ergon\u00f4mico incluem:<\/p>\n\n\n\n<ul class=\"wp-block-list\">\n<li><strong>Solado flex\u00edvel<\/strong> que acompanha os movimentos do p\u00e9<\/li>\n\n\n\n<li><strong>Estrutura anat\u00f4mica<\/strong> que distribui melhor o peso corporal<\/li>\n\n\n\n<li><strong>Materiais respir\u00e1veis<\/strong> que aumentam o conforto t\u00e9rmico<\/li>\n\n\n\n<li><strong>Formato confort\u00e1vel<\/strong> que reduz atritos e desconfortos<\/li>\n<\/ul>\n\n\n\n<figure class=\"wp-block-image size-large\"><img loading=\"lazy\" decoding=\"async\" width=\"1024\" height=\"576\" src=\"https:\/\/www.em.com.br\/emfoco\/wp-content\/uploads\/2026\/03\/X-33-1024x576.jpg\" alt=\"Os sapatos muito pesados est\u00e3o ficando no passado! Os novos modelos leves s\u00e3o tend\u00eancia\" class=\"wp-image-182167\" srcset=\"https:\/\/www.em.com.br\/emfoco\/wp-content\/uploads\/2026\/03\/X-33-1024x576.jpg 1024w, https:\/\/www.em.com.br\/emfoco\/wp-content\/uploads\/2026\/03\/X-33-300x169.jpg 300w, https:\/\/www.em.com.br\/emfoco\/wp-content\/uploads\/2026\/03\/X-33-768x432.jpg 768w, https:\/\/www.em.com.br\/emfoco\/wp-content\/uploads\/2026\/03\/X-33-1536x864.jpg 1536w, https:\/\/www.em.com.br\/emfoco\/wp-content\/uploads\/2026\/03\/X-33-2048x1152.jpg 2048w, https:\/\/www.em.com.br\/emfoco\/wp-content\/uploads\/2026\/03\/X-33-750x422.jpg 750w, https:\/\/www.em.com.br\/emfoco\/wp-content\/uploads\/2026\/03\/X-33-1140x641.jpg 1140w\" sizes=\"auto, (max-width: 1024px) 100vw, 1024px\" \/><figcaption class=\"wp-element-caption\">O design ergon\u00f4mico melhora o conforto dos p\u00e9s<\/figcaption><\/figure>\n\n\n\n<h2 class=\"wp-block-heading\">Os cal\u00e7ados leves podem ajudar na pr\u00e1tica de exerc\u00edcios?<\/h2>\n\n\n\n<p>Para quem pratica <strong>atividades f\u00edsicas regularmente<\/strong>, escolher o cal\u00e7ado certo faz toda a diferen\u00e7a. Modelos leves ajudam a <strong>diminuir o impacto nas articula\u00e7\u00f5es<\/strong> e facilitam movimentos r\u00e1pidos, especialmente em exerc\u00edcios que exigem agilidade e coordena\u00e7\u00e3o.<\/p>\n\n\n\n<p>Em treinos como caminhada, corrida leve, exerc\u00edcios funcionais e atividades ao ar livre, a leveza pode contribuir para <strong>melhorar o rendimento<\/strong>. Isso acontece porque o corpo gasta <strong>menos energia<\/strong> para movimentar os p\u00e9s durante cada passo.<\/p>\n\n\n\n<p>Outro ponto importante \u00e9 que o uso de cal\u00e7ados adequados pode contribuir para:<\/p>\n\n\n\n<ul class=\"wp-block-list\">\n<li><strong>Melhor estabilidade<\/strong> durante exerc\u00edcios din\u00e2micos<\/li>\n\n\n\n<li><strong>Redu\u00e7\u00e3o de desconfortos<\/strong> nos p\u00e9s e tornozelos<\/li>\n\n\n\n<li><strong>Maior efici\u00eancia<\/strong> nos movimentos repetitivos<\/li>\n\n\n\n<li><strong>Mais motiva\u00e7\u00e3o<\/strong> para manter a rotina ativa<\/li>\n<\/ul>\n\n\n\n<h2 class=\"wp-block-heading\">Como escolher o cal\u00e7ado leve ideal para o dia a dia?<\/h2>\n\n\n\n<p>Mesmo com tantas op\u00e7\u00f5es dispon\u00edveis, escolher o modelo certo exige aten\u00e7\u00e3o a alguns detalhes. O ideal \u00e9 buscar cal\u00e7ados que combinem <strong>leveza, conforto e suporte adequado<\/strong> para o tipo de atividade realizada.<\/p>\n\n\n\n<p>Al\u00e9m da est\u00e9tica, fatores como <strong>respirabilidade<\/strong>, flexibilidade e amortecimento fazem diferen\u00e7a no uso cotidiano. Um bom cal\u00e7ado deve oferecer <strong>conforto imediato<\/strong> e manter essa sensa\u00e7\u00e3o mesmo ap\u00f3s horas de uso.<\/p>\n\n\n\n<p>Alguns crit\u00e9rios podem ajudar na escolha:<\/p>\n\n\n\n<ul class=\"wp-block-list\">\n<li><strong>Priorizar materiais leves e respir\u00e1veis<\/strong><\/li>\n\n\n\n<li><strong>Verificar a flexibilidade do solado<\/strong><\/li>\n\n\n\n<li><strong>Optar por ajuste confort\u00e1vel<\/strong> ao p\u00e9<\/li>\n\n\n\n<li><strong>Escolher o modelo adequado<\/strong> para cada atividade<\/li>\n<\/ul>\n\n\n\n<h2 class=\"wp-block-heading\">Os cal\u00e7ados leves s\u00e3o uma tend\u00eancia duradoura?<\/h2>\n\n\n\n<p>A busca por <strong>mais conforto e desempenho<\/strong> tem impulsionado o desenvolvimento de cal\u00e7ados cada vez mais leves e tecnol\u00f3gicos. Essa tend\u00eancia acompanha o crescimento do interesse por <strong>estilos de vida ativos<\/strong> e h\u00e1bitos mais saud\u00e1veis.<\/p>\n\n\n\n<p>Com o avan\u00e7o dos materiais e do design esportivo, a tend\u00eancia \u00e9 que os modelos continuem evoluindo, oferecendo <strong>mais suporte, leveza e efici\u00eancia<\/strong>. Assim, os cal\u00e7ados deixam de ser apenas um item de moda e passam a desempenhar um <strong>papel importante na qualidade da rotina f\u00edsica<\/strong>.<\/p>\n","protected":false},"excerpt":{"rendered":"<p>Os sapatos muito pesados est\u00e3o ficando para tr\u00e1s e abrindo espa\u00e7o para modelos cada vez mais leves, funcionais e confort\u00e1veis. Para quem busca melhorar o desempenho nos treinos e manter o bem-estar no dia a dia, os cal\u00e7ados leves com design ergon\u00f4mico se tornaram aliados importantes. Eles ajudam a reduzir o impacto, favorecem a mobilidade [&hellip;]<\/p>\n","protected":false},"author":28,"featured_media":182168,"comment_status":"open","ping_status":"open","sticky":false,"template":"","format":"standard","meta":{"jnews-multi-image_gallery":[],"jnews_single_post":{"format":"standard"},"jnews_primary_category":[],"jnews_social_meta":[],"jnews_override_counter":[],"footnotes":""},"categories":[8819],"tags":[26297,26294,26295,26296],"class_list":["post-182141","post","type-post","status-publish","format-standard","has-post-thumbnail","hentry","category-curiosidades","tag-calcados-ergonomicos-conforto","tag-calcados-leves-esportivos","tag-tenis-leve-para-caminhada","tag-tenis-para-treino-leve"],"yoast_head":"<!-- This site is optimized with the Yoast SEO plugin v23.8 - https:\/\/yoast.com\/wordpress\/plugins\/seo\/ -->\n<title>Os sapatos muito pesados est\u00e3o ficando no passado! Os novos modelos leves s\u00e3o tend\u00eancia - Estado de Minas - Em foco<\/title>\n<meta name=\"description\" content=\"Os cal\u00e7ados leves com design ergon\u00f4mico est\u00e3o ganhando espa\u00e7o nas rotinas ativas por oferecer mais conforto, mobilidade e efici\u00eancia.\" \/>\n<meta name=\"robots\" content=\"index, follow, max-snippet:-1, max-image-preview:large, max-video-preview:-1\" \/>\n<link rel=\"canonical\" href=\"https:\/\/www.em.com.br\/emfoco\/2026\/03\/16\/os-sapatos-muito-pesados-estao-ficando-no-passado-os-novos-modelos-leves-sao-tendencia\/\" \/>\n<meta property=\"og:locale\" content=\"pt_BR\" \/>\n<meta property=\"og:type\" content=\"article\" \/>\n<meta property=\"og:title\" content=\"Os sapatos muito pesados est\u00e3o ficando no passado! Os novos modelos leves s\u00e3o tend\u00eancia - Estado de Minas - Em foco\" \/>\n<meta property=\"og:description\" content=\"Os cal\u00e7ados leves com design ergon\u00f4mico est\u00e3o ganhando espa\u00e7o nas rotinas ativas por oferecer mais conforto, mobilidade e efici\u00eancia.\" \/>\n<meta property=\"og:url\" content=\"https:\/\/www.em.com.br\/emfoco\/2026\/03\/16\/os-sapatos-muito-pesados-estao-ficando-no-passado-os-novos-modelos-leves-sao-tendencia\/\" \/>\n<meta property=\"og:site_name\" content=\"Estado de Minas - Em foco\" \/>\n<meta property=\"article:published_time\" content=\"2026-03-16T21:55:00+00:00\" \/>\n<meta property=\"article:modified_time\" content=\"2026-03-16T20:16:08+00:00\" \/>\n<meta property=\"og:image\" content=\"https:\/\/www.em.com.br\/emfoco\/wp-content\/uploads\/2026\/03\/X-32.jpg\" \/>\n\t<meta property=\"og:image:width\" content=\"2560\" \/>\n\t<meta property=\"og:image:height\" content=\"1440\" \/>\n\t<meta property=\"og:image:type\" content=\"image\/jpeg\" \/>\n<meta name=\"author\" content=\"Elis Gabrielle Santos Souza\" \/>\n<meta name=\"twitter:card\" content=\"summary_large_image\" \/>\n<meta name=\"twitter:label1\" content=\"Escrito por\" \/>\n\t<meta name=\"twitter:data1\" content=\"Elis Gabrielle Santos Souza\" \/>\n\t<meta name=\"twitter:label2\" content=\"Est. tempo de leitura\" \/>\n\t<meta name=\"twitter:data2\" content=\"4 minutos\" \/>\n<!-- \/ Yoast SEO plugin. -->","yoast_head_json":{"title":"Os sapatos muito pesados est\u00e3o ficando no passado! Os novos modelos leves s\u00e3o tend\u00eancia - Estado de Minas - Em foco","description":"Os cal\u00e7ados leves com design ergon\u00f4mico est\u00e3o ganhando espa\u00e7o nas rotinas ativas por oferecer mais conforto, mobilidade e efici\u00eancia.","robots":{"index":"index","follow":"follow","max-snippet":"max-snippet:-1","max-image-preview":"max-image-preview:large","max-video-preview":"max-video-preview:-1"},"canonical":"https:\/\/www.em.com.br\/emfoco\/2026\/03\/16\/os-sapatos-muito-pesados-estao-ficando-no-passado-os-novos-modelos-leves-sao-tendencia\/","og_locale":"pt_BR","og_type":"article","og_title":"Os sapatos muito pesados est\u00e3o ficando no passado! Os novos modelos leves s\u00e3o tend\u00eancia - Estado de Minas - Em foco","og_description":"Os cal\u00e7ados leves com design ergon\u00f4mico est\u00e3o ganhando espa\u00e7o nas rotinas ativas por oferecer mais conforto, mobilidade e efici\u00eancia.","og_url":"https:\/\/www.em.com.br\/emfoco\/2026\/03\/16\/os-sapatos-muito-pesados-estao-ficando-no-passado-os-novos-modelos-leves-sao-tendencia\/","og_site_name":"Estado de Minas - Em foco","article_published_time":"2026-03-16T21:55:00+00:00","article_modified_time":"2026-03-16T20:16:08+00:00","og_image":[{"width":2560,"height":1440,"url":"https:\/\/www.em.com.br\/emfoco\/wp-content\/uploads\/2026\/03\/X-32.jpg","type":"image\/jpeg"}],"author":"Elis Gabrielle Santos Souza","twitter_card":"summary_large_image","twitter_misc":{"Escrito por":"Elis Gabrielle Santos Souza","Est. tempo de leitura":"4 minutos"},"schema":{"@context":"https:\/\/schema.org","@graph":[{"@type":"WebPage","@id":"https:\/\/www.em.com.br\/emfoco\/2026\/03\/16\/os-sapatos-muito-pesados-estao-ficando-no-passado-os-novos-modelos-leves-sao-tendencia\/","url":"https:\/\/www.em.com.br\/emfoco\/2026\/03\/16\/os-sapatos-muito-pesados-estao-ficando-no-passado-os-novos-modelos-leves-sao-tendencia\/","name":"Os sapatos muito pesados est\u00e3o ficando no passado! Os novos modelos leves s\u00e3o tend\u00eancia - Estado de Minas - Em foco","isPartOf":{"@id":"https:\/\/www.em.com.br\/emfoco\/#website"},"primaryImageOfPage":{"@id":"https:\/\/www.em.com.br\/emfoco\/2026\/03\/16\/os-sapatos-muito-pesados-estao-ficando-no-passado-os-novos-modelos-leves-sao-tendencia\/#primaryimage"},"image":{"@id":"https:\/\/www.em.com.br\/emfoco\/2026\/03\/16\/os-sapatos-muito-pesados-estao-ficando-no-passado-os-novos-modelos-leves-sao-tendencia\/#primaryimage"},"thumbnailUrl":"https:\/\/www.em.com.br\/emfoco\/wp-content\/uploads\/2026\/03\/X-32.jpg","datePublished":"2026-03-16T21:55:00+00:00","dateModified":"2026-03-16T20:16:08+00:00","author":{"@id":"https:\/\/www.em.com.br\/emfoco\/#\/schema\/person\/0c545bffa944f9caa147d776b5f6f1f5"},"description":"Os cal\u00e7ados leves com design ergon\u00f4mico est\u00e3o ganhando espa\u00e7o nas rotinas ativas por oferecer mais conforto, mobilidade e efici\u00eancia.","breadcrumb":{"@id":"https:\/\/www.em.com.br\/emfoco\/2026\/03\/16\/os-sapatos-muito-pesados-estao-ficando-no-passado-os-novos-modelos-leves-sao-tendencia\/#breadcrumb"},"inLanguage":"pt-BR","potentialAction":[{"@type":"ReadAction","target":["https:\/\/www.em.com.br\/emfoco\/2026\/03\/16\/os-sapatos-muito-pesados-estao-ficando-no-passado-os-novos-modelos-leves-sao-tendencia\/"]}]},{"@type":"ImageObject","inLanguage":"pt-BR","@id":"https:\/\/www.em.com.br\/emfoco\/2026\/03\/16\/os-sapatos-muito-pesados-estao-ficando-no-passado-os-novos-modelos-leves-sao-tendencia\/#primaryimage","url":"https:\/\/www.em.com.br\/emfoco\/wp-content\/uploads\/2026\/03\/X-32.jpg","contentUrl":"https:\/\/www.em.com.br\/emfoco\/wp-content\/uploads\/2026\/03\/X-32.jpg","width":2560,"height":1440,"caption":"Cal\u00e7ados leves ajudam a reduzir o cansa\u00e7o durante caminhadas"},{"@type":"BreadcrumbList","@id":"https:\/\/www.em.com.br\/emfoco\/2026\/03\/16\/os-sapatos-muito-pesados-estao-ficando-no-passado-os-novos-modelos-leves-sao-tendencia\/#breadcrumb","itemListElement":[{"@type":"ListItem","position":1,"name":"In\u00edcio","item":"https:\/\/www.em.com.br\/emfoco\/"},{"@type":"ListItem","position":2,"name":"Os sapatos muito pesados est\u00e3o ficando no passado! Os novos modelos leves s\u00e3o tend\u00eancia"}]},{"@type":"WebSite","@id":"https:\/\/www.em.com.br\/emfoco\/#website","url":"https:\/\/www.em.com.br\/emfoco\/","name":"Estado de Minas - Em foco","description":"Acompanhe as \u00faltimas not\u00edcias e fique bem informado sobre tudo o que acontece em Minas Gerais, Brasil e no mundo.","potentialAction":[{"@type":"SearchAction","target":{"@type":"EntryPoint","urlTemplate":"https:\/\/www.em.com.br\/emfoco\/?s={search_term_string}"},"query-input":{"@type":"PropertyValueSpecification","valueRequired":true,"valueName":"search_term_string"}}],"inLanguage":"pt-BR"},{"@type":"Person","@id":"https:\/\/www.em.com.br\/emfoco\/#\/schema\/person\/0c545bffa944f9caa147d776b5f6f1f5","name":"Elis Gabrielle Santos Souza","image":{"@type":"ImageObject","inLanguage":"pt-BR","@id":"https:\/\/www.em.com.br\/emfoco\/#\/schema\/person\/image\/","url":"https:\/\/secure.gravatar.com\/avatar\/1dc86c254cebb74d9c8a14da612c52db?s=96&d=mm&r=g","contentUrl":"https:\/\/secure.gravatar.com\/avatar\/1dc86c254cebb74d9c8a14da612c52db?s=96&d=mm&r=g","caption":"Elis Gabrielle Santos Souza"},"sameAs":["https:\/\/www.em.com.br\/emfoco"],"url":"https:\/\/www.em.com.br\/emfoco\/author\/elis-myth\/"}]}},"_links":{"self":[{"href":"https:\/\/www.em.com.br\/emfoco\/wp-json\/wp\/v2\/posts\/182141","targetHints":{"allow":["GET"]}}],"collection":[{"href":"https:\/\/www.em.com.br\/emfoco\/wp-json\/wp\/v2\/posts"}],"about":[{"href":"https:\/\/www.em.com.br\/emfoco\/wp-json\/wp\/v2\/types\/post"}],"author":[{"embeddable":true,"href":"https:\/\/www.em.com.br\/emfoco\/wp-json\/wp\/v2\/users\/28"}],"replies":[{"embeddable":true,"href":"https:\/\/www.em.com.br\/emfoco\/wp-json\/wp\/v2\/comments?post=182141"}],"version-history":[{"count":1,"href":"https:\/\/www.em.com.br\/emfoco\/wp-json\/wp\/v2\/posts\/182141\/revisions"}],"predecessor-version":[{"id":182171,"href":"https:\/\/www.em.com.br\/emfoco\/wp-json\/wp\/v2\/posts\/182141\/revisions\/182171"}],"wp:featuredmedia":[{"embeddable":true,"href":"https:\/\/www.em.com.br\/emfoco\/wp-json\/wp\/v2\/media\/182168"}],"wp:attachment":[{"href":"https:\/\/www.em.com.br\/emfoco\/wp-json\/wp\/v2\/media?parent=182141"}],"wp:term":[{"taxonomy":"category","embeddable":true,"href":"https:\/\/www.em.com.br\/emfoco\/wp-json\/wp\/v2\/categories?post=182141"},{"taxonomy":"post_tag","embeddable":true,"href":"https:\/\/www.em.com.br\/emfoco\/wp-json\/wp\/v2\/tags?post=182141"}],"curies":[{"name":"wp","href":"https:\/\/api.w.org\/{rel}","templated":true}]}}