{"id":182131,"date":"2026-03-17T16:35:24","date_gmt":"2026-03-17T19:35:24","guid":{"rendered":"https:\/\/www.em.com.br\/emfoco\/?p=182131"},"modified":"2026-03-16T18:30:32","modified_gmt":"2026-03-16T21:30:32","slug":"o-corte-curto-que-virou-tendencia-nos-saloes-por-dar-mais-volume-aos-fios-finos","status":"publish","type":"post","link":"https:\/\/www.em.com.br\/emfoco\/2026\/03\/17\/o-corte-curto-que-virou-tendencia-nos-saloes-por-dar-mais-volume-aos-fios-finos\/","title":{"rendered":"O corte curto que virou tend\u00eancia nos sal\u00f5es por dar mais volume aos fios finos"},"content":{"rendered":"\n<p>Quem nunca olhou no espelho e pensou que o cabelo est\u00e1 cada vez mais \u201cmurchinho\u201d? Esse inc\u00f4modo \u00e9 comum em quem tem fios finos e pouca densidade, e \u00e9 justamente a\u00ed que entra o <strong>corte curto volumoso<\/strong>, queridinho dos sal\u00f5es por deixar o visual mais cheio, moderno e f\u00e1cil de cuidar no dia a dia.<\/p>\n\n\n\n<h2 class=\"wp-block-heading\">O que explica o sucesso do corte curto que d\u00e1 volume aos fios finos<\/h2>\n\n\n\n<p>O chamado <strong>corte curto para dar volume<\/strong> n\u00e3o \u00e9 um modelo \u00fanico, mas um conjunto de t\u00e9cnicas em comprimentos menores. Em geral, combina base mais reta com camadas suaves, o que ajuda a <strong>levantar a raiz<\/strong> e criar movimento nas pontas, dando a impress\u00e3o de cabelo mais encorpado.<\/p>\n\n\n\n<p>Em fios muito finos, cortes longos pesam e deixam ainda mais aparente a falta de massa capilar. J\u00e1 o corte curto redistribui esse pouco volume, concentrando-o no topo e nas laterais da cabe\u00e7a. Assim, at\u00e9 um cabelo naturalmente ralo pode parecer mais <strong>cheio e estruturado<\/strong>, sem depender apenas de finalizadores.<\/p>\n\n\n\n<figure class=\"wp-block-embed is-type-rich is-provider-pinterest wp-block-embed-pinterest\"><div class=\"wp-block-embed__wrapper\">\n<iframe loading=\"lazy\" title=\"Corte chanel para cabelo cacheado: 11 inspira\u00e7\u00f5es cheias de estilo\" src=\"https:\/\/assets.pinterest.com\/ext\/embed.html?id=25473554137929279&#038;src=oembed\" height=\"901\" width=\"450\" frameborder=\"0\" scrolling=\"no\" ><\/iframe>\n<\/div><\/figure>\n\n\n\n<p>Leia tamb\u00e9m:&nbsp;<a href=\"https:\/\/www.em.com.br\/emfoco\/2026\/03\/16\/cabelo-ondulado-mais-brilhante-e-com-menos-volume-armado-entenda-como-aplicar-a-mistura-corretamente\/\" target=\"_blank\" rel=\"noopener\">Cabelo ondulado mais brilhante e com menos volume armado: entenda como aplicar a mistura corretamente<\/a><\/p>\n\n\n\n<h2 class=\"wp-block-heading\">Como o corte curto se adapta a diferentes idades e rotinas<\/h2>\n\n\n\n<p>Essa busca por mais <strong>volume e presen\u00e7a<\/strong> n\u00e3o tem idade: aparece tanto em pessoas jovens, incomodadas com o cabelo ralo, quanto em quem j\u00e1 nota o afinamento natural dos fios. Em todos os casos, a ideia \u00e9 usar o pr\u00f3prio corte como aliado, e n\u00e3o s\u00f3 produtos ou ferramentas de calor.<\/p>\n\n\n\n<p>Outro motivo para a popularidade \u00e9 o estilo de vida mais pr\u00e1tico. Manter o cabelo curto costuma exigir menos tempo de secagem, menos produto e menos esfor\u00e7o para modelar. O resultado \u00e9 um visual com mais <strong>leveza, movimento<\/strong> e rotina simplificada, sem abrir m\u00e3o da est\u00e9tica.<\/p>\n\n\n\n<h2 class=\"wp-block-heading\">Quais cortes curtos mais favorecem volume em cabelos finos<\/h2>\n\n\n\n<p>Entre as varia\u00e7\u00f5es de <strong>corte curto para fios finos<\/strong>, alguns modelos aparecem com mais frequ\u00eancia nos sal\u00f5es. Cada um cria volume de um jeito, seja pela textura, pela altura da nuca ou pelo desenho da franja, e pode ser adaptado ao seu tipo de fio.<\/p>\n\n\n\n<ul class=\"wp-block-list\">\n<li><strong>Bob curto ou mini bob:<\/strong> Na altura do queixo ou levemente abaixo, com base reta ou sutilmente inclinada para frente. Em fios finos, a linha reta na base d\u00e1 impress\u00e3o de mais <strong>densidade e corpo<\/strong>.<\/li>\n<\/ul>\n\n\n\n<figure class=\"wp-block-embed is-type-rich is-provider-pinterest wp-block-embed-pinterest\"><div class=\"wp-block-embed__wrapper\">\n<iframe loading=\"lazy\" title=\"bob hair era\" src=\"https:\/\/assets.pinterest.com\/ext\/embed.html?id=243546292343649148&#038;src=oembed\" height=\"899\" width=\"450\" frameborder=\"0\" scrolling=\"no\" ><\/iframe>\n<\/div><\/figure>\n\n\n\n<ul class=\"wp-block-list\">\n<li><strong>Pixie com camadas:<\/strong> Mais curto nas laterais e cheio no topo, com microcamadas que elevam a raiz e criam textura. Costuma ser estilizado com pomadas leves, mantendo o visual <strong>moderno e pr\u00e1tico<\/strong>.<\/li>\n<\/ul>\n\n\n\n<figure class=\"wp-block-embed is-type-rich is-provider-pinterest wp-block-embed-pinterest\"><div class=\"wp-block-embed__wrapper\">\n<iframe loading=\"lazy\" title=\"ACERTEI NA FINALIZA\u00c7\u00c3O PARA DEIXAR O CABELO BEM CACHEADINHO CARA \ud83d\ude4f\ud83c\udffb\" src=\"https:\/\/assets.pinterest.com\/ext\/embed.html?id=8162843070484860&#038;src=oembed\" height=\"898\" width=\"450\" frameborder=\"0\" scrolling=\"no\" ><\/iframe>\n<\/div><\/figure>\n\n\n\n<ul class=\"wp-block-list\">\n<li><strong>Short shag:<\/strong> Vers\u00e3o curta do corte repicado em v\u00e1rias camadas, valorizando movimento e um efeito mais bagun\u00e7ado. Funciona bem em cabelos finos e levemente ondulados, com ar mais <strong>despojado e jovem<\/strong>.<\/li>\n<\/ul>\n\n\n\n<figure class=\"wp-block-embed is-type-rich is-provider-pinterest wp-block-embed-pinterest\"><div class=\"wp-block-embed__wrapper\">\n<iframe loading=\"lazy\" title=\"SHAGGY HAIR.  Cabelo despojado e cheio de movimento.  #cut #hair #style #shaggyhair\" src=\"https:\/\/assets.pinterest.com\/ext\/embed.html?id=5840674511862519&#038;src=oembed\" height=\"899\" width=\"450\" frameborder=\"0\" scrolling=\"no\" ><\/iframe>\n<\/div><\/figure>\n\n\n\n<ul class=\"wp-block-list\">\n<li><strong>Bob com franja:<\/strong> A franja, seja reta, lateral ou cortininha, cria volume na regi\u00e3o da testa e topo, equilibrando a falta de massa nas laterais e deixando o rosto mais <strong>moldurado e harm\u00f4nico<\/strong>.<\/li>\n<\/ul>\n\n\n\n<figure class=\"wp-block-embed is-type-rich is-provider-pinterest wp-block-embed-pinterest\"><div class=\"wp-block-embed__wrapper\">\n<iframe loading=\"lazy\" title=\" \" src=\"https:\/\/assets.pinterest.com\/ext\/embed.html?id=3518505955296019&#038;src=oembed\" height=\"909\" width=\"450\" frameborder=\"0\" scrolling=\"no\" ><\/iframe>\n<\/div><\/figure>\n\n\n\n<h2 class=\"wp-block-heading\">Como manter o corte curto volumoso bonito no dia a dia<\/h2>\n\n\n\n<p>Para que o <strong>corte curto volumoso<\/strong> se mantenha com boa apar\u00eancia, alguns cuidados simples fazem diferen\u00e7a. A manuten\u00e7\u00e3o em sal\u00e3o \u00e9 importante, porque o cabelo curto perde a forma mais r\u00e1pido e pode \u201cdesandar\u201d em poucas semanas.<\/p>\n\n\n\n<p>Em m\u00e9dia, vale voltar ao sal\u00e3o a cada 6 a 8 semanas para refazer camadas e alinhar a base. Em casa, o segredo \u00e9 usar produtos leves, como mousses, sprays e finalizadores para <strong>volume e textura<\/strong>, evitando cremes muito densos e excesso de \u00f3leo, que deixam os fios baixos e pesados.<\/p>\n\n\n\n<h2 class=\"wp-block-heading\">Quais cuidados na secagem e no uso de calor ajudam o volume<\/h2>\n\n\n\n<p>Na hora de secar, pequenos ajustes na rotina podem transformar o resultado. Secar o cabelo com a cabe\u00e7a levemente inclinada para frente ou direcionar o jato do secador para a raiz, levantando os fios com os dedos, ajuda a manter o efeito de <strong>cheio e armado<\/strong> na medida certa. Separamos esse v\u00eddeo do canal da <a href=\"https:\/\/www.youtube.com\/@RaisaBrito\" target=\"_blank\" rel=\"noreferrer noopener\">Raisa Brito<\/a> mostrando mais cortes de cabelo:<\/p>\n\n\n\n<figure class=\"wp-block-embed is-type-video is-provider-youtube wp-block-embed-youtube wp-embed-aspect-16-9 wp-has-aspect-ratio\"><div class=\"wp-block-embed__wrapper\">\n<div class=\"jeg_video_container jeg_video_content\"><iframe loading=\"lazy\" title=\"CORTES DE CABELO QUE TE DEIXAM MAIS JOVEM E MAIS ELEGANTE\" width=\"500\" height=\"281\" src=\"https:\/\/www.youtube.com\/embed\/XyDwEFMJCVw?start=1&#038;feature=oembed\" frameborder=\"0\" allow=\"accelerometer; autoplay; clipboard-write; encrypted-media; gyroscope; picture-in-picture; web-share\" referrerpolicy=\"strict-origin-when-cross-origin\" allowfullscreen><\/iframe><\/div>\n<\/div><\/figure>\n\n\n\n<p>Por outro lado, o excesso de calor fragiliza o fio fino e pode aumentar a quebra. Sempre que usar chapinha ou modelador, aplique um bom protetor t\u00e9rmico e prefira temperaturas moderadas. Assim, voc\u00ea protege o <strong>cabelo delicado<\/strong> e preserva a estrutura que garante o volume.<\/p>\n\n\n\n<h2 class=\"wp-block-heading\">O corte curto volumoso serve para todo cabelo fino<\/h2>\n\n\n\n<p>Apesar de ser uma tend\u00eancia vers\u00e1til, o <strong>corte curto que d\u00e1 volume<\/strong> n\u00e3o \u00e9 igual para todo mundo. O profissional avalia grau de afinamento, presen\u00e7a de queda, oleosidade do couro cabeludo e seus h\u00e1bitos di\u00e1rios para sugerir o melhor formato e o comprimento ideal.<\/p>\n\n\n\n<p>Em casos de afinamento acentuado em regi\u00f5es espec\u00edficas, o corte pode ser adaptado com franjas mais cheias ou camadas focadas em disfar\u00e7ar essas \u00e1reas. Quem vem do cabelo longo pode preferir uma transi\u00e7\u00e3o gradual, cortando aos poucos at\u00e9 chegar ao estilo desejado, entendendo como o cabelo se comporta em cada fase e ganhando mais <strong>seguran\u00e7a e autonomia<\/strong> com o novo visual.<\/p>\n","protected":false},"excerpt":{"rendered":"<p>Quem nunca olhou no espelho e pensou que o cabelo est\u00e1 cada vez mais \u201cmurchinho\u201d? Esse inc\u00f4modo \u00e9 comum em quem tem fios finos e pouca densidade, e \u00e9 justamente a\u00ed que entra o corte curto volumoso, queridinho dos sal\u00f5es por deixar o visual mais cheio, moderno e f\u00e1cil de cuidar no dia a dia. [&hellip;]<\/p>\n","protected":false},"author":9,"featured_media":152570,"comment_status":"open","ping_status":"open","sticky":false,"template":"","format":"standard","meta":{"jnews-multi-image_gallery":[],"jnews_single_post":{"format":"standard"},"jnews_primary_category":[],"jnews_social_meta":[],"jnews_override_counter":[],"footnotes":""},"categories":[8691,8819,1],"tags":[2616,4905,17056],"class_list":["post-182131","post","type-post","status-publish","format-standard","has-post-thumbnail","hentry","category-bem-estar","category-curiosidades","category-noticias","tag-beleza","tag-cabelo","tag-corte-curto"],"yoast_head":"<!-- This site is optimized with the Yoast SEO plugin v23.8 - https:\/\/yoast.com\/wordpress\/plugins\/seo\/ -->\n<title>O corte curto que virou tend\u00eancia nos sal\u00f5es por dar mais volume aos fios finos - Estado de Minas - Em foco<\/title>\n<meta name=\"description\" content=\"Cabelo fino pode ganhar mais volume com cortes curtos estrat\u00e9gicos. Veja op\u00e7\u00f5es populares e dicas para manter os fios mais cheios.\" \/>\n<meta name=\"robots\" content=\"index, follow, max-snippet:-1, max-image-preview:large, max-video-preview:-1\" \/>\n<link rel=\"canonical\" href=\"https:\/\/www.em.com.br\/emfoco\/2026\/03\/17\/o-corte-curto-que-virou-tendencia-nos-saloes-por-dar-mais-volume-aos-fios-finos\/\" \/>\n<meta property=\"og:locale\" content=\"pt_BR\" \/>\n<meta property=\"og:type\" content=\"article\" \/>\n<meta property=\"og:title\" content=\"O corte curto que virou tend\u00eancia nos sal\u00f5es por dar mais volume aos fios finos - Estado de Minas - Em foco\" \/>\n<meta property=\"og:description\" content=\"Cabelo fino pode ganhar mais volume com cortes curtos estrat\u00e9gicos. Veja op\u00e7\u00f5es populares e dicas para manter os fios mais cheios.\" \/>\n<meta property=\"og:url\" content=\"https:\/\/www.em.com.br\/emfoco\/2026\/03\/17\/o-corte-curto-que-virou-tendencia-nos-saloes-por-dar-mais-volume-aos-fios-finos\/\" \/>\n<meta property=\"og:site_name\" content=\"Estado de Minas - Em foco\" \/>\n<meta property=\"article:published_time\" content=\"2026-03-17T19:35:24+00:00\" \/>\n<meta property=\"article:modified_time\" content=\"2026-03-16T21:30:32+00:00\" \/>\n<meta property=\"og:image\" content=\"https:\/\/www.em.com.br\/emfoco\/wp-content\/uploads\/2026\/01\/Gemini_Generated_Image_bkveqobkveqobkve-1.png\" \/>\n\t<meta property=\"og:image:width\" content=\"1280\" \/>\n\t<meta property=\"og:image:height\" content=\"720\" \/>\n\t<meta property=\"og:image:type\" content=\"image\/png\" \/>\n<meta name=\"author\" content=\"Daniely Cardoso\" \/>\n<meta name=\"twitter:card\" content=\"summary_large_image\" \/>\n<meta name=\"twitter:label1\" content=\"Escrito por\" \/>\n\t<meta name=\"twitter:data1\" content=\"Daniely Cardoso\" \/>\n\t<meta name=\"twitter:label2\" content=\"Est. tempo de leitura\" \/>\n\t<meta name=\"twitter:data2\" content=\"5 minutos\" \/>\n<!-- \/ Yoast SEO plugin. -->","yoast_head_json":{"title":"O corte curto que virou tend\u00eancia nos sal\u00f5es por dar mais volume aos fios finos - Estado de Minas - Em foco","description":"Cabelo fino pode ganhar mais volume com cortes curtos estrat\u00e9gicos. Veja op\u00e7\u00f5es populares e dicas para manter os fios mais cheios.","robots":{"index":"index","follow":"follow","max-snippet":"max-snippet:-1","max-image-preview":"max-image-preview:large","max-video-preview":"max-video-preview:-1"},"canonical":"https:\/\/www.em.com.br\/emfoco\/2026\/03\/17\/o-corte-curto-que-virou-tendencia-nos-saloes-por-dar-mais-volume-aos-fios-finos\/","og_locale":"pt_BR","og_type":"article","og_title":"O corte curto que virou tend\u00eancia nos sal\u00f5es por dar mais volume aos fios finos - Estado de Minas - Em foco","og_description":"Cabelo fino pode ganhar mais volume com cortes curtos estrat\u00e9gicos. Veja op\u00e7\u00f5es populares e dicas para manter os fios mais cheios.","og_url":"https:\/\/www.em.com.br\/emfoco\/2026\/03\/17\/o-corte-curto-que-virou-tendencia-nos-saloes-por-dar-mais-volume-aos-fios-finos\/","og_site_name":"Estado de Minas - Em foco","article_published_time":"2026-03-17T19:35:24+00:00","article_modified_time":"2026-03-16T21:30:32+00:00","og_image":[{"width":1280,"height":720,"url":"https:\/\/www.em.com.br\/emfoco\/wp-content\/uploads\/2026\/01\/Gemini_Generated_Image_bkveqobkveqobkve-1.png","type":"image\/png"}],"author":"Daniely Cardoso","twitter_card":"summary_large_image","twitter_misc":{"Escrito por":"Daniely Cardoso","Est. tempo de leitura":"5 minutos"},"schema":{"@context":"https:\/\/schema.org","@graph":[{"@type":"WebPage","@id":"https:\/\/www.em.com.br\/emfoco\/2026\/03\/17\/o-corte-curto-que-virou-tendencia-nos-saloes-por-dar-mais-volume-aos-fios-finos\/","url":"https:\/\/www.em.com.br\/emfoco\/2026\/03\/17\/o-corte-curto-que-virou-tendencia-nos-saloes-por-dar-mais-volume-aos-fios-finos\/","name":"O corte curto que virou tend\u00eancia nos sal\u00f5es por dar mais volume aos fios finos - Estado de Minas - Em foco","isPartOf":{"@id":"https:\/\/www.em.com.br\/emfoco\/#website"},"primaryImageOfPage":{"@id":"https:\/\/www.em.com.br\/emfoco\/2026\/03\/17\/o-corte-curto-que-virou-tendencia-nos-saloes-por-dar-mais-volume-aos-fios-finos\/#primaryimage"},"image":{"@id":"https:\/\/www.em.com.br\/emfoco\/2026\/03\/17\/o-corte-curto-que-virou-tendencia-nos-saloes-por-dar-mais-volume-aos-fios-finos\/#primaryimage"},"thumbnailUrl":"https:\/\/www.em.com.br\/emfoco\/wp-content\/uploads\/2026\/01\/Gemini_Generated_Image_bkveqobkveqobkve-1.png","datePublished":"2026-03-17T19:35:24+00:00","dateModified":"2026-03-16T21:30:32+00:00","author":{"@id":"https:\/\/www.em.com.br\/emfoco\/#\/schema\/person\/0a8186d72f2c3a5c6276d90b41f271a0"},"description":"Cabelo fino pode ganhar mais volume com cortes curtos estrat\u00e9gicos. Veja op\u00e7\u00f5es populares e dicas para manter os fios mais cheios.","breadcrumb":{"@id":"https:\/\/www.em.com.br\/emfoco\/2026\/03\/17\/o-corte-curto-que-virou-tendencia-nos-saloes-por-dar-mais-volume-aos-fios-finos\/#breadcrumb"},"inLanguage":"pt-BR","potentialAction":[{"@type":"ReadAction","target":["https:\/\/www.em.com.br\/emfoco\/2026\/03\/17\/o-corte-curto-que-virou-tendencia-nos-saloes-por-dar-mais-volume-aos-fios-finos\/"]}]},{"@type":"ImageObject","inLanguage":"pt-BR","@id":"https:\/\/www.em.com.br\/emfoco\/2026\/03\/17\/o-corte-curto-que-virou-tendencia-nos-saloes-por-dar-mais-volume-aos-fios-finos\/#primaryimage","url":"https:\/\/www.em.com.br\/emfoco\/wp-content\/uploads\/2026\/01\/Gemini_Generated_Image_bkveqobkveqobkve-1.png","contentUrl":"https:\/\/www.em.com.br\/emfoco\/wp-content\/uploads\/2026\/01\/Gemini_Generated_Image_bkveqobkveqobkve-1.png","width":1280,"height":720,"caption":"Para manter o desenho sempre bonito basta usar os dedos para organizar as mechas com um finalizador suave e leve."},{"@type":"BreadcrumbList","@id":"https:\/\/www.em.com.br\/emfoco\/2026\/03\/17\/o-corte-curto-que-virou-tendencia-nos-saloes-por-dar-mais-volume-aos-fios-finos\/#breadcrumb","itemListElement":[{"@type":"ListItem","position":1,"name":"In\u00edcio","item":"https:\/\/www.em.com.br\/emfoco\/"},{"@type":"ListItem","position":2,"name":"O corte curto que virou tend\u00eancia nos sal\u00f5es por dar mais volume aos fios finos"}]},{"@type":"WebSite","@id":"https:\/\/www.em.com.br\/emfoco\/#website","url":"https:\/\/www.em.com.br\/emfoco\/","name":"Estado de Minas - Em foco","description":"Acompanhe as \u00faltimas not\u00edcias e fique bem informado sobre tudo o que acontece em Minas Gerais, Brasil e no mundo.","potentialAction":[{"@type":"SearchAction","target":{"@type":"EntryPoint","urlTemplate":"https:\/\/www.em.com.br\/emfoco\/?s={search_term_string}"},"query-input":{"@type":"PropertyValueSpecification","valueRequired":true,"valueName":"search_term_string"}}],"inLanguage":"pt-BR"},{"@type":"Person","@id":"https:\/\/www.em.com.br\/emfoco\/#\/schema\/person\/0a8186d72f2c3a5c6276d90b41f271a0","name":"Daniely Cardoso","image":{"@type":"ImageObject","inLanguage":"pt-BR","@id":"https:\/\/www.em.com.br\/emfoco\/#\/schema\/person\/image\/","url":"https:\/\/secure.gravatar.com\/avatar\/4b80ddbd124d1f071b626d52d62e5dff?s=96&d=mm&r=g","contentUrl":"https:\/\/secure.gravatar.com\/avatar\/4b80ddbd124d1f071b626d52d62e5dff?s=96&d=mm&r=g","caption":"Daniely Cardoso"},"url":"https:\/\/www.em.com.br\/emfoco\/author\/danielymyth\/"}]}},"_links":{"self":[{"href":"https:\/\/www.em.com.br\/emfoco\/wp-json\/wp\/v2\/posts\/182131","targetHints":{"allow":["GET"]}}],"collection":[{"href":"https:\/\/www.em.com.br\/emfoco\/wp-json\/wp\/v2\/posts"}],"about":[{"href":"https:\/\/www.em.com.br\/emfoco\/wp-json\/wp\/v2\/types\/post"}],"author":[{"embeddable":true,"href":"https:\/\/www.em.com.br\/emfoco\/wp-json\/wp\/v2\/users\/9"}],"replies":[{"embeddable":true,"href":"https:\/\/www.em.com.br\/emfoco\/wp-json\/wp\/v2\/comments?post=182131"}],"version-history":[{"count":2,"href":"https:\/\/www.em.com.br\/emfoco\/wp-json\/wp\/v2\/posts\/182131\/revisions"}],"predecessor-version":[{"id":182194,"href":"https:\/\/www.em.com.br\/emfoco\/wp-json\/wp\/v2\/posts\/182131\/revisions\/182194"}],"wp:featuredmedia":[{"embeddable":true,"href":"https:\/\/www.em.com.br\/emfoco\/wp-json\/wp\/v2\/media\/152570"}],"wp:attachment":[{"href":"https:\/\/www.em.com.br\/emfoco\/wp-json\/wp\/v2\/media?parent=182131"}],"wp:term":[{"taxonomy":"category","embeddable":true,"href":"https:\/\/www.em.com.br\/emfoco\/wp-json\/wp\/v2\/categories?post=182131"},{"taxonomy":"post_tag","embeddable":true,"href":"https:\/\/www.em.com.br\/emfoco\/wp-json\/wp\/v2\/tags?post=182131"}],"curies":[{"name":"wp","href":"https:\/\/api.w.org\/{rel}","templated":true}]}}