{"id":182129,"date":"2026-03-17T13:15:16","date_gmt":"2026-03-17T16:15:16","guid":{"rendered":"https:\/\/www.em.com.br\/emfoco\/?p=182129"},"modified":"2026-03-16T18:23:13","modified_gmt":"2026-03-16T21:23:13","slug":"o-hidratante-caseiro-que-resgata-o-brilho-do-cabelo-usando-apenas-o-que-voce-tem-na-cozinha","status":"publish","type":"post","link":"https:\/\/www.em.com.br\/emfoco\/2026\/03\/17\/o-hidratante-caseiro-que-resgata-o-brilho-do-cabelo-usando-apenas-o-que-voce-tem-na-cozinha\/","title":{"rendered":"O hidratante caseiro que resgata o brilho do cabelo usando apenas o que voc\u00ea tem na cozinha"},"content":{"rendered":"\n<p>Depois de um dia corrido, voc\u00ea j\u00e1 se olhou no espelho e sentiu o cabelo opaco, sem vida, pedindo socorro? Nessas horas, um <strong>hidratante caseiro para o cabelo<\/strong> pode ser um aliado simples, barato e feito com o que voc\u00ea j\u00e1 tem em casa. Com alguns ingredientes da cozinha, d\u00e1 para resgatar um pouco do brilho, da <strong>maciez<\/strong> e da apar\u00eancia saud\u00e1vel dos fios, sem depender apenas de produtos caros ou dif\u00edceis de encontrar.<\/p>\n\n\n\n<h2 class=\"wp-block-heading\">O que \u00e9 o hidratante caseiro para o cabelo e para quem ele funciona<\/h2>\n\n\n\n<p>Entre as v\u00e1rias formas de cuidar dos fios, o <strong>hidratante caseiro para o cabelo<\/strong> aparece como uma alternativa pr\u00e1tica para quem busca mais brilho e toque suave. Com poucos ingredientes naturais, voc\u00ea cria uma mistura que ajuda a melhorar o aspecto ressecado e a devolver um pouco da <strong>vitalidade<\/strong> aos cabelos.<\/p>\n\n\n\n<p>Um dos pontos mais legais desse tipo de receita \u00e9 que ela pode ser adaptada para cabelo liso, cacheado, crespo ou ondulado. A combina\u00e7\u00e3o de elementos naturais pode reduzir o <strong>frizz<\/strong>, melhorar a textura e facilitar o desembara\u00e7o, desde que voc\u00ea respeite as quantidades para n\u00e3o pesar ou deixar os fios sem <strong>volume<\/strong>.<\/p>\n\n\n\n<figure class=\"wp-block-embed is-type-rich is-provider-pinterest wp-block-embed-pinterest\"><div class=\"wp-block-embed__wrapper\">\n<iframe loading=\"lazy\" title=\"\ud83c\udf1f\ud83d\udca7 Transforme Seu Cabelo: M\u00e1scaras que Desmaiam e Fortalecem! \ud83d\udca7\ud83c\udf1f\" src=\"https:\/\/assets.pinterest.com\/ext\/embed.html?id=169448004725067159&#038;src=oembed\" height=\"899\" width=\"450\" frameborder=\"0\" scrolling=\"no\" ><\/iframe>\n<\/div><\/figure>\n\n\n\n<p>Leia tamb\u00e9m:&nbsp;<a href=\"https:\/\/www.em.com.br\/emfoco\/2026\/03\/16\/agua-de-arroz-fermentada-como-usar-no-cabelo-para-ajudar-no-crescimento-e-no-brilho-dos-fios\/\" target=\"_blank\" rel=\"noopener\">\u00c1gua de arroz fermentada: como usar no cabelo para ajudar no crescimento e no brilho dos fios<\/a><\/p>\n\n\n\n<h2 class=\"wp-block-heading\">Como funciona o hidratante caseiro com abacate e mel<\/h2>\n\n\n\n<p>Entre as op\u00e7\u00f5es de tratamento natural, o hidratante de <strong>abacate com mel<\/strong> \u00e9 um dos mais queridinhos. O abacate \u00e9 rico em gorduras vegetais e vitaminas, o que ajuda a deixar os fios mais <strong>male\u00e1veis<\/strong> e com sensa\u00e7\u00e3o de nutri\u00e7\u00e3o, especialmente em cabelos muito secos.<\/p>\n\n\n\n<p>J\u00e1 o mel tem a\u00e7\u00e3o umectante, ajudando a reter \u00e1gua na fibra capilar e prolongando a sensa\u00e7\u00e3o de hidrata\u00e7\u00e3o. Essa mistura costuma ser indicada para fios ressecados por qu\u00edmica, sol ou ferramentas de calor, enquanto em cabelos finos e oleosos o ideal \u00e9 focar no comprimento e pontas, longe da <strong>raiz<\/strong> e do couro cabeludo mais sens\u00edvel.<\/p>\n\n\n\n<figure class=\"wp-block-embed is-type-rich is-provider-pinterest wp-block-embed-pinterest\"><div class=\"wp-block-embed__wrapper\">\n<iframe loading=\"lazy\" title=\"Hidrata\u00e7\u00e3o que Definiu Meus Cachos E ACABOU Com o Frizz! (Caseira e Barata)\" src=\"https:\/\/assets.pinterest.com\/ext\/embed.html?id=289004501111396894&#038;src=oembed\" height=\"899\" width=\"450\" frameborder=\"0\" scrolling=\"no\" ><\/iframe>\n<\/div><\/figure>\n\n\n\n<h2 class=\"wp-block-heading\">Como fazer um hidratante potente para o cabelo em casa<\/h2>\n\n\n\n<p>Para preparar um <strong>hidratante potente para o cabelo<\/strong> usando abacate e mel, basta seguir alguns passos r\u00e1pidos e cuidar das quantidades. A receita abaixo \u00e9 pensada para um cabelo de comprimento m\u00e9dio, mas voc\u00ea pode ajustar conforme o volume e a espessura dos seus <strong>fios<\/strong>.<\/p>\n\n\n\n<ul class=\"wp-block-list\">\n<li><strong>1\/2 abacate maduro<\/strong> (de prefer\u00eancia bem macio)<\/li>\n\n\n\n<li><strong>1 colher de sopa de mel<\/strong><\/li>\n\n\n\n<li><strong>2 colheres de sopa de creme de hidrata\u00e7\u00e3o neutro<\/strong> (opcional, mas potencializa o efeito)<\/li>\n\n\n\n<li><strong>1 colher de ch\u00e1 de \u00f3leo vegetal<\/strong> (\u00f3leo de coco, azeite extravirgem ou \u00f3leo de r\u00edcino)<\/li>\n<\/ul>\n\n\n\n<p>O preparo \u00e9 simples: amasse bem o abacate at\u00e9 virar uma pasta cremosa, sem peda\u00e7os grandes. Em seguida, misture o mel, o creme de hidrata\u00e7\u00e3o (se usar) e o \u00f3leo vegetal, mexendo at\u00e9 ficar homog\u00eaneo, com textura parecida com um <strong>creme<\/strong> comum. O creme facilita a aplica\u00e7\u00e3o e o \u00f3leo refor\u00e7a a sensa\u00e7\u00e3o de fios mais nutridos e <strong>protegidos<\/strong>.<\/p>\n\n\n\n<p>Para voc\u00ea que gosta de se cuidar, separamos um v\u00eddeo do canal da <a href=\"https:\/\/www.youtube.com\/@analidialopess\" target=\"_blank\" rel=\"noreferrer noopener\">Ana L\u00eddia Lopes<\/a> com dicas para fazer uma hidrata\u00e7\u00e3o caseira e acabar com o frizz e ressecamento:<\/p>\n\n\n\n<figure class=\"wp-block-embed is-type-video is-provider-youtube wp-block-embed-youtube wp-embed-aspect-16-9 wp-has-aspect-ratio\"><div class=\"wp-block-embed__wrapper\">\n<div class=\"jeg_video_container jeg_video_content\"><iframe loading=\"lazy\" title=\"HIDRATAC\u0327A\u0303O CASEIRA ANTI-FRIZZ PRA DESMAIAR OS CACHOS!\" width=\"500\" height=\"281\" src=\"https:\/\/www.youtube.com\/embed\/506VsOT0Djk?feature=oembed\" frameborder=\"0\" allow=\"accelerometer; autoplay; clipboard-write; encrypted-media; gyroscope; picture-in-picture; web-share\" referrerpolicy=\"strict-origin-when-cross-origin\" allowfullscreen><\/iframe><\/div>\n<\/div><\/figure>\n\n\n\n<h2 class=\"wp-block-heading\">Qual \u00e9 o passo a passo para aplicar o hidratante nos fios<\/h2>\n\n\n\n<p>Para que o <strong>tratamento caseiro para hidratar o cabelo<\/strong> funcione melhor, a forma de aplica\u00e7\u00e3o faz diferen\u00e7a. Seguir um pequeno ritual ajuda o produto a agir de forma mais uniforme e deixa o cabelo com apar\u00eancia mais <strong>alinhada<\/strong> depois da lavagem.<\/p>\n\n\n\n<ol class=\"wp-block-list\">\n<li><strong>Lavar os fios<\/strong> apenas com shampoo, removendo res\u00edduos de produtos, polui\u00e7\u00e3o e oleosidade.<\/li>\n\n\n\n<li><strong>Retirar o excesso de \u00e1gua<\/strong> com uma toalha, pressionando de leve, sem esfregar.<\/li>\n\n\n\n<li><strong>Dividir o cabelo em mechas<\/strong> m\u00e9dias para facilitar a distribui\u00e7\u00e3o do hidratante caseiro.<\/li>\n\n\n\n<li><strong>Aplicar a mistura<\/strong> no comprimento e nas pontas, enluvando mecha a mecha com as m\u00e3os.<\/li>\n\n\n\n<li><strong>Evitar a raiz<\/strong> se o couro cabeludo for oleoso ou sens\u00edvel, deixando dois dedos de dist\u00e2ncia.<\/li>\n\n\n\n<li><strong>Deixar agir de 20 a 30 minutos<\/strong>, se quiser usando touca pl\u00e1stica para potencializar o efeito.<\/li>\n\n\n\n<li><strong>Enxaguar bem<\/strong> em \u00e1gua corrente at\u00e9 remover toda a m\u00e1scara dos fios.<\/li>\n\n\n\n<li><strong>Finalizar<\/strong> como de costume, deixando secar ao natural ou usando secador com prote\u00e7\u00e3o t\u00e9rmica.<\/li>\n<\/ol>\n\n\n\n<figure class=\"wp-block-embed is-type-rich is-provider-pinterest wp-block-embed-pinterest\"><div class=\"wp-block-embed__wrapper\">\n<iframe loading=\"lazy\" title=\"Hidrata\u00e7\u00e3o caseira cabelo! Hidrata\u00e7\u00e3o caseira!\" src=\"https:\/\/assets.pinterest.com\/ext\/embed.html?id=26951297766857556&#038;src=oembed\" height=\"899\" width=\"450\" frameborder=\"0\" scrolling=\"no\" ><\/iframe>\n<\/div><\/figure>\n\n\n\n<p>O <strong>hidratante caseiro para o cabelo<\/strong> pode deixar os fios mais macios, com menos aspereza e brilho mais vis\u00edvel no dia a dia. A mistura de gorduras do abacate, a\u00e7\u00facar natural do mel e \u00f3leo vegetal forma uma esp\u00e9cie de camada suave em volta da fibra, ajudando a diminuir a perda de <strong>\u00e1gua<\/strong> ao longo das horas.<\/p>\n\n\n\n<p>&nbsp;<\/p>\n","protected":false},"excerpt":{"rendered":"<p>Depois de um dia corrido, voc\u00ea j\u00e1 se olhou no espelho e sentiu o cabelo opaco, sem vida, pedindo socorro? Nessas horas, um hidratante caseiro para o cabelo pode ser um aliado simples, barato e feito com o que voc\u00ea j\u00e1 tem em casa. Com alguns ingredientes da cozinha, d\u00e1 para resgatar um pouco do [&hellip;]<\/p>\n","protected":false},"author":9,"featured_media":172556,"comment_status":"open","ping_status":"open","sticky":false,"template":"","format":"standard","meta":{"jnews-multi-image_gallery":[],"jnews_single_post":{"format":"standard"},"jnews_primary_category":[],"jnews_social_meta":[],"jnews_override_counter":[],"footnotes":""},"categories":[8819,1],"tags":[22121,2616,4905,4941],"class_list":["post-182129","post","type-post","status-publish","format-standard","has-post-thumbnail","hentry","category-curiosidades","category-noticias","tag-auto-cuidado","tag-beleza","tag-cabelo","tag-hidratacao"],"yoast_head":"<!-- This site is optimized with the Yoast SEO plugin v23.8 - https:\/\/yoast.com\/wordpress\/plugins\/seo\/ -->\n<title>O hidratante caseiro que resgata o brilho do cabelo usando apenas o que voc\u00ea tem na cozinha - Estado de Minas - Em foco<\/title>\n<meta name=\"description\" content=\"Recupere o brilho e a maciez dos fios com este hidratante caseiro de abacate e mel. Receita simples e potente!\" \/>\n<meta name=\"robots\" content=\"index, follow, max-snippet:-1, max-image-preview:large, max-video-preview:-1\" \/>\n<link rel=\"canonical\" href=\"https:\/\/www.em.com.br\/emfoco\/2026\/03\/17\/o-hidratante-caseiro-que-resgata-o-brilho-do-cabelo-usando-apenas-o-que-voce-tem-na-cozinha\/\" \/>\n<meta property=\"og:locale\" content=\"pt_BR\" \/>\n<meta property=\"og:type\" content=\"article\" \/>\n<meta property=\"og:title\" content=\"O hidratante caseiro que resgata o brilho do cabelo usando apenas o que voc\u00ea tem na cozinha - Estado de Minas - Em foco\" \/>\n<meta property=\"og:description\" content=\"Recupere o brilho e a maciez dos fios com este hidratante caseiro de abacate e mel. Receita simples e potente!\" \/>\n<meta property=\"og:url\" content=\"https:\/\/www.em.com.br\/emfoco\/2026\/03\/17\/o-hidratante-caseiro-que-resgata-o-brilho-do-cabelo-usando-apenas-o-que-voce-tem-na-cozinha\/\" \/>\n<meta property=\"og:site_name\" content=\"Estado de Minas - Em foco\" \/>\n<meta property=\"article:published_time\" content=\"2026-03-17T16:15:16+00:00\" \/>\n<meta property=\"article:modified_time\" content=\"2026-03-16T21:23:13+00:00\" \/>\n<meta property=\"og:image\" content=\"https:\/\/www.em.com.br\/emfoco\/wp-content\/uploads\/2026\/02\/Gemini_Generated_Image_i9cmgoi9cmgoi9cm-1.png\" \/>\n\t<meta property=\"og:image:width\" content=\"1280\" \/>\n\t<meta property=\"og:image:height\" content=\"720\" \/>\n\t<meta property=\"og:image:type\" content=\"image\/png\" \/>\n<meta name=\"author\" content=\"Daniely Cardoso\" \/>\n<meta name=\"twitter:card\" content=\"summary_large_image\" \/>\n<meta name=\"twitter:label1\" content=\"Escrito por\" \/>\n\t<meta name=\"twitter:data1\" content=\"Daniely Cardoso\" \/>\n\t<meta name=\"twitter:label2\" content=\"Est. tempo de leitura\" \/>\n\t<meta name=\"twitter:data2\" content=\"5 minutos\" \/>\n<!-- \/ Yoast SEO plugin. -->","yoast_head_json":{"title":"O hidratante caseiro que resgata o brilho do cabelo usando apenas o que voc\u00ea tem na cozinha - Estado de Minas - Em foco","description":"Recupere o brilho e a maciez dos fios com este hidratante caseiro de abacate e mel. Receita simples e potente!","robots":{"index":"index","follow":"follow","max-snippet":"max-snippet:-1","max-image-preview":"max-image-preview:large","max-video-preview":"max-video-preview:-1"},"canonical":"https:\/\/www.em.com.br\/emfoco\/2026\/03\/17\/o-hidratante-caseiro-que-resgata-o-brilho-do-cabelo-usando-apenas-o-que-voce-tem-na-cozinha\/","og_locale":"pt_BR","og_type":"article","og_title":"O hidratante caseiro que resgata o brilho do cabelo usando apenas o que voc\u00ea tem na cozinha - Estado de Minas - Em foco","og_description":"Recupere o brilho e a maciez dos fios com este hidratante caseiro de abacate e mel. Receita simples e potente!","og_url":"https:\/\/www.em.com.br\/emfoco\/2026\/03\/17\/o-hidratante-caseiro-que-resgata-o-brilho-do-cabelo-usando-apenas-o-que-voce-tem-na-cozinha\/","og_site_name":"Estado de Minas - Em foco","article_published_time":"2026-03-17T16:15:16+00:00","article_modified_time":"2026-03-16T21:23:13+00:00","og_image":[{"width":1280,"height":720,"url":"https:\/\/www.em.com.br\/emfoco\/wp-content\/uploads\/2026\/02\/Gemini_Generated_Image_i9cmgoi9cmgoi9cm-1.png","type":"image\/png"}],"author":"Daniely Cardoso","twitter_card":"summary_large_image","twitter_misc":{"Escrito por":"Daniely Cardoso","Est. tempo de leitura":"5 minutos"},"schema":{"@context":"https:\/\/schema.org","@graph":[{"@type":"WebPage","@id":"https:\/\/www.em.com.br\/emfoco\/2026\/03\/17\/o-hidratante-caseiro-que-resgata-o-brilho-do-cabelo-usando-apenas-o-que-voce-tem-na-cozinha\/","url":"https:\/\/www.em.com.br\/emfoco\/2026\/03\/17\/o-hidratante-caseiro-que-resgata-o-brilho-do-cabelo-usando-apenas-o-que-voce-tem-na-cozinha\/","name":"O hidratante caseiro que resgata o brilho do cabelo usando apenas o que voc\u00ea tem na cozinha - Estado de Minas - Em foco","isPartOf":{"@id":"https:\/\/www.em.com.br\/emfoco\/#website"},"primaryImageOfPage":{"@id":"https:\/\/www.em.com.br\/emfoco\/2026\/03\/17\/o-hidratante-caseiro-que-resgata-o-brilho-do-cabelo-usando-apenas-o-que-voce-tem-na-cozinha\/#primaryimage"},"image":{"@id":"https:\/\/www.em.com.br\/emfoco\/2026\/03\/17\/o-hidratante-caseiro-que-resgata-o-brilho-do-cabelo-usando-apenas-o-que-voce-tem-na-cozinha\/#primaryimage"},"thumbnailUrl":"https:\/\/www.em.com.br\/emfoco\/wp-content\/uploads\/2026\/02\/Gemini_Generated_Image_i9cmgoi9cmgoi9cm-1.png","datePublished":"2026-03-17T16:15:16+00:00","dateModified":"2026-03-16T21:23:13+00:00","author":{"@id":"https:\/\/www.em.com.br\/emfoco\/#\/schema\/person\/0a8186d72f2c3a5c6276d90b41f271a0"},"description":"Recupere o brilho e a maciez dos fios com este hidratante caseiro de abacate e mel. Receita simples e potente!","breadcrumb":{"@id":"https:\/\/www.em.com.br\/emfoco\/2026\/03\/17\/o-hidratante-caseiro-que-resgata-o-brilho-do-cabelo-usando-apenas-o-que-voce-tem-na-cozinha\/#breadcrumb"},"inLanguage":"pt-BR","potentialAction":[{"@type":"ReadAction","target":["https:\/\/www.em.com.br\/emfoco\/2026\/03\/17\/o-hidratante-caseiro-que-resgata-o-brilho-do-cabelo-usando-apenas-o-que-voce-tem-na-cozinha\/"]}]},{"@type":"ImageObject","inLanguage":"pt-BR","@id":"https:\/\/www.em.com.br\/emfoco\/2026\/03\/17\/o-hidratante-caseiro-que-resgata-o-brilho-do-cabelo-usando-apenas-o-que-voce-tem-na-cozinha\/#primaryimage","url":"https:\/\/www.em.com.br\/emfoco\/wp-content\/uploads\/2026\/02\/Gemini_Generated_Image_i9cmgoi9cmgoi9cm-1.png","contentUrl":"https:\/\/www.em.com.br\/emfoco\/wp-content\/uploads\/2026\/02\/Gemini_Generated_Image_i9cmgoi9cmgoi9cm-1.png","width":1280,"height":720,"caption":"Um dos pontos mais legais desse tipo de receita \u00e9 que ela pode ser adaptada para cabelo liso, cacheado, crespo ou ondulado."},{"@type":"BreadcrumbList","@id":"https:\/\/www.em.com.br\/emfoco\/2026\/03\/17\/o-hidratante-caseiro-que-resgata-o-brilho-do-cabelo-usando-apenas-o-que-voce-tem-na-cozinha\/#breadcrumb","itemListElement":[{"@type":"ListItem","position":1,"name":"In\u00edcio","item":"https:\/\/www.em.com.br\/emfoco\/"},{"@type":"ListItem","position":2,"name":"O hidratante caseiro que resgata o brilho do cabelo usando apenas o que voc\u00ea tem na cozinha"}]},{"@type":"WebSite","@id":"https:\/\/www.em.com.br\/emfoco\/#website","url":"https:\/\/www.em.com.br\/emfoco\/","name":"Estado de Minas - Em foco","description":"Acompanhe as \u00faltimas not\u00edcias e fique bem informado sobre tudo o que acontece em Minas Gerais, Brasil e no mundo.","potentialAction":[{"@type":"SearchAction","target":{"@type":"EntryPoint","urlTemplate":"https:\/\/www.em.com.br\/emfoco\/?s={search_term_string}"},"query-input":{"@type":"PropertyValueSpecification","valueRequired":true,"valueName":"search_term_string"}}],"inLanguage":"pt-BR"},{"@type":"Person","@id":"https:\/\/www.em.com.br\/emfoco\/#\/schema\/person\/0a8186d72f2c3a5c6276d90b41f271a0","name":"Daniely Cardoso","image":{"@type":"ImageObject","inLanguage":"pt-BR","@id":"https:\/\/www.em.com.br\/emfoco\/#\/schema\/person\/image\/","url":"https:\/\/secure.gravatar.com\/avatar\/4b80ddbd124d1f071b626d52d62e5dff?s=96&d=mm&r=g","contentUrl":"https:\/\/secure.gravatar.com\/avatar\/4b80ddbd124d1f071b626d52d62e5dff?s=96&d=mm&r=g","caption":"Daniely Cardoso"},"url":"https:\/\/www.em.com.br\/emfoco\/author\/danielymyth\/"}]}},"_links":{"self":[{"href":"https:\/\/www.em.com.br\/emfoco\/wp-json\/wp\/v2\/posts\/182129","targetHints":{"allow":["GET"]}}],"collection":[{"href":"https:\/\/www.em.com.br\/emfoco\/wp-json\/wp\/v2\/posts"}],"about":[{"href":"https:\/\/www.em.com.br\/emfoco\/wp-json\/wp\/v2\/types\/post"}],"author":[{"embeddable":true,"href":"https:\/\/www.em.com.br\/emfoco\/wp-json\/wp\/v2\/users\/9"}],"replies":[{"embeddable":true,"href":"https:\/\/www.em.com.br\/emfoco\/wp-json\/wp\/v2\/comments?post=182129"}],"version-history":[{"count":2,"href":"https:\/\/www.em.com.br\/emfoco\/wp-json\/wp\/v2\/posts\/182129\/revisions"}],"predecessor-version":[{"id":182200,"href":"https:\/\/www.em.com.br\/emfoco\/wp-json\/wp\/v2\/posts\/182129\/revisions\/182200"}],"wp:featuredmedia":[{"embeddable":true,"href":"https:\/\/www.em.com.br\/emfoco\/wp-json\/wp\/v2\/media\/172556"}],"wp:attachment":[{"href":"https:\/\/www.em.com.br\/emfoco\/wp-json\/wp\/v2\/media?parent=182129"}],"wp:term":[{"taxonomy":"category","embeddable":true,"href":"https:\/\/www.em.com.br\/emfoco\/wp-json\/wp\/v2\/categories?post=182129"},{"taxonomy":"post_tag","embeddable":true,"href":"https:\/\/www.em.com.br\/emfoco\/wp-json\/wp\/v2\/tags?post=182129"}],"curies":[{"name":"wp","href":"https:\/\/api.w.org\/{rel}","templated":true}]}}