{"id":182072,"date":"2026-03-17T17:00:00","date_gmt":"2026-03-17T20:00:00","guid":{"rendered":"https:\/\/www.em.com.br\/emfoco\/?p=182072"},"modified":"2026-03-16T20:41:33","modified_gmt":"2026-03-16T23:41:33","slug":"as-6-cores-de-cabelo-mais-favorecedoras-para-mulheres-acima-de-40-anos-em-2026-segundo-cabeleireiros","status":"publish","type":"post","link":"https:\/\/www.em.com.br\/emfoco\/2026\/03\/17\/as-6-cores-de-cabelo-mais-favorecedoras-para-mulheres-acima-de-40-anos-em-2026-segundo-cabeleireiros\/","title":{"rendered":"As 6 cores de cabelo mais favorecedoras para mulheres acima de 40 anos em 2026, segundo cabeleireiros"},"content":{"rendered":"\n<p>Em 2026, a cor de cabelo para mulheres acima de 40 anos deixou de ser sin\u00f4nimo de \u201cesconder fios brancos\u201d e passou a ser uma forma consciente de real\u00e7ar a beleza natural, com foco em tons quentes que iluminam o rosto, suavizam os tra\u00e7os e valorizam o estilo de vida real, sem exageros ou contrastes artificiais. A especialista e dona do sal\u00e3o <strong>Mar Ferrer <\/strong>refor\u00e7a que essa \u00e9 a fase perfeita para usar a colora\u00e7\u00e3o como aliada da autoestima, escolhendo tonalidades que conversem com a rotina, com a personalidade e com a hist\u00f3ria de cada mulher.<\/p>\n\n\n\n<h2 class=\"wp-block-heading\">Como a cor de cabelo pode valorizar a beleza depois dos 40<\/h2>\n\n\n\n<p>A tend\u00eancia central \u00e9 a naturalidade, com pequenas mudan\u00e7as de tonalidade que real\u00e7am formato do rosto e cor da pele. Tons quentes e suaves criam um brilho saud\u00e1vel e ajudam a suavizar linhas de express\u00e3o sem pesar o visual.<\/p>\n\n\n\n<p>Cabeleireiros refor\u00e7am que, nessa faixa et\u00e1ria, a cor deve respeitar rotina, textura dos fios e personalidade. T\u00e9cnicas como luzes suaves, balayage e contorno de rosto permitem resultados delicados, com manuten\u00e7\u00e3o menos r\u00edgida e aspecto moderno. Mar Ferrer destaca que, ap\u00f3s os 40, \u00e9 importante pensar na cor como um \u201cfiltro de luz\u201d para o rosto: sombras muito escuras endurecem, enquanto reflexos quentes criam um efeito de pele mais vi\u00e7osa e olhar descansado.<\/p>\n\n\n\n<blockquote class=\"instagram-media\" data-instgrm-captioned data-instgrm-permalink=\"https:\/\/www.instagram.com\/p\/DUigErECLZe\/?utm_source=ig_embed&amp;utm_campaign=loading\" data-instgrm-version=\"14\" style=\" background:#FFF; border:0; border-radius:3px; box-shadow:0 0 1px 0 rgba(0,0,0,0.5),0 1px 10px 0 rgba(0,0,0,0.15); margin: 1px; max-width:540px; min-width:326px; padding:0; width:99.375%; width:-webkit-calc(100% - 2px); width:calc(100% - 2px);\"><div style=\"padding:16px;\"> <a href=\"https:\/\/www.instagram.com\/p\/DUigErECLZe\/?utm_source=ig_embed&amp;utm_campaign=loading\" style=\" background:#FFFFFF; line-height:0; padding:0 0; text-align:center; text-decoration:none; width:100%;\" target=\"_blank\"> <div style=\" display: flex; flex-direction: row; align-items: center;\"> <div style=\"background-color: #F4F4F4; border-radius: 50%; flex-grow: 0; height: 40px; margin-right: 14px; width: 40px;\"><\/div> <div style=\"display: flex; flex-direction: column; flex-grow: 1; justify-content: center;\"> <div style=\" background-color: #F4F4F4; border-radius: 4px; flex-grow: 0; height: 14px; margin-bottom: 6px; width: 100px;\"><\/div> <div style=\" background-color: #F4F4F4; border-radius: 4px; flex-grow: 0; height: 14px; width: 60px;\"><\/div><\/div><\/div><div style=\"padding: 19% 0;\"><\/div> <div style=\"display:block; height:50px; margin:0 auto 12px; width:50px;\"><svg width=\"50px\" height=\"50px\" viewBox=\"0 0 60 60\" version=\"1.1\" xmlns=\"https:\/\/www.w3.org\/2000\/svg\" xmlns:xlink=\"https:\/\/www.w3.org\/1999\/xlink\"><g stroke=\"none\" stroke-width=\"1\" fill=\"none\" fill-rule=\"evenodd\"><g transform=\"translate(-511.000000, -20.000000)\" fill=\"#000000\"><g><path d=\"M556.869,30.41 C554.814,30.41 553.148,32.076 553.148,34.131 C553.148,36.186 554.814,37.852 556.869,37.852 C558.924,37.852 560.59,36.186 560.59,34.131 C560.59,32.076 558.924,30.41 556.869,30.41 M541,60.657 C535.114,60.657 530.342,55.887 530.342,50 C530.342,44.114 535.114,39.342 541,39.342 C546.887,39.342 551.658,44.114 551.658,50 C551.658,55.887 546.887,60.657 541,60.657 M541,33.886 C532.1,33.886 524.886,41.1 524.886,50 C524.886,58.899 532.1,66.113 541,66.113 C549.9,66.113 557.115,58.899 557.115,50 C557.115,41.1 549.9,33.886 541,33.886 M565.378,62.101 C565.244,65.022 564.756,66.606 564.346,67.663 C563.803,69.06 563.154,70.057 562.106,71.106 C561.058,72.155 560.06,72.803 558.662,73.347 C557.607,73.757 556.021,74.244 553.102,74.378 C549.944,74.521 548.997,74.552 541,74.552 C533.003,74.552 532.056,74.521 528.898,74.378 C525.979,74.244 524.393,73.757 523.338,73.347 C521.94,72.803 520.942,72.155 519.894,71.106 C518.846,70.057 518.197,69.06 517.654,67.663 C517.244,66.606 516.755,65.022 516.623,62.101 C516.479,58.943 516.448,57.996 516.448,50 C516.448,42.003 516.479,41.056 516.623,37.899 C516.755,34.978 517.244,33.391 517.654,32.338 C518.197,30.938 518.846,29.942 519.894,28.894 C520.942,27.846 521.94,27.196 523.338,26.654 C524.393,26.244 525.979,25.756 528.898,25.623 C532.057,25.479 533.004,25.448 541,25.448 C548.997,25.448 549.943,25.479 553.102,25.623 C556.021,25.756 557.607,26.244 558.662,26.654 C560.06,27.196 561.058,27.846 562.106,28.894 C563.154,29.942 563.803,30.938 564.346,32.338 C564.756,33.391 565.244,34.978 565.378,37.899 C565.522,41.056 565.552,42.003 565.552,50 C565.552,57.996 565.522,58.943 565.378,62.101 M570.82,37.631 C570.674,34.438 570.167,32.258 569.425,30.349 C568.659,28.377 567.633,26.702 565.965,25.035 C564.297,23.368 562.623,22.342 560.652,21.575 C558.743,20.834 556.562,20.326 553.369,20.18 C550.169,20.033 549.148,20 541,20 C532.853,20 531.831,20.033 528.631,20.18 C525.438,20.326 523.257,20.834 521.349,21.575 C519.376,22.342 517.703,23.368 516.035,25.035 C514.368,26.702 513.342,28.377 512.574,30.349 C511.834,32.258 511.326,34.438 511.181,37.631 C511.035,40.831 511,41.851 511,50 C511,58.147 511.035,59.17 511.181,62.369 C511.326,65.562 511.834,67.743 512.574,69.651 C513.342,71.625 514.368,73.296 516.035,74.965 C517.703,76.634 519.376,77.658 521.349,78.425 C523.257,79.167 525.438,79.673 528.631,79.82 C531.831,79.965 532.853,80.001 541,80.001 C549.148,80.001 550.169,79.965 553.369,79.82 C556.562,79.673 558.743,79.167 560.652,78.425 C562.623,77.658 564.297,76.634 565.965,74.965 C567.633,73.296 568.659,71.625 569.425,69.651 C570.167,67.743 570.674,65.562 570.82,62.369 C570.966,59.17 571,58.147 571,50 C571,41.851 570.966,40.831 570.82,37.631\"><\/path><\/g><\/g><\/g><\/svg><\/div><div style=\"padding-top: 8px;\"> <div style=\" color:#3897f0; font-family:Arial,sans-serif; font-size:14px; font-style:normal; font-weight:550; line-height:18px;\">Ver essa foto no Instagram<\/div><\/div><div style=\"padding: 12.5% 0;\"><\/div> <div style=\"display: flex; flex-direction: row; margin-bottom: 14px; align-items: center;\"><div> <div style=\"background-color: #F4F4F4; border-radius: 50%; height: 12.5px; width: 12.5px; transform: translateX(0px) translateY(7px);\"><\/div> <div style=\"background-color: #F4F4F4; height: 12.5px; transform: rotate(-45deg) translateX(3px) translateY(1px); width: 12.5px; flex-grow: 0; margin-right: 14px; margin-left: 2px;\"><\/div> <div style=\"background-color: #F4F4F4; border-radius: 50%; height: 12.5px; width: 12.5px; transform: translateX(9px) translateY(-18px);\"><\/div><\/div><div style=\"margin-left: 8px;\"> <div style=\" background-color: #F4F4F4; border-radius: 50%; flex-grow: 0; height: 20px; width: 20px;\"><\/div> <div style=\" width: 0; height: 0; border-top: 2px solid transparent; border-left: 6px solid #f4f4f4; border-bottom: 2px solid transparent; transform: translateX(16px) translateY(-4px) rotate(30deg)\"><\/div><\/div><div style=\"margin-left: auto;\"> <div style=\" width: 0px; border-top: 8px solid #F4F4F4; border-right: 8px solid transparent; transform: translateY(16px);\"><\/div> <div style=\" background-color: #F4F4F4; flex-grow: 0; height: 12px; width: 16px; transform: translateY(-4px);\"><\/div> <div style=\" width: 0; height: 0; border-top: 8px solid #F4F4F4; border-left: 8px solid transparent; transform: translateY(-4px) translateX(8px);\"><\/div><\/div><\/div> <div style=\"display: flex; flex-direction: column; flex-grow: 1; justify-content: center; margin-bottom: 24px;\"> <div style=\" background-color: #F4F4F4; border-radius: 4px; flex-grow: 0; height: 14px; margin-bottom: 6px; width: 224px;\"><\/div> <div style=\" background-color: #F4F4F4; border-radius: 4px; flex-grow: 0; height: 14px; width: 144px;\"><\/div><\/div><\/a><p style=\" color:#c9c8cd; font-family:Arial,sans-serif; font-size:14px; line-height:17px; margin-bottom:0; margin-top:8px; overflow:hidden; padding:8px 0 7px; text-align:center; text-overflow:ellipsis; white-space:nowrap;\"><a href=\"https:\/\/www.instagram.com\/p\/DUigErECLZe\/?utm_source=ig_embed&amp;utm_campaign=loading\" style=\" color:#c9c8cd; font-family:Arial,sans-serif; font-size:14px; font-style:normal; font-weight:normal; line-height:17px; text-decoration:none;\" target=\"_blank\">Um post compartilhado por Mar Ferrer Sal\u00f3n (@marferrersalon)<\/a><\/p><\/div><\/blockquote>\n<script async src=\"\/\/www.instagram.com\/embed.js\"><\/script>\n\n\n\n<h2 class=\"wp-block-heading\">Como escolher a melhor cor de cabelo depois dos 40 anos<\/h2>\n\n\n\n<p>A escolha da cor de cabelo ideal costuma come\u00e7ar por tom de pele, cor dos olhos e volume dos fios. Profissionais sugerem evitar pretos muito fechados e tonalidades extremamente frias, que podem endurecer os tra\u00e7os e marcar ainda mais o rosto.<\/p>\n\n\n\n<p>Ganha espa\u00e7o uma cartela de castanhos aquecidos, loiros dourados e nuances acobreadas, que criam efeito de luz ao redor da face. A t\u00e9cnica tamb\u00e9m influencia: mechas finas e difusas trazem movimento e juventude, enquanto cores chapadas exigem mais cuidado.<\/p>\n\n\n\n<p>Segundo Mar Ferrer, um bom ponto de partida \u00e9 observar tr\u00eas fatores: o quanto de branco voc\u00ea tem hoje, quanto tempo pode dedicar \u00e0 manuten\u00e7\u00e3o e qual imagem quer transmitir (mais cl\u00e1ssica, moderna ou discreta). Para quem tem pouco tempo, ela indica ra\u00edzes levemente esfumadas e mechas estrat\u00e9gicas perto do rosto; para quem gosta de mudar com frequ\u00eancia, tonaliza\u00e7\u00f5es suaves e glazes de brilho permitem ajustar a cor com menos danos.<\/p>\n\n\n\n<blockquote class=\"instagram-media\" data-instgrm-captioned data-instgrm-permalink=\"https:\/\/www.instagram.com\/p\/DDyIZYFunt9\/?utm_source=ig_embed&amp;utm_campaign=loading\" data-instgrm-version=\"14\" style=\" background:#FFF; border:0; border-radius:3px; box-shadow:0 0 1px 0 rgba(0,0,0,0.5),0 1px 10px 0 rgba(0,0,0,0.15); margin: 1px; max-width:540px; min-width:326px; padding:0; width:99.375%; width:-webkit-calc(100% - 2px); width:calc(100% - 2px);\"><div style=\"padding:16px;\"> <a href=\"https:\/\/www.instagram.com\/p\/DDyIZYFunt9\/?utm_source=ig_embed&amp;utm_campaign=loading\" style=\" background:#FFFFFF; line-height:0; padding:0 0; text-align:center; text-decoration:none; width:100%;\" target=\"_blank\"> <div style=\" display: flex; flex-direction: row; align-items: center;\"> <div style=\"background-color: #F4F4F4; border-radius: 50%; flex-grow: 0; height: 40px; margin-right: 14px; width: 40px;\"><\/div> <div style=\"display: flex; flex-direction: column; flex-grow: 1; justify-content: center;\"> <div style=\" background-color: #F4F4F4; border-radius: 4px; flex-grow: 0; height: 14px; margin-bottom: 6px; width: 100px;\"><\/div> <div style=\" background-color: #F4F4F4; border-radius: 4px; flex-grow: 0; height: 14px; width: 60px;\"><\/div><\/div><\/div><div style=\"padding: 19% 0;\"><\/div> <div style=\"display:block; height:50px; margin:0 auto 12px; width:50px;\"><svg width=\"50px\" height=\"50px\" viewBox=\"0 0 60 60\" version=\"1.1\" xmlns=\"https:\/\/www.w3.org\/2000\/svg\" xmlns:xlink=\"https:\/\/www.w3.org\/1999\/xlink\"><g stroke=\"none\" stroke-width=\"1\" fill=\"none\" fill-rule=\"evenodd\"><g transform=\"translate(-511.000000, -20.000000)\" fill=\"#000000\"><g><path d=\"M556.869,30.41 C554.814,30.41 553.148,32.076 553.148,34.131 C553.148,36.186 554.814,37.852 556.869,37.852 C558.924,37.852 560.59,36.186 560.59,34.131 C560.59,32.076 558.924,30.41 556.869,30.41 M541,60.657 C535.114,60.657 530.342,55.887 530.342,50 C530.342,44.114 535.114,39.342 541,39.342 C546.887,39.342 551.658,44.114 551.658,50 C551.658,55.887 546.887,60.657 541,60.657 M541,33.886 C532.1,33.886 524.886,41.1 524.886,50 C524.886,58.899 532.1,66.113 541,66.113 C549.9,66.113 557.115,58.899 557.115,50 C557.115,41.1 549.9,33.886 541,33.886 M565.378,62.101 C565.244,65.022 564.756,66.606 564.346,67.663 C563.803,69.06 563.154,70.057 562.106,71.106 C561.058,72.155 560.06,72.803 558.662,73.347 C557.607,73.757 556.021,74.244 553.102,74.378 C549.944,74.521 548.997,74.552 541,74.552 C533.003,74.552 532.056,74.521 528.898,74.378 C525.979,74.244 524.393,73.757 523.338,73.347 C521.94,72.803 520.942,72.155 519.894,71.106 C518.846,70.057 518.197,69.06 517.654,67.663 C517.244,66.606 516.755,65.022 516.623,62.101 C516.479,58.943 516.448,57.996 516.448,50 C516.448,42.003 516.479,41.056 516.623,37.899 C516.755,34.978 517.244,33.391 517.654,32.338 C518.197,30.938 518.846,29.942 519.894,28.894 C520.942,27.846 521.94,27.196 523.338,26.654 C524.393,26.244 525.979,25.756 528.898,25.623 C532.057,25.479 533.004,25.448 541,25.448 C548.997,25.448 549.943,25.479 553.102,25.623 C556.021,25.756 557.607,26.244 558.662,26.654 C560.06,27.196 561.058,27.846 562.106,28.894 C563.154,29.942 563.803,30.938 564.346,32.338 C564.756,33.391 565.244,34.978 565.378,37.899 C565.522,41.056 565.552,42.003 565.552,50 C565.552,57.996 565.522,58.943 565.378,62.101 M570.82,37.631 C570.674,34.438 570.167,32.258 569.425,30.349 C568.659,28.377 567.633,26.702 565.965,25.035 C564.297,23.368 562.623,22.342 560.652,21.575 C558.743,20.834 556.562,20.326 553.369,20.18 C550.169,20.033 549.148,20 541,20 C532.853,20 531.831,20.033 528.631,20.18 C525.438,20.326 523.257,20.834 521.349,21.575 C519.376,22.342 517.703,23.368 516.035,25.035 C514.368,26.702 513.342,28.377 512.574,30.349 C511.834,32.258 511.326,34.438 511.181,37.631 C511.035,40.831 511,41.851 511,50 C511,58.147 511.035,59.17 511.181,62.369 C511.326,65.562 511.834,67.743 512.574,69.651 C513.342,71.625 514.368,73.296 516.035,74.965 C517.703,76.634 519.376,77.658 521.349,78.425 C523.257,79.167 525.438,79.673 528.631,79.82 C531.831,79.965 532.853,80.001 541,80.001 C549.148,80.001 550.169,79.965 553.369,79.82 C556.562,79.673 558.743,79.167 560.652,78.425 C562.623,77.658 564.297,76.634 565.965,74.965 C567.633,73.296 568.659,71.625 569.425,69.651 C570.167,67.743 570.674,65.562 570.82,62.369 C570.966,59.17 571,58.147 571,50 C571,41.851 570.966,40.831 570.82,37.631\"><\/path><\/g><\/g><\/g><\/svg><\/div><div style=\"padding-top: 8px;\"> <div style=\" color:#3897f0; font-family:Arial,sans-serif; font-size:14px; font-style:normal; font-weight:550; line-height:18px;\">Ver essa foto no Instagram<\/div><\/div><div style=\"padding: 12.5% 0;\"><\/div> <div style=\"display: flex; flex-direction: row; margin-bottom: 14px; align-items: center;\"><div> <div style=\"background-color: #F4F4F4; border-radius: 50%; height: 12.5px; width: 12.5px; transform: translateX(0px) translateY(7px);\"><\/div> <div style=\"background-color: #F4F4F4; height: 12.5px; transform: rotate(-45deg) translateX(3px) translateY(1px); width: 12.5px; flex-grow: 0; margin-right: 14px; margin-left: 2px;\"><\/div> <div style=\"background-color: #F4F4F4; border-radius: 50%; height: 12.5px; width: 12.5px; transform: translateX(9px) translateY(-18px);\"><\/div><\/div><div style=\"margin-left: 8px;\"> <div style=\" background-color: #F4F4F4; border-radius: 50%; flex-grow: 0; height: 20px; width: 20px;\"><\/div> <div style=\" width: 0; height: 0; border-top: 2px solid transparent; border-left: 6px solid #f4f4f4; border-bottom: 2px solid transparent; transform: translateX(16px) translateY(-4px) rotate(30deg)\"><\/div><\/div><div style=\"margin-left: auto;\"> <div style=\" width: 0px; border-top: 8px solid #F4F4F4; border-right: 8px solid transparent; transform: translateY(16px);\"><\/div> <div style=\" background-color: #F4F4F4; flex-grow: 0; height: 12px; width: 16px; transform: translateY(-4px);\"><\/div> <div style=\" width: 0; height: 0; border-top: 8px solid #F4F4F4; border-left: 8px solid transparent; transform: translateY(-4px) translateX(8px);\"><\/div><\/div><\/div> <div style=\"display: flex; flex-direction: column; flex-grow: 1; justify-content: center; margin-bottom: 24px;\"> <div style=\" background-color: #F4F4F4; border-radius: 4px; flex-grow: 0; height: 14px; margin-bottom: 6px; width: 224px;\"><\/div> <div style=\" background-color: #F4F4F4; border-radius: 4px; flex-grow: 0; height: 14px; width: 144px;\"><\/div><\/div><\/a><p style=\" color:#c9c8cd; font-family:Arial,sans-serif; font-size:14px; line-height:17px; margin-bottom:0; margin-top:8px; overflow:hidden; padding:8px 0 7px; text-align:center; text-overflow:ellipsis; white-space:nowrap;\"><a href=\"https:\/\/www.instagram.com\/p\/DDyIZYFunt9\/?utm_source=ig_embed&amp;utm_campaign=loading\" style=\" color:#c9c8cd; font-family:Arial,sans-serif; font-size:14px; font-style:normal; font-weight:normal; line-height:17px; text-decoration:none;\" target=\"_blank\">Um post compartilhado por Estefan\u00eda Fialko (@estefaniafialko)<\/a><\/p><\/div><\/blockquote>\n<script async src=\"\/\/www.instagram.com\/embed.js\"><\/script>\n\n\n\n<h2 class=\"wp-block-heading\">Quais s\u00e3o as 6 cores de cabelo mais favorecedoras para mulheres acima de 40 anos<\/h2>\n\n\n\n<p>Entre as op\u00e7\u00f5es em destaque em 2026, seis tonalidades se sobressaem por unirem modernidade, naturalidade e praticidade de manuten\u00e7\u00e3o. Todas circulam pela paleta de tons quentes, o que ajuda a dar um aspecto mais suave, luminoso e homog\u00eaneo \u00e0 pele.<\/p>\n\n\n\n<ol class=\"wp-block-list\">\n<li><strong>Acobreado suave<\/strong>: ideal para quem deseja um toque de ousadia sem perder a eleg\u00e2ncia. Funciona especialmente bem em peles claras a m\u00e9dias e costuma real\u00e7ar olhos verdes, azuis e castanhos claros. Em cortes m\u00e9dios ou longos com ondas, o cobre ganha movimento e um brilho particular sob a luz. Mar Ferrer recomenda essa cor para mulheres que querem rejuvenescer o visual sem parecer \u201cfor\u00e7ado\u201d: em vers\u00f5es mais suaves, o acobreado cria um ar art\u00edstico e sofisticado.<\/li>\n\n\n\n<li><strong>Loiro mel<\/strong>: \u00e9 um cl\u00e1ssico entre as cores que iluminam o rosto. A mistura de reflexos dourados e levemente caramelizados suaviza linhas de express\u00e3o e deixa a apar\u00eancia mais leve. \u00c9 uma escolha frequente para quem est\u00e1 clareando os fios pela primeira vez, pois permite uma transi\u00e7\u00e3o gradual a partir de castanhos m\u00e9dios. De acordo com Mar Ferrer, o loiro mel \u00e9 uma \u201cporta de entrada\u201d segura para quem teme ficar loira demais: em mechas finas, o efeito \u00e9 de sol natural nos fios.<\/li>\n\n\n\n<li><strong>Loiro manteiga<\/strong>: um loiro claro, cremoso, com pegada natural. Indicado para quem busca luminosidade sem chegar ao platinado. Em cortes m\u00e9dios e com styling de ondas naturais, o resultado costuma ser um visual sofisticado, por\u00e9m de baixa agress\u00e3o visual \u00e0 pele. A dica de Mar \u00e9 sempre aquecer levemente o fundo dessa cor, evitando reflexos acinzentados que possam deixar a express\u00e3o cansada.<\/li>\n\n\n\n<li><strong>Caramelo<\/strong>: fica em um ponto intermedi\u00e1rio entre o loiro bege e o castanho dourado. Essa tonalidade \u00e9 apontada por muitos sal\u00f5es como uma das mais democr\u00e1ticas, pois combina com diferentes tons de pele. Os reflexos caramelizados ganham destaque em penteados ondulados, rabo de cavalo e cortes em camadas. Mar Ferrer costuma indic\u00e1-lo para quem quer \u201cacender\u201d o castanho sem parecer loira, especialmente para mulheres morenas que desejam um ar mais leve e iluminado.<\/li>\n\n\n\n<li><strong>Castanho avel\u00e3<\/strong>: varia\u00e7\u00e3o de castanho m\u00e9dio com reflexos dourados e levemente acobreados. Essa combina\u00e7\u00e3o d\u00e1 profundidade aos fios e cria um brilho que favorece principalmente peles m\u00e9dias e morenas. \u00c9 uma boa escolha para quem prefere manter-se na fam\u00edlia dos castanhos, mas quer um toque de luz ao redor do rosto. Para Mar, o castanho avel\u00e3 \u00e9 um curinga: fica elegante em ambientes profissionais e, com styling ondulado, ganha um ar jovial para ocasi\u00f5es especiais.<\/li>\n\n\n\n<li><strong>Chocolate com brilho espelhado<\/strong>: um castanho chocolate enriquecido com t\u00e9cnicas de brilho, como glazes e banhos de brilho, para criar efeito \u201cespelho\u201d. Indicado para quem prefere tons mais fechados, por\u00e9m com muita luminosidade. Em cabelos lisos ou escovados, o reflexo fica ainda mais evidente. A dona do sal\u00e3o Mar Ferrer ressalta que esse tom \u00e9 perfeito para quem n\u00e3o quer se afastar muito da cor natural, mas deseja um upgrade imediato de sofistica\u00e7\u00e3o e apar\u00eancia de fios mais encorpados.<\/li>\n<\/ol>\n\n\n\n<figure class=\"wp-block-image size-large\"><img loading=\"lazy\" decoding=\"async\" width=\"1024\" height=\"576\" src=\"https:\/\/www.em.com.br\/emfoco\/wp-content\/uploads\/2026\/03\/Gemini_Generated_Image_sxe8sisxe8sisxe8-1-1024x576.png\" alt=\"6 cores de cabelo que valorizam mulheres acima de 40\n\" class=\"wp-image-182108\" srcset=\"https:\/\/www.em.com.br\/emfoco\/wp-content\/uploads\/2026\/03\/Gemini_Generated_Image_sxe8sisxe8sisxe8-1-1024x576.png 1024w, https:\/\/www.em.com.br\/emfoco\/wp-content\/uploads\/2026\/03\/Gemini_Generated_Image_sxe8sisxe8sisxe8-1-300x169.png 300w, https:\/\/www.em.com.br\/emfoco\/wp-content\/uploads\/2026\/03\/Gemini_Generated_Image_sxe8sisxe8sisxe8-1-768x432.png 768w, https:\/\/www.em.com.br\/emfoco\/wp-content\/uploads\/2026\/03\/Gemini_Generated_Image_sxe8sisxe8sisxe8-1-750x422.png 750w, https:\/\/www.em.com.br\/emfoco\/wp-content\/uploads\/2026\/03\/Gemini_Generated_Image_sxe8sisxe8sisxe8-1-1140x641.png 1140w, https:\/\/www.em.com.br\/emfoco\/wp-content\/uploads\/2026\/03\/Gemini_Generated_Image_sxe8sisxe8sisxe8-1.png 1280w\" sizes=\"auto, (max-width: 1024px) 100vw, 1024px\" \/><figcaption class=\"wp-element-caption\">6 cores de cabelo que valorizam mulheres acima de 40<\/figcaption><\/figure>\n\n\n\n<h2 class=\"wp-block-heading\">Como combinar cor de cabelo e t\u00e9cnicas de colora\u00e7\u00e3o em 2026<\/h2>\n\n\n\n<p>A forma de aplica\u00e7\u00e3o da cor influencia diretamente no resultado final e na frequ\u00eancia de retoques. Para mulheres acima de 40 anos, t\u00e9cnicas que trazem luz a pontos estrat\u00e9gicos do rosto s\u00e3o as mais indicadas, pois criam um efeito de moldura suave e rejuvenescem a express\u00e3o.<\/p>\n\n\n\n<p>Essas t\u00e9cnicas podem ser adaptadas ao tempo dispon\u00edvel para manuten\u00e7\u00e3o e ao efeito desejado, desde um clareamento discreto at\u00e9 uma mudan\u00e7a mais evidente, mas ainda assim elegante.<\/p>\n\n\n\n<ul class=\"wp-block-list\">\n<li>Tons quentes combinados a mechas finas criam movimento e profundidade.<\/li>\n\n\n\n<li>Luzes pr\u00f3ximas ao rosto ajudam a suavizar os tra\u00e7os e iluminar o olhar.<\/li>\n\n\n\n<li>Ra\u00edzes levemente mais escuras garantem manuten\u00e7\u00e3o mais f\u00e1cil e natural.<\/li>\n<\/ul>\n\n\n\n<p>Mar Ferrer sugere, para depois dos 40, investir em contorno de rosto (face framing), balayage suave e esfumado de raiz. Essas t\u00e9cnicas \u201ccamuflam\u201d melhor os fios brancos que aparecem entre os retoques e mant\u00eam a cor bonita por mais tempo. Ela refor\u00e7a ainda que, quanto mais difusa for a transi\u00e7\u00e3o entre raiz e comprimento, menor ser\u00e1 a sensa\u00e7\u00e3o de descuido quando a cor come\u00e7ar a crescer.<\/p>\n\n\n\n<h2 class=\"wp-block-heading\">Quais cuidados essenciais mant\u00eam a cor bonita e o cabelo saud\u00e1vel<\/h2>\n\n\n\n<p>Independentemente da tonalidade escolhida, cabelos saud\u00e1veis s\u00e3o fundamentais para que a cor se mantenha vibrante. Produtos espec\u00edficos para fios coloridos preservam o brilho, reduzem o desbotamento e protegem contra sol, polui\u00e7\u00e3o e danos t\u00e9rmicos.<\/p>\n\n\n\n<p>Agora \u00e9 o momento de assumir seus fios como aliados da sua autoestima: converse com um profissional de confian\u00e7a, escolha um tom que valorize sua pele e inicie j\u00e1 uma rotina de cuidados. N\u00e3o adie sua pr\u00f3xima transforma\u00e7\u00e3o \u2014 cada retoque pode ser o ponto de virada para voc\u00ea se olhar no espelho e se reconhecer, mais confiante e poderosa do que nunca. Como lembra Mar Ferrer, n\u00e3o existe \u201cidade certa\u201d para mudar a cor do cabelo: existe, sim, o momento em que voc\u00ea decide que seu reflexo precisa acompanhar a mulher que voc\u00ea \u00e9 hoje.<\/p>\n","protected":false},"excerpt":{"rendered":"<p>Em 2026, a cor de cabelo para mulheres acima de 40 anos deixou de ser sin\u00f4nimo de \u201cesconder fios brancos\u201d e passou a ser uma forma consciente de real\u00e7ar a beleza natural, com foco em tons quentes que iluminam o rosto, suavizam os tra\u00e7os e valorizam o estilo de vida real, sem exageros ou contrastes [&hellip;]<\/p>\n","protected":false},"author":11,"featured_media":182107,"comment_status":"open","ping_status":"open","sticky":false,"template":"","format":"standard","meta":{"jnews-multi-image_gallery":[],"jnews_single_post":{"format":"standard"},"jnews_primary_category":[],"jnews_social_meta":[],"jnews_override_counter":[],"footnotes":""},"categories":[8819],"tags":[12043,2616,4905,5678,19511,5318,4892,12658],"class_list":["post-182072","post","type-post","status-publish","format-standard","has-post-thumbnail","hentry","category-curiosidades","tag-40-anos","tag-beleza","tag-cabelo","tag-cores-de-cabelo","tag-elegante","tag-estilo","tag-mulheres","tag-pintar-cabelo"],"yoast_head":"<!-- This site is optimized with the Yoast SEO plugin v23.8 - https:\/\/yoast.com\/wordpress\/plugins\/seo\/ -->\n<title>As 6 cores de cabelo mais favorecedoras para mulheres acima de 40 anos em 2026, segundo cabeleireiros - Estado de Minas - Em foco<\/title>\n<meta name=\"description\" content=\"Especialistas revelam quais cores de cabelo mais favorecem mulheres acima de 40 anos. Algumas tonalidades iluminam o rosto e suavizam os tra\u00e7os.\" \/>\n<meta name=\"robots\" content=\"index, follow, max-snippet:-1, max-image-preview:large, max-video-preview:-1\" \/>\n<link rel=\"canonical\" href=\"https:\/\/www.em.com.br\/emfoco\/2026\/03\/17\/as-6-cores-de-cabelo-mais-favorecedoras-para-mulheres-acima-de-40-anos-em-2026-segundo-cabeleireiros\/\" \/>\n<meta property=\"og:locale\" content=\"pt_BR\" \/>\n<meta property=\"og:type\" content=\"article\" \/>\n<meta property=\"og:title\" content=\"As 6 cores de cabelo mais favorecedoras para mulheres acima de 40 anos em 2026, segundo cabeleireiros - Estado de Minas - Em foco\" \/>\n<meta property=\"og:description\" content=\"Especialistas revelam quais cores de cabelo mais favorecem mulheres acima de 40 anos. Algumas tonalidades iluminam o rosto e suavizam os tra\u00e7os.\" \/>\n<meta property=\"og:url\" content=\"https:\/\/www.em.com.br\/emfoco\/2026\/03\/17\/as-6-cores-de-cabelo-mais-favorecedoras-para-mulheres-acima-de-40-anos-em-2026-segundo-cabeleireiros\/\" \/>\n<meta property=\"og:site_name\" content=\"Estado de Minas - Em foco\" \/>\n<meta property=\"article:published_time\" content=\"2026-03-17T20:00:00+00:00\" \/>\n<meta property=\"article:modified_time\" content=\"2026-03-16T23:41:33+00:00\" \/>\n<meta property=\"og:image\" content=\"https:\/\/www.em.com.br\/emfoco\/wp-content\/uploads\/2026\/03\/Gemini_Generated_Image_a5d1d8a5d1d8a5d1-1.png\" \/>\n\t<meta property=\"og:image:width\" content=\"1280\" \/>\n\t<meta property=\"og:image:height\" content=\"720\" \/>\n\t<meta property=\"og:image:type\" content=\"image\/png\" \/>\n<meta name=\"author\" content=\"Andre\u0301 Rangel\u00a0\" \/>\n<meta name=\"twitter:card\" content=\"summary_large_image\" \/>\n<meta name=\"twitter:label1\" content=\"Escrito por\" \/>\n\t<meta name=\"twitter:data1\" content=\"Andre\u0301 Rangel\u00a0\" \/>\n\t<meta name=\"twitter:label2\" content=\"Est. tempo de leitura\" \/>\n\t<meta name=\"twitter:data2\" content=\"8 minutos\" \/>\n<!-- \/ Yoast SEO plugin. -->","yoast_head_json":{"title":"As 6 cores de cabelo mais favorecedoras para mulheres acima de 40 anos em 2026, segundo cabeleireiros - Estado de Minas - Em foco","description":"Especialistas revelam quais cores de cabelo mais favorecem mulheres acima de 40 anos. Algumas tonalidades iluminam o rosto e suavizam os tra\u00e7os.","robots":{"index":"index","follow":"follow","max-snippet":"max-snippet:-1","max-image-preview":"max-image-preview:large","max-video-preview":"max-video-preview:-1"},"canonical":"https:\/\/www.em.com.br\/emfoco\/2026\/03\/17\/as-6-cores-de-cabelo-mais-favorecedoras-para-mulheres-acima-de-40-anos-em-2026-segundo-cabeleireiros\/","og_locale":"pt_BR","og_type":"article","og_title":"As 6 cores de cabelo mais favorecedoras para mulheres acima de 40 anos em 2026, segundo cabeleireiros - Estado de Minas - Em foco","og_description":"Especialistas revelam quais cores de cabelo mais favorecem mulheres acima de 40 anos. Algumas tonalidades iluminam o rosto e suavizam os tra\u00e7os.","og_url":"https:\/\/www.em.com.br\/emfoco\/2026\/03\/17\/as-6-cores-de-cabelo-mais-favorecedoras-para-mulheres-acima-de-40-anos-em-2026-segundo-cabeleireiros\/","og_site_name":"Estado de Minas - Em foco","article_published_time":"2026-03-17T20:00:00+00:00","article_modified_time":"2026-03-16T23:41:33+00:00","og_image":[{"width":1280,"height":720,"url":"https:\/\/www.em.com.br\/emfoco\/wp-content\/uploads\/2026\/03\/Gemini_Generated_Image_a5d1d8a5d1d8a5d1-1.png","type":"image\/png"}],"author":"Andre\u0301 Rangel\u00a0","twitter_card":"summary_large_image","twitter_misc":{"Escrito por":"Andre\u0301 Rangel\u00a0","Est. tempo de leitura":"8 minutos"},"schema":{"@context":"https:\/\/schema.org","@graph":[{"@type":"WebPage","@id":"https:\/\/www.em.com.br\/emfoco\/2026\/03\/17\/as-6-cores-de-cabelo-mais-favorecedoras-para-mulheres-acima-de-40-anos-em-2026-segundo-cabeleireiros\/","url":"https:\/\/www.em.com.br\/emfoco\/2026\/03\/17\/as-6-cores-de-cabelo-mais-favorecedoras-para-mulheres-acima-de-40-anos-em-2026-segundo-cabeleireiros\/","name":"As 6 cores de cabelo mais favorecedoras para mulheres acima de 40 anos em 2026, segundo cabeleireiros - Estado de Minas - Em foco","isPartOf":{"@id":"https:\/\/www.em.com.br\/emfoco\/#website"},"primaryImageOfPage":{"@id":"https:\/\/www.em.com.br\/emfoco\/2026\/03\/17\/as-6-cores-de-cabelo-mais-favorecedoras-para-mulheres-acima-de-40-anos-em-2026-segundo-cabeleireiros\/#primaryimage"},"image":{"@id":"https:\/\/www.em.com.br\/emfoco\/2026\/03\/17\/as-6-cores-de-cabelo-mais-favorecedoras-para-mulheres-acima-de-40-anos-em-2026-segundo-cabeleireiros\/#primaryimage"},"thumbnailUrl":"https:\/\/www.em.com.br\/emfoco\/wp-content\/uploads\/2026\/03\/Gemini_Generated_Image_a5d1d8a5d1d8a5d1-1.png","datePublished":"2026-03-17T20:00:00+00:00","dateModified":"2026-03-16T23:41:33+00:00","author":{"@id":"https:\/\/www.em.com.br\/emfoco\/#\/schema\/person\/60eda09c1fedf0d6891f4cef4b60b8b8"},"description":"Especialistas revelam quais cores de cabelo mais favorecem mulheres acima de 40 anos. Algumas tonalidades iluminam o rosto e suavizam os tra\u00e7os.","breadcrumb":{"@id":"https:\/\/www.em.com.br\/emfoco\/2026\/03\/17\/as-6-cores-de-cabelo-mais-favorecedoras-para-mulheres-acima-de-40-anos-em-2026-segundo-cabeleireiros\/#breadcrumb"},"inLanguage":"pt-BR","potentialAction":[{"@type":"ReadAction","target":["https:\/\/www.em.com.br\/emfoco\/2026\/03\/17\/as-6-cores-de-cabelo-mais-favorecedoras-para-mulheres-acima-de-40-anos-em-2026-segundo-cabeleireiros\/"]}]},{"@type":"ImageObject","inLanguage":"pt-BR","@id":"https:\/\/www.em.com.br\/emfoco\/2026\/03\/17\/as-6-cores-de-cabelo-mais-favorecedoras-para-mulheres-acima-de-40-anos-em-2026-segundo-cabeleireiros\/#primaryimage","url":"https:\/\/www.em.com.br\/emfoco\/wp-content\/uploads\/2026\/03\/Gemini_Generated_Image_a5d1d8a5d1d8a5d1-1.png","contentUrl":"https:\/\/www.em.com.br\/emfoco\/wp-content\/uploads\/2026\/03\/Gemini_Generated_Image_a5d1d8a5d1d8a5d1-1.png","width":1280,"height":720,"caption":"6 cores de cabelo que valorizam mulheres acima de 40"},{"@type":"BreadcrumbList","@id":"https:\/\/www.em.com.br\/emfoco\/2026\/03\/17\/as-6-cores-de-cabelo-mais-favorecedoras-para-mulheres-acima-de-40-anos-em-2026-segundo-cabeleireiros\/#breadcrumb","itemListElement":[{"@type":"ListItem","position":1,"name":"In\u00edcio","item":"https:\/\/www.em.com.br\/emfoco\/"},{"@type":"ListItem","position":2,"name":"As 6 cores de cabelo mais favorecedoras para mulheres acima de 40 anos em 2026, segundo cabeleireiros"}]},{"@type":"WebSite","@id":"https:\/\/www.em.com.br\/emfoco\/#website","url":"https:\/\/www.em.com.br\/emfoco\/","name":"Estado de Minas - Em foco","description":"Acompanhe as \u00faltimas not\u00edcias e fique bem informado sobre tudo o que acontece em Minas Gerais, Brasil e no mundo.","potentialAction":[{"@type":"SearchAction","target":{"@type":"EntryPoint","urlTemplate":"https:\/\/www.em.com.br\/emfoco\/?s={search_term_string}"},"query-input":{"@type":"PropertyValueSpecification","valueRequired":true,"valueName":"search_term_string"}}],"inLanguage":"pt-BR"},{"@type":"Person","@id":"https:\/\/www.em.com.br\/emfoco\/#\/schema\/person\/60eda09c1fedf0d6891f4cef4b60b8b8","name":"Andre\u0301 Rangel\u00a0","image":{"@type":"ImageObject","inLanguage":"pt-BR","@id":"https:\/\/www.em.com.br\/emfoco\/#\/schema\/person\/image\/","url":"https:\/\/secure.gravatar.com\/avatar\/6234dc814c77c8ef6d8bba622c787efc?s=96&d=mm&r=g","contentUrl":"https:\/\/secure.gravatar.com\/avatar\/6234dc814c77c8ef6d8bba622c787efc?s=96&d=mm&r=g","caption":"Andre\u0301 Rangel\u00a0"},"url":"https:\/\/www.em.com.br\/emfoco\/author\/luizmyth\/"}]}},"_links":{"self":[{"href":"https:\/\/www.em.com.br\/emfoco\/wp-json\/wp\/v2\/posts\/182072","targetHints":{"allow":["GET"]}}],"collection":[{"href":"https:\/\/www.em.com.br\/emfoco\/wp-json\/wp\/v2\/posts"}],"about":[{"href":"https:\/\/www.em.com.br\/emfoco\/wp-json\/wp\/v2\/types\/post"}],"author":[{"embeddable":true,"href":"https:\/\/www.em.com.br\/emfoco\/wp-json\/wp\/v2\/users\/11"}],"replies":[{"embeddable":true,"href":"https:\/\/www.em.com.br\/emfoco\/wp-json\/wp\/v2\/comments?post=182072"}],"version-history":[{"count":1,"href":"https:\/\/www.em.com.br\/emfoco\/wp-json\/wp\/v2\/posts\/182072\/revisions"}],"predecessor-version":[{"id":182117,"href":"https:\/\/www.em.com.br\/emfoco\/wp-json\/wp\/v2\/posts\/182072\/revisions\/182117"}],"wp:featuredmedia":[{"embeddable":true,"href":"https:\/\/www.em.com.br\/emfoco\/wp-json\/wp\/v2\/media\/182107"}],"wp:attachment":[{"href":"https:\/\/www.em.com.br\/emfoco\/wp-json\/wp\/v2\/media?parent=182072"}],"wp:term":[{"taxonomy":"category","embeddable":true,"href":"https:\/\/www.em.com.br\/emfoco\/wp-json\/wp\/v2\/categories?post=182072"},{"taxonomy":"post_tag","embeddable":true,"href":"https:\/\/www.em.com.br\/emfoco\/wp-json\/wp\/v2\/tags?post=182072"}],"curies":[{"name":"wp","href":"https:\/\/api.w.org\/{rel}","templated":true}]}}