{"id":182054,"date":"2026-03-17T12:55:19","date_gmt":"2026-03-17T15:55:19","guid":{"rendered":"https:\/\/www.em.com.br\/emfoco\/?p=182054"},"modified":"2026-03-16T18:55:07","modified_gmt":"2026-03-16T21:55:07","slug":"a-moda-dos-vestidos-justos-ficou-no-passado-e-este-modelo-fluido-e-o-novo-favorito-de-2026","status":"publish","type":"post","link":"https:\/\/www.em.com.br\/emfoco\/2026\/03\/17\/a-moda-dos-vestidos-justos-ficou-no-passado-e-este-modelo-fluido-e-o-novo-favorito-de-2026\/","title":{"rendered":"A moda dos vestidos justos ficou no passado e este modelo fluido \u00e9 o novo favorito de 2026"},"content":{"rendered":"\n<p>Voc\u00ea j\u00e1 reparou como, de uns tempos para c\u00e1, aqueles vestidos super justos foram dando lugar aos modelos mais soltos e leves? Em 2026, o guarda-roupa feminino passa por essa mudan\u00e7a vis\u00edvel: pe\u00e7as muito coladas ao corpo v\u00e3o perdendo espa\u00e7o para o <strong>vestido fluido<\/strong>, que privilegia <strong>conforto<\/strong>, mobilidade e versatilidade.&nbsp;<\/p>\n\n\n\n<h2 class=\"wp-block-heading\">Por que o vestido fluido virou queridinho em 2026<\/h2>\n\n\n\n<p>A busca por <strong>conforto aliado<\/strong> ao estilo aparece como um dos principais motivos para a popularidade do <strong>vestido fluido<\/strong> em 2026. Com rotinas que misturam trabalho presencial, atividades remotas e compromissos sociais no mesmo dia, muitas pessoas priorizam roupas que possam transitar entre ambientes sem exigir grandes <strong>trocas<\/strong>.<\/p>\n\n\n\n<p>Outro aspecto relevante \u00e9 a diversidade de corpos, j\u00e1 que o vestido fluido conversa com diferentes <strong>biotipos<\/strong> e idades. Ele pode alongar a figura com recortes estrat\u00e9gicos, valorizar a cintura com amarra\u00e7\u00f5es sutis ou apenas cair de forma reta, sem marcar, permitindo que mais pessoas se sintam realmente <strong>contempladas<\/strong>.<\/p>\n\n\n\n<figure class=\"wp-block-embed is-type-rich is-provider-pinterest wp-block-embed-pinterest\"><div class=\"wp-block-embed__wrapper\">\n<iframe loading=\"lazy\" title=\" \" src=\"https:\/\/assets.pinterest.com\/ext\/embed.html?id=232568768256650022&#038;src=oembed\" height=\"804\" width=\"450\" frameborder=\"0\" scrolling=\"no\" ><\/iframe>\n<\/div><\/figure>\n\n\n\n<p>Leia tamb\u00e9m:&nbsp;<a href=\"https:\/\/www.em.com.br\/emfoco\/2026\/03\/14\/rede-de-moda-famosa-no-pais-anuncia-fechamento-de-mais-de-90-lojas-e-uma-reestruturacao-necessaria\/\" target=\"_blank\" rel=\"noopener\">Rede de moda famosa no pa\u00eds anuncia fechamento de mais de 90 lojas: \u201c\u00c9 uma reestrutura\u00e7\u00e3o necess\u00e1ria\u201d<\/a><\/p>\n\n\n\n<h2 class=\"wp-block-heading\">Como conforto e estilo se encontram no vestido fluido<\/h2>\n\n\n\n<p>O chamado <strong>modelo fluido<\/strong> ganhou espa\u00e7o por unir caimento leve e apar\u00eancia sofisticada, sem parecer desleixado. A sensa\u00e7\u00e3o de conforto vem principalmente de tr\u00eas pontos: escolha de tecido, modelagem e aus\u00eancia de estruturas r\u00edgidas, criando uma experi\u00eancia mais leve no <strong>dia a dia<\/strong>.<\/p>\n\n\n\n<p>Tecidos como <strong>viscose<\/strong>, linho misto, algod\u00e3o macio, crepe leve e malhas com bom caimento aparecem entre os mais usados em 2026. Eles acompanham o movimento do corpo, evitam excesso de calor e permitem uso prolongado ao longo do dia, sem aquela sensa\u00e7\u00e3o de roupa que aperta ou limita cada <strong>passo<\/strong>.<\/p>\n\n\n\n<figure class=\"wp-block-embed is-type-rich is-provider-pinterest wp-block-embed-pinterest\"><div class=\"wp-block-embed__wrapper\">\n<iframe loading=\"lazy\" title=\"O vestido azul marinho que une sofistica\u00e7\u00e3o e charme de forma impec\u00e1vel. Com um design cl\u00e1ssico e atemporal, ele \u00e9 a escolha perfeita para destacar sua beleza em qualquer ocasi\u00e3o. \ud83c\udf1f Feito para quem n\u00e3o abre m\u00e3o do estilo e conforto. \ud83d\udc5c Combine com acess\u00f3rios minimalistas ou ousados para transformar o look! #modafeminina #eleg\u00e2ncia #vestido #vestidocasamento #vestidoaniversario #vestidoverao #vestidopraia #vestidolindo\" src=\"https:\/\/assets.pinterest.com\/ext\/embed.html?id=24769866696288852&#038;src=oembed\" height=\"899\" width=\"450\" frameborder=\"0\" scrolling=\"no\" ><\/iframe>\n<\/div><\/figure>\n\n\n\n<h2 class=\"wp-block-heading\">Quais detalhes deixam o vestido fluido mais arrumado<\/h2>\n\n\n\n<p>Mesmo sendo confort\u00e1vel, o vestido fluido n\u00e3o precisa ter cara de look \u201ccaseiro\u201d ou desleixado. Detalhes como decote em <strong>V elegante<\/strong>, mangas bufantes suaves, babados discretos, recortes laterais moderados e fendas controladas ajudam a equilibrar leveza e <strong>sofistica\u00e7\u00e3o<\/strong>, mantendo um visual arrumado.<\/p>\n\n\n\n<p>O mesmo modelo pode parecer mais casual com rasteirinhas ou ganhar um ar de festa com salto fino e acess\u00f3rios de impacto. Assim, a base confort\u00e1vel permanece, enquanto voc\u00ea muda apenas os complementos para adaptar o <strong>look<\/strong> do almo\u00e7o de fam\u00edlia ao evento noturno com mais <strong>estilo<\/strong>.<\/p>\n\n\n\n<figure class=\"wp-block-embed is-type-rich is-provider-pinterest wp-block-embed-pinterest\"><div class=\"wp-block-embed__wrapper\">\n<iframe loading=\"lazy\" title=\"\u00d3bidos e seus encantos \u2665\ufe0f O vestido que voc\u00eas AMARAM e eu tamb\u00e9m \u00e9 @lovlity .. uma roupa em linho, ultra fresco, gostoso no corpo e encantador. #portugal #obidos #ootd #travel\" src=\"https:\/\/assets.pinterest.com\/ext\/embed.html?id=35888128285499791&#038;src=oembed\" height=\"899\" width=\"450\" frameborder=\"0\" scrolling=\"no\" ><\/iframe>\n<\/div><\/figure>\n\n\n\n<h2 class=\"wp-block-heading\">Principais caracter\u00edsticas dos vestidos fluidos em 2026<\/h2>\n\n\n\n<p>Alguns elementos se repetem nos vestidos fluidos que mais fazem sucesso em 2026, ajudando a identificar o estilo com mais facilidade. Abaixo, voc\u00ea encontra uma lista com caracter\u00edsticas que aparecem com frequ\u00eancia e podem servir de guia na hora de escolher o seu <strong>modelo<\/strong> ideal.<\/p>\n\n\n\n<ul class=\"wp-block-list\">\n<li><strong>Comprimento midi<\/strong>: muito presente em 2026, por ser pr\u00e1tico e funcionar em ambientes formais e informais.<\/li>\n\n\n\n<li><strong>Estampas florais<\/strong> e abstratas: usadas para dar movimento visual ao caimento solto.<\/li>\n\n\n\n<li><strong>Cores neutras<\/strong>: bege, off-white, preto e marrom aparecem em vers\u00f5es fluidas para quem prefere discri\u00e7\u00e3o.<\/li>\n\n\n\n<li><strong>Amarra\u00e7\u00f5es ajust\u00e1veis<\/strong>: cintos do pr\u00f3prio tecido ou cord\u00f5es na cintura permitem dosar o volume.<\/li>\n<\/ul>\n\n\n\n<p>Para voc\u00ea que gosta de se cuidar, separamos um v\u00eddeo do canal <a href=\"https:\/\/www.youtube.com\/@leoliveiracruz\" target=\"_blank\" rel=\"noreferrer noopener\">L\u00ea Oliveira Cruz<\/a> com dicas para usar vestidos em 2026:<\/p>\n\n\n\n<figure class=\"wp-block-embed is-type-video is-provider-youtube wp-block-embed-youtube wp-embed-aspect-16-9 wp-has-aspect-ratio\"><div class=\"wp-block-embed__wrapper\">\n<div class=\"jeg_video_container jeg_video_content\"><iframe loading=\"lazy\" title=\"11 VESTIDOS DO VER\u00c3O 2026 QUE REJUVENESCEM SEU LOOK - L\u00ea Oliveira Cruz \" width=\"500\" height=\"281\" src=\"https:\/\/www.youtube.com\/embed\/pnKqmGdVy2M?feature=oembed\" frameborder=\"0\" allow=\"accelerometer; autoplay; clipboard-write; encrypted-media; gyroscope; picture-in-picture; web-share\" referrerpolicy=\"strict-origin-when-cross-origin\" allowfullscreen><\/iframe><\/div>\n<\/div><\/figure>\n\n\n\n<h2 class=\"wp-block-heading\">Como usar o vestido fluido no dia a dia em 2026<\/h2>\n\n\n\n<p>Adotar o <strong>vestido confort\u00e1vel<\/strong> e solto na rotina n\u00e3o exige mudan\u00e7as radicais no estilo pessoal, apenas alguns testes pr\u00e1ticos. Para ambientes de trabalho mais formais, modelos de cor lisa, comprimento midi ou longo e mangas fechadas costumam ser bem aceitos, principalmente quando combinados com um bom <strong>sapato<\/strong>.<\/p>\n\n\n\n<p>J\u00e1 para situa\u00e7\u00f5es informais, vers\u00f5es curtas, estampadas ou com al\u00e7as finas ganham espa\u00e7o, especialmente em regi\u00f5es de clima <strong>quente<\/strong>. Em poucos minutos, voc\u00ea troca o t\u00eanis por uma sand\u00e1lia, adiciona um colar mais marcante e transforma um look diurno em produ\u00e7\u00e3o perfeita para um jantar ou encontro entre <strong>amigos<\/strong>.<\/p>\n\n\n\n<figure class=\"wp-block-embed is-type-rich is-provider-pinterest wp-block-embed-pinterest\"><div class=\"wp-block-embed__wrapper\">\n<iframe loading=\"lazy\" title=\"Vestido longo plissado fluido com amarra\u00e7\u00e3o no pesco\u00e7o\" src=\"https:\/\/assets.pinterest.com\/ext\/embed.html?id=420945896445598111&#038;src=oembed\" height=\"899\" width=\"450\" frameborder=\"0\" scrolling=\"no\" ><\/iframe>\n<\/div><\/figure>\n\n\n\n<h2 class=\"wp-block-heading\">Passo a passo para inserir o vestido fluido na sua rotina<\/h2>\n\n\n\n<p>Para quem ainda tem um p\u00e9 atr\u00e1s com o vestido soltinho, vale seguir um passo a passo simples que ajuda a testar sem medo. Assim, voc\u00ea vai entendendo o que funciona melhor no seu <strong>corpo<\/strong> e no seu estilo, descobrindo combina\u00e7\u00f5es que se encaixam na rotina de forma leve e <strong>natural<\/strong>.<\/p>\n\n\n\n<ol class=\"wp-block-list\">\n<li>Come\u00e7ar por um modelo neutro, em tom s\u00f3lido, que combine com pe\u00e7as j\u00e1 presentes no arm\u00e1rio.<\/li>\n\n\n\n<li>Testar diferentes tipos de cal\u00e7ados, como t\u00eanis branco, mule, sand\u00e1lia de tiras ou bota de cano curto.<\/li>\n\n\n\n<li>Usar acess\u00f3rios estrat\u00e9gicos, como colares longos ou cintos finos, para definir ou n\u00e3o a cintura.<\/li>\n\n\n\n<li>Apostar em sobreposi\u00e7\u00f5es: jaqueta jeans, blazer leve ou cardig\u00e3 ampliam as possibilidades de uso.<\/li>\n<\/ol>\n\n\n\n<p>&nbsp;<\/p>\n","protected":false},"excerpt":{"rendered":"<p>Voc\u00ea j\u00e1 reparou como, de uns tempos para c\u00e1, aqueles vestidos super justos foram dando lugar aos modelos mais soltos e leves? Em 2026, o guarda-roupa feminino passa por essa mudan\u00e7a vis\u00edvel: pe\u00e7as muito coladas ao corpo v\u00e3o perdendo espa\u00e7o para o vestido fluido, que privilegia conforto, mobilidade e versatilidade.&nbsp; Por que o vestido fluido [&hellip;]<\/p>\n","protected":false},"author":9,"featured_media":148298,"comment_status":"open","ping_status":"open","sticky":false,"template":"","format":"standard","meta":{"jnews-multi-image_gallery":[],"jnews_single_post":{"format":"standard"},"jnews_primary_category":[],"jnews_social_meta":[],"jnews_override_counter":[],"footnotes":""},"categories":[8819,1],"tags":[4977,1920,26278,26279],"class_list":["post-182054","post","type-post","status-publish","format-standard","has-post-thumbnail","hentry","category-curiosidades","category-noticias","tag-moda","tag-tendencia","tag-vestido-justo","tag-vestido-largo"],"yoast_head":"<!-- This site is optimized with the Yoast SEO plugin v23.8 - https:\/\/yoast.com\/wordpress\/plugins\/seo\/ -->\n<title>A moda dos vestidos justos ficou no passado e este modelo fluido \u00e9 o novo favorito de 2026 - Estado de Minas - Em foco<\/title>\n<meta name=\"description\" content=\"Diga adeus \u00e0s roupas apertadas! O vestido fluido \u00e9 a tend\u00eancia absoluta de 2026 que une conforto e eleg\u00e2ncia m\u00e1xima.\" \/>\n<meta name=\"robots\" content=\"index, follow, max-snippet:-1, max-image-preview:large, max-video-preview:-1\" \/>\n<link rel=\"canonical\" href=\"https:\/\/www.em.com.br\/emfoco\/2026\/03\/17\/a-moda-dos-vestidos-justos-ficou-no-passado-e-este-modelo-fluido-e-o-novo-favorito-de-2026\/\" \/>\n<meta property=\"og:locale\" content=\"pt_BR\" \/>\n<meta property=\"og:type\" content=\"article\" \/>\n<meta property=\"og:title\" content=\"A moda dos vestidos justos ficou no passado e este modelo fluido \u00e9 o novo favorito de 2026 - Estado de Minas - Em foco\" \/>\n<meta property=\"og:description\" content=\"Diga adeus \u00e0s roupas apertadas! O vestido fluido \u00e9 a tend\u00eancia absoluta de 2026 que une conforto e eleg\u00e2ncia m\u00e1xima.\" \/>\n<meta property=\"og:url\" content=\"https:\/\/www.em.com.br\/emfoco\/2026\/03\/17\/a-moda-dos-vestidos-justos-ficou-no-passado-e-este-modelo-fluido-e-o-novo-favorito-de-2026\/\" \/>\n<meta property=\"og:site_name\" content=\"Estado de Minas - Em foco\" \/>\n<meta property=\"article:published_time\" content=\"2026-03-17T15:55:19+00:00\" \/>\n<meta property=\"article:modified_time\" content=\"2026-03-16T21:55:07+00:00\" \/>\n<meta property=\"og:image\" content=\"https:\/\/www.em.com.br\/emfoco\/wp-content\/uploads\/2025\/12\/Gemini_Generated_Image_cks1gwcks1gwcks1-1.png\" \/>\n\t<meta property=\"og:image:width\" content=\"1280\" \/>\n\t<meta property=\"og:image:height\" content=\"720\" \/>\n\t<meta property=\"og:image:type\" content=\"image\/png\" \/>\n<meta name=\"author\" content=\"Daniely Cardoso\" \/>\n<meta name=\"twitter:card\" content=\"summary_large_image\" \/>\n<meta name=\"twitter:label1\" content=\"Escrito por\" \/>\n\t<meta name=\"twitter:data1\" content=\"Daniely Cardoso\" \/>\n\t<meta name=\"twitter:label2\" content=\"Est. tempo de leitura\" \/>\n\t<meta name=\"twitter:data2\" content=\"5 minutos\" \/>\n<!-- \/ Yoast SEO plugin. -->","yoast_head_json":{"title":"A moda dos vestidos justos ficou no passado e este modelo fluido \u00e9 o novo favorito de 2026 - Estado de Minas - Em foco","description":"Diga adeus \u00e0s roupas apertadas! O vestido fluido \u00e9 a tend\u00eancia absoluta de 2026 que une conforto e eleg\u00e2ncia m\u00e1xima.","robots":{"index":"index","follow":"follow","max-snippet":"max-snippet:-1","max-image-preview":"max-image-preview:large","max-video-preview":"max-video-preview:-1"},"canonical":"https:\/\/www.em.com.br\/emfoco\/2026\/03\/17\/a-moda-dos-vestidos-justos-ficou-no-passado-e-este-modelo-fluido-e-o-novo-favorito-de-2026\/","og_locale":"pt_BR","og_type":"article","og_title":"A moda dos vestidos justos ficou no passado e este modelo fluido \u00e9 o novo favorito de 2026 - Estado de Minas - Em foco","og_description":"Diga adeus \u00e0s roupas apertadas! O vestido fluido \u00e9 a tend\u00eancia absoluta de 2026 que une conforto e eleg\u00e2ncia m\u00e1xima.","og_url":"https:\/\/www.em.com.br\/emfoco\/2026\/03\/17\/a-moda-dos-vestidos-justos-ficou-no-passado-e-este-modelo-fluido-e-o-novo-favorito-de-2026\/","og_site_name":"Estado de Minas - Em foco","article_published_time":"2026-03-17T15:55:19+00:00","article_modified_time":"2026-03-16T21:55:07+00:00","og_image":[{"width":1280,"height":720,"url":"https:\/\/www.em.com.br\/emfoco\/wp-content\/uploads\/2025\/12\/Gemini_Generated_Image_cks1gwcks1gwcks1-1.png","type":"image\/png"}],"author":"Daniely Cardoso","twitter_card":"summary_large_image","twitter_misc":{"Escrito por":"Daniely Cardoso","Est. tempo de leitura":"5 minutos"},"schema":{"@context":"https:\/\/schema.org","@graph":[{"@type":"WebPage","@id":"https:\/\/www.em.com.br\/emfoco\/2026\/03\/17\/a-moda-dos-vestidos-justos-ficou-no-passado-e-este-modelo-fluido-e-o-novo-favorito-de-2026\/","url":"https:\/\/www.em.com.br\/emfoco\/2026\/03\/17\/a-moda-dos-vestidos-justos-ficou-no-passado-e-este-modelo-fluido-e-o-novo-favorito-de-2026\/","name":"A moda dos vestidos justos ficou no passado e este modelo fluido \u00e9 o novo favorito de 2026 - Estado de Minas - Em foco","isPartOf":{"@id":"https:\/\/www.em.com.br\/emfoco\/#website"},"primaryImageOfPage":{"@id":"https:\/\/www.em.com.br\/emfoco\/2026\/03\/17\/a-moda-dos-vestidos-justos-ficou-no-passado-e-este-modelo-fluido-e-o-novo-favorito-de-2026\/#primaryimage"},"image":{"@id":"https:\/\/www.em.com.br\/emfoco\/2026\/03\/17\/a-moda-dos-vestidos-justos-ficou-no-passado-e-este-modelo-fluido-e-o-novo-favorito-de-2026\/#primaryimage"},"thumbnailUrl":"https:\/\/www.em.com.br\/emfoco\/wp-content\/uploads\/2025\/12\/Gemini_Generated_Image_cks1gwcks1gwcks1-1.png","datePublished":"2026-03-17T15:55:19+00:00","dateModified":"2026-03-16T21:55:07+00:00","author":{"@id":"https:\/\/www.em.com.br\/emfoco\/#\/schema\/person\/0a8186d72f2c3a5c6276d90b41f271a0"},"description":"Diga adeus \u00e0s roupas apertadas! O vestido fluido \u00e9 a tend\u00eancia absoluta de 2026 que une conforto e eleg\u00e2ncia m\u00e1xima.","breadcrumb":{"@id":"https:\/\/www.em.com.br\/emfoco\/2026\/03\/17\/a-moda-dos-vestidos-justos-ficou-no-passado-e-este-modelo-fluido-e-o-novo-favorito-de-2026\/#breadcrumb"},"inLanguage":"pt-BR","potentialAction":[{"@type":"ReadAction","target":["https:\/\/www.em.com.br\/emfoco\/2026\/03\/17\/a-moda-dos-vestidos-justos-ficou-no-passado-e-este-modelo-fluido-e-o-novo-favorito-de-2026\/"]}]},{"@type":"ImageObject","inLanguage":"pt-BR","@id":"https:\/\/www.em.com.br\/emfoco\/2026\/03\/17\/a-moda-dos-vestidos-justos-ficou-no-passado-e-este-modelo-fluido-e-o-novo-favorito-de-2026\/#primaryimage","url":"https:\/\/www.em.com.br\/emfoco\/wp-content\/uploads\/2025\/12\/Gemini_Generated_Image_cks1gwcks1gwcks1-1.png","contentUrl":"https:\/\/www.em.com.br\/emfoco\/wp-content\/uploads\/2025\/12\/Gemini_Generated_Image_cks1gwcks1gwcks1-1.png","width":1280,"height":720,"caption":"O branco continua sendo o queridinho da virada, trazendo aquela sensa\u00e7\u00e3o de renova\u00e7\u00e3o e leveza"},{"@type":"BreadcrumbList","@id":"https:\/\/www.em.com.br\/emfoco\/2026\/03\/17\/a-moda-dos-vestidos-justos-ficou-no-passado-e-este-modelo-fluido-e-o-novo-favorito-de-2026\/#breadcrumb","itemListElement":[{"@type":"ListItem","position":1,"name":"In\u00edcio","item":"https:\/\/www.em.com.br\/emfoco\/"},{"@type":"ListItem","position":2,"name":"A moda dos vestidos justos ficou no passado e este modelo fluido \u00e9 o novo favorito de 2026"}]},{"@type":"WebSite","@id":"https:\/\/www.em.com.br\/emfoco\/#website","url":"https:\/\/www.em.com.br\/emfoco\/","name":"Estado de Minas - Em foco","description":"Acompanhe as \u00faltimas not\u00edcias e fique bem informado sobre tudo o que acontece em Minas Gerais, Brasil e no mundo.","potentialAction":[{"@type":"SearchAction","target":{"@type":"EntryPoint","urlTemplate":"https:\/\/www.em.com.br\/emfoco\/?s={search_term_string}"},"query-input":{"@type":"PropertyValueSpecification","valueRequired":true,"valueName":"search_term_string"}}],"inLanguage":"pt-BR"},{"@type":"Person","@id":"https:\/\/www.em.com.br\/emfoco\/#\/schema\/person\/0a8186d72f2c3a5c6276d90b41f271a0","name":"Daniely Cardoso","image":{"@type":"ImageObject","inLanguage":"pt-BR","@id":"https:\/\/www.em.com.br\/emfoco\/#\/schema\/person\/image\/","url":"https:\/\/secure.gravatar.com\/avatar\/4b80ddbd124d1f071b626d52d62e5dff?s=96&d=mm&r=g","contentUrl":"https:\/\/secure.gravatar.com\/avatar\/4b80ddbd124d1f071b626d52d62e5dff?s=96&d=mm&r=g","caption":"Daniely Cardoso"},"url":"https:\/\/www.em.com.br\/emfoco\/author\/danielymyth\/"}]}},"_links":{"self":[{"href":"https:\/\/www.em.com.br\/emfoco\/wp-json\/wp\/v2\/posts\/182054","targetHints":{"allow":["GET"]}}],"collection":[{"href":"https:\/\/www.em.com.br\/emfoco\/wp-json\/wp\/v2\/posts"}],"about":[{"href":"https:\/\/www.em.com.br\/emfoco\/wp-json\/wp\/v2\/types\/post"}],"author":[{"embeddable":true,"href":"https:\/\/www.em.com.br\/emfoco\/wp-json\/wp\/v2\/users\/9"}],"replies":[{"embeddable":true,"href":"https:\/\/www.em.com.br\/emfoco\/wp-json\/wp\/v2\/comments?post=182054"}],"version-history":[{"count":2,"href":"https:\/\/www.em.com.br\/emfoco\/wp-json\/wp\/v2\/posts\/182054\/revisions"}],"predecessor-version":[{"id":182197,"href":"https:\/\/www.em.com.br\/emfoco\/wp-json\/wp\/v2\/posts\/182054\/revisions\/182197"}],"wp:featuredmedia":[{"embeddable":true,"href":"https:\/\/www.em.com.br\/emfoco\/wp-json\/wp\/v2\/media\/148298"}],"wp:attachment":[{"href":"https:\/\/www.em.com.br\/emfoco\/wp-json\/wp\/v2\/media?parent=182054"}],"wp:term":[{"taxonomy":"category","embeddable":true,"href":"https:\/\/www.em.com.br\/emfoco\/wp-json\/wp\/v2\/categories?post=182054"},{"taxonomy":"post_tag","embeddable":true,"href":"https:\/\/www.em.com.br\/emfoco\/wp-json\/wp\/v2\/tags?post=182054"}],"curies":[{"name":"wp","href":"https:\/\/api.w.org\/{rel}","templated":true}]}}