{"id":182053,"date":"2026-03-17T12:35:16","date_gmt":"2026-03-17T15:35:16","guid":{"rendered":"https:\/\/www.em.com.br\/emfoco\/?p=182053"},"modified":"2026-03-16T18:19:53","modified_gmt":"2026-03-16T21:19:53","slug":"mais-do-que-beleza-o-que-a-regra-das-tres-cores-diz-sobre-a-vida-do-seu-gato","status":"publish","type":"post","link":"https:\/\/www.em.com.br\/emfoco\/2026\/03\/17\/mais-do-que-beleza-o-que-a-regra-das-tres-cores-diz-sobre-a-vida-do-seu-gato\/","title":{"rendered":"Mais do que beleza, o que a regra das tr\u00eas cores diz sobre a vida do seu gato"},"content":{"rendered":"\n<p>Se voc\u00ea j\u00e1 viu um <b>gato<\/b> com manchinhas <b>brancas<\/b>, pretas e laranjas e pensou \u201cdeve ser f\u00eamea\u201d, n\u00e3o est\u00e1 sozinho. Entre <b>tutores<\/b> curiosos e amantes de gatos, essa d\u00favida \u00e9 muito comum e sempre rende conversa: afinal, gatos tricolores sempre s\u00e3o f\u00eameas ou existe exce\u00e7\u00e3o para essa regra t\u00e3o repetida por a\u00ed?<\/p>\n\n\n\n<h2 class=\"wp-block-heading\">O que \u00e9 um gato tricolor e como reconhecer esse tipo de pelagem<\/h2>\n\n\n\n<p>Antes de qualquer <b>mito<\/b>, \u00e9 importante entender o que realmente define um gato tricolor. Em geral, esse termo \u00e9 usado para falar de animais com pelagem em tr\u00eas <b>cores<\/b> bem vis\u00edveis, normalmente branco, preto e laranja, ou varia\u00e7\u00f5es como cinza e creme.<\/p>\n\n\n\n<p>Esse padr\u00e3o est\u00e1 ligado \u00e0 forma como os <b>genes<\/b> das cores s\u00e3o distribu\u00eddos, mas voc\u00ea n\u00e3o precisa ser especialista para identific\u00e1-lo. Basta observar se o gato tem manchas <b>irregulares<\/b> de mais de uma cor s\u00f3lida, al\u00e9m do branco, sem um padr\u00e3o tigrado dominante espalhado pelo corpo.<\/p>\n\n\n\n<figure class=\"wp-block-embed is-type-rich is-provider-pinterest wp-block-embed-pinterest\"><div class=\"wp-block-embed__wrapper\">\n<iframe loading=\"lazy\" title=\" \" src=\"https:\/\/assets.pinterest.com\/ext\/embed.html?id=20477373300395746&#038;src=oembed\" height=\"690\" width=\"450\" frameborder=\"0\" scrolling=\"no\" ><\/iframe>\n<\/div><\/figure>\n\n\n\n<p>Leia tamb\u00e9m:&nbsp;<a href=\"https:\/\/www.em.com.br\/emfoco\/2026\/03\/13\/donos-de-cachorro-recebem-alerta-sobre-nova-regra-nas-praias-e-podem-levar-multa-se-ignorarem\/\" target=\"_blank\" rel=\"noopener\">Donos de cachorro recebem alerta sobre nova regra nas praias e podem levar multa se ignorarem<\/a><\/p>\n\n\n\n<h2 class=\"wp-block-heading\">Como identificar na pr\u00e1tica um gato com pelagem tricolor<\/h2>\n\n\n\n<p>O chamado <strong>gato<\/strong> tricolor \u00e9 aquele cuja pelagem apresenta tr\u00eas cores distintas em blocos ou manchas. As combina\u00e7\u00f5es mais comuns s\u00e3o f\u00e1ceis de notar no dia a dia, mesmo para quem n\u00e3o entende muito de gen\u00e9tica <strong>felina<\/strong>.<\/p>\n\n\n\n<ul class=\"wp-block-list\">\n<li><b>Branco<\/b>, preto e laranja<\/li>\n\n\n\n<li>Branco, <b>cinza<\/b> e creme<\/li>\n\n\n\n<li>Manchas bem <b>separadas<\/b>, sem padr\u00e3o listrado dominante<\/li>\n<\/ul>\n\n\n\n<h2 class=\"wp-block-heading\">Gatos tricolores s\u00e3o sempre f\u00eameas ou existem exce\u00e7\u00f5es<\/h2>\n\n\n\n<p>A resposta mais aceita entre <b>profissionais<\/b> \u00e9 que quase todos os gatos tricolores s\u00e3o f\u00eameas, mas n\u00e3o \u00e9 uma regra absoluta. A explica\u00e7\u00e3o est\u00e1 na forma como as <b>cores<\/b> laranja e preta s\u00e3o herdadas, j\u00e1 que essas tonalidades est\u00e3o ligadas ao cromossomo X.<\/p>\n\n\n\n<p>Como as f\u00eameas t\u00eam dois cromossomos <b>X<\/b>, elas podem carregar os dois genes de cor ao mesmo tempo. J\u00e1 os machos, com a combina\u00e7\u00e3o XY, normalmente exibem apenas uma das cores ligadas ao X, o que torna um macho <b>tricolor<\/b> algo bem mais raro, embora ainda poss\u00edvel em alguns casos especiais.<\/p>\n\n\n\n<figure class=\"wp-block-embed is-type-rich is-provider-pinterest wp-block-embed-pinterest\"><div class=\"wp-block-embed__wrapper\">\n<iframe loading=\"lazy\" title=\"\ud835\udc75\ud835\udc90\ud835\udc95 \ud835\udc8e\ud835\udc8a\ud835\udc8f\ud835\udc86 \u1889\ud802\udf69.\u141f\ud83d\udc08\u200d\u2b1b \ud835\udc6b\ud835\udc8e \ud835\udc87\ud835\udc90\ud835\udc93 \ud835\udc84\ud835\udc93\ud835\udc86\ud835\udc85\ud835\udc8a\ud835\udc95\ud835\udc94 \u2027\u02da\ua4b0\ud83e\uddc1\u0b6d \u02da \ud835\udc6d\ud835\udc90\ud835\udc8d\ud835\udc8d\ud835\udc90\ud835\udc98 \ud835\udc8e\ud835\udc86\" src=\"https:\/\/assets.pinterest.com\/ext\/embed.html?id=300685712644454835&#038;src=oembed\" height=\"699\" width=\"450\" frameborder=\"0\" scrolling=\"no\" ><\/iframe>\n<\/div><\/figure>\n\n\n\n<h2 class=\"wp-block-heading\">Por que existem machos tricolores mesmo sendo t\u00e3o raros<\/h2>\n\n\n\n<p>Quando aparece um gato <b>macho<\/b> com pelagem tricolor, quase sempre h\u00e1 alguma altera\u00e7\u00e3o gen\u00e9tica envolvida. A mais comum \u00e9 a chamada s\u00edndrome de <b>Klinefelter<\/b> felina, em que o animal nasce com tr\u00eas cromossomos sexuais, sendo dois X e um Y, formando assim o padr\u00e3o XXY.<\/p>\n\n\n\n<p>Com dois cromossomos X, esse macho pode carregar genes de mais de uma <b>cor<\/b>, como acontece nas f\u00eameas. Em muitos casos, esses gatos apresentam maior chance de infertilidade, altera\u00e7\u00f5es <b>hormonais<\/b> e precisam de um acompanhamento veterin\u00e1rio um pouco mais atento ao longo da vida.<\/p>\n\n\n\n<figure class=\"wp-block-embed is-type-rich is-provider-pinterest wp-block-embed-pinterest\"><div class=\"wp-block-embed__wrapper\">\n<iframe loading=\"lazy\" title=\" \" src=\"https:\/\/assets.pinterest.com\/ext\/embed.html?id=46724914877227710&#038;src=oembed\" height=\"899\" width=\"450\" frameborder=\"0\" scrolling=\"no\" ><\/iframe>\n<\/div><\/figure>\n\n\n\n<h2 class=\"wp-block-heading\">Como funciona de forma simples a gen\u00e9tica dos gatos tricolores<\/h2>\n\n\n\n<p>Para entender por que a maioria dos gatos tricolores \u00e9 <b>f\u00eamea<\/b>, ajuda imaginar a cor como \u201cpinturas\u201d ligadas ao cromossomo X. Em um X pode estar o gene da cor laranja, e no outro X o gene da cor preta, convivendo no mesmo <b>animal<\/b>.<\/p>\n\n\n\n<p>Durante o desenvolvimento do embri\u00e3o, cada c\u00e9lula \u201cescolhe\u201d qual dos cromossomos X ficar\u00e1 <b>ativo<\/b>, formando pequenas ilhas de cor pelo corpo. Esse fen\u00f4meno chamado inativa\u00e7\u00e3o do X cria o mosaico de manchas t\u00edpico das gatas tricolores e tamb\u00e9m das pelagens \u201ctartaruga\u201d, que mesclam preto e laranja com pouco ou nenhum <b>branco<\/b>.<\/p>\n\n\n\n<p>Para voc\u00ea que gosta de curiosidades, separamos um v\u00eddeo do canal <a href=\"https:\/\/www.youtube.com\/@MundoGato\" target=\"_blank\" rel=\"noreferrer noopener\">Mundo Gato<\/a> com a explica\u00e7\u00e3o por tr\u00e1s dos gatos tricolores:<\/p>\n\n\n\n<figure class=\"wp-block-embed is-type-video is-provider-youtube wp-block-embed-youtube wp-embed-aspect-16-9 wp-has-aspect-ratio\"><div class=\"wp-block-embed__wrapper\">\n<div class=\"jeg_video_container jeg_video_content\"><iframe loading=\"lazy\" title=\"GATO TRICOLOR \u00c9 SEMPRE F\u00caMEA? EXISTE MACHO TRICOLOR?\" width=\"500\" height=\"281\" src=\"https:\/\/www.youtube.com\/embed\/01Fkj6Y_Pe4?feature=oembed\" frameborder=\"0\" allow=\"accelerometer; autoplay; clipboard-write; encrypted-media; gyroscope; picture-in-picture; web-share\" referrerpolicy=\"strict-origin-when-cross-origin\" allowfullscreen><\/iframe><\/div>\n<\/div><\/figure>\n\n\n\n<h2 class=\"wp-block-heading\">Como saber com seguran\u00e7a o sexo de um gato tricolor<\/h2>\n\n\n\n<p>A pelagem tricolor \u00e9 um forte <b>indicativo<\/b> de que o animal \u00e9 f\u00eamea, mas n\u00e3o substitui uma verifica\u00e7\u00e3o mais direta. Para ter certeza, \u00e9 importante observar a regi\u00e3o abaixo da cauda, comparando a dist\u00e2ncia entre o \u00e2nus e a genit\u00e1lia e o formato dos \u00f3rg\u00e3os <b>externos<\/b>.<\/p>\n\n\n\n<p>Em cl\u00ednicas veterin\u00e1rias, podem ser feitos exames complementares em casos duvidosos, principalmente quando se suspeita de altera\u00e7\u00f5es cromoss\u00f4micas. Em machos <b>tricolores<\/b>, esse tipo de investiga\u00e7\u00e3o ajuda a avaliar fertilidade, poss\u00edveis doen\u00e7as associadas e cuidados espec\u00edficos que podem fazer diferen\u00e7a na qualidade de <b>vida<\/b>.<\/p>\n\n\n\n<figure class=\"wp-block-embed is-type-rich is-provider-pinterest wp-block-embed-pinterest\"><div class=\"wp-block-embed__wrapper\">\n<iframe loading=\"lazy\" title=\" \" src=\"https:\/\/assets.pinterest.com\/ext\/embed.html?id=281543724278235&#038;src=oembed\" height=\"550\" width=\"450\" frameborder=\"0\" scrolling=\"no\" ><\/iframe>\n<\/div><\/figure>\n\n\n\n<h2 class=\"wp-block-heading\">Quais cuidados s\u00e3o importantes para gatos com pelagem tricolor<\/h2>\n\n\n\n<p>Ser tricolor n\u00e3o muda, por si s\u00f3, as necessidades <b>b\u00e1sicas<\/b> do gato, mas alguns pontos costumam merecer aten\u00e7\u00e3o. \u00c9 sempre importante cuidar da sa\u00fade geral e ficar de olho em caracter\u00edsticas ligadas \u00e0 reprodu\u00e7\u00e3o e \u00e0 pele, especialmente em regi\u00f5es mais claras e <b>expostas<\/b>.<\/p>\n\n\n\n<p>Em gatas tricolores, a <b>castra\u00e7\u00e3o<\/b> \u00e9 recomendada para evitar ninhadas indesejadas e reduzir riscos de doen\u00e7as reprodutivas. J\u00e1 nos machos tricolores, vale conversar com o veterin\u00e1rio sobre poss\u00edveis altera\u00e7\u00f5es gen\u00e9ticas e exames extras, al\u00e9m de cuidar da pele branca, que pode ser mais sens\u00edvel ao sol <b>forte<\/b>.<\/p>\n","protected":false},"excerpt":{"rendered":"<p>Se voc\u00ea j\u00e1 viu um gato com manchinhas brancas, pretas e laranjas e pensou \u201cdeve ser f\u00eamea\u201d, n\u00e3o est\u00e1 sozinho. Entre tutores curiosos e amantes de gatos, essa d\u00favida \u00e9 muito comum e sempre rende conversa: afinal, gatos tricolores sempre s\u00e3o f\u00eameas ou existe exce\u00e7\u00e3o para essa regra t\u00e3o repetida por a\u00ed? O que \u00e9 [&hellip;]<\/p>\n","protected":false},"author":9,"featured_media":182218,"comment_status":"open","ping_status":"open","sticky":false,"template":"","format":"standard","meta":{"jnews-multi-image_gallery":[],"jnews_single_post":{"format":"standard"},"jnews_primary_category":[],"jnews_social_meta":[],"jnews_override_counter":[],"footnotes":""},"categories":[8819,1],"tags":[26277,7432,26276],"class_list":["post-182053","post","type-post","status-publish","format-standard","has-post-thumbnail","hentry","category-curiosidades","category-noticias","tag-estimacao","tag-gatos","tag-tricolor"],"yoast_head":"<!-- This site is optimized with the Yoast SEO plugin v23.8 - https:\/\/yoast.com\/wordpress\/plugins\/seo\/ -->\n<title>Mais do que beleza, o que a regra das tr\u00eas cores diz sobre a vida do seu gato - Estado de Minas - Em foco<\/title>\n<meta name=\"description\" content=\"Entenda por que a maioria dos gatos tricolores s\u00e3o f\u00eameas e descubra a rara exce\u00e7\u00e3o gen\u00e9tica dos machos.\" \/>\n<meta name=\"robots\" content=\"index, follow, max-snippet:-1, max-image-preview:large, max-video-preview:-1\" \/>\n<link rel=\"canonical\" href=\"https:\/\/www.em.com.br\/emfoco\/2026\/03\/17\/mais-do-que-beleza-o-que-a-regra-das-tres-cores-diz-sobre-a-vida-do-seu-gato\/\" \/>\n<meta property=\"og:locale\" content=\"pt_BR\" \/>\n<meta property=\"og:type\" content=\"article\" \/>\n<meta property=\"og:title\" content=\"Mais do que beleza, o que a regra das tr\u00eas cores diz sobre a vida do seu gato - Estado de Minas - Em foco\" \/>\n<meta property=\"og:description\" content=\"Entenda por que a maioria dos gatos tricolores s\u00e3o f\u00eameas e descubra a rara exce\u00e7\u00e3o gen\u00e9tica dos machos.\" \/>\n<meta property=\"og:url\" content=\"https:\/\/www.em.com.br\/emfoco\/2026\/03\/17\/mais-do-que-beleza-o-que-a-regra-das-tres-cores-diz-sobre-a-vida-do-seu-gato\/\" \/>\n<meta property=\"og:site_name\" content=\"Estado de Minas - Em foco\" \/>\n<meta property=\"article:published_time\" content=\"2026-03-17T15:35:16+00:00\" \/>\n<meta property=\"article:modified_time\" content=\"2026-03-16T21:19:53+00:00\" \/>\n<meta property=\"og:image\" content=\"https:\/\/www.em.com.br\/emfoco\/wp-content\/uploads\/2026\/03\/gato-tres-cores_1773695963127.jpg\" \/>\n\t<meta property=\"og:image:width\" content=\"1280\" \/>\n\t<meta property=\"og:image:height\" content=\"720\" \/>\n\t<meta property=\"og:image:type\" content=\"image\/jpeg\" \/>\n<meta name=\"author\" content=\"Daniely Cardoso\" \/>\n<meta name=\"twitter:card\" content=\"summary_large_image\" \/>\n<meta name=\"twitter:label1\" content=\"Escrito por\" \/>\n\t<meta name=\"twitter:data1\" content=\"Daniely Cardoso\" \/>\n\t<meta name=\"twitter:label2\" content=\"Est. tempo de leitura\" \/>\n\t<meta name=\"twitter:data2\" content=\"5 minutos\" \/>\n<!-- \/ Yoast SEO plugin. -->","yoast_head_json":{"title":"Mais do que beleza, o que a regra das tr\u00eas cores diz sobre a vida do seu gato - Estado de Minas - Em foco","description":"Entenda por que a maioria dos gatos tricolores s\u00e3o f\u00eameas e descubra a rara exce\u00e7\u00e3o gen\u00e9tica dos machos.","robots":{"index":"index","follow":"follow","max-snippet":"max-snippet:-1","max-image-preview":"max-image-preview:large","max-video-preview":"max-video-preview:-1"},"canonical":"https:\/\/www.em.com.br\/emfoco\/2026\/03\/17\/mais-do-que-beleza-o-que-a-regra-das-tres-cores-diz-sobre-a-vida-do-seu-gato\/","og_locale":"pt_BR","og_type":"article","og_title":"Mais do que beleza, o que a regra das tr\u00eas cores diz sobre a vida do seu gato - Estado de Minas - Em foco","og_description":"Entenda por que a maioria dos gatos tricolores s\u00e3o f\u00eameas e descubra a rara exce\u00e7\u00e3o gen\u00e9tica dos machos.","og_url":"https:\/\/www.em.com.br\/emfoco\/2026\/03\/17\/mais-do-que-beleza-o-que-a-regra-das-tres-cores-diz-sobre-a-vida-do-seu-gato\/","og_site_name":"Estado de Minas - Em foco","article_published_time":"2026-03-17T15:35:16+00:00","article_modified_time":"2026-03-16T21:19:53+00:00","og_image":[{"width":1280,"height":720,"url":"https:\/\/www.em.com.br\/emfoco\/wp-content\/uploads\/2026\/03\/gato-tres-cores_1773695963127.jpg","type":"image\/jpeg"}],"author":"Daniely Cardoso","twitter_card":"summary_large_image","twitter_misc":{"Escrito por":"Daniely Cardoso","Est. tempo de leitura":"5 minutos"},"schema":{"@context":"https:\/\/schema.org","@graph":[{"@type":"WebPage","@id":"https:\/\/www.em.com.br\/emfoco\/2026\/03\/17\/mais-do-que-beleza-o-que-a-regra-das-tres-cores-diz-sobre-a-vida-do-seu-gato\/","url":"https:\/\/www.em.com.br\/emfoco\/2026\/03\/17\/mais-do-que-beleza-o-que-a-regra-das-tres-cores-diz-sobre-a-vida-do-seu-gato\/","name":"Mais do que beleza, o que a regra das tr\u00eas cores diz sobre a vida do seu gato - Estado de Minas - Em foco","isPartOf":{"@id":"https:\/\/www.em.com.br\/emfoco\/#website"},"primaryImageOfPage":{"@id":"https:\/\/www.em.com.br\/emfoco\/2026\/03\/17\/mais-do-que-beleza-o-que-a-regra-das-tres-cores-diz-sobre-a-vida-do-seu-gato\/#primaryimage"},"image":{"@id":"https:\/\/www.em.com.br\/emfoco\/2026\/03\/17\/mais-do-que-beleza-o-que-a-regra-das-tres-cores-diz-sobre-a-vida-do-seu-gato\/#primaryimage"},"thumbnailUrl":"https:\/\/www.em.com.br\/emfoco\/wp-content\/uploads\/2026\/03\/gato-tres-cores_1773695963127.jpg","datePublished":"2026-03-17T15:35:16+00:00","dateModified":"2026-03-16T21:19:53+00:00","author":{"@id":"https:\/\/www.em.com.br\/emfoco\/#\/schema\/person\/0a8186d72f2c3a5c6276d90b41f271a0"},"description":"Entenda por que a maioria dos gatos tricolores s\u00e3o f\u00eameas e descubra a rara exce\u00e7\u00e3o gen\u00e9tica dos machos.","breadcrumb":{"@id":"https:\/\/www.em.com.br\/emfoco\/2026\/03\/17\/mais-do-que-beleza-o-que-a-regra-das-tres-cores-diz-sobre-a-vida-do-seu-gato\/#breadcrumb"},"inLanguage":"pt-BR","potentialAction":[{"@type":"ReadAction","target":["https:\/\/www.em.com.br\/emfoco\/2026\/03\/17\/mais-do-que-beleza-o-que-a-regra-das-tres-cores-diz-sobre-a-vida-do-seu-gato\/"]}]},{"@type":"ImageObject","inLanguage":"pt-BR","@id":"https:\/\/www.em.com.br\/emfoco\/2026\/03\/17\/mais-do-que-beleza-o-que-a-regra-das-tres-cores-diz-sobre-a-vida-do-seu-gato\/#primaryimage","url":"https:\/\/www.em.com.br\/emfoco\/wp-content\/uploads\/2026\/03\/gato-tres-cores_1773695963127.jpg","contentUrl":"https:\/\/www.em.com.br\/emfoco\/wp-content\/uploads\/2026\/03\/gato-tres-cores_1773695963127.jpg","width":1280,"height":720,"caption":"Esse padr\u00e3o est\u00e1 ligado \u00e0 forma como os genes das cores s\u00e3o distribu\u00eddos, mas voc\u00ea n\u00e3o precisa ser especialista para identific\u00e1-lo. - Cr\u00e9ditos: depositphotos.com \/ voraorn"},{"@type":"BreadcrumbList","@id":"https:\/\/www.em.com.br\/emfoco\/2026\/03\/17\/mais-do-que-beleza-o-que-a-regra-das-tres-cores-diz-sobre-a-vida-do-seu-gato\/#breadcrumb","itemListElement":[{"@type":"ListItem","position":1,"name":"In\u00edcio","item":"https:\/\/www.em.com.br\/emfoco\/"},{"@type":"ListItem","position":2,"name":"Mais do que beleza, o que a regra das tr\u00eas cores diz sobre a vida do seu gato"}]},{"@type":"WebSite","@id":"https:\/\/www.em.com.br\/emfoco\/#website","url":"https:\/\/www.em.com.br\/emfoco\/","name":"Estado de Minas - Em foco","description":"Acompanhe as \u00faltimas not\u00edcias e fique bem informado sobre tudo o que acontece em Minas Gerais, Brasil e no mundo.","potentialAction":[{"@type":"SearchAction","target":{"@type":"EntryPoint","urlTemplate":"https:\/\/www.em.com.br\/emfoco\/?s={search_term_string}"},"query-input":{"@type":"PropertyValueSpecification","valueRequired":true,"valueName":"search_term_string"}}],"inLanguage":"pt-BR"},{"@type":"Person","@id":"https:\/\/www.em.com.br\/emfoco\/#\/schema\/person\/0a8186d72f2c3a5c6276d90b41f271a0","name":"Daniely Cardoso","image":{"@type":"ImageObject","inLanguage":"pt-BR","@id":"https:\/\/www.em.com.br\/emfoco\/#\/schema\/person\/image\/","url":"https:\/\/secure.gravatar.com\/avatar\/4b80ddbd124d1f071b626d52d62e5dff?s=96&d=mm&r=g","contentUrl":"https:\/\/secure.gravatar.com\/avatar\/4b80ddbd124d1f071b626d52d62e5dff?s=96&d=mm&r=g","caption":"Daniely Cardoso"},"url":"https:\/\/www.em.com.br\/emfoco\/author\/danielymyth\/"}]}},"_links":{"self":[{"href":"https:\/\/www.em.com.br\/emfoco\/wp-json\/wp\/v2\/posts\/182053","targetHints":{"allow":["GET"]}}],"collection":[{"href":"https:\/\/www.em.com.br\/emfoco\/wp-json\/wp\/v2\/posts"}],"about":[{"href":"https:\/\/www.em.com.br\/emfoco\/wp-json\/wp\/v2\/types\/post"}],"author":[{"embeddable":true,"href":"https:\/\/www.em.com.br\/emfoco\/wp-json\/wp\/v2\/users\/9"}],"replies":[{"embeddable":true,"href":"https:\/\/www.em.com.br\/emfoco\/wp-json\/wp\/v2\/comments?post=182053"}],"version-history":[{"count":2,"href":"https:\/\/www.em.com.br\/emfoco\/wp-json\/wp\/v2\/posts\/182053\/revisions"}],"predecessor-version":[{"id":182196,"href":"https:\/\/www.em.com.br\/emfoco\/wp-json\/wp\/v2\/posts\/182053\/revisions\/182196"}],"wp:featuredmedia":[{"embeddable":true,"href":"https:\/\/www.em.com.br\/emfoco\/wp-json\/wp\/v2\/media\/182218"}],"wp:attachment":[{"href":"https:\/\/www.em.com.br\/emfoco\/wp-json\/wp\/v2\/media?parent=182053"}],"wp:term":[{"taxonomy":"category","embeddable":true,"href":"https:\/\/www.em.com.br\/emfoco\/wp-json\/wp\/v2\/categories?post=182053"},{"taxonomy":"post_tag","embeddable":true,"href":"https:\/\/www.em.com.br\/emfoco\/wp-json\/wp\/v2\/tags?post=182053"}],"curies":[{"name":"wp","href":"https:\/\/api.w.org\/{rel}","templated":true}]}}