{"id":182052,"date":"2026-03-17T12:05:12","date_gmt":"2026-03-17T15:05:12","guid":{"rendered":"https:\/\/www.em.com.br\/emfoco\/?p=182052"},"modified":"2026-03-16T18:20:06","modified_gmt":"2026-03-16T21:20:06","slug":"as-frutas-poderosas-que-funcionam-como-aliadas-naturais-para-proteger-seus-rins","status":"publish","type":"post","link":"https:\/\/www.em.com.br\/emfoco\/2026\/03\/17\/as-frutas-poderosas-que-funcionam-como-aliadas-naturais-para-proteger-seus-rins\/","title":{"rendered":"As frutas poderosas que funcionam como aliadas naturais para proteger seus rins"},"content":{"rendered":"\n<p>Voc\u00ea j\u00e1 parou para pensar como simples escolhas no prato do dia a dia podem ajudar a proteger seus <strong>rins<\/strong> e trazer mais <b>bem-estar<\/b>? Muitas vezes, enquanto lidamos com a correria, esquecemos que esses dois \u00f3rg\u00e3os silenciosos trabalham sem parar para filtrar o que o corpo n\u00e3o precisa, equilibrar l\u00edquidos e apoiar a sa\u00fade geral. Incluir algumas frutas espec\u00edficas, como <strong>ma\u00e7\u00e3<\/strong>, <b>melancia<\/b> e <strong>abacaxi<\/strong>, pode ser uma forma simples e saborosa de cuidar melhor de voc\u00ea ao longo do tempo.<\/p>\n\n\n\n<h2 class=\"wp-block-heading\">Por que a alimenta\u00e7\u00e3o faz diferen\u00e7a na sa\u00fade dos rins<\/h2>\n\n\n\n<p>Os <strong>rins<\/strong> funcionam como um grande filtro, ajudando a eliminar o que o corpo n\u00e3o precisa e mantendo o equil\u00edbrio de <b>minerais<\/b> e l\u00edquidos. Quando exageramos no sal, no a\u00e7\u00facar e em alimentos ultraprocessados, essa fun\u00e7\u00e3o pode ser sobrecarregada e, aos poucos, surgir cansa\u00e7o, incha\u00e7o ou press\u00e3o <strong>alta<\/strong>.<\/p>\n\n\n\n<p>Por outro lado, uma rotina com frutas ricas em <strong>\u00e1gua<\/strong>, fibras e antioxidantes ajuda a apoiar esse trabalho di\u00e1rio, favorecendo a hidrata\u00e7\u00e3o e um padr\u00e3o alimentar mais <b>natural<\/b>. Nesse contexto, a <strong>ma\u00e7\u00e3<\/strong>, a melancia e o abacaxi se destacam como aliadas f\u00e1ceis de incluir nas refei\u00e7\u00f5es, sem complicar a rotina.<\/p>\n\n\n\n<figure class=\"wp-block-embed is-type-rich is-provider-pinterest wp-block-embed-pinterest\"><div class=\"wp-block-embed__wrapper\">\n<iframe loading=\"lazy\" title=\"DUAS FRUTAS QUE S\u00c3O BOAS PARA OS RINS.\" src=\"https:\/\/assets.pinterest.com\/ext\/embed.html?id=807059195762930897&#038;src=oembed\" height=\"899\" width=\"450\" frameborder=\"0\" scrolling=\"no\" ><\/iframe>\n<\/div><\/figure>\n\n\n\n<p>Leia tamb\u00e9m:&nbsp;<a href=\"https:\/\/www.em.com.br\/emfoco\/2026\/03\/15\/as-5-frutas-que-voce-precisa-comer-para-proteger-sua-pele-e-o-seu-cerebro\/\" target=\"_blank\" rel=\"noopener\">As 5 frutas que voc\u00ea precisa comer para proteger sua pele e o seu c\u00e9rebro<\/a><\/p>\n\n\n\n<h2 class=\"wp-block-heading\">Quais frutas fazem bem para os rins e como elas ajudam no dia a dia<\/h2>\n\n\n\n<p>Entre as frutas mais lembradas quando o assunto \u00e9 cuidado com os <strong>rins<\/strong>, tr\u00eas aparecem com frequ\u00eancia em orienta\u00e7\u00f5es simples de <b>alimenta\u00e7\u00e3o<\/b>: ma\u00e7\u00e3, melancia e abacaxi. Elas combinam boa hidrata\u00e7\u00e3o, pouco s\u00f3dio e nutrientes importantes para o equil\u00edbrio do corpo.<\/p>\n\n\n\n<ul class=\"wp-block-list\">\n<li><strong>Ma\u00e7\u00e3<\/strong>: tem fibras como a pectina, que ajudam no controle de <b>colesterol<\/b> e glicose, fatores ligados \u00e0 sa\u00fade dos rins.<\/li>\n\n\n\n<li><strong>Melancia<\/strong>: \u00e9 muito rica em <strong>\u00e1gua<\/strong>, colaborando para a hidrata\u00e7\u00e3o e o volume de urina, o que facilita a elimina\u00e7\u00e3o de res\u00edduos.<\/li>\n\n\n\n<li><strong>Abacaxi<\/strong>: fornece vitamina <b>C<\/b> e compostos bioativos, al\u00e9m de ter baixo teor de s\u00f3dio, algo positivo para o equil\u00edbrio renal.<\/li>\n<\/ul>\n\n\n\n<p>Para voc\u00ea que gosta de se cuidar, separamos um v\u00eddeo do canal do <a href=\"https:\/\/www.youtube.com\/@dr_yano\" target=\"_blank\" rel=\"noreferrer noopener\">Dr. Roberto Yano<\/a> com dicas de frutas para auxiliar no cuidado com os rins:<\/p>\n\n\n\n<figure class=\"wp-block-embed is-type-video is-provider-youtube wp-block-embed-youtube wp-embed-aspect-16-9 wp-has-aspect-ratio\"><div class=\"wp-block-embed__wrapper\">\n<div class=\"jeg_video_container jeg_video_content\"><iframe loading=\"lazy\" title=\"7 ALIMENTOS QUE V\u00c3O MELHORAR OS SEUS RINS!\" width=\"500\" height=\"281\" src=\"https:\/\/www.youtube.com\/embed\/1-FktCzhY60?feature=oembed\" frameborder=\"0\" allow=\"accelerometer; autoplay; clipboard-write; encrypted-media; gyroscope; picture-in-picture; web-share\" referrerpolicy=\"strict-origin-when-cross-origin\" allowfullscreen><\/iframe><\/div>\n<\/div><\/figure>\n\n\n\n<h2 class=\"wp-block-heading\">Como incluir ma\u00e7\u00e3, melancia e abacaxi na rotina de forma simples<\/h2>\n\n\n\n<p>Essas tr\u00eas frutas costumam agradar diferentes faixas <strong>et\u00e1rias<\/strong> e podem entrar em momentos variados do dia, deixando as refei\u00e7\u00f5es mais leves e <b>coloridas<\/b>. Em geral, \u00e9 interessante consumi-las in natura, sem excesso de a\u00e7\u00facar, para preservar fibras e nutrientes.<\/p>\n\n\n\n<ol class=\"wp-block-list\">\n<li><strong>Ma\u00e7\u00e3 ao natural<\/strong>: pode ser consumida com casca, bem higienizada, no caf\u00e9 da manh\u00e3 ou nos lanches, garantindo mais <b>fibras<\/b> e saciedade.<\/li>\n\n\n\n<li><strong>Melancia em peda\u00e7os<\/strong>: em dias quentes, os cubos ou fatias bem gelados ajudam na <strong>hidrata\u00e7\u00e3o<\/strong> e matam a vontade de doce sem exagerar no a\u00e7\u00facar.<\/li>\n\n\n\n<li><strong>Abacaxi em rodelas<\/strong>: funciona como sobremesa leve ap\u00f3s o <b>almo\u00e7o<\/b> ou jantar e pode ser combinado com \u00e1gua ao longo do dia para apoiar o consumo de l\u00edquidos.<\/li>\n<\/ol>\n\n\n\n<figure class=\"wp-block-embed is-type-rich is-provider-pinterest wp-block-embed-pinterest\"><div class=\"wp-block-embed__wrapper\">\n<iframe loading=\"lazy\" title=\" \" src=\"https:\/\/assets.pinterest.com\/ext\/embed.html?id=100064422962685964&#038;src=oembed\" height=\"550\" width=\"450\" frameborder=\"0\" scrolling=\"no\" ><\/iframe>\n<\/div><\/figure>\n\n\n\n<h2 class=\"wp-block-heading\">Quais cuidados ter ao consumir frutas para a sa\u00fade dos rins<\/h2>\n\n\n\n<p>Mesmo as frutas que fazem bem para os <strong>rins<\/strong> precisam ser consumidas com equil\u00edbrio, principalmente se j\u00e1 existe algum problema renal diagnosticado. Em casos assim, m\u00e9dicos e <b>nutricionistas<\/b> podem orientar a quantidade ideal e, \u00e0s vezes, ajustar o consumo de pot\u00e1ssio, f\u00f3sforo e outros minerais.<\/p>\n\n\n\n<p>Para quem busca preven\u00e7\u00e3o ou quer manter os rins funcionando bem ao longo dos anos, vale priorizar frutas frescas, beber <strong>\u00e1gua<\/strong> com regularidade (quando n\u00e3o houver restri\u00e7\u00e3o m\u00e9dica) e reduzir ultraprocessados ricos em <b>s\u00f3dio<\/b>. Junto com controle da press\u00e3o, atividade f\u00edsica e acompanhamento profissional, ma\u00e7\u00e3, melancia e abacaxi podem ser parceiras importantes no cuidado di\u00e1rio com a sa\u00fade renal.<\/p>\n","protected":false},"excerpt":{"rendered":"<p>Voc\u00ea j\u00e1 parou para pensar como simples escolhas no prato do dia a dia podem ajudar a proteger seus rins e trazer mais bem-estar? Muitas vezes, enquanto lidamos com a correria, esquecemos que esses dois \u00f3rg\u00e3os silenciosos trabalham sem parar para filtrar o que o corpo n\u00e3o precisa, equilibrar l\u00edquidos e apoiar a sa\u00fade geral. [&hellip;]<\/p>\n","protected":false},"author":9,"featured_media":127721,"comment_status":"open","ping_status":"open","sticky":false,"template":"","format":"standard","meta":{"jnews-multi-image_gallery":[],"jnews_single_post":{"format":"standard"},"jnews_primary_category":[],"jnews_social_meta":[],"jnews_override_counter":[],"footnotes":""},"categories":[8691,1,9053],"tags":[2577,2555,10946],"class_list":["post-182052","post","type-post","status-publish","format-standard","has-post-thumbnail","hentry","category-bem-estar","category-noticias","category-saude","tag-dieta","tag-frutas","tag-rins"],"yoast_head":"<!-- This site is optimized with the Yoast SEO plugin v23.8 - https:\/\/yoast.com\/wordpress\/plugins\/seo\/ -->\n<title>As frutas poderosas que funcionam como aliadas naturais para proteger seus rins - Estado de Minas - Em foco<\/title>\n<meta name=\"description\" content=\"Conhe\u00e7a as frutas que ajudam a filtrar impurezas e protegem seus rins de forma natural, saborosa e muito simples.\" \/>\n<meta name=\"robots\" content=\"index, follow, max-snippet:-1, max-image-preview:large, max-video-preview:-1\" \/>\n<link rel=\"canonical\" href=\"https:\/\/www.em.com.br\/emfoco\/2026\/03\/17\/as-frutas-poderosas-que-funcionam-como-aliadas-naturais-para-proteger-seus-rins\/\" \/>\n<meta property=\"og:locale\" content=\"pt_BR\" \/>\n<meta property=\"og:type\" content=\"article\" \/>\n<meta property=\"og:title\" content=\"As frutas poderosas que funcionam como aliadas naturais para proteger seus rins - Estado de Minas - Em foco\" \/>\n<meta property=\"og:description\" content=\"Conhe\u00e7a as frutas que ajudam a filtrar impurezas e protegem seus rins de forma natural, saborosa e muito simples.\" \/>\n<meta property=\"og:url\" content=\"https:\/\/www.em.com.br\/emfoco\/2026\/03\/17\/as-frutas-poderosas-que-funcionam-como-aliadas-naturais-para-proteger-seus-rins\/\" \/>\n<meta property=\"og:site_name\" content=\"Estado de Minas - Em foco\" \/>\n<meta property=\"article:published_time\" content=\"2026-03-17T15:05:12+00:00\" \/>\n<meta property=\"article:modified_time\" content=\"2026-03-16T21:20:06+00:00\" \/>\n<meta property=\"og:image\" content=\"https:\/\/www.em.com.br\/emfoco\/wp-content\/uploads\/2025\/11\/rins_1763144225072.jpg\" \/>\n\t<meta property=\"og:image:width\" content=\"1280\" \/>\n\t<meta property=\"og:image:height\" content=\"720\" \/>\n\t<meta property=\"og:image:type\" content=\"image\/jpeg\" \/>\n<meta name=\"author\" content=\"Daniely Cardoso\" \/>\n<meta name=\"twitter:card\" content=\"summary_large_image\" \/>\n<meta name=\"twitter:label1\" content=\"Escrito por\" \/>\n\t<meta name=\"twitter:data1\" content=\"Daniely Cardoso\" \/>\n\t<meta name=\"twitter:label2\" content=\"Est. tempo de leitura\" \/>\n\t<meta name=\"twitter:data2\" content=\"4 minutos\" \/>\n<!-- \/ Yoast SEO plugin. -->","yoast_head_json":{"title":"As frutas poderosas que funcionam como aliadas naturais para proteger seus rins - Estado de Minas - Em foco","description":"Conhe\u00e7a as frutas que ajudam a filtrar impurezas e protegem seus rins de forma natural, saborosa e muito simples.","robots":{"index":"index","follow":"follow","max-snippet":"max-snippet:-1","max-image-preview":"max-image-preview:large","max-video-preview":"max-video-preview:-1"},"canonical":"https:\/\/www.em.com.br\/emfoco\/2026\/03\/17\/as-frutas-poderosas-que-funcionam-como-aliadas-naturais-para-proteger-seus-rins\/","og_locale":"pt_BR","og_type":"article","og_title":"As frutas poderosas que funcionam como aliadas naturais para proteger seus rins - Estado de Minas - Em foco","og_description":"Conhe\u00e7a as frutas que ajudam a filtrar impurezas e protegem seus rins de forma natural, saborosa e muito simples.","og_url":"https:\/\/www.em.com.br\/emfoco\/2026\/03\/17\/as-frutas-poderosas-que-funcionam-como-aliadas-naturais-para-proteger-seus-rins\/","og_site_name":"Estado de Minas - Em foco","article_published_time":"2026-03-17T15:05:12+00:00","article_modified_time":"2026-03-16T21:20:06+00:00","og_image":[{"width":1280,"height":720,"url":"https:\/\/www.em.com.br\/emfoco\/wp-content\/uploads\/2025\/11\/rins_1763144225072.jpg","type":"image\/jpeg"}],"author":"Daniely Cardoso","twitter_card":"summary_large_image","twitter_misc":{"Escrito por":"Daniely Cardoso","Est. tempo de leitura":"4 minutos"},"schema":{"@context":"https:\/\/schema.org","@graph":[{"@type":"WebPage","@id":"https:\/\/www.em.com.br\/emfoco\/2026\/03\/17\/as-frutas-poderosas-que-funcionam-como-aliadas-naturais-para-proteger-seus-rins\/","url":"https:\/\/www.em.com.br\/emfoco\/2026\/03\/17\/as-frutas-poderosas-que-funcionam-como-aliadas-naturais-para-proteger-seus-rins\/","name":"As frutas poderosas que funcionam como aliadas naturais para proteger seus rins - Estado de Minas - Em foco","isPartOf":{"@id":"https:\/\/www.em.com.br\/emfoco\/#website"},"primaryImageOfPage":{"@id":"https:\/\/www.em.com.br\/emfoco\/2026\/03\/17\/as-frutas-poderosas-que-funcionam-como-aliadas-naturais-para-proteger-seus-rins\/#primaryimage"},"image":{"@id":"https:\/\/www.em.com.br\/emfoco\/2026\/03\/17\/as-frutas-poderosas-que-funcionam-como-aliadas-naturais-para-proteger-seus-rins\/#primaryimage"},"thumbnailUrl":"https:\/\/www.em.com.br\/emfoco\/wp-content\/uploads\/2025\/11\/rins_1763144225072.jpg","datePublished":"2026-03-17T15:05:12+00:00","dateModified":"2026-03-16T21:20:06+00:00","author":{"@id":"https:\/\/www.em.com.br\/emfoco\/#\/schema\/person\/0a8186d72f2c3a5c6276d90b41f271a0"},"description":"Conhe\u00e7a as frutas que ajudam a filtrar impurezas e protegem seus rins de forma natural, saborosa e muito simples.","breadcrumb":{"@id":"https:\/\/www.em.com.br\/emfoco\/2026\/03\/17\/as-frutas-poderosas-que-funcionam-como-aliadas-naturais-para-proteger-seus-rins\/#breadcrumb"},"inLanguage":"pt-BR","potentialAction":[{"@type":"ReadAction","target":["https:\/\/www.em.com.br\/emfoco\/2026\/03\/17\/as-frutas-poderosas-que-funcionam-como-aliadas-naturais-para-proteger-seus-rins\/"]}]},{"@type":"ImageObject","inLanguage":"pt-BR","@id":"https:\/\/www.em.com.br\/emfoco\/2026\/03\/17\/as-frutas-poderosas-que-funcionam-como-aliadas-naturais-para-proteger-seus-rins\/#primaryimage","url":"https:\/\/www.em.com.br\/emfoco\/wp-content\/uploads\/2025\/11\/rins_1763144225072.jpg","contentUrl":"https:\/\/www.em.com.br\/emfoco\/wp-content\/uploads\/2025\/11\/rins_1763144225072.jpg","width":1280,"height":720,"caption":"Os rins funcionam como um grande filtro, ajudando a eliminar o que o corpo n\u00e3o precisa e mantendo o equil\u00edbrio de minerais e l\u00edquidos - Cr\u00e9ditos: depositphotos.com \/ NataliMis"},{"@type":"BreadcrumbList","@id":"https:\/\/www.em.com.br\/emfoco\/2026\/03\/17\/as-frutas-poderosas-que-funcionam-como-aliadas-naturais-para-proteger-seus-rins\/#breadcrumb","itemListElement":[{"@type":"ListItem","position":1,"name":"In\u00edcio","item":"https:\/\/www.em.com.br\/emfoco\/"},{"@type":"ListItem","position":2,"name":"As frutas poderosas que funcionam como aliadas naturais para proteger seus rins"}]},{"@type":"WebSite","@id":"https:\/\/www.em.com.br\/emfoco\/#website","url":"https:\/\/www.em.com.br\/emfoco\/","name":"Estado de Minas - Em foco","description":"Acompanhe as \u00faltimas not\u00edcias e fique bem informado sobre tudo o que acontece em Minas Gerais, Brasil e no mundo.","potentialAction":[{"@type":"SearchAction","target":{"@type":"EntryPoint","urlTemplate":"https:\/\/www.em.com.br\/emfoco\/?s={search_term_string}"},"query-input":{"@type":"PropertyValueSpecification","valueRequired":true,"valueName":"search_term_string"}}],"inLanguage":"pt-BR"},{"@type":"Person","@id":"https:\/\/www.em.com.br\/emfoco\/#\/schema\/person\/0a8186d72f2c3a5c6276d90b41f271a0","name":"Daniely Cardoso","image":{"@type":"ImageObject","inLanguage":"pt-BR","@id":"https:\/\/www.em.com.br\/emfoco\/#\/schema\/person\/image\/","url":"https:\/\/secure.gravatar.com\/avatar\/4b80ddbd124d1f071b626d52d62e5dff?s=96&d=mm&r=g","contentUrl":"https:\/\/secure.gravatar.com\/avatar\/4b80ddbd124d1f071b626d52d62e5dff?s=96&d=mm&r=g","caption":"Daniely Cardoso"},"url":"https:\/\/www.em.com.br\/emfoco\/author\/danielymyth\/"}]}},"_links":{"self":[{"href":"https:\/\/www.em.com.br\/emfoco\/wp-json\/wp\/v2\/posts\/182052","targetHints":{"allow":["GET"]}}],"collection":[{"href":"https:\/\/www.em.com.br\/emfoco\/wp-json\/wp\/v2\/posts"}],"about":[{"href":"https:\/\/www.em.com.br\/emfoco\/wp-json\/wp\/v2\/types\/post"}],"author":[{"embeddable":true,"href":"https:\/\/www.em.com.br\/emfoco\/wp-json\/wp\/v2\/users\/9"}],"replies":[{"embeddable":true,"href":"https:\/\/www.em.com.br\/emfoco\/wp-json\/wp\/v2\/comments?post=182052"}],"version-history":[{"count":2,"href":"https:\/\/www.em.com.br\/emfoco\/wp-json\/wp\/v2\/posts\/182052\/revisions"}],"predecessor-version":[{"id":182195,"href":"https:\/\/www.em.com.br\/emfoco\/wp-json\/wp\/v2\/posts\/182052\/revisions\/182195"}],"wp:featuredmedia":[{"embeddable":true,"href":"https:\/\/www.em.com.br\/emfoco\/wp-json\/wp\/v2\/media\/127721"}],"wp:attachment":[{"href":"https:\/\/www.em.com.br\/emfoco\/wp-json\/wp\/v2\/media?parent=182052"}],"wp:term":[{"taxonomy":"category","embeddable":true,"href":"https:\/\/www.em.com.br\/emfoco\/wp-json\/wp\/v2\/categories?post=182052"},{"taxonomy":"post_tag","embeddable":true,"href":"https:\/\/www.em.com.br\/emfoco\/wp-json\/wp\/v2\/tags?post=182052"}],"curies":[{"name":"wp","href":"https:\/\/api.w.org\/{rel}","templated":true}]}}