{"id":182051,"date":"2026-03-17T10:45:09","date_gmt":"2026-03-17T13:45:09","guid":{"rendered":"https:\/\/www.em.com.br\/emfoco\/?p=182051"},"modified":"2026-03-16T18:50:44","modified_gmt":"2026-03-16T21:50:44","slug":"adeus-estresse-a-pausa-de-8-minutos-que-muita-gente-usa-para-reduzir-o-estresse-no-dia-a-dia","status":"publish","type":"post","link":"https:\/\/www.em.com.br\/emfoco\/2026\/03\/17\/adeus-estresse-a-pausa-de-8-minutos-que-muita-gente-usa-para-reduzir-o-estresse-no-dia-a-dia\/","title":{"rendered":"Adeus estresse: a pausa de 8 minutos que muita gente usa para reduzir o estresse no dia a dia"},"content":{"rendered":"\n<p>Voc\u00ea j\u00e1 sentiu que o dia mal come\u00e7ou e a cabe\u00e7a j\u00e1 est\u00e1 cheia, o corpo tenso e o cora\u00e7\u00e3o acelerado? Na correria, o <strong>estresse di\u00e1rio<\/strong> vai se acumulando em prazos, telas e cobran\u00e7as constantes, e o corpo responde com sinais claros de cansa\u00e7o. Para n\u00e3o viver sempre nesse modo de alerta, uma sa\u00edda simples \u00e9 criar pequenas pausas, como a <strong>rotina de 8 minutos<\/strong>, pensada justamente para caber at\u00e9 nos intervalos mais apertados.<\/p>\n\n\n\n<h2 class=\"wp-block-heading\">O que \u00e9 a rotina de 8 minutos para amenizar o estresse di\u00e1rio<\/h2>\n\n\n\n<p>A rotina de 8 minutos \u00e9 uma sequ\u00eancia curta de exerc\u00edcios de <strong>relaxamento e autocuidado<\/strong>, planejada para reduzir sinais de tens\u00e3o, como m\u00fasculos duros, respira\u00e7\u00e3o r\u00e1pida e sensa\u00e7\u00e3o de sobrecarga. Ela \u00e9 dividida em blocos de tempo, de um a dois minutos, combinando <strong>respira\u00e7\u00e3o simples<\/strong>, alongamentos leves e um momento de pausa mental.<\/p>\n\n\n\n<p>O objetivo n\u00e3o \u00e9 substituir terapia, medita\u00e7\u00e3o profunda ou <strong>atividade f\u00edsica<\/strong> completa, mas oferecer um recurso r\u00e1pido para voc\u00ea usar em qualquer lugar. Com a pr\u00e1tica di\u00e1ria, o corpo aprende aos poucos a sair mais f\u00e1cil do estado de alerta constante e a encontrar um <strong>ponto de equil\u00edbrio<\/strong> ao longo do dia.<\/p>\n\n\n\n<figure class=\"wp-block-embed is-type-rich is-provider-pinterest wp-block-embed-pinterest\"><div class=\"wp-block-embed__wrapper\">\n<iframe loading=\"lazy\" title=\"Estresse: 7 Exerc\u00edcios Simples Para Aliviar Rapidamente\" src=\"https:\/\/assets.pinterest.com\/ext\/embed.html?id=661818107785407424&#038;src=oembed\" height=\"775\" width=\"450\" frameborder=\"0\" scrolling=\"no\" ><\/iframe>\n<\/div><\/figure>\n\n\n\n<p>Leia tamb\u00e9m:&nbsp;<a href=\"https:\/\/www.em.com.br\/emfoco\/2026\/03\/09\/unhas-descamando-e-quebrando-conheca-a-receita-natural-que-ganhou-espaco-no-autocuidado-e-esta-salvando-unhas-fracas\/\" target=\"_blank\" rel=\"noopener\">Unhas descamando e quebrando? Conhe\u00e7a a receita natural que ganhou espa\u00e7o no autocuidado e est\u00e1 salvando unhas fracas<\/a><\/p>\n\n\n\n<h2 class=\"wp-block-heading\">Como funciona na pr\u00e1tica a rotina de 8 minutos para amenizar o estresse<\/h2>\n\n\n\n<p>Para que a <strong>rotina de 8 minutos<\/strong> funcione de verdade, vale dividi-la em etapas simples e f\u00e1ceis de memorizar. Cada fase prepara o corpo, acalma a respira\u00e7\u00e3o, solta tens\u00f5es e convida a mente a desacelerar, criando um pequeno ritual de cuidado di\u00e1rio.<\/p>\n\n\n\n<ol class=\"wp-block-list\">\n<li><strong>Minuto 1 \u2013 Pausa consciente<\/strong>: sentar ou ficar em p\u00e9 com postura confort\u00e1vel, afastar telas e perceber onde o corpo est\u00e1 mais tenso, como pesco\u00e7o ou lombar.<\/li>\n\n\n\n<li><strong>Minutos 2 e 3 \u2013 Respira\u00e7\u00e3o profunda<\/strong>: inspirar pelo nariz contando at\u00e9 quatro, segurar o ar por dois segundos e soltar pela boca contando at\u00e9 seis, repetindo o ciclo com calma.<\/li>\n\n\n\n<li><strong>Minuto 4 \u2013 Alongamento de pesco\u00e7o e ombros<\/strong>: inclinar a cabe\u00e7a suavemente para cada lado, girar os ombros para frente e para tr\u00e1s, sempre respeitando seus <strong>limites de conforto<\/strong>.<\/li>\n\n\n\n<li><strong>Minuto 5 \u2013 Alongamento de costas e bra\u00e7os<\/strong>: estender os bra\u00e7os acima da cabe\u00e7a, alongar a coluna, girar punhos e abrir e fechar as m\u00e3os para aliviar a <strong>rigidez acumulada<\/strong>.<\/li>\n\n\n\n<li><strong>Minuto 6 \u2013 Relaxamento guiado<\/strong>: focar em relaxar, um a um, p\u00e9s, pernas, tronco, bra\u00e7os, m\u00e3os e rosto, imaginando a <strong>tens\u00e3o saindo<\/strong> do corpo.<\/li>\n\n\n\n<li><strong>Minuto 7 \u2013 Foco na aten\u00e7\u00e3o plena<\/strong>: observar a respira\u00e7\u00e3o, os sons ao redor e as sensa\u00e7\u00f5es do corpo, sem julgar, apenas <strong>percebendo o momento<\/strong>.<\/li>\n\n\n\n<li><strong>Minuto 8 \u2013 Retomada gradual<\/strong>: abrir e fechar os olhos devagar, movimentar o corpo e retomar as atividades com uma <strong>respira\u00e7\u00e3o mais est\u00e1vel<\/strong>.<\/li>\n<\/ol>\n\n\n\n<p>Essa sequ\u00eancia \u00e9 s\u00f3 uma refer\u00eancia, que pode ser adaptada para sua <strong>realidade di\u00e1ria<\/strong>, desde que mantenha a ideia central: alguns minutos de aten\u00e7\u00e3o ao corpo e \u00e0 mente, repetidos com frequ\u00eancia.<\/p>\n\n\n\n<p>Para voc\u00ea que quer ficar mais calmo, separamos um v\u00eddeo do canal <a href=\"https:\/\/www.youtube.com\/@minutospsiquicos\" target=\"_blank\" rel=\"noreferrer noopener\">Minutos Ps\u00edquicos<\/a> com dicas para reduzir o estresse di\u00e1rio:<\/p>\n\n\n\n<figure class=\"wp-block-embed is-type-video is-provider-youtube wp-block-embed-youtube wp-embed-aspect-16-9 wp-has-aspect-ratio\"><div class=\"wp-block-embed__wrapper\">\n<div class=\"jeg_video_container jeg_video_content\"><iframe loading=\"lazy\" title=\"5 T\u00c9CNICAS PARA REDUZIR O ESTRESSE\" width=\"500\" height=\"281\" src=\"https:\/\/www.youtube.com\/embed\/WUP3Fmxhm5k?start=1&#038;feature=oembed\" frameborder=\"0\" allow=\"accelerometer; autoplay; clipboard-write; encrypted-media; gyroscope; picture-in-picture; web-share\" referrerpolicy=\"strict-origin-when-cross-origin\" allowfullscreen><\/iframe><\/div>\n<\/div><\/figure>\n\n\n\n<h2 class=\"wp-block-heading\">Quais benef\u00edcios essa rotina de 8 minutos pode trazer no dia a dia<\/h2>\n\n\n\n<p>Quando essa pr\u00e1tica curta vira h\u00e1bito, o corpo come\u00e7a a responder com mais leveza. A respira\u00e7\u00e3o profunda e os alongamentos suaves ajudam a diminuir a <strong>rigidez muscular<\/strong>, principalmente em pesco\u00e7o, ombros e costas, muito exigidos por horas sentado, em p\u00e9 ou no celular.<\/p>\n\n\n\n<p>No lado emocional, essa pausa funciona como um \u201crespiro\u201d no meio do caos, ajudando o c\u00e9rebro a organizar melhor as informa\u00e7\u00f5es. Para deixar mais claro o que pode mudar com o tempo, veja alguns <strong>benef\u00edcios frequentes<\/strong> relatados por quem pratica:<\/p>\n\n\n\n<ul class=\"wp-block-list\">\n<li><strong>Redu\u00e7\u00e3o da ansiedade imediata<\/strong>, gra\u00e7as \u00e0 respira\u00e7\u00e3o mais lenta e consciente.<\/li>\n\n\n\n<li><strong>Al\u00edvio de dores por tens\u00e3o<\/strong>, sobretudo em pesco\u00e7o, ombros e regi\u00e3o lombar.<\/li>\n\n\n\n<li><strong>Melhora na capacidade de foco<\/strong> depois da pausa, com mente menos dispersa.<\/li>\n\n\n\n<li><strong>Constru\u00e7\u00e3o de um h\u00e1bito de autocuidado<\/strong>, mesmo em rotinas muito cheias.<\/li>\n<\/ul>\n\n\n\n<figure class=\"wp-block-embed is-type-rich is-provider-pinterest wp-block-embed-pinterest\"><div class=\"wp-block-embed__wrapper\">\n<iframe loading=\"lazy\" title=\" \" src=\"https:\/\/assets.pinterest.com\/ext\/embed.html?id=5559199537728233&#038;src=oembed\" height=\"762\" width=\"450\" frameborder=\"0\" scrolling=\"no\" ><\/iframe>\n<\/div><\/figure>\n\n\n\n<h2 class=\"wp-block-heading\">Como incluir a rotina de 8 minutos no dia a dia de forma realista<\/h2>\n\n\n\n<p>Para que essa rotina n\u00e3o vire mais uma obriga\u00e7\u00e3o na agenda, ajuda muito escolher hor\u00e1rios fixos e simples, como come\u00e7o da manh\u00e3, intervalo do almo\u00e7o ou fim do expediente. Vincular o exerc\u00edcio a momentos que j\u00e1 existem, como o caf\u00e9 da tarde, torna o <strong>h\u00e1bito mais leve<\/strong> e f\u00e1cil de manter.<\/p>\n\n\n\n<p>Voc\u00ea pode usar alarmes, aplicativos de lembrete ou at\u00e9 anota\u00e7\u00f5es na agenda para marcar sua pausa, sem se cobrar perfei\u00e7\u00e3o. Em dias muito corridos, fazer apenas dois ou tr\u00eas minutos j\u00e1 ajuda a manter o <strong>compromisso consigo<\/strong>, ajustando os movimentos \u00e0s suas condi\u00e7\u00f5es f\u00edsicas e ao espa\u00e7o dispon\u00edvel.<\/p>\n","protected":false},"excerpt":{"rendered":"<p>Voc\u00ea j\u00e1 sentiu que o dia mal come\u00e7ou e a cabe\u00e7a j\u00e1 est\u00e1 cheia, o corpo tenso e o cora\u00e7\u00e3o acelerado? Na correria, o estresse di\u00e1rio vai se acumulando em prazos, telas e cobran\u00e7as constantes, e o corpo responde com sinais claros de cansa\u00e7o. Para n\u00e3o viver sempre nesse modo de alerta, uma sa\u00edda simples [&hellip;]<\/p>\n","protected":false},"author":9,"featured_media":170102,"comment_status":"open","ping_status":"open","sticky":false,"template":"","format":"standard","meta":{"jnews-multi-image_gallery":[],"jnews_single_post":{"format":"standard"},"jnews_primary_category":[],"jnews_social_meta":[],"jnews_override_counter":[],"footnotes":""},"categories":[8691,1],"tags":[22121,4946,4216],"class_list":["post-182051","post","type-post","status-publish","format-standard","has-post-thumbnail","hentry","category-bem-estar","category-noticias","tag-auto-cuidado","tag-estresse","tag-rotina"],"yoast_head":"<!-- This site is optimized with the Yoast SEO plugin v23.8 - https:\/\/yoast.com\/wordpress\/plugins\/seo\/ -->\n<title>Adeus estresse: a pausa de 8 minutos que muita gente usa para reduzir o estresse no dia a dia - Estado de Minas - Em foco<\/title>\n<meta name=\"description\" content=\"Aprenda a rotina de 8 minutos que reduz o estresse, alivia dores musculares e devolve o foco no dia a dia.\" \/>\n<meta name=\"robots\" content=\"index, follow, max-snippet:-1, max-image-preview:large, max-video-preview:-1\" \/>\n<link rel=\"canonical\" href=\"https:\/\/www.em.com.br\/emfoco\/2026\/03\/17\/adeus-estresse-a-pausa-de-8-minutos-que-muita-gente-usa-para-reduzir-o-estresse-no-dia-a-dia\/\" \/>\n<meta property=\"og:locale\" content=\"pt_BR\" \/>\n<meta property=\"og:type\" content=\"article\" \/>\n<meta property=\"og:title\" content=\"Adeus estresse: a pausa de 8 minutos que muita gente usa para reduzir o estresse no dia a dia - Estado de Minas - Em foco\" \/>\n<meta property=\"og:description\" content=\"Aprenda a rotina de 8 minutos que reduz o estresse, alivia dores musculares e devolve o foco no dia a dia.\" \/>\n<meta property=\"og:url\" content=\"https:\/\/www.em.com.br\/emfoco\/2026\/03\/17\/adeus-estresse-a-pausa-de-8-minutos-que-muita-gente-usa-para-reduzir-o-estresse-no-dia-a-dia\/\" \/>\n<meta property=\"og:site_name\" content=\"Estado de Minas - Em foco\" \/>\n<meta property=\"article:published_time\" content=\"2026-03-17T13:45:09+00:00\" \/>\n<meta property=\"article:modified_time\" content=\"2026-03-16T21:50:44+00:00\" \/>\n<meta property=\"og:image\" content=\"https:\/\/www.em.com.br\/emfoco\/wp-content\/uploads\/2026\/02\/estresse-_1771270573252-1.jpg\" \/>\n\t<meta property=\"og:image:width\" content=\"1280\" \/>\n\t<meta property=\"og:image:height\" content=\"720\" \/>\n\t<meta property=\"og:image:type\" content=\"image\/jpeg\" \/>\n<meta name=\"author\" content=\"Daniely Cardoso\" \/>\n<meta name=\"twitter:card\" content=\"summary_large_image\" \/>\n<meta name=\"twitter:label1\" content=\"Escrito por\" \/>\n\t<meta name=\"twitter:data1\" content=\"Daniely Cardoso\" \/>\n\t<meta name=\"twitter:label2\" content=\"Est. tempo de leitura\" \/>\n\t<meta name=\"twitter:data2\" content=\"5 minutos\" \/>\n<!-- \/ Yoast SEO plugin. -->","yoast_head_json":{"title":"Adeus estresse: a pausa de 8 minutos que muita gente usa para reduzir o estresse no dia a dia - Estado de Minas - Em foco","description":"Aprenda a rotina de 8 minutos que reduz o estresse, alivia dores musculares e devolve o foco no dia a dia.","robots":{"index":"index","follow":"follow","max-snippet":"max-snippet:-1","max-image-preview":"max-image-preview:large","max-video-preview":"max-video-preview:-1"},"canonical":"https:\/\/www.em.com.br\/emfoco\/2026\/03\/17\/adeus-estresse-a-pausa-de-8-minutos-que-muita-gente-usa-para-reduzir-o-estresse-no-dia-a-dia\/","og_locale":"pt_BR","og_type":"article","og_title":"Adeus estresse: a pausa de 8 minutos que muita gente usa para reduzir o estresse no dia a dia - Estado de Minas - Em foco","og_description":"Aprenda a rotina de 8 minutos que reduz o estresse, alivia dores musculares e devolve o foco no dia a dia.","og_url":"https:\/\/www.em.com.br\/emfoco\/2026\/03\/17\/adeus-estresse-a-pausa-de-8-minutos-que-muita-gente-usa-para-reduzir-o-estresse-no-dia-a-dia\/","og_site_name":"Estado de Minas - Em foco","article_published_time":"2026-03-17T13:45:09+00:00","article_modified_time":"2026-03-16T21:50:44+00:00","og_image":[{"width":1280,"height":720,"url":"https:\/\/www.em.com.br\/emfoco\/wp-content\/uploads\/2026\/02\/estresse-_1771270573252-1.jpg","type":"image\/jpeg"}],"author":"Daniely Cardoso","twitter_card":"summary_large_image","twitter_misc":{"Escrito por":"Daniely Cardoso","Est. tempo de leitura":"5 minutos"},"schema":{"@context":"https:\/\/schema.org","@graph":[{"@type":"WebPage","@id":"https:\/\/www.em.com.br\/emfoco\/2026\/03\/17\/adeus-estresse-a-pausa-de-8-minutos-que-muita-gente-usa-para-reduzir-o-estresse-no-dia-a-dia\/","url":"https:\/\/www.em.com.br\/emfoco\/2026\/03\/17\/adeus-estresse-a-pausa-de-8-minutos-que-muita-gente-usa-para-reduzir-o-estresse-no-dia-a-dia\/","name":"Adeus estresse: a pausa de 8 minutos que muita gente usa para reduzir o estresse no dia a dia - Estado de Minas - Em foco","isPartOf":{"@id":"https:\/\/www.em.com.br\/emfoco\/#website"},"primaryImageOfPage":{"@id":"https:\/\/www.em.com.br\/emfoco\/2026\/03\/17\/adeus-estresse-a-pausa-de-8-minutos-que-muita-gente-usa-para-reduzir-o-estresse-no-dia-a-dia\/#primaryimage"},"image":{"@id":"https:\/\/www.em.com.br\/emfoco\/2026\/03\/17\/adeus-estresse-a-pausa-de-8-minutos-que-muita-gente-usa-para-reduzir-o-estresse-no-dia-a-dia\/#primaryimage"},"thumbnailUrl":"https:\/\/www.em.com.br\/emfoco\/wp-content\/uploads\/2026\/02\/estresse-_1771270573252-1.jpg","datePublished":"2026-03-17T13:45:09+00:00","dateModified":"2026-03-16T21:50:44+00:00","author":{"@id":"https:\/\/www.em.com.br\/emfoco\/#\/schema\/person\/0a8186d72f2c3a5c6276d90b41f271a0"},"description":"Aprenda a rotina de 8 minutos que reduz o estresse, alivia dores musculares e devolve o foco no dia a dia.","breadcrumb":{"@id":"https:\/\/www.em.com.br\/emfoco\/2026\/03\/17\/adeus-estresse-a-pausa-de-8-minutos-que-muita-gente-usa-para-reduzir-o-estresse-no-dia-a-dia\/#breadcrumb"},"inLanguage":"pt-BR","potentialAction":[{"@type":"ReadAction","target":["https:\/\/www.em.com.br\/emfoco\/2026\/03\/17\/adeus-estresse-a-pausa-de-8-minutos-que-muita-gente-usa-para-reduzir-o-estresse-no-dia-a-dia\/"]}]},{"@type":"ImageObject","inLanguage":"pt-BR","@id":"https:\/\/www.em.com.br\/emfoco\/2026\/03\/17\/adeus-estresse-a-pausa-de-8-minutos-que-muita-gente-usa-para-reduzir-o-estresse-no-dia-a-dia\/#primaryimage","url":"https:\/\/www.em.com.br\/emfoco\/wp-content\/uploads\/2026\/02\/estresse-_1771270573252-1.jpg","contentUrl":"https:\/\/www.em.com.br\/emfoco\/wp-content\/uploads\/2026\/02\/estresse-_1771270573252-1.jpg","width":1280,"height":720,"caption":"A rotina de 8 minutos \u00e9 uma sequ\u00eancia curta de exerc\u00edcios de relaxamento e autocuidado, planejada para reduzir sinais de tens\u00e3o,- Cr\u00e9ditos: depositphotos.com \/ konradbak"},{"@type":"BreadcrumbList","@id":"https:\/\/www.em.com.br\/emfoco\/2026\/03\/17\/adeus-estresse-a-pausa-de-8-minutos-que-muita-gente-usa-para-reduzir-o-estresse-no-dia-a-dia\/#breadcrumb","itemListElement":[{"@type":"ListItem","position":1,"name":"In\u00edcio","item":"https:\/\/www.em.com.br\/emfoco\/"},{"@type":"ListItem","position":2,"name":"Adeus estresse: a pausa de 8 minutos que muita gente usa para reduzir o estresse no dia a dia"}]},{"@type":"WebSite","@id":"https:\/\/www.em.com.br\/emfoco\/#website","url":"https:\/\/www.em.com.br\/emfoco\/","name":"Estado de Minas - Em foco","description":"Acompanhe as \u00faltimas not\u00edcias e fique bem informado sobre tudo o que acontece em Minas Gerais, Brasil e no mundo.","potentialAction":[{"@type":"SearchAction","target":{"@type":"EntryPoint","urlTemplate":"https:\/\/www.em.com.br\/emfoco\/?s={search_term_string}"},"query-input":{"@type":"PropertyValueSpecification","valueRequired":true,"valueName":"search_term_string"}}],"inLanguage":"pt-BR"},{"@type":"Person","@id":"https:\/\/www.em.com.br\/emfoco\/#\/schema\/person\/0a8186d72f2c3a5c6276d90b41f271a0","name":"Daniely Cardoso","image":{"@type":"ImageObject","inLanguage":"pt-BR","@id":"https:\/\/www.em.com.br\/emfoco\/#\/schema\/person\/image\/","url":"https:\/\/secure.gravatar.com\/avatar\/4b80ddbd124d1f071b626d52d62e5dff?s=96&d=mm&r=g","contentUrl":"https:\/\/secure.gravatar.com\/avatar\/4b80ddbd124d1f071b626d52d62e5dff?s=96&d=mm&r=g","caption":"Daniely Cardoso"},"url":"https:\/\/www.em.com.br\/emfoco\/author\/danielymyth\/"}]}},"_links":{"self":[{"href":"https:\/\/www.em.com.br\/emfoco\/wp-json\/wp\/v2\/posts\/182051","targetHints":{"allow":["GET"]}}],"collection":[{"href":"https:\/\/www.em.com.br\/emfoco\/wp-json\/wp\/v2\/posts"}],"about":[{"href":"https:\/\/www.em.com.br\/emfoco\/wp-json\/wp\/v2\/types\/post"}],"author":[{"embeddable":true,"href":"https:\/\/www.em.com.br\/emfoco\/wp-json\/wp\/v2\/users\/9"}],"replies":[{"embeddable":true,"href":"https:\/\/www.em.com.br\/emfoco\/wp-json\/wp\/v2\/comments?post=182051"}],"version-history":[{"count":3,"href":"https:\/\/www.em.com.br\/emfoco\/wp-json\/wp\/v2\/posts\/182051\/revisions"}],"predecessor-version":[{"id":182253,"href":"https:\/\/www.em.com.br\/emfoco\/wp-json\/wp\/v2\/posts\/182051\/revisions\/182253"}],"wp:featuredmedia":[{"embeddable":true,"href":"https:\/\/www.em.com.br\/emfoco\/wp-json\/wp\/v2\/media\/170102"}],"wp:attachment":[{"href":"https:\/\/www.em.com.br\/emfoco\/wp-json\/wp\/v2\/media?parent=182051"}],"wp:term":[{"taxonomy":"category","embeddable":true,"href":"https:\/\/www.em.com.br\/emfoco\/wp-json\/wp\/v2\/categories?post=182051"},{"taxonomy":"post_tag","embeddable":true,"href":"https:\/\/www.em.com.br\/emfoco\/wp-json\/wp\/v2\/tags?post=182051"}],"curies":[{"name":"wp","href":"https:\/\/api.w.org\/{rel}","templated":true}]}}