{"id":182022,"date":"2026-03-17T08:30:00","date_gmt":"2026-03-17T11:30:00","guid":{"rendered":"https:\/\/www.em.com.br\/emfoco\/?p=182022"},"modified":"2026-03-16T20:41:20","modified_gmt":"2026-03-16T23:41:20","slug":"a-tendencia-de-unhas-peroladas-que-serao-um-sucesso-nos-saloes-de-beleza-em-abril-entre-mulheres-com-mais-de-60-anos","status":"publish","type":"post","link":"https:\/\/www.em.com.br\/emfoco\/2026\/03\/17\/a-tendencia-de-unhas-peroladas-que-serao-um-sucesso-nos-saloes-de-beleza-em-abril-entre-mulheres-com-mais-de-60-anos\/","title":{"rendered":"A tend\u00eancia de unhas peroladas que ser\u00e3o um sucesso nos sal\u00f5es de beleza em abril entre mulheres com mais de 60 anos"},"content":{"rendered":"\n<p>Entre tantas op\u00e7\u00f5es de esmaltes e t\u00e9cnicas, as&nbsp;<strong>unhas peroladas<\/strong>&nbsp;voltam a ganhar espa\u00e7o nos sal\u00f5es como uma escolha discreta, iluminada e vers\u00e1til, que combina com diferentes idades e estilos. O brilho acetinado, mais suave que o glitter e menos chamativo que o metalizado, cria um efeito de unha polida e saud\u00e1vel, perfeito para quem gosta de leveza, eleg\u00e2ncia e um visual naturalmente sofisticado.<\/p>\n\n\n\n<h2 class=\"wp-block-heading\">O que s\u00e3o unhas peroladas e como esse efeito \u00e9 criado<\/h2>\n\n\n\n<figure class=\"wp-block-image size-large\"><img loading=\"lazy\" decoding=\"async\" width=\"1024\" height=\"352\" src=\"https:\/\/www.em.com.br\/emfoco\/wp-content\/uploads\/2026\/03\/convertido-27-1024x352.jpg\" alt=\"\" class=\"wp-image-182026\" srcset=\"https:\/\/www.em.com.br\/emfoco\/wp-content\/uploads\/2026\/03\/convertido-27-1024x352.jpg 1024w, https:\/\/www.em.com.br\/emfoco\/wp-content\/uploads\/2026\/03\/convertido-27-300x103.jpg 300w, https:\/\/www.em.com.br\/emfoco\/wp-content\/uploads\/2026\/03\/convertido-27-768x264.jpg 768w, https:\/\/www.em.com.br\/emfoco\/wp-content\/uploads\/2026\/03\/convertido-27-750x258.jpg 750w, https:\/\/www.em.com.br\/emfoco\/wp-content\/uploads\/2026\/03\/convertido-27-1140x392.jpg 1140w, https:\/\/www.em.com.br\/emfoco\/wp-content\/uploads\/2026\/03\/convertido-27.jpg 1280w\" sizes=\"auto, (max-width: 1024px) 100vw, 1024px\" \/><\/figure>\n\n\n\n<h2 class=\"wp-block-heading\">Por que o esmalte perolado favorece m\u00e3os maduras<\/h2>\n\n\n\n<p>O&nbsp;<strong>esmalte perolado<\/strong>&nbsp;\u00e9 muito indicado para pessoas com mais de 60 anos porque cria um leve \u201cfiltro\u201d visual sobre a superf\u00edcie da unha, suavizando pequenas imperfei\u00e7\u00f5es. O reflexo perolado distribui a luz de maneira uniforme, ajudando a harmonizar diferen\u00e7as de textura e tonalidade na pele das m\u00e3os.<\/p>\n\n\n\n<p>Em peles maduras, tons suaves costumam funcionar melhor do que cores muito escuras ou intensas. Nudes leitosos, rosa claro, creme e branco transl\u00facido alongam visualmente os dedos e iluminam a pele, enquanto cores fechadas podem evidenciar ressecamento e manchas, indo na contram\u00e3o da proposta de um acabamento mais homog\u00eaneo.<\/p>\n\n\n\n<iframe loading=\"lazy\" src=\"https:\/\/assets.pinterest.com\/ext\/embed.html?id=990651249297126707\" height=\"532\" width=\"345\" frameborder=\"0\" scrolling=\"no\" ><\/iframe>\n\n\n\n<h2 class=\"wp-block-heading\">Quais cores e formatos combinam com o efeito perolado<\/h2>\n\n\n\n<p>A combina\u00e7\u00e3o entre&nbsp;<strong>cor, formato e comprimento<\/strong>&nbsp;\u00e9 decisiva para o resultado final da manicure perolada. Em m\u00e3os maduras, comprimentos curtos ou m\u00e9dios s\u00e3o pr\u00e1ticos e confort\u00e1veis, enquanto formatos ovalados ou levemente arredondados deixam a m\u00e3o mais fluida e delicada, al\u00e9m de reduzirem o risco de quebras.<\/p>\n\n\n\n<p>Algumas cores aparecem com frequ\u00eancia nas unhas peroladas e se adaptam bem a diferentes ocasi\u00f5es, do trabalho a eventos formais. Entre as op\u00e7\u00f5es mais vers\u00e1teis e elegantes, destacam-se:<\/p>\n\n\n\n<ul class=\"wp-block-list\">\n<li><strong>Leitoso perolado:<\/strong>\u00a0base branca suave com reflexos p\u00e9rola, que transmite limpeza e frescor.<\/li>\n\n\n\n<li><strong>Rosa claro perolado:<\/strong>\u00a0pr\u00f3ximo ao tom natural da unha, apenas mais uniforme e iluminado.<\/li>\n\n\n\n<li><strong>Nude creme com brilho suave:<\/strong>\u00a0ideal para quem prefere neutralidade total, sem contraste marcado.<\/li>\n\n\n\n<li><strong>Past\u00e9is perolados:<\/strong>\u00a0azul claro, amarelo manteiga ou lil\u00e1s delicados, muito usados na primavera.<\/li>\n<\/ul>\n\n\n\n<iframe loading=\"lazy\" src=\"https:\/\/assets.pinterest.com\/ext\/embed.html?id=2744449769071462\" height=\"714\" width=\"345\" frameborder=\"0\" scrolling=\"no\" ><\/iframe>\n\n\n\n<h2 class=\"wp-block-heading\">Quais modelos de unhas peroladas est\u00e3o em alta hoje<\/h2>\n\n\n\n<p>V\u00e1rios estilos cl\u00e1ssicos foram atualizados para aproveitar o&nbsp;<strong>efeito perolado<\/strong>, ganhando um ar moderno sem perder a delicadeza. Em sal\u00f5es, modelos como francesinha perolada, degrad\u00ea suave (\u201cbeb\u00ea perolado\u201d) e unhas brancas leitosas com reflexo p\u00e9rola est\u00e3o entre os favoritos, especialmente para noivas e convidadas de casamento.<\/p>\n\n\n\n<p>H\u00e1 tamb\u00e9m vers\u00f5es mais marcantes, como o efeito \u201colho de gato\u201d perolado, que usa part\u00edculas magn\u00e9ticas para criar um feixe de luz na unha, e combina\u00e7\u00f5es com pequenas aplica\u00e7\u00f5es de strass ou adesivos minimalistas perto da cut\u00edcula. Mesmo nessas propostas, o fundo perolado mant\u00e9m a sofistica\u00e7\u00e3o, agradando quem busca um toque atual, por\u00e9m discreto.<\/p>\n\n\n\n<iframe loading=\"lazy\" src=\"https:\/\/assets.pinterest.com\/ext\/embed.html?id=1055599909153601\" height=\"560\" width=\"345\" frameborder=\"0\" scrolling=\"no\" ><\/iframe>\n\n\n\n<h2 class=\"wp-block-heading\">Como cuidar das unhas e concluir com uma escolha pr\u00e1tica<\/h2>\n\n\n\n<p>A sa\u00fade da unha \u00e9 essencial para que a&nbsp;<strong>manicure perolada<\/strong>&nbsp;apare\u00e7a em todo o seu potencial, j\u00e1 que descama\u00e7\u00f5es e ondula\u00e7\u00f5es comprometem o brilho uniforme. Hidrata\u00e7\u00e3o di\u00e1ria de m\u00e3os e cut\u00edculas, uso de bases fortalecedoras e prote\u00e7\u00e3o com luvas em tarefas com produtos agressivos fazem diferen\u00e7a no resultado final.<\/p>\n\n\n\n<p>Se voc\u00ea busca um visual sofisticado, discreto e que valoriza as m\u00e3os em qualquer idade, as unhas peroladas s\u00e3o uma escolha certeira para apostar j\u00e1 na pr\u00f3xima visita ao sal\u00e3o. N\u00e3o adie essa mudan\u00e7a: converse hoje mesmo com sua manicure, teste uma cor clara perolada e sinta na pr\u00e1tica como esse acabamento pode rejuvenescer e iluminar suas m\u00e3os em poucos minutos.<\/p>\n","protected":false},"excerpt":{"rendered":"<p>Entre tantas op\u00e7\u00f5es de esmaltes e t\u00e9cnicas, as&nbsp;unhas peroladas&nbsp;voltam a ganhar espa\u00e7o nos sal\u00f5es como uma escolha discreta, iluminada e vers\u00e1til, que combina com diferentes idades e estilos. O brilho acetinado, mais suave que o glitter e menos chamativo que o metalizado, cria um efeito de unha polida e saud\u00e1vel, perfeito para quem gosta de [&hellip;]<\/p>\n","protected":false},"author":11,"featured_media":182039,"comment_status":"open","ping_status":"open","sticky":false,"template":"","format":"standard","meta":{"jnews-multi-image_gallery":[],"jnews_single_post":{"format":"standard"},"jnews_primary_category":[],"jnews_social_meta":[],"jnews_override_counter":[],"footnotes":""},"categories":[8819,1],"tags":[2616,8887,7660,5354,26261],"class_list":["post-182022","post","type-post","status-publish","format-standard","has-post-thumbnail","hentry","category-curiosidades","category-noticias","tag-beleza","tag-esmalte","tag-manicure","tag-unhas","tag-unhas-peroladas"],"yoast_head":"<!-- This site is optimized with the Yoast SEO plugin v23.8 - https:\/\/yoast.com\/wordpress\/plugins\/seo\/ -->\n<title>A tend\u00eancia de unhas peroladas que ser\u00e3o um sucesso nos sal\u00f5es de beleza em abril entre mulheres com mais de 60 anos - Estado de Minas - Em foco<\/title>\n<meta name=\"description\" content=\"Delicadas e sofisticadas, as unhas peroladas est\u00e3o ganhando espa\u00e7o nos sal\u00f5es. Entenda como esse brilho suave transforma o visual das m\u00e3os.\" \/>\n<meta name=\"robots\" content=\"index, follow, max-snippet:-1, max-image-preview:large, max-video-preview:-1\" \/>\n<link rel=\"canonical\" href=\"https:\/\/www.em.com.br\/emfoco\/2026\/03\/17\/a-tendencia-de-unhas-peroladas-que-serao-um-sucesso-nos-saloes-de-beleza-em-abril-entre-mulheres-com-mais-de-60-anos\/\" \/>\n<meta property=\"og:locale\" content=\"pt_BR\" \/>\n<meta property=\"og:type\" content=\"article\" \/>\n<meta property=\"og:title\" content=\"A tend\u00eancia de unhas peroladas que ser\u00e3o um sucesso nos sal\u00f5es de beleza em abril entre mulheres com mais de 60 anos - Estado de Minas - Em foco\" \/>\n<meta property=\"og:description\" content=\"Delicadas e sofisticadas, as unhas peroladas est\u00e3o ganhando espa\u00e7o nos sal\u00f5es. Entenda como esse brilho suave transforma o visual das m\u00e3os.\" \/>\n<meta property=\"og:url\" content=\"https:\/\/www.em.com.br\/emfoco\/2026\/03\/17\/a-tendencia-de-unhas-peroladas-que-serao-um-sucesso-nos-saloes-de-beleza-em-abril-entre-mulheres-com-mais-de-60-anos\/\" \/>\n<meta property=\"og:site_name\" content=\"Estado de Minas - Em foco\" \/>\n<meta property=\"article:published_time\" content=\"2026-03-17T11:30:00+00:00\" \/>\n<meta property=\"article:modified_time\" content=\"2026-03-16T23:41:20+00:00\" \/>\n<meta property=\"og:image\" content=\"https:\/\/www.em.com.br\/emfoco\/wp-content\/uploads\/2026\/03\/Gemini_Generated_Image_f787xhf787xhf787-1.png\" \/>\n\t<meta property=\"og:image:width\" content=\"1280\" \/>\n\t<meta property=\"og:image:height\" content=\"720\" \/>\n\t<meta property=\"og:image:type\" content=\"image\/png\" \/>\n<meta name=\"author\" content=\"Andre\u0301 Rangel\u00a0\" \/>\n<meta name=\"twitter:card\" content=\"summary_large_image\" \/>\n<meta name=\"twitter:label1\" content=\"Escrito por\" \/>\n\t<meta name=\"twitter:data1\" content=\"Andre\u0301 Rangel\u00a0\" \/>\n\t<meta name=\"twitter:label2\" content=\"Est. tempo de leitura\" \/>\n\t<meta name=\"twitter:data2\" content=\"4 minutos\" \/>\n<!-- \/ Yoast SEO plugin. -->","yoast_head_json":{"title":"A tend\u00eancia de unhas peroladas que ser\u00e3o um sucesso nos sal\u00f5es de beleza em abril entre mulheres com mais de 60 anos - Estado de Minas - Em foco","description":"Delicadas e sofisticadas, as unhas peroladas est\u00e3o ganhando espa\u00e7o nos sal\u00f5es. Entenda como esse brilho suave transforma o visual das m\u00e3os.","robots":{"index":"index","follow":"follow","max-snippet":"max-snippet:-1","max-image-preview":"max-image-preview:large","max-video-preview":"max-video-preview:-1"},"canonical":"https:\/\/www.em.com.br\/emfoco\/2026\/03\/17\/a-tendencia-de-unhas-peroladas-que-serao-um-sucesso-nos-saloes-de-beleza-em-abril-entre-mulheres-com-mais-de-60-anos\/","og_locale":"pt_BR","og_type":"article","og_title":"A tend\u00eancia de unhas peroladas que ser\u00e3o um sucesso nos sal\u00f5es de beleza em abril entre mulheres com mais de 60 anos - Estado de Minas - Em foco","og_description":"Delicadas e sofisticadas, as unhas peroladas est\u00e3o ganhando espa\u00e7o nos sal\u00f5es. Entenda como esse brilho suave transforma o visual das m\u00e3os.","og_url":"https:\/\/www.em.com.br\/emfoco\/2026\/03\/17\/a-tendencia-de-unhas-peroladas-que-serao-um-sucesso-nos-saloes-de-beleza-em-abril-entre-mulheres-com-mais-de-60-anos\/","og_site_name":"Estado de Minas - Em foco","article_published_time":"2026-03-17T11:30:00+00:00","article_modified_time":"2026-03-16T23:41:20+00:00","og_image":[{"width":1280,"height":720,"url":"https:\/\/www.em.com.br\/emfoco\/wp-content\/uploads\/2026\/03\/Gemini_Generated_Image_f787xhf787xhf787-1.png","type":"image\/png"}],"author":"Andre\u0301 Rangel\u00a0","twitter_card":"summary_large_image","twitter_misc":{"Escrito por":"Andre\u0301 Rangel\u00a0","Est. tempo de leitura":"4 minutos"},"schema":{"@context":"https:\/\/schema.org","@graph":[{"@type":"WebPage","@id":"https:\/\/www.em.com.br\/emfoco\/2026\/03\/17\/a-tendencia-de-unhas-peroladas-que-serao-um-sucesso-nos-saloes-de-beleza-em-abril-entre-mulheres-com-mais-de-60-anos\/","url":"https:\/\/www.em.com.br\/emfoco\/2026\/03\/17\/a-tendencia-de-unhas-peroladas-que-serao-um-sucesso-nos-saloes-de-beleza-em-abril-entre-mulheres-com-mais-de-60-anos\/","name":"A tend\u00eancia de unhas peroladas que ser\u00e3o um sucesso nos sal\u00f5es de beleza em abril entre mulheres com mais de 60 anos - Estado de Minas - Em foco","isPartOf":{"@id":"https:\/\/www.em.com.br\/emfoco\/#website"},"primaryImageOfPage":{"@id":"https:\/\/www.em.com.br\/emfoco\/2026\/03\/17\/a-tendencia-de-unhas-peroladas-que-serao-um-sucesso-nos-saloes-de-beleza-em-abril-entre-mulheres-com-mais-de-60-anos\/#primaryimage"},"image":{"@id":"https:\/\/www.em.com.br\/emfoco\/2026\/03\/17\/a-tendencia-de-unhas-peroladas-que-serao-um-sucesso-nos-saloes-de-beleza-em-abril-entre-mulheres-com-mais-de-60-anos\/#primaryimage"},"thumbnailUrl":"https:\/\/www.em.com.br\/emfoco\/wp-content\/uploads\/2026\/03\/Gemini_Generated_Image_f787xhf787xhf787-1.png","datePublished":"2026-03-17T11:30:00+00:00","dateModified":"2026-03-16T23:41:20+00:00","author":{"@id":"https:\/\/www.em.com.br\/emfoco\/#\/schema\/person\/60eda09c1fedf0d6891f4cef4b60b8b8"},"description":"Delicadas e sofisticadas, as unhas peroladas est\u00e3o ganhando espa\u00e7o nos sal\u00f5es. Entenda como esse brilho suave transforma o visual das m\u00e3os.","breadcrumb":{"@id":"https:\/\/www.em.com.br\/emfoco\/2026\/03\/17\/a-tendencia-de-unhas-peroladas-que-serao-um-sucesso-nos-saloes-de-beleza-em-abril-entre-mulheres-com-mais-de-60-anos\/#breadcrumb"},"inLanguage":"pt-BR","potentialAction":[{"@type":"ReadAction","target":["https:\/\/www.em.com.br\/emfoco\/2026\/03\/17\/a-tendencia-de-unhas-peroladas-que-serao-um-sucesso-nos-saloes-de-beleza-em-abril-entre-mulheres-com-mais-de-60-anos\/"]}]},{"@type":"ImageObject","inLanguage":"pt-BR","@id":"https:\/\/www.em.com.br\/emfoco\/2026\/03\/17\/a-tendencia-de-unhas-peroladas-que-serao-um-sucesso-nos-saloes-de-beleza-em-abril-entre-mulheres-com-mais-de-60-anos\/#primaryimage","url":"https:\/\/www.em.com.br\/emfoco\/wp-content\/uploads\/2026\/03\/Gemini_Generated_Image_f787xhf787xhf787-1.png","contentUrl":"https:\/\/www.em.com.br\/emfoco\/wp-content\/uploads\/2026\/03\/Gemini_Generated_Image_f787xhf787xhf787-1.png","width":1280,"height":720,"caption":"Unhas peroladas combinam delicadeza e brilho na medida certa"},{"@type":"BreadcrumbList","@id":"https:\/\/www.em.com.br\/emfoco\/2026\/03\/17\/a-tendencia-de-unhas-peroladas-que-serao-um-sucesso-nos-saloes-de-beleza-em-abril-entre-mulheres-com-mais-de-60-anos\/#breadcrumb","itemListElement":[{"@type":"ListItem","position":1,"name":"In\u00edcio","item":"https:\/\/www.em.com.br\/emfoco\/"},{"@type":"ListItem","position":2,"name":"A tend\u00eancia de unhas peroladas que ser\u00e3o um sucesso nos sal\u00f5es de beleza em abril entre mulheres com mais de 60 anos"}]},{"@type":"WebSite","@id":"https:\/\/www.em.com.br\/emfoco\/#website","url":"https:\/\/www.em.com.br\/emfoco\/","name":"Estado de Minas - Em foco","description":"Acompanhe as \u00faltimas not\u00edcias e fique bem informado sobre tudo o que acontece em Minas Gerais, Brasil e no mundo.","potentialAction":[{"@type":"SearchAction","target":{"@type":"EntryPoint","urlTemplate":"https:\/\/www.em.com.br\/emfoco\/?s={search_term_string}"},"query-input":{"@type":"PropertyValueSpecification","valueRequired":true,"valueName":"search_term_string"}}],"inLanguage":"pt-BR"},{"@type":"Person","@id":"https:\/\/www.em.com.br\/emfoco\/#\/schema\/person\/60eda09c1fedf0d6891f4cef4b60b8b8","name":"Andre\u0301 Rangel\u00a0","image":{"@type":"ImageObject","inLanguage":"pt-BR","@id":"https:\/\/www.em.com.br\/emfoco\/#\/schema\/person\/image\/","url":"https:\/\/secure.gravatar.com\/avatar\/6234dc814c77c8ef6d8bba622c787efc?s=96&d=mm&r=g","contentUrl":"https:\/\/secure.gravatar.com\/avatar\/6234dc814c77c8ef6d8bba622c787efc?s=96&d=mm&r=g","caption":"Andre\u0301 Rangel\u00a0"},"url":"https:\/\/www.em.com.br\/emfoco\/author\/luizmyth\/"}]}},"_links":{"self":[{"href":"https:\/\/www.em.com.br\/emfoco\/wp-json\/wp\/v2\/posts\/182022","targetHints":{"allow":["GET"]}}],"collection":[{"href":"https:\/\/www.em.com.br\/emfoco\/wp-json\/wp\/v2\/posts"}],"about":[{"href":"https:\/\/www.em.com.br\/emfoco\/wp-json\/wp\/v2\/types\/post"}],"author":[{"embeddable":true,"href":"https:\/\/www.em.com.br\/emfoco\/wp-json\/wp\/v2\/users\/11"}],"replies":[{"embeddable":true,"href":"https:\/\/www.em.com.br\/emfoco\/wp-json\/wp\/v2\/comments?post=182022"}],"version-history":[{"count":3,"href":"https:\/\/www.em.com.br\/emfoco\/wp-json\/wp\/v2\/posts\/182022\/revisions"}],"predecessor-version":[{"id":182037,"href":"https:\/\/www.em.com.br\/emfoco\/wp-json\/wp\/v2\/posts\/182022\/revisions\/182037"}],"wp:featuredmedia":[{"embeddable":true,"href":"https:\/\/www.em.com.br\/emfoco\/wp-json\/wp\/v2\/media\/182039"}],"wp:attachment":[{"href":"https:\/\/www.em.com.br\/emfoco\/wp-json\/wp\/v2\/media?parent=182022"}],"wp:term":[{"taxonomy":"category","embeddable":true,"href":"https:\/\/www.em.com.br\/emfoco\/wp-json\/wp\/v2\/categories?post=182022"},{"taxonomy":"post_tag","embeddable":true,"href":"https:\/\/www.em.com.br\/emfoco\/wp-json\/wp\/v2\/tags?post=182022"}],"curies":[{"name":"wp","href":"https:\/\/api.w.org\/{rel}","templated":true}]}}