{"id":181962,"date":"2026-03-17T13:35:00","date_gmt":"2026-03-17T16:35:00","guid":{"rendered":"https:\/\/www.em.com.br\/emfoco\/?p=181962"},"modified":"2026-03-16T14:08:20","modified_gmt":"2026-03-16T17:08:20","slug":"receita-federal-confirma-mudancas-no-imposto-de-renda-2026-veja-as-novas-faixas-e-quem-pode-pagar-menos-imposto","status":"publish","type":"post","link":"https:\/\/www.em.com.br\/emfoco\/2026\/03\/17\/receita-federal-confirma-mudancas-no-imposto-de-renda-2026-veja-as-novas-faixas-e-quem-pode-pagar-menos-imposto\/","title":{"rendered":"Receita Federal confirma mudan\u00e7as no Imposto de Renda 2026: veja as novas faixas e quem pode pagar menos imposto"},"content":{"rendered":"\n<p>O an\u00fancio das regras do&nbsp;<strong>Imposto de Renda 2026<\/strong>&nbsp;pela Receita Federal marca o in\u00edcio de um per\u00edodo importante para milh\u00f5es de contribuintes, que precisam se organizar com anteced\u00eancia diante das novas faixas de isen\u00e7\u00e3o, poss\u00edveis ajustes fiscais e ferramentas digitais que prometem facilitar a entrega das declara\u00e7\u00f5es relativas aos rendimentos de 2025.<\/p>\n\n\n\n<h2 class=\"wp-block-heading\">O que muda nas regras do Imposto de Renda 2026<\/h2>\n\n\n\n<p>As regras do&nbsp;<strong>Imposto de Renda 2026<\/strong>&nbsp;envolvem pontos pr\u00e1ticos para quem declara rendimentos, com impacto direto no valor a pagar ou a restituir. Ganha destaque a atualiza\u00e7\u00e3o da faixa de isen\u00e7\u00e3o e a redu\u00e7\u00e3o gradual do imposto para determinadas faixas de renda.<\/p>\n\n\n\n<p>Uma mudan\u00e7a central \u00e9 a nova faixa de isen\u00e7\u00e3o para rendimentos mensais de at\u00e9&nbsp;<strong>R$ 5.000<\/strong>, al\u00e9m da redu\u00e7\u00e3o do imposto para sal\u00e1rios entre&nbsp;<strong>R$ 5.000,01<\/strong>&nbsp;e&nbsp;<strong>R$ 7.350<\/strong>, ampliando o n\u00famero de contribuintes isentos e aliviando parcialmente quem ganha um pouco acima desse limite.<\/p>\n\n\n\n<p>Confira o v\u00eddeo compartilhado pelo canal do YouTube <a href=\"https:\/\/www.youtube.com\/@ContadoradaBolsa\" target=\"_blank\" rel=\"noreferrer noopener\"><strong>Contadora da Bolsa<\/strong><\/a> falando sobre 3 mudan\u00e7as para o Imposto de Renda em 2026.<\/p>\n\n\n\n<figure class=\"wp-block-embed is-type-video is-provider-youtube wp-block-embed-youtube wp-embed-aspect-16-9 wp-has-aspect-ratio\"><div class=\"wp-block-embed__wrapper\">\n<div class=\"jeg_video_container jeg_video_content\"><iframe loading=\"lazy\" title=\"IMPOSTO DE RENDA 2026: 3 MUDAN\u00c7AS QUE PODEM TE SURPREENDER NA DECLARA\u00c7\u00c3O\" width=\"500\" height=\"281\" src=\"https:\/\/www.youtube.com\/embed\/Oqqqy7tQ2-c?feature=oembed\" frameborder=\"0\" allow=\"accelerometer; autoplay; clipboard-write; encrypted-media; gyroscope; picture-in-picture; web-share\" referrerpolicy=\"strict-origin-when-cross-origin\" allowfullscreen><\/iframe><\/div>\n<\/div><\/figure>\n\n\n\n<h2 class=\"wp-block-heading\">Como funciona o calend\u00e1rio e a prepara\u00e7\u00e3o para o IR 2026<\/h2>\n\n\n\n<p>O calend\u00e1rio oficial do\u00a0<strong><a href=\"https:\/\/www.em.com.br\/emfoco\/2026\/03\/11\/imposto-de-renda-2026-veja-quem-esta-obrigado-a-declarar-e-quem-pode-ficar-dispensado-pela-receita-federal\/\" target=\"_blank\" rel=\"noreferrer noopener\">Imposto de Renda 2026<\/a><\/strong>\u00a0define datas de in\u00edcio e fim para o envio das declara\u00e7\u00f5es e para eventuais retifica\u00e7\u00f5es. Seguir esses prazos ajuda a evitar congestionamentos nos sistemas e multas por atraso.<\/p>\n\n\n\n<p>A declara\u00e7\u00e3o de 2026 considera os rendimentos de 2025, exigindo aten\u00e7\u00e3o a informes de sal\u00e1rios, aposentadorias, alugu\u00e9is, investimentos e despesas dedut\u00edveis. Quanto antes esses documentos forem reunidos, menor o risco de erros e de cair na malha fina.<\/p>\n\n\n\n<h2 class=\"wp-block-heading\">Como organizar documentos e evitar problemas com a Receita Federal<\/h2>\n\n\n\n<p>Para reduzir erros, \u00e9 essencial que todas as informa\u00e7\u00f5es declaradas no&nbsp;<strong>Imposto de Renda 2026<\/strong>&nbsp;coincidam com os dados enviados por empresas, bancos, planos de sa\u00fade e outras fontes pagadoras. Diverg\u00eancias s\u00e3o a causa mais comum de reten\u00e7\u00e3o de restitui\u00e7\u00e3o e exig\u00eancia de esclarecimentos.<\/p>\n\n\n\n<p>A seguir, veja alguns cuidados que ajudam a evitar problemas com a Receita Federal:<\/p>\n\n\n\n<ul class=\"wp-block-list\">\n<li><strong>Conferir informes<\/strong>\u00a0de sal\u00e1rios, juros, dividendos e demais rendimentos com os dados das institui\u00e7\u00f5es.<\/li>\n\n\n\n<li><strong>Registrar todos os rendimentos<\/strong>, incluindo trabalhos tempor\u00e1rios, alugu\u00e9is e servi\u00e7os como aut\u00f4nomo.<\/li>\n\n\n\n<li><strong>Comprovar despesas dedut\u00edveis<\/strong>, mantendo recibos e notas fiscais organizados.<\/li>\n\n\n\n<li><strong>Revisar a declara\u00e7\u00e3o<\/strong>\u00a0antes do envio, checando campos obrigat\u00f3rios, CPFs e dados banc\u00e1rios.<\/li>\n\n\n\n<li><strong>Respeitar os prazos<\/strong>\u00a0definidos pela Receita para envio e retifica\u00e7\u00e3o.<\/li>\n<\/ul>\n\n\n\n<h2 class=\"wp-block-heading\">Como ficam as novas faixas de isen\u00e7\u00e3o, tabelas e imposto m\u00ednimo em 2026<\/h2>\n\n\n\n<p>Com a nova regra, ficam isentos do IR em 2026 trabalhadores formais, servidores, aposentados e pensionistas com renda mensal total de at\u00e9&nbsp;<strong>R$ 5.000<\/strong>. Para rendimentos entre&nbsp;<strong>R$ 5.000,01<\/strong>&nbsp;e&nbsp;<strong>R$ 7.350<\/strong>, h\u00e1 redu\u00e7\u00e3o parcial e decrescente do imposto, inclusive sobre o&nbsp;<strong>13\u00ba sal\u00e1rio<\/strong>.<\/p>\n\n\n\n<figure class=\"wp-block-image size-large\"><img loading=\"lazy\" decoding=\"async\" width=\"1024\" height=\"429\" src=\"https:\/\/www.em.com.br\/emfoco\/wp-content\/uploads\/2026\/03\/convertido-26-1024x429.jpg\" alt=\"Receita Federal confirma mudan\u00e7as no Imposto de Renda 2026: veja as novas faixas e quem pode pagar menos imposto\" class=\"wp-image-181973\" srcset=\"https:\/\/www.em.com.br\/emfoco\/wp-content\/uploads\/2026\/03\/convertido-26-1024x429.jpg 1024w, https:\/\/www.em.com.br\/emfoco\/wp-content\/uploads\/2026\/03\/convertido-26-300x126.jpg 300w, https:\/\/www.em.com.br\/emfoco\/wp-content\/uploads\/2026\/03\/convertido-26-768x322.jpg 768w, https:\/\/www.em.com.br\/emfoco\/wp-content\/uploads\/2026\/03\/convertido-26-750x314.jpg 750w, https:\/\/www.em.com.br\/emfoco\/wp-content\/uploads\/2026\/03\/convertido-26-1140x477.jpg 1140w, https:\/\/www.em.com.br\/emfoco\/wp-content\/uploads\/2026\/03\/convertido-26.jpg 1280w\" sizes=\"auto, (max-width: 1024px) 100vw, 1024px\" \/><figcaption class=\"wp-element-caption\">Tabela progressiva reduz imposto para sal\u00e1rios de at\u00e9 sete mil reais<\/figcaption><\/figure>\n\n\n\n<h2 class=\"wp-block-heading\">Por que o Imposto de Renda 2026 exige aten\u00e7\u00e3o redobrada agora<\/h2>\n\n\n\n<p>O detalhamento das regras do&nbsp;<strong>Imposto de Renda 2026<\/strong>&nbsp;influencia decis\u00f5es financeiras ao longo do ano, desde investimentos e compras de maior valor at\u00e9 o planejamento de despesas dedut\u00edveis. Profissionais de contabilidade e empresas tamb\u00e9m ajustam rotinas com base nessas diretrizes para evitar inconsist\u00eancias e atrasos.<\/p>\n\n\n\n<p>N\u00e3o espere a abertura do prazo para come\u00e7ar a agir: organize seus documentos, revise rendimentos e despesas e busque orienta\u00e7\u00e3o especializada se tiver d\u00favidas. Aproveite as novas faixas de isen\u00e7\u00e3o e redu\u00e7\u00f5es, mas aja agora para garantir que sua declara\u00e7\u00e3o de 2026 seja entregue sem erros, sem multas e com a melhor restitui\u00e7\u00e3o poss\u00edvel.<\/p>\n","protected":false},"excerpt":{"rendered":"<p>O an\u00fancio das regras do&nbsp;Imposto de Renda 2026&nbsp;pela Receita Federal marca o in\u00edcio de um per\u00edodo importante para milh\u00f5es de contribuintes, que precisam se organizar com anteced\u00eancia diante das novas faixas de isen\u00e7\u00e3o, poss\u00edveis ajustes fiscais e ferramentas digitais que prometem facilitar a entrega das declara\u00e7\u00f5es relativas aos rendimentos de 2025. O que muda nas [&hellip;]<\/p>\n","protected":false},"author":13,"featured_media":181978,"comment_status":"open","ping_status":"open","sticky":false,"template":"","format":"standard","meta":{"jnews-multi-image_gallery":[],"jnews_single_post":{"format":"standard"},"jnews_primary_category":[],"jnews_social_meta":[],"jnews_override_counter":[],"footnotes":""},"categories":[28],"tags":[160,713,2208],"class_list":["post-181962","post","type-post","status-publish","format-standard","has-post-thumbnail","hentry","category-economia","tag-economia","tag-imposto-de-renda","tag-receita-federal"],"yoast_head":"<!-- This site is optimized with the Yoast SEO plugin v23.8 - https:\/\/yoast.com\/wordpress\/plugins\/seo\/ -->\n<title>Receita Federal confirma mudan\u00e7as no Imposto de Renda 2026: veja as novas faixas e quem pode pagar menos imposto - Estado de Minas - Em foco<\/title>\n<meta name=\"description\" content=\"Saiba tudo sobre a tabela do Imposto de Renda 2026. Entenda as novas faixas de isen\u00e7\u00e3o e como garantir sua restitui\u00e7\u00e3o sem erros ou multas.\" \/>\n<meta name=\"robots\" content=\"index, follow, max-snippet:-1, max-image-preview:large, max-video-preview:-1\" \/>\n<link rel=\"canonical\" href=\"https:\/\/www.em.com.br\/emfoco\/2026\/03\/17\/receita-federal-confirma-mudancas-no-imposto-de-renda-2026-veja-as-novas-faixas-e-quem-pode-pagar-menos-imposto\/\" \/>\n<meta property=\"og:locale\" content=\"pt_BR\" \/>\n<meta property=\"og:type\" content=\"article\" \/>\n<meta property=\"og:title\" content=\"Receita Federal confirma mudan\u00e7as no Imposto de Renda 2026: veja as novas faixas e quem pode pagar menos imposto - Estado de Minas - Em foco\" \/>\n<meta property=\"og:description\" content=\"Saiba tudo sobre a tabela do Imposto de Renda 2026. Entenda as novas faixas de isen\u00e7\u00e3o e como garantir sua restitui\u00e7\u00e3o sem erros ou multas.\" \/>\n<meta property=\"og:url\" content=\"https:\/\/www.em.com.br\/emfoco\/2026\/03\/17\/receita-federal-confirma-mudancas-no-imposto-de-renda-2026-veja-as-novas-faixas-e-quem-pode-pagar-menos-imposto\/\" \/>\n<meta property=\"og:site_name\" content=\"Estado de Minas - Em foco\" \/>\n<meta property=\"article:published_time\" content=\"2026-03-17T16:35:00+00:00\" \/>\n<meta property=\"article:modified_time\" content=\"2026-03-16T17:08:20+00:00\" \/>\n<meta property=\"og:image\" content=\"https:\/\/www.em.com.br\/emfoco\/wp-content\/uploads\/2026\/03\/1-86.jpg\" \/>\n\t<meta property=\"og:image:width\" content=\"1280\" \/>\n\t<meta property=\"og:image:height\" content=\"720\" \/>\n\t<meta property=\"og:image:type\" content=\"image\/jpeg\" \/>\n<meta name=\"author\" content=\"Gabriel Martins\" \/>\n<meta name=\"twitter:card\" content=\"summary_large_image\" \/>\n<meta name=\"twitter:label1\" content=\"Escrito por\" \/>\n\t<meta name=\"twitter:data1\" content=\"Gabriel Martins\" \/>\n\t<meta name=\"twitter:label2\" content=\"Est. tempo de leitura\" \/>\n\t<meta name=\"twitter:data2\" content=\"4 minutos\" \/>\n<!-- \/ Yoast SEO plugin. -->","yoast_head_json":{"title":"Receita Federal confirma mudan\u00e7as no Imposto de Renda 2026: veja as novas faixas e quem pode pagar menos imposto - Estado de Minas - Em foco","description":"Saiba tudo sobre a tabela do Imposto de Renda 2026. Entenda as novas faixas de isen\u00e7\u00e3o e como garantir sua restitui\u00e7\u00e3o sem erros ou multas.","robots":{"index":"index","follow":"follow","max-snippet":"max-snippet:-1","max-image-preview":"max-image-preview:large","max-video-preview":"max-video-preview:-1"},"canonical":"https:\/\/www.em.com.br\/emfoco\/2026\/03\/17\/receita-federal-confirma-mudancas-no-imposto-de-renda-2026-veja-as-novas-faixas-e-quem-pode-pagar-menos-imposto\/","og_locale":"pt_BR","og_type":"article","og_title":"Receita Federal confirma mudan\u00e7as no Imposto de Renda 2026: veja as novas faixas e quem pode pagar menos imposto - Estado de Minas - Em foco","og_description":"Saiba tudo sobre a tabela do Imposto de Renda 2026. Entenda as novas faixas de isen\u00e7\u00e3o e como garantir sua restitui\u00e7\u00e3o sem erros ou multas.","og_url":"https:\/\/www.em.com.br\/emfoco\/2026\/03\/17\/receita-federal-confirma-mudancas-no-imposto-de-renda-2026-veja-as-novas-faixas-e-quem-pode-pagar-menos-imposto\/","og_site_name":"Estado de Minas - Em foco","article_published_time":"2026-03-17T16:35:00+00:00","article_modified_time":"2026-03-16T17:08:20+00:00","og_image":[{"width":1280,"height":720,"url":"https:\/\/www.em.com.br\/emfoco\/wp-content\/uploads\/2026\/03\/1-86.jpg","type":"image\/jpeg"}],"author":"Gabriel Martins","twitter_card":"summary_large_image","twitter_misc":{"Escrito por":"Gabriel Martins","Est. tempo de leitura":"4 minutos"},"schema":{"@context":"https:\/\/schema.org","@graph":[{"@type":"WebPage","@id":"https:\/\/www.em.com.br\/emfoco\/2026\/03\/17\/receita-federal-confirma-mudancas-no-imposto-de-renda-2026-veja-as-novas-faixas-e-quem-pode-pagar-menos-imposto\/","url":"https:\/\/www.em.com.br\/emfoco\/2026\/03\/17\/receita-federal-confirma-mudancas-no-imposto-de-renda-2026-veja-as-novas-faixas-e-quem-pode-pagar-menos-imposto\/","name":"Receita Federal confirma mudan\u00e7as no Imposto de Renda 2026: veja as novas faixas e quem pode pagar menos imposto - Estado de Minas - Em foco","isPartOf":{"@id":"https:\/\/www.em.com.br\/emfoco\/#website"},"primaryImageOfPage":{"@id":"https:\/\/www.em.com.br\/emfoco\/2026\/03\/17\/receita-federal-confirma-mudancas-no-imposto-de-renda-2026-veja-as-novas-faixas-e-quem-pode-pagar-menos-imposto\/#primaryimage"},"image":{"@id":"https:\/\/www.em.com.br\/emfoco\/2026\/03\/17\/receita-federal-confirma-mudancas-no-imposto-de-renda-2026-veja-as-novas-faixas-e-quem-pode-pagar-menos-imposto\/#primaryimage"},"thumbnailUrl":"https:\/\/www.em.com.br\/emfoco\/wp-content\/uploads\/2026\/03\/1-86.jpg","datePublished":"2026-03-17T16:35:00+00:00","dateModified":"2026-03-16T17:08:20+00:00","author":{"@id":"https:\/\/www.em.com.br\/emfoco\/#\/schema\/person\/1c9ddeab18b98abeffef834667bcf08a"},"description":"Saiba tudo sobre a tabela do Imposto de Renda 2026. Entenda as novas faixas de isen\u00e7\u00e3o e como garantir sua restitui\u00e7\u00e3o sem erros ou multas.","breadcrumb":{"@id":"https:\/\/www.em.com.br\/emfoco\/2026\/03\/17\/receita-federal-confirma-mudancas-no-imposto-de-renda-2026-veja-as-novas-faixas-e-quem-pode-pagar-menos-imposto\/#breadcrumb"},"inLanguage":"pt-BR","potentialAction":[{"@type":"ReadAction","target":["https:\/\/www.em.com.br\/emfoco\/2026\/03\/17\/receita-federal-confirma-mudancas-no-imposto-de-renda-2026-veja-as-novas-faixas-e-quem-pode-pagar-menos-imposto\/"]}]},{"@type":"ImageObject","inLanguage":"pt-BR","@id":"https:\/\/www.em.com.br\/emfoco\/2026\/03\/17\/receita-federal-confirma-mudancas-no-imposto-de-renda-2026-veja-as-novas-faixas-e-quem-pode-pagar-menos-imposto\/#primaryimage","url":"https:\/\/www.em.com.br\/emfoco\/wp-content\/uploads\/2026\/03\/1-86.jpg","contentUrl":"https:\/\/www.em.com.br\/emfoco\/wp-content\/uploads\/2026\/03\/1-86.jpg","width":1280,"height":720,"caption":"Novas regras do Imposto de Renda trazem mudan\u00e7as importantes nas faixas isentas"},{"@type":"BreadcrumbList","@id":"https:\/\/www.em.com.br\/emfoco\/2026\/03\/17\/receita-federal-confirma-mudancas-no-imposto-de-renda-2026-veja-as-novas-faixas-e-quem-pode-pagar-menos-imposto\/#breadcrumb","itemListElement":[{"@type":"ListItem","position":1,"name":"In\u00edcio","item":"https:\/\/www.em.com.br\/emfoco\/"},{"@type":"ListItem","position":2,"name":"Receita Federal confirma mudan\u00e7as no Imposto de Renda 2026: veja as novas faixas e quem pode pagar menos imposto"}]},{"@type":"WebSite","@id":"https:\/\/www.em.com.br\/emfoco\/#website","url":"https:\/\/www.em.com.br\/emfoco\/","name":"Estado de Minas - Em foco","description":"Acompanhe as \u00faltimas not\u00edcias e fique bem informado sobre tudo o que acontece em Minas Gerais, Brasil e no mundo.","potentialAction":[{"@type":"SearchAction","target":{"@type":"EntryPoint","urlTemplate":"https:\/\/www.em.com.br\/emfoco\/?s={search_term_string}"},"query-input":{"@type":"PropertyValueSpecification","valueRequired":true,"valueName":"search_term_string"}}],"inLanguage":"pt-BR"},{"@type":"Person","@id":"https:\/\/www.em.com.br\/emfoco\/#\/schema\/person\/1c9ddeab18b98abeffef834667bcf08a","name":"Gabriel Martins","image":{"@type":"ImageObject","inLanguage":"pt-BR","@id":"https:\/\/www.em.com.br\/emfoco\/#\/schema\/person\/image\/","url":"https:\/\/secure.gravatar.com\/avatar\/f0f1e2efdfd88f1ad2cb08c5c2731e50?s=96&d=mm&r=g","contentUrl":"https:\/\/secure.gravatar.com\/avatar\/f0f1e2efdfd88f1ad2cb08c5c2731e50?s=96&d=mm&r=g","caption":"Gabriel Martins"},"sameAs":["https:\/\/www.em.com.br\/emfoco\/"],"url":"https:\/\/www.em.com.br\/emfoco\/author\/gabrielmartinsmyth\/"}]}},"_links":{"self":[{"href":"https:\/\/www.em.com.br\/emfoco\/wp-json\/wp\/v2\/posts\/181962","targetHints":{"allow":["GET"]}}],"collection":[{"href":"https:\/\/www.em.com.br\/emfoco\/wp-json\/wp\/v2\/posts"}],"about":[{"href":"https:\/\/www.em.com.br\/emfoco\/wp-json\/wp\/v2\/types\/post"}],"author":[{"embeddable":true,"href":"https:\/\/www.em.com.br\/emfoco\/wp-json\/wp\/v2\/users\/13"}],"replies":[{"embeddable":true,"href":"https:\/\/www.em.com.br\/emfoco\/wp-json\/wp\/v2\/comments?post=181962"}],"version-history":[{"count":1,"href":"https:\/\/www.em.com.br\/emfoco\/wp-json\/wp\/v2\/posts\/181962\/revisions"}],"predecessor-version":[{"id":181981,"href":"https:\/\/www.em.com.br\/emfoco\/wp-json\/wp\/v2\/posts\/181962\/revisions\/181981"}],"wp:featuredmedia":[{"embeddable":true,"href":"https:\/\/www.em.com.br\/emfoco\/wp-json\/wp\/v2\/media\/181978"}],"wp:attachment":[{"href":"https:\/\/www.em.com.br\/emfoco\/wp-json\/wp\/v2\/media?parent=181962"}],"wp:term":[{"taxonomy":"category","embeddable":true,"href":"https:\/\/www.em.com.br\/emfoco\/wp-json\/wp\/v2\/categories?post=181962"},{"taxonomy":"post_tag","embeddable":true,"href":"https:\/\/www.em.com.br\/emfoco\/wp-json\/wp\/v2\/tags?post=181962"}],"curies":[{"name":"wp","href":"https:\/\/api.w.org\/{rel}","templated":true}]}}