{"id":181960,"date":"2026-03-17T10:15:00","date_gmt":"2026-03-17T13:15:00","guid":{"rendered":"https:\/\/www.em.com.br\/emfoco\/?p=181960"},"modified":"2026-03-16T14:10:23","modified_gmt":"2026-03-16T17:10:23","slug":"novo-reajuste-do-salario-minimo-muda-aposentadorias-e-beneficios-veja-quem-pode-ganhar-mais","status":"publish","type":"post","link":"https:\/\/www.em.com.br\/emfoco\/2026\/03\/17\/novo-reajuste-do-salario-minimo-muda-aposentadorias-e-beneficios-veja-quem-pode-ganhar-mais\/","title":{"rendered":"Novo reajuste do sal\u00e1rio m\u00ednimo muda aposentadorias e benef\u00edcios: veja quem pode ganhar mais"},"content":{"rendered":"\n<p>Desde 1\u00ba de janeiro de 2026, o novo sal\u00e1rio m\u00ednimo de&nbsp;<strong>R$ 1.621,00<\/strong>&nbsp;passou a ser a refer\u00eancia direta para aposentadorias, pens\u00f5es e benef\u00edcios sociais pagos pelo&nbsp;<strong>INSS<\/strong>&nbsp;e pelo Governo Federal, impactando o&nbsp;<strong>BPC\/LOAS<\/strong>, o c\u00e1lculo de contribui\u00e7\u00f5es e o planejamento financeiro de milh\u00f5es de fam\u00edlias em todo o pa\u00eds.<\/p>\n\n\n\n<h2 class=\"wp-block-heading\">Como foi definido o novo sal\u00e1rio m\u00ednimo de R$ 1.621,00 em 2026<\/h2>\n\n\n\n<p>O valor de\u00a0<strong>R$ 1.621,00<\/strong>\u00a0foi estabelecido pelo\u00a0<strong><a href=\"https:\/\/legislacao.presidencia.gov.br\/ficha\/?\/legisla\/legislacao.nsf\/Viw_Identificacao\/DEC%2012.797-2025&amp;OpenDocument\" target=\"_blank\" rel=\"noreferrer noopener\">Decreto n\u00ba 12.797\/2025<\/a><\/strong>, regulamentando a pol\u00edtica de reajuste do sal\u00e1rio m\u00ednimo para 2026. O c\u00e1lculo combinou a reposi\u00e7\u00e3o da infla\u00e7\u00e3o medida pelo\u00a0<strong>INPC<\/strong>\u00a0em 12 meses com o crescimento do\u00a0<strong>PIB<\/strong>\u00a0de dois anos antes, respeitando os limites do arcabou\u00e7o fiscal.<\/p>\n\n\n\n<p>Assim, o sal\u00e1rio m\u00ednimo subiu de&nbsp;<strong>R$ 1.518,00<\/strong>&nbsp;em 2025 para&nbsp;<strong>R$ 1.621,00<\/strong>&nbsp;em 2026, um reajuste total de 6,79%. Esse valor tornou-se base para diversos benef\u00edcios federais, como aposentadoria por idade no piso, pens\u00e3o por morte m\u00ednima, aux\u00edlio-doen\u00e7a no valor m\u00ednimo e o pr\u00f3prio&nbsp;<strong>BPC\/LOAS<\/strong>.<\/p>\n\n\n\n<figure class=\"wp-block-image size-large\"><img loading=\"lazy\" decoding=\"async\" width=\"1024\" height=\"576\" src=\"https:\/\/www.em.com.br\/emfoco\/wp-content\/uploads\/2026\/03\/2-78-1024x576.jpg\" alt=\"Novo reajuste do sal\u00e1rio m\u00ednimo muda aposentadorias e benef\u00edcios: veja quem pode ganhar mais\" class=\"wp-image-181979\" srcset=\"https:\/\/www.em.com.br\/emfoco\/wp-content\/uploads\/2026\/03\/2-78-1024x576.jpg 1024w, https:\/\/www.em.com.br\/emfoco\/wp-content\/uploads\/2026\/03\/2-78-300x169.jpg 300w, https:\/\/www.em.com.br\/emfoco\/wp-content\/uploads\/2026\/03\/2-78-768x432.jpg 768w, https:\/\/www.em.com.br\/emfoco\/wp-content\/uploads\/2026\/03\/2-78-750x422.jpg 750w, https:\/\/www.em.com.br\/emfoco\/wp-content\/uploads\/2026\/03\/2-78-1140x641.jpg 1140w, https:\/\/www.em.com.br\/emfoco\/wp-content\/uploads\/2026\/03\/2-78.jpg 1280w\" sizes=\"auto, (max-width: 1024px) 100vw, 1024px\" \/><figcaption class=\"wp-element-caption\">O Decreto 12.797\/2025 regulamentou a pol\u00edtica de reajuste para este ano<\/figcaption><\/figure>\n\n\n\n<h2 class=\"wp-block-heading\">O novo sal\u00e1rio m\u00ednimo de R$ 1.621,00 altera aposentadorias do INSS em 2026<\/h2>\n\n\n\n<p>Para quem recebe\u00a0<strong>um sal\u00e1rio m\u00ednimo do <a href=\"https:\/\/www.em.com.br\/emfoco\/2026\/03\/15\/doenca-ou-acidente-podem-garantir-dois-beneficios-no-inss-mas-a-maioria-dos-trabalhadores-desconhece-a-diferenca\/\" target=\"_blank\" rel=\"noreferrer noopener\">INSS<\/a><\/strong>, o aumento \u00e9 aplicado automaticamente, sem necessidade de pedido. Benef\u00edcios como aposentadoria por idade rural no piso, pens\u00e3o por morte atrelada ao m\u00ednimo e aux\u00edlio-doen\u00e7a no menor valor passaram para\u00a0<strong>R$ 1.621,00<\/strong>\u00a0a partir da compet\u00eancia janeiro de 2026.<\/p>\n\n\n\n<p>A Constitui\u00e7\u00e3o Federal garante que nenhum benef\u00edcio previdenci\u00e1rio que substitua renda de trabalho fique abaixo do sal\u00e1rio m\u00ednimo. J\u00e1 benef\u00edcios&nbsp;<strong>acima do piso<\/strong>&nbsp;s\u00e3o reajustados somente pela infla\u00e7\u00e3o medida pelo&nbsp;<strong>INPC<\/strong>, em torno de 3,9% em 2026, preservando o poder de compra, mas com aumento menor que o do piso.<\/p>\n\n\n\n<h2 class=\"wp-block-heading\">Como conferir se o reajuste do INSS foi aplicado corretamente<\/h2>\n\n\n\n<p>Embora o reajuste seja processado de forma autom\u00e1tica, \u00e9 essencial que o segurado confira os primeiros pagamentos do ano. Essa verifica\u00e7\u00e3o \u00e9 simples e pode ser feita pelos canais digitais do&nbsp;<strong>Meu INSS<\/strong>, sem necessidade de ir a uma ag\u00eancia f\u00edsica.<\/p>\n\n\n\n<p>Siga os passos abaixo para checar se o valor do seu benef\u00edcio foi corrigido de maneira adequada:<\/p>\n\n\n\n<ol class=\"wp-block-list\">\n<li>Acessar o portal ou aplicativo\u00a0<strong>Meu INSS<\/strong>\u00a0com login gov.br;<\/li>\n\n\n\n<li>Selecionar a op\u00e7\u00e3o\u00a0<strong>\u201cExtrato de Pagamento\u201d<\/strong>;<\/li>\n\n\n\n<li>Escolher o m\u00eas de janeiro de 2026 ou o primeiro m\u00eas j\u00e1 reajustado;<\/li>\n\n\n\n<li>Comparar o valor creditado com o benef\u00edcio anterior:\n<ul class=\"wp-block-list\">\n<li>Se o benef\u00edcio era de um sal\u00e1rio m\u00ednimo, conferir se passou a\u00a0<strong>R$ 1.621,00<\/strong>;<\/li>\n\n\n\n<li>Se o benef\u00edcio era acima do m\u00ednimo, verificar se houve corre\u00e7\u00e3o aproximada de\u00a0<strong>3,9%<\/strong>.<\/li>\n<\/ul>\n<\/li>\n<\/ol>\n\n\n\n<figure class=\"wp-block-image size-large\"><img loading=\"lazy\" decoding=\"async\" width=\"1024\" height=\"576\" src=\"https:\/\/www.em.com.br\/emfoco\/wp-content\/uploads\/2026\/03\/1-87-1024x576.jpg\" alt=\"Novo reajuste do sal\u00e1rio m\u00ednimo muda aposentadorias e benef\u00edcios: veja quem pode ganhar mais\" class=\"wp-image-181982\" srcset=\"https:\/\/www.em.com.br\/emfoco\/wp-content\/uploads\/2026\/03\/1-87-1024x576.jpg 1024w, https:\/\/www.em.com.br\/emfoco\/wp-content\/uploads\/2026\/03\/1-87-300x169.jpg 300w, https:\/\/www.em.com.br\/emfoco\/wp-content\/uploads\/2026\/03\/1-87-768x432.jpg 768w, https:\/\/www.em.com.br\/emfoco\/wp-content\/uploads\/2026\/03\/1-87-750x422.jpg 750w, https:\/\/www.em.com.br\/emfoco\/wp-content\/uploads\/2026\/03\/1-87-1140x641.jpg 1140w, https:\/\/www.em.com.br\/emfoco\/wp-content\/uploads\/2026\/03\/1-87.jpg 1280w\" sizes=\"auto, (max-width: 1024px) 100vw, 1024px\" \/><figcaption class=\"wp-element-caption\">Segurados podem checar novos valores atrav\u00e9s do extrato de pagamento digital<\/figcaption><\/figure>\n\n\n\n<h2 class=\"wp-block-heading\">O que muda para quem recebe o BPC\/LOAS com o sal\u00e1rio m\u00ednimo em R$ 1.621,00<\/h2>\n\n\n\n<p>O&nbsp;<strong>Benef\u00edcio de Presta\u00e7\u00e3o Continuada (BPC\/LOAS)<\/strong>, pago a idosos com 65 anos ou mais e a pessoas com defici\u00eancia em situa\u00e7\u00e3o de vulnerabilidade, \u00e9 diretamente vinculado ao sal\u00e1rio m\u00ednimo. Por isso, o valor mensal do BPC tamb\u00e9m passou para&nbsp;<strong>R$ 1.621,00<\/strong>&nbsp;em 2026, com reajuste autom\u00e1tico pelo sistema do INSS.<\/p>\n\n\n\n<p>Apesar de ter o mesmo valor do sal\u00e1rio m\u00ednimo, o BPC \u00e9 um benef\u00edcio&nbsp;<strong>assistencial<\/strong>, n\u00e3o previdenci\u00e1rio, n\u00e3o exige contribui\u00e7\u00e3o pr\u00e9via e, em regra, n\u00e3o paga 13\u00ba sal\u00e1rio. O novo piso tamb\u00e9m influencia a an\u00e1lise de&nbsp;<strong>renda familiar per capita<\/strong>&nbsp;para concess\u00e3o do benef\u00edcio, servindo como refer\u00eancia para quem j\u00e1 recebe e para novos pedidos ao longo de 2026.<\/p>\n\n\n\n<h2 class=\"wp-block-heading\">Como o novo sal\u00e1rio m\u00ednimo impacta sua vida financeira em 2026<\/h2>\n\n\n\n<p>O reajuste para&nbsp;<strong>R$ 1.621,00<\/strong>&nbsp;melhora a renda imediata de aposentados, pensionistas e benefici\u00e1rios do&nbsp;<strong>BPC<\/strong>, mas tamb\u00e9m exige aten\u00e7\u00e3o ao or\u00e7amento, pois custos de vida tendem a acompanhar a alta do piso. Entender esses impactos \u00e9 decisivo para planejar gastos, d\u00edvidas e reservas ao longo do ano.<\/p>\n\n\n\n<p>N\u00e3o espere descobrir um erro ou perder dinheiro por falta de informa\u00e7\u00e3o: revise seus extratos no&nbsp;<strong>Meu INSS<\/strong>&nbsp;ainda hoje, confira se o reajuste foi aplicado corretamente e, em caso de d\u00favida, busque orienta\u00e7\u00e3o especializada ou abra um pedido de revis\u00e3o o quanto antes para n\u00e3o comprometer sua renda mensal.<\/p>\n","protected":false},"excerpt":{"rendered":"<p>Desde 1\u00ba de janeiro de 2026, o novo sal\u00e1rio m\u00ednimo de&nbsp;R$ 1.621,00&nbsp;passou a ser a refer\u00eancia direta para aposentadorias, pens\u00f5es e benef\u00edcios sociais pagos pelo&nbsp;INSS&nbsp;e pelo Governo Federal, impactando o&nbsp;BPC\/LOAS, o c\u00e1lculo de contribui\u00e7\u00f5es e o planejamento financeiro de milh\u00f5es de fam\u00edlias em todo o pa\u00eds. Como foi definido o novo sal\u00e1rio m\u00ednimo de R$ [&hellip;]<\/p>\n","protected":false},"author":13,"featured_media":181980,"comment_status":"open","ping_status":"open","sticky":false,"template":"","format":"standard","meta":{"jnews-multi-image_gallery":[],"jnews_single_post":{"format":"standard"},"jnews_primary_category":[],"jnews_social_meta":[],"jnews_override_counter":[],"footnotes":""},"categories":[28],"tags":[4583,174,717],"class_list":["post-181960","post","type-post","status-publish","format-standard","has-post-thumbnail","hentry","category-economia","tag-bpc-loas","tag-inss","tag-salario-minimo"],"yoast_head":"<!-- This site is optimized with the Yoast SEO plugin v23.8 - https:\/\/yoast.com\/wordpress\/plugins\/seo\/ -->\n<title>Novo reajuste do sal\u00e1rio m\u00ednimo muda aposentadorias e benef\u00edcios: veja quem pode ganhar mais - Estado de Minas - Em foco<\/title>\n<meta name=\"description\" content=\"Entenda o impacto do novo sal\u00e1rio m\u00ednimo de R$ 1.621,00 em 2026 para quem recebe aposentadoria, pens\u00e3o ou BPC do INSS. Veja o que mudou.\" \/>\n<meta name=\"robots\" content=\"index, follow, max-snippet:-1, max-image-preview:large, max-video-preview:-1\" \/>\n<link rel=\"canonical\" href=\"https:\/\/www.em.com.br\/emfoco\/2026\/03\/17\/novo-reajuste-do-salario-minimo-muda-aposentadorias-e-beneficios-veja-quem-pode-ganhar-mais\/\" \/>\n<meta property=\"og:locale\" content=\"pt_BR\" \/>\n<meta property=\"og:type\" content=\"article\" \/>\n<meta property=\"og:title\" content=\"Novo reajuste do sal\u00e1rio m\u00ednimo muda aposentadorias e benef\u00edcios: veja quem pode ganhar mais - Estado de Minas - Em foco\" \/>\n<meta property=\"og:description\" content=\"Entenda o impacto do novo sal\u00e1rio m\u00ednimo de R$ 1.621,00 em 2026 para quem recebe aposentadoria, pens\u00e3o ou BPC do INSS. Veja o que mudou.\" \/>\n<meta property=\"og:url\" content=\"https:\/\/www.em.com.br\/emfoco\/2026\/03\/17\/novo-reajuste-do-salario-minimo-muda-aposentadorias-e-beneficios-veja-quem-pode-ganhar-mais\/\" \/>\n<meta property=\"og:site_name\" content=\"Estado de Minas - Em foco\" \/>\n<meta property=\"article:published_time\" content=\"2026-03-17T13:15:00+00:00\" \/>\n<meta property=\"article:modified_time\" content=\"2026-03-16T17:10:23+00:00\" \/>\n<meta property=\"og:image\" content=\"https:\/\/www.em.com.br\/emfoco\/wp-content\/uploads\/2026\/03\/3-71.jpg\" \/>\n\t<meta property=\"og:image:width\" content=\"1280\" \/>\n\t<meta property=\"og:image:height\" content=\"720\" \/>\n\t<meta property=\"og:image:type\" content=\"image\/jpeg\" \/>\n<meta name=\"author\" content=\"Gabriel Martins\" \/>\n<meta name=\"twitter:card\" content=\"summary_large_image\" \/>\n<meta name=\"twitter:label1\" content=\"Escrito por\" \/>\n\t<meta name=\"twitter:data1\" content=\"Gabriel Martins\" \/>\n\t<meta name=\"twitter:label2\" content=\"Est. tempo de leitura\" \/>\n\t<meta name=\"twitter:data2\" content=\"5 minutos\" \/>\n<!-- \/ Yoast SEO plugin. -->","yoast_head_json":{"title":"Novo reajuste do sal\u00e1rio m\u00ednimo muda aposentadorias e benef\u00edcios: veja quem pode ganhar mais - Estado de Minas - Em foco","description":"Entenda o impacto do novo sal\u00e1rio m\u00ednimo de R$ 1.621,00 em 2026 para quem recebe aposentadoria, pens\u00e3o ou BPC do INSS. Veja o que mudou.","robots":{"index":"index","follow":"follow","max-snippet":"max-snippet:-1","max-image-preview":"max-image-preview:large","max-video-preview":"max-video-preview:-1"},"canonical":"https:\/\/www.em.com.br\/emfoco\/2026\/03\/17\/novo-reajuste-do-salario-minimo-muda-aposentadorias-e-beneficios-veja-quem-pode-ganhar-mais\/","og_locale":"pt_BR","og_type":"article","og_title":"Novo reajuste do sal\u00e1rio m\u00ednimo muda aposentadorias e benef\u00edcios: veja quem pode ganhar mais - Estado de Minas - Em foco","og_description":"Entenda o impacto do novo sal\u00e1rio m\u00ednimo de R$ 1.621,00 em 2026 para quem recebe aposentadoria, pens\u00e3o ou BPC do INSS. Veja o que mudou.","og_url":"https:\/\/www.em.com.br\/emfoco\/2026\/03\/17\/novo-reajuste-do-salario-minimo-muda-aposentadorias-e-beneficios-veja-quem-pode-ganhar-mais\/","og_site_name":"Estado de Minas - Em foco","article_published_time":"2026-03-17T13:15:00+00:00","article_modified_time":"2026-03-16T17:10:23+00:00","og_image":[{"width":1280,"height":720,"url":"https:\/\/www.em.com.br\/emfoco\/wp-content\/uploads\/2026\/03\/3-71.jpg","type":"image\/jpeg"}],"author":"Gabriel Martins","twitter_card":"summary_large_image","twitter_misc":{"Escrito por":"Gabriel Martins","Est. tempo de leitura":"5 minutos"},"schema":{"@context":"https:\/\/schema.org","@graph":[{"@type":"WebPage","@id":"https:\/\/www.em.com.br\/emfoco\/2026\/03\/17\/novo-reajuste-do-salario-minimo-muda-aposentadorias-e-beneficios-veja-quem-pode-ganhar-mais\/","url":"https:\/\/www.em.com.br\/emfoco\/2026\/03\/17\/novo-reajuste-do-salario-minimo-muda-aposentadorias-e-beneficios-veja-quem-pode-ganhar-mais\/","name":"Novo reajuste do sal\u00e1rio m\u00ednimo muda aposentadorias e benef\u00edcios: veja quem pode ganhar mais - Estado de Minas - Em foco","isPartOf":{"@id":"https:\/\/www.em.com.br\/emfoco\/#website"},"primaryImageOfPage":{"@id":"https:\/\/www.em.com.br\/emfoco\/2026\/03\/17\/novo-reajuste-do-salario-minimo-muda-aposentadorias-e-beneficios-veja-quem-pode-ganhar-mais\/#primaryimage"},"image":{"@id":"https:\/\/www.em.com.br\/emfoco\/2026\/03\/17\/novo-reajuste-do-salario-minimo-muda-aposentadorias-e-beneficios-veja-quem-pode-ganhar-mais\/#primaryimage"},"thumbnailUrl":"https:\/\/www.em.com.br\/emfoco\/wp-content\/uploads\/2026\/03\/3-71.jpg","datePublished":"2026-03-17T13:15:00+00:00","dateModified":"2026-03-16T17:10:23+00:00","author":{"@id":"https:\/\/www.em.com.br\/emfoco\/#\/schema\/person\/1c9ddeab18b98abeffef834667bcf08a"},"description":"Entenda o impacto do novo sal\u00e1rio m\u00ednimo de R$ 1.621,00 em 2026 para quem recebe aposentadoria, pens\u00e3o ou BPC do INSS. Veja o que mudou.","breadcrumb":{"@id":"https:\/\/www.em.com.br\/emfoco\/2026\/03\/17\/novo-reajuste-do-salario-minimo-muda-aposentadorias-e-beneficios-veja-quem-pode-ganhar-mais\/#breadcrumb"},"inLanguage":"pt-BR","potentialAction":[{"@type":"ReadAction","target":["https:\/\/www.em.com.br\/emfoco\/2026\/03\/17\/novo-reajuste-do-salario-minimo-muda-aposentadorias-e-beneficios-veja-quem-pode-ganhar-mais\/"]}]},{"@type":"ImageObject","inLanguage":"pt-BR","@id":"https:\/\/www.em.com.br\/emfoco\/2026\/03\/17\/novo-reajuste-do-salario-minimo-muda-aposentadorias-e-beneficios-veja-quem-pode-ganhar-mais\/#primaryimage","url":"https:\/\/www.em.com.br\/emfoco\/wp-content\/uploads\/2026\/03\/3-71.jpg","contentUrl":"https:\/\/www.em.com.br\/emfoco\/wp-content\/uploads\/2026\/03\/3-71.jpg","width":1280,"height":720,"caption":"Novo sal\u00e1rio m\u00ednimo de mil seiscentos e vinte e um reais vigora"},{"@type":"BreadcrumbList","@id":"https:\/\/www.em.com.br\/emfoco\/2026\/03\/17\/novo-reajuste-do-salario-minimo-muda-aposentadorias-e-beneficios-veja-quem-pode-ganhar-mais\/#breadcrumb","itemListElement":[{"@type":"ListItem","position":1,"name":"In\u00edcio","item":"https:\/\/www.em.com.br\/emfoco\/"},{"@type":"ListItem","position":2,"name":"Novo reajuste do sal\u00e1rio m\u00ednimo muda aposentadorias e benef\u00edcios: veja quem pode ganhar mais"}]},{"@type":"WebSite","@id":"https:\/\/www.em.com.br\/emfoco\/#website","url":"https:\/\/www.em.com.br\/emfoco\/","name":"Estado de Minas - Em foco","description":"Acompanhe as \u00faltimas not\u00edcias e fique bem informado sobre tudo o que acontece em Minas Gerais, Brasil e no mundo.","potentialAction":[{"@type":"SearchAction","target":{"@type":"EntryPoint","urlTemplate":"https:\/\/www.em.com.br\/emfoco\/?s={search_term_string}"},"query-input":{"@type":"PropertyValueSpecification","valueRequired":true,"valueName":"search_term_string"}}],"inLanguage":"pt-BR"},{"@type":"Person","@id":"https:\/\/www.em.com.br\/emfoco\/#\/schema\/person\/1c9ddeab18b98abeffef834667bcf08a","name":"Gabriel Martins","image":{"@type":"ImageObject","inLanguage":"pt-BR","@id":"https:\/\/www.em.com.br\/emfoco\/#\/schema\/person\/image\/","url":"https:\/\/secure.gravatar.com\/avatar\/f0f1e2efdfd88f1ad2cb08c5c2731e50?s=96&d=mm&r=g","contentUrl":"https:\/\/secure.gravatar.com\/avatar\/f0f1e2efdfd88f1ad2cb08c5c2731e50?s=96&d=mm&r=g","caption":"Gabriel Martins"},"sameAs":["https:\/\/www.em.com.br\/emfoco\/"],"url":"https:\/\/www.em.com.br\/emfoco\/author\/gabrielmartinsmyth\/"}]}},"_links":{"self":[{"href":"https:\/\/www.em.com.br\/emfoco\/wp-json\/wp\/v2\/posts\/181960","targetHints":{"allow":["GET"]}}],"collection":[{"href":"https:\/\/www.em.com.br\/emfoco\/wp-json\/wp\/v2\/posts"}],"about":[{"href":"https:\/\/www.em.com.br\/emfoco\/wp-json\/wp\/v2\/types\/post"}],"author":[{"embeddable":true,"href":"https:\/\/www.em.com.br\/emfoco\/wp-json\/wp\/v2\/users\/13"}],"replies":[{"embeddable":true,"href":"https:\/\/www.em.com.br\/emfoco\/wp-json\/wp\/v2\/comments?post=181960"}],"version-history":[{"count":1,"href":"https:\/\/www.em.com.br\/emfoco\/wp-json\/wp\/v2\/posts\/181960\/revisions"}],"predecessor-version":[{"id":181983,"href":"https:\/\/www.em.com.br\/emfoco\/wp-json\/wp\/v2\/posts\/181960\/revisions\/181983"}],"wp:featuredmedia":[{"embeddable":true,"href":"https:\/\/www.em.com.br\/emfoco\/wp-json\/wp\/v2\/media\/181980"}],"wp:attachment":[{"href":"https:\/\/www.em.com.br\/emfoco\/wp-json\/wp\/v2\/media?parent=181960"}],"wp:term":[{"taxonomy":"category","embeddable":true,"href":"https:\/\/www.em.com.br\/emfoco\/wp-json\/wp\/v2\/categories?post=181960"},{"taxonomy":"post_tag","embeddable":true,"href":"https:\/\/www.em.com.br\/emfoco\/wp-json\/wp\/v2\/tags?post=181960"}],"curies":[{"name":"wp","href":"https:\/\/api.w.org\/{rel}","templated":true}]}}