{"id":181903,"date":"2026-03-17T11:25:00","date_gmt":"2026-03-17T14:25:00","guid":{"rendered":"https:\/\/www.em.com.br\/emfoco\/?p=181903"},"modified":"2026-03-16T16:39:36","modified_gmt":"2026-03-16T19:39:36","slug":"esse-vilarejo-mineiro-foi-eleito-o-6o-destino-mais-acolhedor-do-mundo-e-o-1o-do-brasil","status":"publish","type":"post","link":"https:\/\/www.em.com.br\/emfoco\/2026\/03\/17\/esse-vilarejo-mineiro-foi-eleito-o-6o-destino-mais-acolhedor-do-mundo-e-o-1o-do-brasil\/","title":{"rendered":"Esse vilarejo mineiro foi eleito o 6\u00ba destino mais acolhedor do mundo e o 1\u00ba do Brasil"},"content":{"rendered":"\n<p>O nevoeiro se desfaz devagar entre arauc\u00e1rias e pinheiros, revelando campos brancos de geada. <strong>Monte Verde<\/strong>, distrito de <strong>Camanducaia<\/strong> na <strong>Serra da Mantiqueira<\/strong>, \u00e9 o lugar onde o inverno brasileiro mais se parece com o europeu. A 1.554 metros de altitude e a apenas 166 km de <strong>S\u00e3o Paulo<\/strong>, o vilarejo mineiro registrou \u22124,5 \u00b0C em julho de 2021, segundo o <strong>Instituto Nacional de Meteorologia (INMET)<\/strong>, a menor marca oficial da sua esta\u00e7\u00e3o.<\/p>\n\n\n\n<h2 class=\"wp-block-heading\">Por que Monte Verde \u00e9 mais frio que Campos do Jord\u00e3o<\/h2>\n\n\n\n<p>A altitude elevada explica s\u00f3 parte do fen\u00f4meno. Monte Verde fica cercada por \u00e1reas de reflorestamento de pinus e eucaliptos, cuja umidade esfria o ar e cria diferen\u00e7as de at\u00e9 4 \u00b0C em rela\u00e7\u00e3o a localidades vizinhas. Segundo dados do <strong>INMET<\/strong>, em opera\u00e7\u00e3o no distrito desde dezembro de 2004, as m\u00ednimas no inverno frequentemente ficam abaixo de 5 \u00b0C, e geadas cobrem os campos nas madrugadas de junho a agosto.<\/p>\n\n\n\n<p>O clima \u00e9 classificado como temperado oce\u00e2nico (Cfb na escala de K\u00f6ppen), algo raro em latitude tropical. H\u00e1 registros n\u00e3o oficiais de neve em 1979 e em agosto de 1999. De acordo com levantamento do <strong>Centro de Previs\u00e3o de Tempo e Estudos Clim\u00e1ticos (CPTEC)<\/strong>, os invernos de Monte Verde t\u00eam sido consistentemente mais rigorosos que os de <strong>Campos do Jord\u00e3o<\/strong> desde o ano 2000.<\/p>\n\n\n<div class=\"wp-block-image\">\n<figure class=\"aligncenter size-large\"><img loading=\"lazy\" decoding=\"async\" width=\"1024\" height=\"576\" src=\"https:\/\/www.em.com.br\/emfoco\/wp-content\/uploads\/2025\/12\/MONTE-VERDE_1733187706488-1024x576.jpg\" alt=\"Esse destino \u00e9 conhecido como a \u201cSu\u00ed\u00e7a Mineira\u201d e prova que n\u00e3o \u00e9 preciso sair do pa\u00eds para sentir a Europa\" class=\"wp-image-139358\" srcset=\"https:\/\/www.em.com.br\/emfoco\/wp-content\/uploads\/2025\/12\/MONTE-VERDE_1733187706488-1024x576.jpg 1024w, https:\/\/www.em.com.br\/emfoco\/wp-content\/uploads\/2025\/12\/MONTE-VERDE_1733187706488-300x169.jpg 300w, https:\/\/www.em.com.br\/emfoco\/wp-content\/uploads\/2025\/12\/MONTE-VERDE_1733187706488-768x432.jpg 768w, https:\/\/www.em.com.br\/emfoco\/wp-content\/uploads\/2025\/12\/MONTE-VERDE_1733187706488-750x422.jpg 750w, https:\/\/www.em.com.br\/emfoco\/wp-content\/uploads\/2025\/12\/MONTE-VERDE_1733187706488-1140x641.jpg 1140w, https:\/\/www.em.com.br\/emfoco\/wp-content\/uploads\/2025\/12\/MONTE-VERDE_1733187706488.jpg 1280w\" sizes=\"auto, (max-width: 1024px) 100vw, 1024px\" \/><figcaption class=\"wp-element-caption\">Monte Verde \u00e9 um peda\u00e7o da Europa em solo mineiro \/\/ Cr\u00e9ditos: depositphotos.com \/ pajunior1979<\/figcaption><\/figure><\/div>\n\n\n<h2 class=\"wp-block-heading\">Qual foi o reconhecimento internacional do vilarejo<\/h2>\n\n\n\n<p>Em 2022, Monte Verde foi eleito o 6\u00ba destino mais acolhedor do mundo e o 1\u00ba do <strong>Brasil<\/strong> no <a href=\"https:\/\/www.revistahoteis.com.br\/monte-verde-mg-e-o-sexto-destino-mais-acolhedor-do-mundo-para-2022\/\" target=\"_blank\" rel=\"noreferrer noopener\"><strong>Traveller Review Awards<\/strong><\/a> da plataforma <strong>Booking.com<\/strong>, com base em mais de 232 milh\u00f5es de avalia\u00e7\u00f5es verificadas. Foi o \u00fanico representante brasileiro no top 10 global. Em 2023, o distrito ficou em 3\u00ba no ranking nacional, atr\u00e1s apenas de <strong>Porto de Galinhas<\/strong> e <strong>Penedo<\/strong>.<\/p>\n\n\n\n<p>Antes disso, o vilarejo j\u00e1 havia conquistado o t\u00edtulo de melhor destino de inverno do <strong>Brasil<\/strong> em 2008 e de destino mais rom\u00e2ntico em 2009, ambos concedidos pelo <strong>Guia Quatro Rodas<\/strong>. A vila fundada por imigrantes let\u00f5es na d\u00e9cada de 1930 conta com aproximadamente 200 estabelecimentos de hospedagem e cerca de 14 mil leitos, segundo a <strong>Ag\u00eancia de Desenvolvimento de Monte Verde e Regi\u00e3o (MOVE)<\/strong>.<\/p>\n\n\n<div class=\"wp-block-image\">\n<figure class=\"aligncenter size-large\"><img loading=\"lazy\" decoding=\"async\" width=\"1024\" height=\"576\" src=\"https:\/\/www.em.com.br\/emfoco\/wp-content\/uploads\/2025\/12\/Monte-Verde_1762389872468-1024x576.jpg\" alt=\"Esse destino \u00e9 conhecido como a \u201cSu\u00ed\u00e7a Mineira\u201d e prova que n\u00e3o \u00e9 preciso sair do pa\u00eds para sentir a Europa\" class=\"wp-image-139359\" srcset=\"https:\/\/www.em.com.br\/emfoco\/wp-content\/uploads\/2025\/12\/Monte-Verde_1762389872468-1024x576.jpg 1024w, https:\/\/www.em.com.br\/emfoco\/wp-content\/uploads\/2025\/12\/Monte-Verde_1762389872468-300x169.jpg 300w, https:\/\/www.em.com.br\/emfoco\/wp-content\/uploads\/2025\/12\/Monte-Verde_1762389872468-768x432.jpg 768w, https:\/\/www.em.com.br\/emfoco\/wp-content\/uploads\/2025\/12\/Monte-Verde_1762389872468-750x422.jpg 750w, https:\/\/www.em.com.br\/emfoco\/wp-content\/uploads\/2025\/12\/Monte-Verde_1762389872468-1140x641.jpg 1140w, https:\/\/www.em.com.br\/emfoco\/wp-content\/uploads\/2025\/12\/Monte-Verde_1762389872468.jpg 1280w\" sizes=\"auto, (max-width: 1024px) 100vw, 1024px\" \/><figcaption class=\"wp-element-caption\">Monte Verde encanta com clima frio e charme da Su\u00ed\u00e7a Mineira \/\/ Cr\u00e9ditos: depositphotos.com \/ cesarvr<\/figcaption><\/figure><\/div>\n\n\n<p><strong>Leia tamb\u00e9m: <a href=\"https:\/\/www.em.com.br\/emfoco\/2026\/03\/08\/a-vila-onde-nao-ha-bancos-nao-ha-asfalto-e-nao-ha-postes-de-luz-so-o-brilho-da-lua-sobre-as-praias-mais-bonitas-do-planeta\/\" target=\"_blank\" rel=\"noreferrer noopener\">A vila onde n\u00e3o h\u00e1 bancos, n\u00e3o h\u00e1 asfalto e n\u00e3o h\u00e1 postes de luz: s\u00f3 o brilho da lua sobre as praias mais bonitas do planeta<\/a><\/strong><\/p>\n\n\n\n<h2 class=\"wp-block-heading\">O que fazer entre trilhas e lareiras na serra<\/h2>\n\n\n\n<p>Monte Verde concentra atra\u00e7\u00f5es em um raio curto, o que permite conhecer os principais pontos em dois ou tr\u00eas dias. As experi\u00eancias combinam natureza, gastronomia e aventura:<\/p>\n\n\n\n<ul class=\"wp-block-list has-medium-font-size\">\n<li><strong>Trilha da Pedra Redonda<\/strong>: 926 metros de extens\u00e3o at\u00e9 o topo a 1.990 metros de altitude, com vista 360\u00b0 na divisa entre <strong>Minas Gerais<\/strong> e <strong>S\u00e3o Paulo<\/strong>. N\u00edvel f\u00e1cil a intermedi\u00e1rio. Ingressos pela <a href=\"https:\/\/monteverde.org.br\/trilha-pedra-redonda\/\" target=\"_blank\" rel=\"noreferrer noopener\"><strong>MOVE<\/strong><\/a>.<\/li>\n\n\n\n<li><strong>Trilha do Chap\u00e9u do Bispo<\/strong>: a mais curta e f\u00e1cil da regi\u00e3o, com 710 metros e mirantes ao longo do percurso. Ideal para fam\u00edlias.<\/li>\n\n\n\n<li><strong>Pinheiro Velho<\/strong>: arauc\u00e1ria com idade estimada de 500 anos e 1,70 metro de di\u00e2metro na base. Acesso por trilha de 200 metros no centro da vila.<\/li>\n\n\n\n<li><strong>Cervejaria Fritz<\/strong>: tour de 40 minutos com o mestre cervejeiro alem\u00e3o Jorg Schwabe, que produz receitas artesanais no estilo alem\u00e3o desde a funda\u00e7\u00e3o da casa.<\/li>\n\n\n\n<li><strong>Parque Oschin<\/strong>: trilhas entre arauc\u00e1rias, cachoeira da Siriema, playground e animais como lhamas. Funciona tamb\u00e9m como base para o <strong>Parque VillaLeta<\/strong>, de tem\u00e1tica viking.<\/li>\n\n\n\n<li><strong>Pista de Patina\u00e7\u00e3o no Gelo<\/strong>: atra\u00e7\u00e3o coberta que funciona o ano inteiro, independentemente da temperatura externa.<\/li>\n<\/ul>\n\n\n\n<p>Quem planeja um ref\u00fagio na <strong>Serra da Mantiqueira<\/strong>, vai curtir esse v\u00eddeo especialmente selecionado do canal <strong>Casal Alencar<\/strong>, que conta com mais de <strong>28 mil<\/strong> visualiza\u00e7\u00f5es, onde <strong>Bruna e Adriana Alencar<\/strong> mostram um roteiro completo de 3 dias em <strong>Monte Verde<\/strong>:<\/p>\n\n\n\n<figure class=\"wp-block-embed is-type-video is-provider-youtube wp-block-embed-youtube wp-embed-aspect-16-9 wp-has-aspect-ratio\"><div class=\"wp-block-embed__wrapper\">\n<div class=\"jeg_video_container jeg_video_content\"><iframe loading=\"lazy\" title=\"MONTE VERDE - ROTEIRO COMPLETO DE 3 DIAS NA SERRA DA MANTIQUEIRA\" width=\"500\" height=\"281\" src=\"https:\/\/www.youtube.com\/embed\/9-Mgx70Q6nM?feature=oembed\" frameborder=\"0\" allow=\"accelerometer; autoplay; clipboard-write; encrypted-media; gyroscope; picture-in-picture; web-share\" referrerpolicy=\"strict-origin-when-cross-origin\" allowfullscreen><\/iframe><\/div>\n<\/div><\/figure>\n\n\n\n<h2 class=\"wp-block-heading\">Quando o frio e o calor favorecem cada passeio<\/h2>\n\n\n\n<p>O inverno \u00e9 a alta temporada, com maior procura em julho. Quem busca pre\u00e7os menores e trilhas vazias encontra boas condi\u00e7\u00f5es entre mar\u00e7o e maio. A tabela abaixo resume o clima por esta\u00e7\u00e3o:<\/p>\n\n\n\n<style>\n    .grid-clima { display: grid; grid-template-columns: repeat(auto-fit, minmax(200px, 1fr)); gap: 15px; }\n    .card-interativo { transition: transform 0.15s cubic-bezier(0.4, 0, 0.2, 1), box-shadow 0.15s ease-in-out; cursor: pointer; -webkit-tap-highlight-color: transparent; user-select: none; }\n    .card-interativo:hover { transform: translateY(-6px); box-shadow: 0 8px 16px rgba(26, 42, 87, 0.15) !important; }\n    .card-interativo:active { transform: scale(0.93); box-shadow: 0 2px 4px rgba(26, 42, 87, 0.1) !important; }\n<\/style>\n<div class=\"google-auto-ads-ignore grid-clima\" style=\"box-sizing: border-box; width: 100%; max-width: 900px; margin: 30px auto; font-family: 'Segoe UI', Roboto, Helvetica, Arial, sans-serif; clear: both;\">\n    <div class=\"card-interativo\" style=\"border: 1px solid #e1e6ef; border-top: 4px solid #1a2a57; border-radius: 8px; padding: 20px; background: #fff; box-sizing: border-box; display: flex; flex-direction: column;\">\n        <div style=\"display: flex; align-items: center; justify-content: center; gap: 8px; margin-bottom: 20px;\">\n            <span style=\"font-size: 22px; line-height: 1;\">\u2600\ufe0f<\/span><strong style=\"color: #1a2a57; font-size: 16px; text-transform: uppercase;\">Ver\u00e3o<\/strong>\n        <\/div>\n        <div style=\"margin-bottom: auto;\">\n            <div style=\"text-align: center; font-size: 11px; font-weight: 800; color: #111c3a; text-transform: uppercase; margin-bottom: 5px;\">Dezembro &#8211; Fevereiro<\/div>\n            <div style=\"text-align: center; font-size: 26px; font-weight: 900; color: #1a2a57; margin-bottom: 10px;\">14\u00b0C a 25\u00b0C<\/div>\n            <div style=\"text-align: center; font-size: 13px; color: #555; line-height: 1.5; margin-bottom: 15px;\">Os picos da serra garantem um ver\u00e3o bem ameno! Contudo, como \u00e9 o auge das chuvas intensas, concentre seus roteiros em <strong>trilhas pela manh\u00e3 e banhos r\u00e1pidos de cachoeiras<\/strong>.<\/div>\n        <\/div>\n        <div style=\"text-align: center;\"><span style=\"display: inline-block; background: #f0f4f8; color: #1a2a57; font-size: 10px; font-weight: 800; padding: 6px 12px; border-radius: 20px; text-transform: uppercase; border: 1px solid #e1e6ef; line-height: 1.4;\">\ud83d\udca7 Chuva Alta<\/span><\/div>\n    <\/div>\n    <div class=\"card-interativo\" style=\"border: 1px solid #e1e6ef; border-top: 4px solid #1a2a57; border-radius: 8px; padding: 20px; background: #fff; box-sizing: border-box; display: flex; flex-direction: column;\">\n        <div style=\"display: flex; align-items: center; justify-content: center; gap: 8px; margin-bottom: 20px;\">\n            <span style=\"font-size: 22px; line-height: 1;\">\ud83c\udf42<\/span><strong style=\"color: #1a2a57; font-size: 16px; text-transform: uppercase;\">Outono<\/strong>\n        <\/div>\n        <div style=\"margin-bottom: auto;\">\n            <div style=\"text-align: center; font-size: 11px; font-weight: 800; color: #111c3a; text-transform: uppercase; margin-bottom: 5px;\">Mar\u00e7o &#8211; Maio<\/div>\n            <div style=\"text-align: center; font-size: 26px; font-weight: 900; color: #1a2a57; margin-bottom: 10px;\">8\u00b0C a 22\u00b0C<\/div>\n            <div style=\"text-align: center; font-size: 13px; color: #555; line-height: 1.5; margin-bottom: 15px;\">O frio j\u00e1 entra em cena com tudo, mas a cidade continua vazia (e bem mais barata). Excelente oportunidade para fazer boas <strong>trilhas sem multid\u00e3o e mergulhar nas noites de fondue<\/strong>!<\/div>\n        <\/div>\n        <div style=\"text-align: center;\"><span style=\"display: inline-block; background: #f0f4f8; color: #1a2a57; font-size: 10px; font-weight: 800; padding: 6px 12px; border-radius: 20px; text-transform: uppercase; border: 1px solid #e1e6ef; line-height: 1.4;\">\u2601\ufe0f Chuva M\u00e9dia<\/span><\/div>\n    <\/div>\n    <div class=\"card-interativo\" style=\"border: 2px solid #1a2a57; border-top: 4px solid #1a2a57; border-radius: 8px; padding: 20px; background: #f0f4f8; box-sizing: border-box; display: flex; flex-direction: column;\">\n        <div style=\"display: flex; align-items: center; justify-content: center; gap: 8px; margin-bottom: 20px;\">\n            <span style=\"font-size: 22px; line-height: 1;\">\u2744\ufe0f<\/span><strong style=\"color: #1a2a57; font-size: 16px; text-transform: uppercase;\">Inverno<\/strong>\n        <\/div>\n        <div style=\"margin-bottom: auto;\">\n            <div style=\"text-align: center; font-size: 11px; font-weight: 800; color: #111c3a; text-transform: uppercase; margin-bottom: 5px;\">Junho &#8211; Agosto<\/div>\n            <div style=\"text-align: center; font-size: 26px; font-weight: 900; color: #1a2a57; margin-bottom: 10px;\">0\u00b0C a 18\u00b0C<\/div>\n            <div style=\"text-align: center; font-size: 13px; color: #555; line-height: 1.5; margin-bottom: 15px;\">O puro auge do requinte e da alta temporada de montanha! O clima ultra seco traz o glamour congelante do interior. Encante-se com a <strong>geada matinal, lareiras e os badalados festivais de inverno<\/strong>.<\/div>\n        <\/div>\n        <div style=\"text-align: center;\"><span style=\"display: inline-block; background: #1a2a57; color: #fff; font-size: 10px; font-weight: 800; padding: 6px 12px; border-radius: 20px; text-transform: uppercase; line-height: 1.4;\">\u2b50 Alta Temporada \/ Frio<\/span><\/div>\n    <\/div>\n    <div class=\"card-interativo\" style=\"border: 1px solid #e1e6ef; border-top: 4px solid #1a2a57; border-radius: 8px; padding: 20px; background: #fff; box-sizing: border-box; display: flex; flex-direction: column;\">\n        <div style=\"display: flex; align-items: center; justify-content: center; gap: 8px; margin-bottom: 20px;\">\n            <span style=\"font-size: 22px; line-height: 1;\">\ud83c\udf38<\/span><strong style=\"color: #1a2a57; font-size: 16px; text-transform: uppercase;\">Primavera<\/strong>\n        <\/div>\n        <div style=\"margin-bottom: auto;\">\n            <div style=\"text-align: center; font-size: 11px; font-weight: 800; color: #111c3a; text-transform: uppercase; margin-bottom: 5px;\">Setembro &#8211; Novembro<\/div>\n            <div style=\"text-align: center; font-size: 26px; font-weight: 900; color: #1a2a57; margin-bottom: 10px;\">10\u00b0C a 24\u00b0C<\/div>\n            <div style=\"text-align: center; font-size: 13px; color: #555; line-height: 1.5; margin-bottom: 15px;\">O frio extremo se despede, deixando as montanhas com um clima fresco e charmoso e cores exuberantes. Janela bel\u00edssima para contemplar as <strong>floradas e se aventurar nos passeios de quadriciclo<\/strong>.<\/div>\n        <\/div>\n        <div style=\"text-align: center;\"><span style=\"display: inline-block; background: #f0f4f8; color: #1a2a57; font-size: 10px; font-weight: 800; padding: 6px 12px; border-radius: 20px; text-transform: uppercase; border: 1px solid #e1e6ef; line-height: 1.4;\">\u2601\ufe0f Chuva M\u00e9dia<\/span><\/div>\n    <\/div>\n<\/div>\n\n\n\n<p><em>Temperaturas aproximadas com base no <a href=\"https:\/\/www.climatempo.com.br\/previsao-do-tempo\/cidade\/2586\/monteverde-mg\" target=\"_blank\" rel=\"noreferrer noopener\"><strong>Climatempo<\/strong><\/a> e em dados hist\u00f3ricos do INMET. Condi\u00e7\u00f5es podem variar conforme a altitude e a exposi\u00e7\u00e3o ao vento.<\/em><\/p>\n\n\n\n<h2 class=\"wp-block-heading\">Como chegar ao topo da Mantiqueira saindo de S\u00e3o Paulo<\/h2>\n\n\n\n<p>Monte Verde fica a 166 km de <strong>S\u00e3o Paulo<\/strong> pela <strong>Rodovia Fern\u00e3o Dias (BR-381)<\/strong> sentido <strong>Belo Horizonte<\/strong>. Ap\u00f3s a divisa com <strong>Minas Gerais<\/strong>, o acesso \u00e9 pela sa\u00edda 918, em dire\u00e7\u00e3o a <strong>Camanducaia<\/strong>. Os \u00faltimos 30 km sobem a serra por estrada asfaltada e sinuosa. De <strong>Campinas<\/strong>, a dist\u00e2ncia \u00e9 de 159 km pela <strong>Rodovia Dom Pedro I (SP-065)<\/strong> at\u00e9 a Fern\u00e3o Dias. Para quem vem de <strong>Belo Horizonte<\/strong>, s\u00e3o cerca de 484 km pela mesma rodovia.<\/p>\n\n\n\n<iframe src=\"https:\/\/www.google.com\/maps\/embed?pb=!1m28!1m12!1m3!1d235316.76600152397!2d-46.19811969247142!3d-22.845982797873738!2m3!1f0!2f0!3f0!3m2!1i1024!2i768!4f13.1!4m13!3e0!4m5!1s0xa690cacacf2c33%3A0x5b35795e3ad23997!2sBelo%20Horizonte%2C%20MG!3m2!1d-19.919052!2d-43.9386685!4m5!1s0x94cc103f1694fca5%3A0xef5416e893de18e0!2sMonte%20Verde%2C%20Camanducaia%20-%20MG%2C%2037650-000!3m2!1d-22.863239099999998!2d-46.0386081!5e0!3m2!1spt-BR!2sbr!4v1773666306911!5m2!1spt-BR!2sbr\" width=\"600\" height=\"450\" style=\"border:0;\" allowfullscreen=\"\" loading=\"lazy\" referrerpolicy=\"no-referrer-when-downgrade\"><\/iframe>\n\n\n\n<h2 class=\"wp-block-heading\">Suba a serra e sinta o frio que virou not\u00edcia<\/h2>\n\n\n\n<p>Monte Verde re\u00fane altitude, gastronomia de montanha e natureza preservada em um vilarejo que cabe em poucas ruas de paralelep\u00edpedo. A combina\u00e7\u00e3o de arauc\u00e1rias centen\u00e1rias, geada ao amanhecer e lareira ao entardecer fez desse distrito mineiro um dos destinos mais premiados do pa\u00eds.<\/p>\n\n\n\n<p>Voc\u00ea precisa subir os 30 km de serra at\u00e9 Monte Verde pelo menos uma vez, de prefer\u00eancia num fim de semana de junho, quando os campos amanhecem brancos e o chocolate quente tem gosto de recompensa.<\/p>\n\n\n\n<p><\/p>\n","protected":false},"excerpt":{"rendered":"<p>O nevoeiro se desfaz devagar entre arauc\u00e1rias e pinheiros, revelando campos brancos de geada. Monte Verde, distrito de Camanducaia na Serra da Mantiqueira, \u00e9 o lugar onde o inverno brasileiro mais se parece com o europeu. A 1.554 metros de altitude e a apenas 166 km de S\u00e3o Paulo, o vilarejo mineiro registrou \u22124,5 \u00b0C [&hellip;]<\/p>\n","protected":false},"author":6,"featured_media":182061,"comment_status":"open","ping_status":"open","sticky":false,"template":"","format":"standard","meta":{"jnews-multi-image_gallery":[],"jnews_single_post":{"format":"standard"},"jnews_primary_category":[],"jnews_social_meta":[],"jnews_override_counter":[],"footnotes":""},"categories":[26],"tags":[183,207,1127],"class_list":["post-181903","post","type-post","status-publish","format-standard","has-post-thumbnail","hentry","category-cidades","tag-cidades","tag-minas-gerais","tag-monte-verde"],"yoast_head":"<!-- This site is optimized with the Yoast SEO plugin v23.8 - https:\/\/yoast.com\/wordpress\/plugins\/seo\/ -->\n<title>Esse vilarejo mineiro foi eleito o 6\u00ba destino mais acolhedor do mundo e o 1\u00ba do Brasil - Estado de Minas - Em foco<\/title>\n<meta name=\"description\" content=\"Com reconhecimento internacional, o vilarejo mineiro ficou em 6\u00ba no mundo e em 1\u00ba no Brasil como destino acolhedor.\" \/>\n<meta name=\"robots\" content=\"index, follow, max-snippet:-1, max-image-preview:large, max-video-preview:-1\" \/>\n<link rel=\"canonical\" href=\"https:\/\/www.em.com.br\/emfoco\/2026\/03\/17\/esse-vilarejo-mineiro-foi-eleito-o-6o-destino-mais-acolhedor-do-mundo-e-o-1o-do-brasil\/\" \/>\n<meta property=\"og:locale\" content=\"pt_BR\" \/>\n<meta property=\"og:type\" content=\"article\" \/>\n<meta property=\"og:title\" content=\"Esse vilarejo mineiro foi eleito o 6\u00ba destino mais acolhedor do mundo e o 1\u00ba do Brasil - Estado de Minas - Em foco\" \/>\n<meta property=\"og:description\" content=\"Com reconhecimento internacional, o vilarejo mineiro ficou em 6\u00ba no mundo e em 1\u00ba no Brasil como destino acolhedor.\" \/>\n<meta property=\"og:url\" content=\"https:\/\/www.em.com.br\/emfoco\/2026\/03\/17\/esse-vilarejo-mineiro-foi-eleito-o-6o-destino-mais-acolhedor-do-mundo-e-o-1o-do-brasil\/\" \/>\n<meta property=\"og:site_name\" content=\"Estado de Minas - Em foco\" \/>\n<meta property=\"article:published_time\" content=\"2026-03-17T14:25:00+00:00\" \/>\n<meta property=\"article:modified_time\" content=\"2026-03-16T19:39:36+00:00\" \/>\n<meta property=\"og:image\" content=\"https:\/\/www.em.com.br\/emfoco\/wp-content\/uploads\/2026\/03\/ngz-freepik__create-an-ultrarealistic-streetlevel-photograph-se__37587-77758.webp\" \/>\n\t<meta property=\"og:image:width\" content=\"1280\" \/>\n\t<meta property=\"og:image:height\" content=\"720\" \/>\n\t<meta property=\"og:image:type\" content=\"image\/webp\" \/>\n<meta name=\"author\" content=\"Vitor Bruno\" \/>\n<meta name=\"twitter:card\" content=\"summary_large_image\" \/>\n<meta name=\"twitter:label1\" content=\"Escrito por\" \/>\n\t<meta name=\"twitter:data1\" content=\"Vitor Bruno\" \/>\n\t<meta name=\"twitter:label2\" content=\"Est. tempo de leitura\" \/>\n\t<meta name=\"twitter:data2\" content=\"7 minutos\" \/>\n<!-- \/ Yoast SEO plugin. -->","yoast_head_json":{"title":"Esse vilarejo mineiro foi eleito o 6\u00ba destino mais acolhedor do mundo e o 1\u00ba do Brasil - Estado de Minas - Em foco","description":"Com reconhecimento internacional, o vilarejo mineiro ficou em 6\u00ba no mundo e em 1\u00ba no Brasil como destino acolhedor.","robots":{"index":"index","follow":"follow","max-snippet":"max-snippet:-1","max-image-preview":"max-image-preview:large","max-video-preview":"max-video-preview:-1"},"canonical":"https:\/\/www.em.com.br\/emfoco\/2026\/03\/17\/esse-vilarejo-mineiro-foi-eleito-o-6o-destino-mais-acolhedor-do-mundo-e-o-1o-do-brasil\/","og_locale":"pt_BR","og_type":"article","og_title":"Esse vilarejo mineiro foi eleito o 6\u00ba destino mais acolhedor do mundo e o 1\u00ba do Brasil - Estado de Minas - Em foco","og_description":"Com reconhecimento internacional, o vilarejo mineiro ficou em 6\u00ba no mundo e em 1\u00ba no Brasil como destino acolhedor.","og_url":"https:\/\/www.em.com.br\/emfoco\/2026\/03\/17\/esse-vilarejo-mineiro-foi-eleito-o-6o-destino-mais-acolhedor-do-mundo-e-o-1o-do-brasil\/","og_site_name":"Estado de Minas - Em foco","article_published_time":"2026-03-17T14:25:00+00:00","article_modified_time":"2026-03-16T19:39:36+00:00","og_image":[{"width":1280,"height":720,"url":"https:\/\/www.em.com.br\/emfoco\/wp-content\/uploads\/2026\/03\/ngz-freepik__create-an-ultrarealistic-streetlevel-photograph-se__37587-77758.webp","type":"image\/webp"}],"author":"Vitor Bruno","twitter_card":"summary_large_image","twitter_misc":{"Escrito por":"Vitor Bruno","Est. tempo de leitura":"7 minutos"},"schema":{"@context":"https:\/\/schema.org","@graph":[{"@type":"WebPage","@id":"https:\/\/www.em.com.br\/emfoco\/2026\/03\/17\/esse-vilarejo-mineiro-foi-eleito-o-6o-destino-mais-acolhedor-do-mundo-e-o-1o-do-brasil\/","url":"https:\/\/www.em.com.br\/emfoco\/2026\/03\/17\/esse-vilarejo-mineiro-foi-eleito-o-6o-destino-mais-acolhedor-do-mundo-e-o-1o-do-brasil\/","name":"Esse vilarejo mineiro foi eleito o 6\u00ba destino mais acolhedor do mundo e o 1\u00ba do Brasil - Estado de Minas - Em foco","isPartOf":{"@id":"https:\/\/www.em.com.br\/emfoco\/#website"},"primaryImageOfPage":{"@id":"https:\/\/www.em.com.br\/emfoco\/2026\/03\/17\/esse-vilarejo-mineiro-foi-eleito-o-6o-destino-mais-acolhedor-do-mundo-e-o-1o-do-brasil\/#primaryimage"},"image":{"@id":"https:\/\/www.em.com.br\/emfoco\/2026\/03\/17\/esse-vilarejo-mineiro-foi-eleito-o-6o-destino-mais-acolhedor-do-mundo-e-o-1o-do-brasil\/#primaryimage"},"thumbnailUrl":"https:\/\/www.em.com.br\/emfoco\/wp-content\/uploads\/2026\/03\/ngz-freepik__create-an-ultrarealistic-streetlevel-photograph-se__37587-77758.webp","datePublished":"2026-03-17T14:25:00+00:00","dateModified":"2026-03-16T19:39:36+00:00","author":{"@id":"https:\/\/www.em.com.br\/emfoco\/#\/schema\/person\/364ac1852fafd00f1be20f0b8b237569"},"description":"Com reconhecimento internacional, o vilarejo mineiro ficou em 6\u00ba no mundo e em 1\u00ba no Brasil como destino acolhedor.","breadcrumb":{"@id":"https:\/\/www.em.com.br\/emfoco\/2026\/03\/17\/esse-vilarejo-mineiro-foi-eleito-o-6o-destino-mais-acolhedor-do-mundo-e-o-1o-do-brasil\/#breadcrumb"},"inLanguage":"pt-BR","potentialAction":[{"@type":"ReadAction","target":["https:\/\/www.em.com.br\/emfoco\/2026\/03\/17\/esse-vilarejo-mineiro-foi-eleito-o-6o-destino-mais-acolhedor-do-mundo-e-o-1o-do-brasil\/"]}]},{"@type":"ImageObject","inLanguage":"pt-BR","@id":"https:\/\/www.em.com.br\/emfoco\/2026\/03\/17\/esse-vilarejo-mineiro-foi-eleito-o-6o-destino-mais-acolhedor-do-mundo-e-o-1o-do-brasil\/#primaryimage","url":"https:\/\/www.em.com.br\/emfoco\/wp-content\/uploads\/2026\/03\/ngz-freepik__create-an-ultrarealistic-streetlevel-photograph-se__37587-77758.webp","contentUrl":"https:\/\/www.em.com.br\/emfoco\/wp-content\/uploads\/2026\/03\/ngz-freepik__create-an-ultrarealistic-streetlevel-photograph-se__37587-77758.webp","width":1280,"height":720,"caption":"Monte Verde \u00e9 o ref\u00fagio de frio mais premiado do Brasil (imagem ilustrativa)"},{"@type":"BreadcrumbList","@id":"https:\/\/www.em.com.br\/emfoco\/2026\/03\/17\/esse-vilarejo-mineiro-foi-eleito-o-6o-destino-mais-acolhedor-do-mundo-e-o-1o-do-brasil\/#breadcrumb","itemListElement":[{"@type":"ListItem","position":1,"name":"In\u00edcio","item":"https:\/\/www.em.com.br\/emfoco\/"},{"@type":"ListItem","position":2,"name":"Esse vilarejo mineiro foi eleito o 6\u00ba destino mais acolhedor do mundo e o 1\u00ba do Brasil"}]},{"@type":"WebSite","@id":"https:\/\/www.em.com.br\/emfoco\/#website","url":"https:\/\/www.em.com.br\/emfoco\/","name":"Estado de Minas - Em foco","description":"Acompanhe as \u00faltimas not\u00edcias e fique bem informado sobre tudo o que acontece em Minas Gerais, Brasil e no mundo.","potentialAction":[{"@type":"SearchAction","target":{"@type":"EntryPoint","urlTemplate":"https:\/\/www.em.com.br\/emfoco\/?s={search_term_string}"},"query-input":{"@type":"PropertyValueSpecification","valueRequired":true,"valueName":"search_term_string"}}],"inLanguage":"pt-BR"},{"@type":"Person","@id":"https:\/\/www.em.com.br\/emfoco\/#\/schema\/person\/364ac1852fafd00f1be20f0b8b237569","name":"Vitor Bruno","image":{"@type":"ImageObject","inLanguage":"pt-BR","@id":"https:\/\/www.em.com.br\/emfoco\/#\/schema\/person\/image\/","url":"https:\/\/secure.gravatar.com\/avatar\/b719e5cdede09f942064960883b5524d?s=96&d=mm&r=g","contentUrl":"https:\/\/secure.gravatar.com\/avatar\/b719e5cdede09f942064960883b5524d?s=96&d=mm&r=g","caption":"Vitor Bruno"},"sameAs":["https:\/\/www.em.com.br\/emfoco\/"],"url":"https:\/\/www.em.com.br\/emfoco\/author\/vitormyth\/"}]}},"_links":{"self":[{"href":"https:\/\/www.em.com.br\/emfoco\/wp-json\/wp\/v2\/posts\/181903","targetHints":{"allow":["GET"]}}],"collection":[{"href":"https:\/\/www.em.com.br\/emfoco\/wp-json\/wp\/v2\/posts"}],"about":[{"href":"https:\/\/www.em.com.br\/emfoco\/wp-json\/wp\/v2\/types\/post"}],"author":[{"embeddable":true,"href":"https:\/\/www.em.com.br\/emfoco\/wp-json\/wp\/v2\/users\/6"}],"replies":[{"embeddable":true,"href":"https:\/\/www.em.com.br\/emfoco\/wp-json\/wp\/v2\/comments?post=181903"}],"version-history":[{"count":5,"href":"https:\/\/www.em.com.br\/emfoco\/wp-json\/wp\/v2\/posts\/181903\/revisions"}],"predecessor-version":[{"id":182069,"href":"https:\/\/www.em.com.br\/emfoco\/wp-json\/wp\/v2\/posts\/181903\/revisions\/182069"}],"wp:featuredmedia":[{"embeddable":true,"href":"https:\/\/www.em.com.br\/emfoco\/wp-json\/wp\/v2\/media\/182061"}],"wp:attachment":[{"href":"https:\/\/www.em.com.br\/emfoco\/wp-json\/wp\/v2\/media?parent=181903"}],"wp:term":[{"taxonomy":"category","embeddable":true,"href":"https:\/\/www.em.com.br\/emfoco\/wp-json\/wp\/v2\/categories?post=181903"},{"taxonomy":"post_tag","embeddable":true,"href":"https:\/\/www.em.com.br\/emfoco\/wp-json\/wp\/v2\/tags?post=181903"}],"curies":[{"name":"wp","href":"https:\/\/api.w.org\/{rel}","templated":true}]}}