{"id":181902,"date":"2026-03-17T10:35:00","date_gmt":"2026-03-17T13:35:00","guid":{"rendered":"https:\/\/www.em.com.br\/emfoco\/?p=181902"},"modified":"2026-03-16T16:27:00","modified_gmt":"2026-03-16T19:27:00","slug":"cidade-aeroporto-ao-lado-de-belo-horizonte-com-boa-qualidade-de-vida-crescimento-explosivo-e-futuro-promissor","status":"publish","type":"post","link":"https:\/\/www.em.com.br\/emfoco\/2026\/03\/17\/cidade-aeroporto-ao-lado-de-belo-horizonte-com-boa-qualidade-de-vida-crescimento-explosivo-e-futuro-promissor\/","title":{"rendered":"Cidade-aeroporto ao lado de Belo Horizonte com boa qualidade de vida, crescimento explosivo e futuro promissor"},"content":{"rendered":"\n<p>A 40 km do centro de <strong>Belo Horizonte<\/strong>, um munic\u00edpio de 7.350 moradores abriga o principal terminal a\u00e9reo de <strong>Minas Gerais<\/strong> e um dos maiores PIBs per capita do estado. <strong>Confins<\/strong> era um povoado rural pacato at\u00e9 1984, quando a inaugura\u00e7\u00e3o do aeroporto redesenhou o mapa econ\u00f4mico da regi\u00e3o.<\/p>\n\n\n\n<h2 class=\"wp-block-heading\">O povoado que virou cidade-aeroporto em uma d\u00e9cada<\/h2>\n\n\n\n<p>O nome nasceu da geografia. No s\u00e9culo XVIII, o lugar ficava nos limites das fazendas da regi\u00e3o, literalmente nos \u201cconfins\u201d. Tropeiros e bandeirantes usavam o vilarejo como ponto de parada antes de seguir para o interior. A pacatez durou at\u00e9 a d\u00e9cada de 1970, quando o governo federal escolheu a \u00e1rea para construir o novo aeroporto de Belo Horizonte. As obras come\u00e7aram em 1980 e o <strong>Aeroporto Internacional Tancredo Neves<\/strong> foi inaugurado em 1984.<\/p>\n\n\n\n<p>A transforma\u00e7\u00e3o foi r\u00e1pida. O munic\u00edpio, que vivia de agricultura e pecu\u00e1ria, passou a girar em torno da avia\u00e7\u00e3o. Confins tamb\u00e9m sedia o <strong>Aeroporto Industrial de Belo Horizonte<\/strong>, o primeiro aeroporto industrial do <strong>Brasil<\/strong>. Segundo a <a href=\"https:\/\/www.ibge.gov.br\/cidades-e-estados\/mg\/confins.html\" target=\"_blank\" rel=\"noreferrer noopener\"><strong>p\u00e1gina do IBGE<\/strong><\/a>, o PIB per capita do munic\u00edpio alcan\u00e7ou R$ 220.002 em 2023, impulsionado pelos servi\u00e7os de transporte a\u00e9reo. \u00c9 um dos mais altos de Minas Gerais.<\/p>\n\n\n<div class=\"wp-block-image\">\n<figure class=\"aligncenter size-large\"><img loading=\"lazy\" decoding=\"async\" width=\"1024\" height=\"576\" src=\"https:\/\/www.em.com.br\/emfoco\/wp-content\/uploads\/2026\/03\/ngz-Confins-BH-3-46306-1024x576.jpg\" alt=\"Cidade-aeroporto ao lado de Belo Horizonte com boa qualidade de vida, crescimento explosivo e futuro promissor\" class=\"wp-image-182031\" srcset=\"https:\/\/www.em.com.br\/emfoco\/wp-content\/uploads\/2026\/03\/ngz-Confins-BH-3-46306-1024x576.jpg 1024w, https:\/\/www.em.com.br\/emfoco\/wp-content\/uploads\/2026\/03\/ngz-Confins-BH-3-46306-300x169.jpg 300w, https:\/\/www.em.com.br\/emfoco\/wp-content\/uploads\/2026\/03\/ngz-Confins-BH-3-46306-768x432.jpg 768w, https:\/\/www.em.com.br\/emfoco\/wp-content\/uploads\/2026\/03\/ngz-Confins-BH-3-46306-750x422.jpg 750w, https:\/\/www.em.com.br\/emfoco\/wp-content\/uploads\/2026\/03\/ngz-Confins-BH-3-46306-1140x641.jpg 1140w, https:\/\/www.em.com.br\/emfoco\/wp-content\/uploads\/2026\/03\/ngz-Confins-BH-3-46306.jpg 1280w\" sizes=\"auto, (max-width: 1024px) 100vw, 1024px\" \/><figcaption class=\"wp-element-caption\">Confins destaca-se como a porta de entrada a\u00e9rea de Minas Gerais, abrigando o Aeroporto Internacional de Belo Horizonte em seus 88 km\u00b2 de extens\u00e3o \/\/ Cr\u00e9ditos: Wikipedia \/ Wikimedia Commons<\/figcaption><\/figure><\/div>\n\n\n<h2 class=\"wp-block-heading\">Qualidade de vida justifica morar em Confins?<\/h2>\n\n\n\n<p>O <strong>\u00cdndice de Desenvolvimento Humano Municipal (IDHM)<\/strong> de Confins \u00e9 de 0,747, classificado como alto pelo <a href=\"https:\/\/www.ibge.gov.br\/cidades-e-estados\/mg\/confins.html\" target=\"_blank\" rel=\"noreferrer noopener\"><strong>Instituto Brasileiro de Geografia e Estat\u00edstica (IBGE)<\/strong><\/a>. A escolariza\u00e7\u00e3o entre 6 e 14 anos atinge 99,33% da popula\u00e7\u00e3o, \u00edndice superior \u00e0 m\u00e9dia nacional. Entre os censos de 2010 e 2022, a cidade saltou de 5.936 para 7.350 habitantes, um crescimento de quase 24% em doze anos.<\/p>\n\n\n\n<p>O munic\u00edpio tem 100% da popula\u00e7\u00e3o em \u00e1rea urbana e est\u00e1 inserido na <strong>Regi\u00e3o Metropolitana de Belo Horizonte<\/strong>. A <a href=\"https:\/\/www.confins.mg.gov.br\/\" target=\"_blank\" rel=\"noreferrer noopener\"><strong>Prefeitura de Confins<\/strong><\/a> recebeu em 2025 o Selo Ouro do Compromisso Nacional Crian\u00e7a Alfabetizada, reconhecimento do governo federal \u00e0 pol\u00edtica educacional local. O crescimento econ\u00f4mico se traduz em novos empreendimentos e gera\u00e7\u00e3o de emprego no entorno do aeroporto.<\/p>\n\n\n<div class=\"wp-block-image\">\n<figure class=\"aligncenter size-large\"><img loading=\"lazy\" decoding=\"async\" width=\"1024\" height=\"576\" src=\"https:\/\/www.em.com.br\/emfoco\/wp-content\/uploads\/2026\/03\/ngz-Confins-BH-1-33844-1024x576.jpg\" alt=\"Cidade-aeroporto ao lado de Belo Horizonte com boa qualidade de vida, crescimento explosivo e futuro promissor\" class=\"wp-image-182029\" srcset=\"https:\/\/www.em.com.br\/emfoco\/wp-content\/uploads\/2026\/03\/ngz-Confins-BH-1-33844-1024x576.jpg 1024w, https:\/\/www.em.com.br\/emfoco\/wp-content\/uploads\/2026\/03\/ngz-Confins-BH-1-33844-300x169.jpg 300w, https:\/\/www.em.com.br\/emfoco\/wp-content\/uploads\/2026\/03\/ngz-Confins-BH-1-33844-768x432.jpg 768w, https:\/\/www.em.com.br\/emfoco\/wp-content\/uploads\/2026\/03\/ngz-Confins-BH-1-33844-750x422.jpg 750w, https:\/\/www.em.com.br\/emfoco\/wp-content\/uploads\/2026\/03\/ngz-Confins-BH-1-33844-1140x641.jpg 1140w, https:\/\/www.em.com.br\/emfoco\/wp-content\/uploads\/2026\/03\/ngz-Confins-BH-1-33844.jpg 1280w\" sizes=\"auto, (max-width: 1024px) 100vw, 1024px\" \/><figcaption class=\"wp-element-caption\">Confins integra a agita\u00e7\u00e3o das pistas de pouso ao sil\u00eancio das lagoas e fazendas que comp\u00f5em a paisagem t\u00edpica do cerrado mineiro \/\/ Cr\u00e9ditos: Wikipedia \/ Wikimedia Commons<\/figcaption><\/figure><\/div>\n\n\n<h2 class=\"wp-block-heading\">O que a ci\u00eancia mundial encontrou nas grutas de Confins<\/h2>\n\n\n\n<p>Todo o territ\u00f3rio do munic\u00edpio est\u00e1 dentro da <strong>\u00c1rea de Prote\u00e7\u00e3o Ambiental (APA) Carste de Lagoa Santa<\/strong>. Grutas, lagoas e forma\u00e7\u00f5es rochosas guardam registros de ocupa\u00e7\u00e3o humana que recuam milhares de anos. Na <strong>Lapa Mortu\u00e1ria<\/strong>, o pesquisador <strong>Harold Walter<\/strong> encontrou, em 1935, o cr\u00e2nio que ficou conhecido como <strong>Homem de Confins<\/strong>, hoje no acervo do <strong>Museu de Hist\u00f3ria Natural da Universidade Federal de Minas Gerais (UFMG)<\/strong>.<\/p>\n\n\n\n<p>A poucos quil\u00f4metros da cabeceira da pista do aeroporto, no s\u00edtio <strong>Lapa Vermelha IV<\/strong>, foi descoberto na d\u00e9cada de 1970 o f\u00f3ssil de <strong>Luzia<\/strong>, considerado um dos esqueletos humanos mais antigos das Am\u00e9ricas, com cerca de 11 mil anos. Em 2017, a regi\u00e3o recebeu o reconhecimento internacional de <strong>Zona \u00damida de Import\u00e2ncia Internacional<\/strong> pela <strong>Conven\u00e7\u00e3o de Ramsar<\/strong>, sob a denomina\u00e7\u00e3o <strong>S\u00edtio Ramsar Lund Warming<\/strong>.<\/p>\n\n\n\n<p><strong>Leia tamb\u00e9m: <a href=\"https:\/\/www.em.com.br\/emfoco\/2026\/03\/08\/a-vila-onde-nao-ha-bancos-nao-ha-asfalto-e-nao-ha-postes-de-luz-so-o-brilho-da-lua-sobre-as-praias-mais-bonitas-do-planeta\/\" target=\"_blank\" rel=\"noreferrer noopener\">A vila onde n\u00e3o h\u00e1 bancos, n\u00e3o h\u00e1 asfalto e n\u00e3o h\u00e1 postes de luz: s\u00f3 o brilho da lua sobre as praias mais bonitas do planeta<\/a><\/strong><\/p>\n\n\n\n<h2 class=\"wp-block-heading\">O que fazer na cidade do aeroporto<\/h2>\n\n\n\n<p>Confins oferece atra\u00e7\u00f5es que misturam natureza, hist\u00f3ria e cultura regional:<\/p>\n\n\n\n<ul class=\"wp-block-list has-medium-font-size\">\n<li><strong>Lagoa Central (Lagoa Jos\u00e9 Teixeira da Costa)<\/strong>: cart\u00e3o-postal no centro da cidade, cercada por \u00e1rea verde e frequentada por moradores para caminhadas ao entardecer.<\/li>\n\n\n\n<li><strong>Lagoa de Santo Ant\u00f4nio<\/strong>: espelho d&#8217;\u00e1gua em \u00e1rea rural, com paisagem t\u00edpica do carste mineiro e vegeta\u00e7\u00e3o nativa.<\/li>\n\n\n\n<li><strong>APA Carste de Lagoa Santa<\/strong>: trilhas, grutas e forma\u00e7\u00f5es geol\u00f3gicas acess\u00edveis com acompanhamento de guias. S\u00edtios arqueol\u00f3gicos requerem autoriza\u00e7\u00e3o do <strong>Instituto Estadual de Florestas (IEF)<\/strong>.<\/li>\n\n\n\n<li><strong>Boi da Manta<\/strong>: festa pr\u00e9-carnavalesca reconhecida como bem imaterial do munic\u00edpio. Uma pessoa vestida de boi percorre as ruas ao som de marchinhas, bonec\u00f5es e fanfarra. Acontece em fevereiro, semanas antes do carnaval.<\/li>\n\n\n\n<li><strong>Aeroporto Internacional Tancredo Neves<\/strong>: o terminal recebeu em 2021 o t\u00edtulo de melhor aeroporto do Brasil em pesquisa nacional de satisfa\u00e7\u00e3o. Sua sala VIP conquistou em 2025 o pr\u00eamio m\u00e1ximo do <strong>Priority Pass<\/strong>, o primeiro lounge brasileiro a alcan\u00e7ar essa premia\u00e7\u00e3o.<\/li>\n<\/ul>\n\n\n\n<p>Quem se interessa pela hist\u00f3ria da avia\u00e7\u00e3o, vai curtir esse v\u00eddeo especialmente selecionado do canal <strong>Avi\u00f5es e M\u00fasicas<\/strong>, que conta com mais de <strong>1 milh\u00e3o<\/strong> de visualiza\u00e7\u00f5es, onde <strong>Lito Sousa<\/strong> conta os detalhes e curiosidades do aeroporto em <strong>Confins<\/strong>:<\/p>\n\n\n\n<figure class=\"wp-block-embed is-type-video is-provider-youtube wp-block-embed-youtube wp-embed-aspect-16-9 wp-has-aspect-ratio\"><div class=\"wp-block-embed__wrapper\">\n<div class=\"jeg_video_container jeg_video_content\"><iframe loading=\"lazy\" title=\"O Aeroporto que fica 63% numa cidade e 37% em outra - Confins | EP. 1196\" width=\"500\" height=\"281\" src=\"https:\/\/www.youtube.com\/embed\/5W-K7t8DCF0?feature=oembed\" frameborder=\"0\" allow=\"accelerometer; autoplay; clipboard-write; encrypted-media; gyroscope; picture-in-picture; web-share\" referrerpolicy=\"strict-origin-when-cross-origin\" allowfullscreen><\/iframe><\/div>\n<\/div><\/figure>\n\n\n\n<h2 class=\"wp-block-heading\">Quando o clima favorece cada tipo de passeio<\/h2>\n\n\n\n<p>Confins tem clima tropical com temperatura m\u00e9dia anual de 21,1\u00b0C. O inverno seco \u00e9 ideal para caminhadas nas lagoas e visitas \u00e0s grutas:<\/p>\n\n\n\n<style>\n    .grid-clima { display: grid; grid-template-columns: repeat(auto-fit, minmax(200px, 1fr)); gap: 15px; }\n    .card-interativo { transition: transform 0.15s cubic-bezier(0.4, 0, 0.2, 1), box-shadow 0.15s ease-in-out; cursor: pointer; -webkit-tap-highlight-color: transparent; user-select: none; }\n    .card-interativo:hover { transform: translateY(-6px); box-shadow: 0 8px 16px rgba(26, 42, 87, 0.15) !important; }\n    .card-interativo:active { transform: scale(0.93); box-shadow: 0 2px 4px rgba(26, 42, 87, 0.1) !important; }\n<\/style>\n<div class=\"google-auto-ads-ignore grid-clima\" style=\"box-sizing: border-box; width: 100%; max-width: 900px; margin: 30px auto; font-family: 'Segoe UI', Roboto, Helvetica, Arial, sans-serif; clear: both;\">\n    <div class=\"card-interativo\" style=\"border: 1px solid #e1e6ef; border-top: 4px solid #1a2a57; border-radius: 8px; padding: 20px; background: #fff; box-sizing: border-box; display: flex; flex-direction: column;\">\n        <div style=\"display: flex; align-items: center; justify-content: center; gap: 8px; margin-bottom: 20px;\">\n            <span style=\"font-size: 22px; line-height: 1;\">\u2600\ufe0f<\/span><strong style=\"color: #1a2a57; font-size: 16px; text-transform: uppercase;\">Ver\u00e3o<\/strong>\n        <\/div>\n        <div style=\"margin-bottom: auto;\">\n            <div style=\"text-align: center; font-size: 11px; font-weight: 800; color: #111c3a; text-transform: uppercase; margin-bottom: 5px;\">Dezembro &#8211; Fevereiro<\/div>\n            <div style=\"text-align: center; font-size: 26px; font-weight: 900; color: #1a2a57; margin-bottom: 10px;\">19\u00b0C a 28\u00b0C<\/div>\n            <div style=\"text-align: center; font-size: 13px; color: #555; line-height: 1.5; margin-bottom: 15px;\">O clima de chuvas fortes domina a regi\u00e3o pr\u00f3xima \u00e0 capital, mas a anima\u00e7\u00e3o n\u00e3o para! Mergulhe na folia carnavalesca tradicional, como o cl\u00e1ssico <strong>Boi da Manta e as festas de ver\u00e3o<\/strong>.<\/div>\n        <\/div>\n        <div style=\"text-align: center;\"><span style=\"display: inline-block; background: #f0f4f8; color: #1a2a57; font-size: 10px; font-weight: 800; padding: 6px 12px; border-radius: 20px; text-transform: uppercase; border: 1px solid #e1e6ef; line-height: 1.4;\">\ud83d\udca7 Chuva Alta<\/span><\/div>\n    <\/div>\n    <div class=\"card-interativo\" style=\"border: 1px solid #e1e6ef; border-top: 4px solid #1a2a57; border-radius: 8px; padding: 20px; background: #fff; box-sizing: border-box; display: flex; flex-direction: column;\">\n        <div style=\"display: flex; align-items: center; justify-content: center; gap: 8px; margin-bottom: 20px;\">\n            <span style=\"font-size: 22px; line-height: 1;\">\ud83c\udf42<\/span><strong style=\"color: #1a2a57; font-size: 16px; text-transform: uppercase;\">Outono<\/strong>\n        <\/div>\n        <div style=\"margin-bottom: auto;\">\n            <div style=\"text-align: center; font-size: 11px; font-weight: 800; color: #111c3a; text-transform: uppercase; margin-bottom: 5px;\">Mar\u00e7o &#8211; Maio<\/div>\n            <div style=\"text-align: center; font-size: 26px; font-weight: 900; color: #1a2a57; margin-bottom: 10px;\">17\u00b0C a 27\u00b0C<\/div>\n            <div style=\"text-align: center; font-size: 13px; color: #555; line-height: 1.5; margin-bottom: 15px;\">Os temporais d\u00e3o lugar a um clima super fresco e acolhedor na Regi\u00e3o Metropolitana de BH. Fica a recomenda\u00e7\u00e3o perfeita para investir nos <strong>passeios tranquilos pelas lagoas e trilhas locais<\/strong>.<\/div>\n        <\/div>\n        <div style=\"text-align: center;\"><span style=\"display: inline-block; background: #f0f4f8; color: #1a2a57; font-size: 10px; font-weight: 800; padding: 6px 12px; border-radius: 20px; text-transform: uppercase; border: 1px solid #e1e6ef; line-height: 1.4;\">\u2601\ufe0f Chuva M\u00e9dia<\/span><\/div>\n    <\/div>\n    <div class=\"card-interativo\" style=\"border: 2px solid #1a2a57; border-top: 4px solid #1a2a57; border-radius: 8px; padding: 20px; background: #f0f4f8; box-sizing: border-box; display: flex; flex-direction: column;\">\n        <div style=\"display: flex; align-items: center; justify-content: center; gap: 8px; margin-bottom: 20px;\">\n            <span style=\"font-size: 22px; line-height: 1;\">\u2744\ufe0f<\/span><strong style=\"color: #1a2a57; font-size: 16px; text-transform: uppercase;\">Inverno<\/strong>\n        <\/div>\n        <div style=\"margin-bottom: auto;\">\n            <div style=\"text-align: center; font-size: 11px; font-weight: 800; color: #111c3a; text-transform: uppercase; margin-bottom: 5px;\">Junho &#8211; Agosto<\/div>\n            <div style=\"text-align: center; font-size: 26px; font-weight: 900; color: #1a2a57; margin-bottom: 10px;\">13\u00b0C a 25\u00b0C<\/div>\n            <div style=\"text-align: center; font-size: 13px; color: #555; line-height: 1.5; margin-bottom: 15px;\">O turismo geol\u00f3gico e de aventura brilha agora! Sem chuvas para alagar ou deixar perigoso, \u00e9 a grande janela para as <strong>visitas imperd\u00edveis \u00e0 regi\u00e3o do carste e as lend\u00e1rias grutas<\/strong> do entorno.<\/div>\n        <\/div>\n        <div style=\"text-align: center;\"><span style=\"display: inline-block; background: #1a2a57; color: #fff; font-size: 10px; font-weight: 800; padding: 6px 12px; border-radius: 20px; text-transform: uppercase; line-height: 1.4;\">\u2b50 Clima Seco \/ Grutas<\/span><\/div>\n    <\/div>\n    <div class=\"card-interativo\" style=\"border: 1px solid #e1e6ef; border-top: 4px solid #1a2a57; border-radius: 8px; padding: 20px; background: #fff; box-sizing: border-box; display: flex; flex-direction: column;\">\n        <div style=\"display: flex; align-items: center; justify-content: center; gap: 8px; margin-bottom: 20px;\">\n            <span style=\"font-size: 22px; line-height: 1;\">\ud83c\udf38<\/span><strong style=\"color: #1a2a57; font-size: 16px; text-transform: uppercase;\">Primavera<\/strong>\n        <\/div>\n        <div style=\"margin-bottom: auto;\">\n            <div style=\"text-align: center; font-size: 11px; font-weight: 800; color: #111c3a; text-transform: uppercase; margin-bottom: 5px;\">Setembro &#8211; Novembro<\/div>\n            <div style=\"text-align: center; font-size: 26px; font-weight: 900; color: #1a2a57; margin-bottom: 10px;\">17\u00b0C a 28\u00b0C<\/div>\n            <div style=\"text-align: center; font-size: 13px; color: #555; line-height: 1.5; margin-bottom: 15px;\">As temperaturas come\u00e7am a esquentar com modera\u00e7\u00e3o. Excelente per\u00edodo de transi\u00e7\u00e3o para evitar o sol a pino e focar nas belas <strong>caminhadas ao entardecer<\/strong> explorando a paisagem natural.<\/div>\n        <\/div>\n        <div style=\"text-align: center;\"><span style=\"display: inline-block; background: #f0f4f8; color: #1a2a57; font-size: 10px; font-weight: 800; padding: 6px 12px; border-radius: 20px; text-transform: uppercase; border: 1px solid #e1e6ef; line-height: 1.4;\">\u2601\ufe0f Chuva M\u00e9dia<\/span><\/div>\n    <\/div>\n<\/div>\n\n\n\n<p><em>Temperaturas aproximadas com base no <a href=\"https:\/\/www.climatempo.com.br\/previsao-do-tempo\/cidade\/3676\/confins-mg\" target=\"_blank\" rel=\"noreferrer noopener\"><strong>Climatempo<\/strong><\/a>. Condi\u00e7\u00f5es podem variar.<\/em><\/p>\n\n\n\n<h2 class=\"wp-block-heading\">Como chegar a Confins saindo de BH<\/h2>\n\n\n\n<p>O trajeto a partir do centro de Belo Horizonte \u00e9 de cerca de 40 km pela rodovia <strong>MG-010<\/strong> ou pela <strong>Linha Verde<\/strong>, com dura\u00e7\u00e3o m\u00e9dia de 40 minutos. \u00d4nibus executivos do <strong>BH Airport<\/strong> fazem o percurso entre o aeroporto e pontos estrat\u00e9gicos da capital. De carro, o acesso pela <strong>LMG-800<\/strong> leva direto ao terminal e ao centro da cidade. Quem vem de outros estados desembarca no pr\u00f3prio aeroporto, que opera voos diretos para <strong>Lisboa<\/strong>, <strong>Cidade do Panam\u00e1<\/strong>, <strong>Montevid\u00e9u<\/strong> e dezenas de destinos nacionais.<\/p>\n\n\n\n<iframe src=\"https:\/\/www.google.com\/maps\/embed?pb=!1m28!1m12!1m3!1d285785.62459290377!2d-44.17986976275085!3d-19.757738658680843!2m3!1f0!2f0!3f0!3m2!1i1024!2i768!4f13.1!4m13!3e0!4m5!1s0xa690cacacf2c33%3A0x5b35795e3ad23997!2sBelo%20Horizonte%2C%20MG!3m2!1d-19.919052!2d-43.9386685!4m5!1s0xa663b2fc4a741f%3A0xce1aa425c8e6a573!2sConfins%2C%20MG%2C%2033500-000!3m2!1d-19.629937299999998!2d-43.989892999999995!5e0!3m2!1spt-BR!2sbr!4v1773666265592!5m2!1spt-BR!2sbr\" width=\"600\" height=\"450\" style=\"border:0;\" allowfullscreen=\"\" loading=\"lazy\" referrerpolicy=\"no-referrer-when-downgrade\"><\/iframe>\n\n\n\n<h2 class=\"wp-block-heading\">Conhe\u00e7a a cidade que cresceu ao lado das pistas<\/h2>\n\n\n\n<p>Confins prova que um aeroporto pode transformar um vilarejo rural em refer\u00eancia econ\u00f4mica. O lugar onde tropeiros paravam para descansar nos \u201cconfins\u201d das fazendas hoje conecta Minas Gerais ao mundo, sem perder as lagoas, as grutas e a folia do Boi da Manta que fazem a identidade local.<\/p>\n\n\n\n<p>Voc\u00ea precisa conhecer Confins para entender como uma cidade pequena consegue ter PIB de metr\u00f3pole, f\u00f3sseis milenares no quintal e a porta de entrada de todo um estado.<\/p>\n","protected":false},"excerpt":{"rendered":"<p>A 40 km do centro de Belo Horizonte, um munic\u00edpio de 7.350 moradores abriga o principal terminal a\u00e9reo de Minas Gerais e um dos maiores PIBs per capita do estado. Confins era um povoado rural pacato at\u00e9 1984, quando a inaugura\u00e7\u00e3o do aeroporto redesenhou o mapa econ\u00f4mico da regi\u00e3o. O povoado que virou cidade-aeroporto em [&hellip;]<\/p>\n","protected":false},"author":6,"featured_media":182040,"comment_status":"open","ping_status":"open","sticky":false,"template":"","format":"standard","meta":{"jnews-multi-image_gallery":[],"jnews_single_post":{"format":"standard"},"jnews_primary_category":[],"jnews_social_meta":[],"jnews_override_counter":[],"footnotes":""},"categories":[26],"tags":[183,26244,207],"class_list":["post-181902","post","type-post","status-publish","format-standard","has-post-thumbnail","hentry","category-cidades","tag-cidades","tag-confins","tag-minas-gerais"],"yoast_head":"<!-- This site is optimized with the Yoast SEO plugin v23.8 - https:\/\/yoast.com\/wordpress\/plugins\/seo\/ -->\n<title>Cidade-aeroporto ao lado de Belo Horizonte com boa qualidade de vida, crescimento explosivo e futuro promissor - Estado de Minas - Em foco<\/title>\n<meta name=\"description\" content=\"Ao lado de Belo Horizonte, a cidade-aeroporto surpreende com crescimento acelerado, boa qualidade de vida e perspectivas.\" \/>\n<meta name=\"robots\" content=\"index, follow, max-snippet:-1, max-image-preview:large, max-video-preview:-1\" \/>\n<link rel=\"canonical\" href=\"https:\/\/www.em.com.br\/emfoco\/2026\/03\/17\/cidade-aeroporto-ao-lado-de-belo-horizonte-com-boa-qualidade-de-vida-crescimento-explosivo-e-futuro-promissor\/\" \/>\n<meta property=\"og:locale\" content=\"pt_BR\" \/>\n<meta property=\"og:type\" content=\"article\" \/>\n<meta property=\"og:title\" content=\"Cidade-aeroporto ao lado de Belo Horizonte com boa qualidade de vida, crescimento explosivo e futuro promissor - Estado de Minas - Em foco\" \/>\n<meta property=\"og:description\" content=\"Ao lado de Belo Horizonte, a cidade-aeroporto surpreende com crescimento acelerado, boa qualidade de vida e perspectivas.\" \/>\n<meta property=\"og:url\" content=\"https:\/\/www.em.com.br\/emfoco\/2026\/03\/17\/cidade-aeroporto-ao-lado-de-belo-horizonte-com-boa-qualidade-de-vida-crescimento-explosivo-e-futuro-promissor\/\" \/>\n<meta property=\"og:site_name\" content=\"Estado de Minas - Em foco\" \/>\n<meta property=\"article:published_time\" content=\"2026-03-17T13:35:00+00:00\" \/>\n<meta property=\"article:modified_time\" content=\"2026-03-16T19:27:00+00:00\" \/>\n<meta property=\"og:image\" content=\"https:\/\/www.em.com.br\/emfoco\/wp-content\/uploads\/2026\/03\/ngz-freepik__create-a-cinematic-aerial-photograph-capturing-the__37586-32279.webp\" \/>\n\t<meta property=\"og:image:width\" content=\"1280\" \/>\n\t<meta property=\"og:image:height\" content=\"720\" \/>\n\t<meta property=\"og:image:type\" content=\"image\/webp\" \/>\n<meta name=\"author\" content=\"Vitor Bruno\" \/>\n<meta name=\"twitter:card\" content=\"summary_large_image\" \/>\n<meta name=\"twitter:label1\" content=\"Escrito por\" \/>\n\t<meta name=\"twitter:data1\" content=\"Vitor Bruno\" \/>\n\t<meta name=\"twitter:label2\" content=\"Est. tempo de leitura\" \/>\n\t<meta name=\"twitter:data2\" content=\"7 minutos\" \/>\n<!-- \/ Yoast SEO plugin. -->","yoast_head_json":{"title":"Cidade-aeroporto ao lado de Belo Horizonte com boa qualidade de vida, crescimento explosivo e futuro promissor - Estado de Minas - Em foco","description":"Ao lado de Belo Horizonte, a cidade-aeroporto surpreende com crescimento acelerado, boa qualidade de vida e perspectivas.","robots":{"index":"index","follow":"follow","max-snippet":"max-snippet:-1","max-image-preview":"max-image-preview:large","max-video-preview":"max-video-preview:-1"},"canonical":"https:\/\/www.em.com.br\/emfoco\/2026\/03\/17\/cidade-aeroporto-ao-lado-de-belo-horizonte-com-boa-qualidade-de-vida-crescimento-explosivo-e-futuro-promissor\/","og_locale":"pt_BR","og_type":"article","og_title":"Cidade-aeroporto ao lado de Belo Horizonte com boa qualidade de vida, crescimento explosivo e futuro promissor - Estado de Minas - Em foco","og_description":"Ao lado de Belo Horizonte, a cidade-aeroporto surpreende com crescimento acelerado, boa qualidade de vida e perspectivas.","og_url":"https:\/\/www.em.com.br\/emfoco\/2026\/03\/17\/cidade-aeroporto-ao-lado-de-belo-horizonte-com-boa-qualidade-de-vida-crescimento-explosivo-e-futuro-promissor\/","og_site_name":"Estado de Minas - Em foco","article_published_time":"2026-03-17T13:35:00+00:00","article_modified_time":"2026-03-16T19:27:00+00:00","og_image":[{"width":1280,"height":720,"url":"https:\/\/www.em.com.br\/emfoco\/wp-content\/uploads\/2026\/03\/ngz-freepik__create-a-cinematic-aerial-photograph-capturing-the__37586-32279.webp","type":"image\/webp"}],"author":"Vitor Bruno","twitter_card":"summary_large_image","twitter_misc":{"Escrito por":"Vitor Bruno","Est. tempo de leitura":"7 minutos"},"schema":{"@context":"https:\/\/schema.org","@graph":[{"@type":"WebPage","@id":"https:\/\/www.em.com.br\/emfoco\/2026\/03\/17\/cidade-aeroporto-ao-lado-de-belo-horizonte-com-boa-qualidade-de-vida-crescimento-explosivo-e-futuro-promissor\/","url":"https:\/\/www.em.com.br\/emfoco\/2026\/03\/17\/cidade-aeroporto-ao-lado-de-belo-horizonte-com-boa-qualidade-de-vida-crescimento-explosivo-e-futuro-promissor\/","name":"Cidade-aeroporto ao lado de Belo Horizonte com boa qualidade de vida, crescimento explosivo e futuro promissor - Estado de Minas - Em foco","isPartOf":{"@id":"https:\/\/www.em.com.br\/emfoco\/#website"},"primaryImageOfPage":{"@id":"https:\/\/www.em.com.br\/emfoco\/2026\/03\/17\/cidade-aeroporto-ao-lado-de-belo-horizonte-com-boa-qualidade-de-vida-crescimento-explosivo-e-futuro-promissor\/#primaryimage"},"image":{"@id":"https:\/\/www.em.com.br\/emfoco\/2026\/03\/17\/cidade-aeroporto-ao-lado-de-belo-horizonte-com-boa-qualidade-de-vida-crescimento-explosivo-e-futuro-promissor\/#primaryimage"},"thumbnailUrl":"https:\/\/www.em.com.br\/emfoco\/wp-content\/uploads\/2026\/03\/ngz-freepik__create-a-cinematic-aerial-photograph-capturing-the__37586-32279.webp","datePublished":"2026-03-17T13:35:00+00:00","dateModified":"2026-03-16T19:27:00+00:00","author":{"@id":"https:\/\/www.em.com.br\/emfoco\/#\/schema\/person\/364ac1852fafd00f1be20f0b8b237569"},"description":"Ao lado de Belo Horizonte, a cidade-aeroporto surpreende com crescimento acelerado, boa qualidade de vida e perspectivas.","breadcrumb":{"@id":"https:\/\/www.em.com.br\/emfoco\/2026\/03\/17\/cidade-aeroporto-ao-lado-de-belo-horizonte-com-boa-qualidade-de-vida-crescimento-explosivo-e-futuro-promissor\/#breadcrumb"},"inLanguage":"pt-BR","potentialAction":[{"@type":"ReadAction","target":["https:\/\/www.em.com.br\/emfoco\/2026\/03\/17\/cidade-aeroporto-ao-lado-de-belo-horizonte-com-boa-qualidade-de-vida-crescimento-explosivo-e-futuro-promissor\/"]}]},{"@type":"ImageObject","inLanguage":"pt-BR","@id":"https:\/\/www.em.com.br\/emfoco\/2026\/03\/17\/cidade-aeroporto-ao-lado-de-belo-horizonte-com-boa-qualidade-de-vida-crescimento-explosivo-e-futuro-promissor\/#primaryimage","url":"https:\/\/www.em.com.br\/emfoco\/wp-content\/uploads\/2026\/03\/ngz-freepik__create-a-cinematic-aerial-photograph-capturing-the__37586-32279.webp","contentUrl":"https:\/\/www.em.com.br\/emfoco\/wp-content\/uploads\/2026\/03\/ngz-freepik__create-a-cinematic-aerial-photograph-capturing-the__37586-32279.webp","width":1280,"height":720,"caption":"Confins destaca-se como o munic\u00edpio de 7.350 moradores que abriga o principal terminal a\u00e9reo de Minas Gerais e um dos maiores PIBs per capita do estado \/\/ (imagem ilustrativa)"},{"@type":"BreadcrumbList","@id":"https:\/\/www.em.com.br\/emfoco\/2026\/03\/17\/cidade-aeroporto-ao-lado-de-belo-horizonte-com-boa-qualidade-de-vida-crescimento-explosivo-e-futuro-promissor\/#breadcrumb","itemListElement":[{"@type":"ListItem","position":1,"name":"In\u00edcio","item":"https:\/\/www.em.com.br\/emfoco\/"},{"@type":"ListItem","position":2,"name":"Cidade-aeroporto ao lado de Belo Horizonte com boa qualidade de vida, crescimento explosivo e futuro promissor"}]},{"@type":"WebSite","@id":"https:\/\/www.em.com.br\/emfoco\/#website","url":"https:\/\/www.em.com.br\/emfoco\/","name":"Estado de Minas - Em foco","description":"Acompanhe as \u00faltimas not\u00edcias e fique bem informado sobre tudo o que acontece em Minas Gerais, Brasil e no mundo.","potentialAction":[{"@type":"SearchAction","target":{"@type":"EntryPoint","urlTemplate":"https:\/\/www.em.com.br\/emfoco\/?s={search_term_string}"},"query-input":{"@type":"PropertyValueSpecification","valueRequired":true,"valueName":"search_term_string"}}],"inLanguage":"pt-BR"},{"@type":"Person","@id":"https:\/\/www.em.com.br\/emfoco\/#\/schema\/person\/364ac1852fafd00f1be20f0b8b237569","name":"Vitor Bruno","image":{"@type":"ImageObject","inLanguage":"pt-BR","@id":"https:\/\/www.em.com.br\/emfoco\/#\/schema\/person\/image\/","url":"https:\/\/secure.gravatar.com\/avatar\/b719e5cdede09f942064960883b5524d?s=96&d=mm&r=g","contentUrl":"https:\/\/secure.gravatar.com\/avatar\/b719e5cdede09f942064960883b5524d?s=96&d=mm&r=g","caption":"Vitor Bruno"},"sameAs":["https:\/\/www.em.com.br\/emfoco\/"],"url":"https:\/\/www.em.com.br\/emfoco\/author\/vitormyth\/"}]}},"_links":{"self":[{"href":"https:\/\/www.em.com.br\/emfoco\/wp-json\/wp\/v2\/posts\/181902","targetHints":{"allow":["GET"]}}],"collection":[{"href":"https:\/\/www.em.com.br\/emfoco\/wp-json\/wp\/v2\/posts"}],"about":[{"href":"https:\/\/www.em.com.br\/emfoco\/wp-json\/wp\/v2\/types\/post"}],"author":[{"embeddable":true,"href":"https:\/\/www.em.com.br\/emfoco\/wp-json\/wp\/v2\/users\/6"}],"replies":[{"embeddable":true,"href":"https:\/\/www.em.com.br\/emfoco\/wp-json\/wp\/v2\/comments?post=181902"}],"version-history":[{"count":6,"href":"https:\/\/www.em.com.br\/emfoco\/wp-json\/wp\/v2\/posts\/181902\/revisions"}],"predecessor-version":[{"id":182041,"href":"https:\/\/www.em.com.br\/emfoco\/wp-json\/wp\/v2\/posts\/181902\/revisions\/182041"}],"wp:featuredmedia":[{"embeddable":true,"href":"https:\/\/www.em.com.br\/emfoco\/wp-json\/wp\/v2\/media\/182040"}],"wp:attachment":[{"href":"https:\/\/www.em.com.br\/emfoco\/wp-json\/wp\/v2\/media?parent=181902"}],"wp:term":[{"taxonomy":"category","embeddable":true,"href":"https:\/\/www.em.com.br\/emfoco\/wp-json\/wp\/v2\/categories?post=181902"},{"taxonomy":"post_tag","embeddable":true,"href":"https:\/\/www.em.com.br\/emfoco\/wp-json\/wp\/v2\/tags?post=181902"}],"curies":[{"name":"wp","href":"https:\/\/api.w.org\/{rel}","templated":true}]}}