{"id":181893,"date":"2026-03-16T18:30:00","date_gmt":"2026-03-16T21:30:00","guid":{"rendered":"https:\/\/www.em.com.br\/emfoco\/?p=181893"},"modified":"2026-03-16T16:27:44","modified_gmt":"2026-03-16T19:27:44","slug":"as-minissaias-estao-fora-de-moda-este-e-o-comprimento-ideal-para-todas-as-saias-agora-em-2026","status":"publish","type":"post","link":"https:\/\/www.em.com.br\/emfoco\/2026\/03\/16\/as-minissaias-estao-fora-de-moda-este-e-o-comprimento-ideal-para-todas-as-saias-agora-em-2026\/","title":{"rendered":"As minissaias est\u00e3o fora de moda! Este \u00e9 o comprimento ideal para todas as saias agora em 2026"},"content":{"rendered":"\n<p><a href=\"https:\/\/www.instyle.de\/autoren\/evelina-heckmann\"><\/a>A temporada de moda de 2026 marca uma virada na forma de montar o guarda-roupa feminino para o dia a dia. Depois de anos em que o mini e o maxi dominaram, o olhar se volta para o meio-termo: a\u00a0<strong>saia midi at\u00e9 o joelho<\/strong>, que equilibra eleg\u00e2ncia, praticidade e versatilidade, aparecendo tanto nas cole\u00e7\u00f5es internacionais quanto no street style, ideal para quem quer se vestir de forma atual sem abrir m\u00e3o do conforto.<\/p>\n\n\n\n<h2 class=\"wp-block-heading\">Por que a saia at\u00e9 o joelho \u00e9 o novo b\u00e1sico vers\u00e1til de 2026<\/h2>\n\n\n\n<p>O interesse crescente pela&nbsp;<strong>saia at\u00e9 o joelho<\/strong>&nbsp;acompanha um movimento de busca por pe\u00e7as dur\u00e1veis e menos sazonais. Em vez de roupas restritas a ocasi\u00f5es espec\u00edficas, a ideia \u00e9 apostar em modelos que v\u00e3o do escrit\u00f3rio ao encontro casual apenas trocando os complementos.<\/p>\n\n\n\n<p>Nesse contexto, o comprimento na altura dos joelhos se destaca por funcionar em diferentes ambientes, corpos e estilos. Ele cria um visual equilibrado, atual e f\u00e1cil de adaptar a rotinas variadas, ajudando a compor um guarda-roupa mais inteligente e enxuto.<\/p>\n\n\n\n<figure class=\"wp-block-image size-large\"><img loading=\"lazy\" decoding=\"async\" width=\"1024\" height=\"576\" src=\"https:\/\/www.em.com.br\/emfoco\/wp-content\/uploads\/2026\/03\/Gemini_Generated_Image_mlt1a8mlt1a8mlt1-1-1024x576.png\" alt=\"\" class=\"wp-image-181895\" srcset=\"https:\/\/www.em.com.br\/emfoco\/wp-content\/uploads\/2026\/03\/Gemini_Generated_Image_mlt1a8mlt1a8mlt1-1-1024x576.png 1024w, https:\/\/www.em.com.br\/emfoco\/wp-content\/uploads\/2026\/03\/Gemini_Generated_Image_mlt1a8mlt1a8mlt1-1-300x169.png 300w, https:\/\/www.em.com.br\/emfoco\/wp-content\/uploads\/2026\/03\/Gemini_Generated_Image_mlt1a8mlt1a8mlt1-1-768x432.png 768w, https:\/\/www.em.com.br\/emfoco\/wp-content\/uploads\/2026\/03\/Gemini_Generated_Image_mlt1a8mlt1a8mlt1-1-750x422.png 750w, https:\/\/www.em.com.br\/emfoco\/wp-content\/uploads\/2026\/03\/Gemini_Generated_Image_mlt1a8mlt1a8mlt1-1-1140x641.png 1140w, https:\/\/www.em.com.br\/emfoco\/wp-content\/uploads\/2026\/03\/Gemini_Generated_Image_mlt1a8mlt1a8mlt1-1.png 1280w\" sizes=\"auto, (max-width: 1024px) 100vw, 1024px\" \/><\/figure>\n\n\n\n<h2 class=\"wp-block-heading\">Qual comprimento de saia at\u00e9 o joelho mais favorece a silhueta em 2026<\/h2>\n\n\n\n<p>Em 2026, ganham evid\u00eancia os modelos que terminam logo acima ou exatamente na linha da patela, alongando visualmente as pernas sem expor demais. Em vers\u00f5es minimalistas, o corte reto e limpo, com refer\u00eancias aos anos 1990, aparece com linhas simples e poucos detalhes.<\/p>\n\n\n\n<p>J\u00e1 em propostas mais rom\u00e2nticas, surgem pregas suaves, camadas discretas e recortes estrat\u00e9gicos para criar movimento sem volume excessivo. Tecidos como alfaiataria leve, linho misto, sarja macia e malhas estruturadas ajudam a transitar com facilidade entre o formal e o casual.<\/p>\n\n\n\n<h2 class=\"wp-block-heading\">Quais s\u00e3o os tecidos e acabamentos que transformam a saia at\u00e9 o joelho<\/h2>\n\n\n\n<p>A variedade de materiais \u00e9 um dos pontos fortes da&nbsp;<strong>saia at\u00e9 o joelho<\/strong>&nbsp;em 2026, influenciando diretamente a leitura de cada look. Algod\u00e3o com textura remete a um visual descontra\u00eddo, enquanto crepe, viscose fluida e tecidos acetinados criam uma imagem mais refinada, inclusive para a noite.<\/p>\n\n\n\n<iframe loading=\"lazy\" src=\"https:\/\/assets.pinterest.com\/ext\/embed.html?id=317292736269403605\" height=\"618\" width=\"345\" frameborder=\"0\" scrolling=\"no\" ><\/iframe>\n\n\n\n<p>Para facilitar suas escolhas, vale observar como o tecido muda a mensagem da produ\u00e7\u00e3o e a adequa\u00e7\u00e3o a cada ambiente:<\/p>\n\n\n\n<ul class=\"wp-block-list\">\n<li><strong>Alfaiataria leve:<\/strong>\u00a0ideal para trabalho e reuni\u00f5es formais sem perder conforto.<\/li>\n\n\n\n<li><strong>Linho misto:<\/strong>\u00a0perfeito para dias quentes, com apar\u00eancia sofisticada e fresca.<\/li>\n\n\n\n<li><strong>Malha estruturada:<\/strong>\u00a0\u00f3tima para quem busca mobilidade e caimento firme.<\/li>\n\n\n\n<li><strong>Tecidos acetinados:<\/strong>\u00a0indicados para eventos, jantares e produ\u00e7\u00f5es noturnas.<\/li>\n<\/ul>\n\n\n\n<h2 class=\"wp-block-heading\">Como combinar saia at\u00e9 o joelho em 2026<\/h2>\n\n\n\n<p>Na meia-esta\u00e7\u00e3o, as combina\u00e7\u00f5es com&nbsp;<strong>saia at\u00e9 o joelho<\/strong>&nbsp;exploram o contraste entre pe\u00e7as estruturadas e itens leves. Tric\u00f4s finos, cardig\u00e3s alongados, blusas de gola alta em malha leve e jaquetas curtas criam uma linha horizontal na parte superior que valoriza o comprimento da saia.<\/p>\n\n\n\n<p>Nos p\u00e9s, botas de cano m\u00e9dio seguem em alta, criando uma faixa de pele \u00e0 mostra ou complementada por meias em dias frios. Em climas mais quentes, sapatilhas, loafers, slingbacks, sand\u00e1lias de tiras finas e t\u00eanis limpos refor\u00e7am a versatilidade da pe\u00e7a em diferentes temperaturas e programa\u00e7\u00f5es.<\/p>\n\n\n\n<iframe loading=\"lazy\" src=\"https:\/\/assets.pinterest.com\/ext\/embed.html?id=350858627241625839\" height=\"714\" width=\"345\" frameborder=\"0\" scrolling=\"no\" ><\/iframe>\n\n\n\n<h2 class=\"wp-block-heading\">Quais modelos de saia at\u00e9 o joelho v\u00e3o dominar seu guarda-roupa em 2026<\/h2>\n\n\n\n<p>Entre as varia\u00e7\u00f5es de&nbsp;<strong>saia at\u00e9 o joelho<\/strong>, o corte l\u00e1pis ressurge com fendas estrat\u00e9gicas para facilitar o movimento, enquanto a saia plissada na altura dos joelhos aparece em tons neutros ou metalizados suaves. Modelos em A, levemente abertos na barra, atendem quem busca liberdade de movimento e um visual entre o formal e o casual, com estampas como xadrez, po\u00e1s, listras e florais mi\u00fados.<\/p>\n\n\n\n<p>As vers\u00f5es lisas em preto, bege, marrom, cinza e marinho seguem como bases atemporais para m\u00faltiplas combina\u00e7\u00f5es, consolidando a&nbsp;<strong>saia at\u00e9 o joelho<\/strong>&nbsp;como pe\u00e7a-curinga da temporada. Se voc\u00ea quer um guarda-roupa mais funcional e elegante, comece agora a escolher seus modelos preferidos e atualize suas produ\u00e7\u00f5es antes que as melhores op\u00e7\u00f5es de 2026 se esgotem.<a href=\"https:\/\/www.instyle.de\/autoren\/evelina-heckmann\"><\/a><\/p>\n\n\n\n<p><\/p>\n","protected":false},"excerpt":{"rendered":"<p>A temporada de moda de 2026 marca uma virada na forma de montar o guarda-roupa feminino para o dia a dia. Depois de anos em que o mini e o maxi dominaram, o olhar se volta para o meio-termo: a\u00a0saia midi at\u00e9 o joelho, que equilibra eleg\u00e2ncia, praticidade e versatilidade, aparecendo tanto nas cole\u00e7\u00f5es internacionais [&hellip;]<\/p>\n","protected":false},"author":11,"featured_media":181894,"comment_status":"open","ping_status":"open","sticky":false,"template":"","format":"standard","meta":{"jnews-multi-image_gallery":[],"jnews_single_post":{"format":"standard"},"jnews_primary_category":[],"jnews_social_meta":[],"jnews_override_counter":[],"footnotes":""},"categories":[8819,1],"tags":[5318,26240,4977,21363,1920],"class_list":["post-181893","post","type-post","status-publish","format-standard","has-post-thumbnail","hentry","category-curiosidades","category-noticias","tag-estilo","tag-guarda-roupa-feminino","tag-moda","tag-saia","tag-tendencia"],"yoast_head":"<!-- This site is optimized with the Yoast SEO plugin v23.8 - https:\/\/yoast.com\/wordpress\/plugins\/seo\/ -->\n<title>As minissaias est\u00e3o fora de moda! Este \u00e9 o comprimento ideal para todas as saias agora em 2026 - Estado de Minas - Em foco<\/title>\n<meta name=\"description\" content=\"A saia at\u00e9 o joelho voltou com for\u00e7a em 2026 e se tornou pe\u00e7a vers\u00e1til no guarda-roupa feminino.\" \/>\n<meta name=\"robots\" content=\"index, follow, max-snippet:-1, max-image-preview:large, max-video-preview:-1\" \/>\n<link rel=\"canonical\" href=\"https:\/\/www.em.com.br\/emfoco\/2026\/03\/16\/as-minissaias-estao-fora-de-moda-este-e-o-comprimento-ideal-para-todas-as-saias-agora-em-2026\/\" \/>\n<meta property=\"og:locale\" content=\"pt_BR\" \/>\n<meta property=\"og:type\" content=\"article\" \/>\n<meta property=\"og:title\" content=\"As minissaias est\u00e3o fora de moda! Este \u00e9 o comprimento ideal para todas as saias agora em 2026 - Estado de Minas - Em foco\" \/>\n<meta property=\"og:description\" content=\"A saia at\u00e9 o joelho voltou com for\u00e7a em 2026 e se tornou pe\u00e7a vers\u00e1til no guarda-roupa feminino.\" \/>\n<meta property=\"og:url\" content=\"https:\/\/www.em.com.br\/emfoco\/2026\/03\/16\/as-minissaias-estao-fora-de-moda-este-e-o-comprimento-ideal-para-todas-as-saias-agora-em-2026\/\" \/>\n<meta property=\"og:site_name\" content=\"Estado de Minas - Em foco\" \/>\n<meta property=\"article:published_time\" content=\"2026-03-16T21:30:00+00:00\" \/>\n<meta property=\"article:modified_time\" content=\"2026-03-16T19:27:44+00:00\" \/>\n<meta property=\"og:image\" content=\"https:\/\/www.em.com.br\/emfoco\/wp-content\/uploads\/2026\/03\/Gemini_Generated_Image_jho8q8jho8q8jho8-1.png\" \/>\n\t<meta property=\"og:image:width\" content=\"1280\" \/>\n\t<meta property=\"og:image:height\" content=\"720\" \/>\n\t<meta property=\"og:image:type\" content=\"image\/png\" \/>\n<meta name=\"author\" content=\"Andre\u0301 Rangel\u00a0\" \/>\n<meta name=\"twitter:card\" content=\"summary_large_image\" \/>\n<meta name=\"twitter:label1\" content=\"Escrito por\" \/>\n\t<meta name=\"twitter:data1\" content=\"Andre\u0301 Rangel\u00a0\" \/>\n\t<meta name=\"twitter:label2\" content=\"Est. tempo de leitura\" \/>\n\t<meta name=\"twitter:data2\" content=\"4 minutos\" \/>\n<!-- \/ Yoast SEO plugin. -->","yoast_head_json":{"title":"As minissaias est\u00e3o fora de moda! Este \u00e9 o comprimento ideal para todas as saias agora em 2026 - Estado de Minas - Em foco","description":"A saia at\u00e9 o joelho voltou com for\u00e7a em 2026 e se tornou pe\u00e7a vers\u00e1til no guarda-roupa feminino.","robots":{"index":"index","follow":"follow","max-snippet":"max-snippet:-1","max-image-preview":"max-image-preview:large","max-video-preview":"max-video-preview:-1"},"canonical":"https:\/\/www.em.com.br\/emfoco\/2026\/03\/16\/as-minissaias-estao-fora-de-moda-este-e-o-comprimento-ideal-para-todas-as-saias-agora-em-2026\/","og_locale":"pt_BR","og_type":"article","og_title":"As minissaias est\u00e3o fora de moda! Este \u00e9 o comprimento ideal para todas as saias agora em 2026 - Estado de Minas - Em foco","og_description":"A saia at\u00e9 o joelho voltou com for\u00e7a em 2026 e se tornou pe\u00e7a vers\u00e1til no guarda-roupa feminino.","og_url":"https:\/\/www.em.com.br\/emfoco\/2026\/03\/16\/as-minissaias-estao-fora-de-moda-este-e-o-comprimento-ideal-para-todas-as-saias-agora-em-2026\/","og_site_name":"Estado de Minas - Em foco","article_published_time":"2026-03-16T21:30:00+00:00","article_modified_time":"2026-03-16T19:27:44+00:00","og_image":[{"width":1280,"height":720,"url":"https:\/\/www.em.com.br\/emfoco\/wp-content\/uploads\/2026\/03\/Gemini_Generated_Image_jho8q8jho8q8jho8-1.png","type":"image\/png"}],"author":"Andre\u0301 Rangel\u00a0","twitter_card":"summary_large_image","twitter_misc":{"Escrito por":"Andre\u0301 Rangel\u00a0","Est. tempo de leitura":"4 minutos"},"schema":{"@context":"https:\/\/schema.org","@graph":[{"@type":"WebPage","@id":"https:\/\/www.em.com.br\/emfoco\/2026\/03\/16\/as-minissaias-estao-fora-de-moda-este-e-o-comprimento-ideal-para-todas-as-saias-agora-em-2026\/","url":"https:\/\/www.em.com.br\/emfoco\/2026\/03\/16\/as-minissaias-estao-fora-de-moda-este-e-o-comprimento-ideal-para-todas-as-saias-agora-em-2026\/","name":"As minissaias est\u00e3o fora de moda! Este \u00e9 o comprimento ideal para todas as saias agora em 2026 - Estado de Minas - Em foco","isPartOf":{"@id":"https:\/\/www.em.com.br\/emfoco\/#website"},"primaryImageOfPage":{"@id":"https:\/\/www.em.com.br\/emfoco\/2026\/03\/16\/as-minissaias-estao-fora-de-moda-este-e-o-comprimento-ideal-para-todas-as-saias-agora-em-2026\/#primaryimage"},"image":{"@id":"https:\/\/www.em.com.br\/emfoco\/2026\/03\/16\/as-minissaias-estao-fora-de-moda-este-e-o-comprimento-ideal-para-todas-as-saias-agora-em-2026\/#primaryimage"},"thumbnailUrl":"https:\/\/www.em.com.br\/emfoco\/wp-content\/uploads\/2026\/03\/Gemini_Generated_Image_jho8q8jho8q8jho8-1.png","datePublished":"2026-03-16T21:30:00+00:00","dateModified":"2026-03-16T19:27:44+00:00","author":{"@id":"https:\/\/www.em.com.br\/emfoco\/#\/schema\/person\/60eda09c1fedf0d6891f4cef4b60b8b8"},"description":"A saia at\u00e9 o joelho voltou com for\u00e7a em 2026 e se tornou pe\u00e7a vers\u00e1til no guarda-roupa feminino.","breadcrumb":{"@id":"https:\/\/www.em.com.br\/emfoco\/2026\/03\/16\/as-minissaias-estao-fora-de-moda-este-e-o-comprimento-ideal-para-todas-as-saias-agora-em-2026\/#breadcrumb"},"inLanguage":"pt-BR","potentialAction":[{"@type":"ReadAction","target":["https:\/\/www.em.com.br\/emfoco\/2026\/03\/16\/as-minissaias-estao-fora-de-moda-este-e-o-comprimento-ideal-para-todas-as-saias-agora-em-2026\/"]}]},{"@type":"ImageObject","inLanguage":"pt-BR","@id":"https:\/\/www.em.com.br\/emfoco\/2026\/03\/16\/as-minissaias-estao-fora-de-moda-este-e-o-comprimento-ideal-para-todas-as-saias-agora-em-2026\/#primaryimage","url":"https:\/\/www.em.com.br\/emfoco\/wp-content\/uploads\/2026\/03\/Gemini_Generated_Image_jho8q8jho8q8jho8-1.png","contentUrl":"https:\/\/www.em.com.br\/emfoco\/wp-content\/uploads\/2026\/03\/Gemini_Generated_Image_jho8q8jho8q8jho8-1.png","width":1280,"height":720,"caption":"Saia at\u00e9 o joelho vira pe\u00e7a-chave em 2026"},{"@type":"BreadcrumbList","@id":"https:\/\/www.em.com.br\/emfoco\/2026\/03\/16\/as-minissaias-estao-fora-de-moda-este-e-o-comprimento-ideal-para-todas-as-saias-agora-em-2026\/#breadcrumb","itemListElement":[{"@type":"ListItem","position":1,"name":"In\u00edcio","item":"https:\/\/www.em.com.br\/emfoco\/"},{"@type":"ListItem","position":2,"name":"As minissaias est\u00e3o fora de moda! Este \u00e9 o comprimento ideal para todas as saias agora em 2026"}]},{"@type":"WebSite","@id":"https:\/\/www.em.com.br\/emfoco\/#website","url":"https:\/\/www.em.com.br\/emfoco\/","name":"Estado de Minas - Em foco","description":"Acompanhe as \u00faltimas not\u00edcias e fique bem informado sobre tudo o que acontece em Minas Gerais, Brasil e no mundo.","potentialAction":[{"@type":"SearchAction","target":{"@type":"EntryPoint","urlTemplate":"https:\/\/www.em.com.br\/emfoco\/?s={search_term_string}"},"query-input":{"@type":"PropertyValueSpecification","valueRequired":true,"valueName":"search_term_string"}}],"inLanguage":"pt-BR"},{"@type":"Person","@id":"https:\/\/www.em.com.br\/emfoco\/#\/schema\/person\/60eda09c1fedf0d6891f4cef4b60b8b8","name":"Andre\u0301 Rangel\u00a0","image":{"@type":"ImageObject","inLanguage":"pt-BR","@id":"https:\/\/www.em.com.br\/emfoco\/#\/schema\/person\/image\/","url":"https:\/\/secure.gravatar.com\/avatar\/6234dc814c77c8ef6d8bba622c787efc?s=96&d=mm&r=g","contentUrl":"https:\/\/secure.gravatar.com\/avatar\/6234dc814c77c8ef6d8bba622c787efc?s=96&d=mm&r=g","caption":"Andre\u0301 Rangel\u00a0"},"url":"https:\/\/www.em.com.br\/emfoco\/author\/luizmyth\/"}]}},"_links":{"self":[{"href":"https:\/\/www.em.com.br\/emfoco\/wp-json\/wp\/v2\/posts\/181893","targetHints":{"allow":["GET"]}}],"collection":[{"href":"https:\/\/www.em.com.br\/emfoco\/wp-json\/wp\/v2\/posts"}],"about":[{"href":"https:\/\/www.em.com.br\/emfoco\/wp-json\/wp\/v2\/types\/post"}],"author":[{"embeddable":true,"href":"https:\/\/www.em.com.br\/emfoco\/wp-json\/wp\/v2\/users\/11"}],"replies":[{"embeddable":true,"href":"https:\/\/www.em.com.br\/emfoco\/wp-json\/wp\/v2\/comments?post=181893"}],"version-history":[{"count":2,"href":"https:\/\/www.em.com.br\/emfoco\/wp-json\/wp\/v2\/posts\/181893\/revisions"}],"predecessor-version":[{"id":181897,"href":"https:\/\/www.em.com.br\/emfoco\/wp-json\/wp\/v2\/posts\/181893\/revisions\/181897"}],"wp:featuredmedia":[{"embeddable":true,"href":"https:\/\/www.em.com.br\/emfoco\/wp-json\/wp\/v2\/media\/181894"}],"wp:attachment":[{"href":"https:\/\/www.em.com.br\/emfoco\/wp-json\/wp\/v2\/media?parent=181893"}],"wp:term":[{"taxonomy":"category","embeddable":true,"href":"https:\/\/www.em.com.br\/emfoco\/wp-json\/wp\/v2\/categories?post=181893"},{"taxonomy":"post_tag","embeddable":true,"href":"https:\/\/www.em.com.br\/emfoco\/wp-json\/wp\/v2\/tags?post=181893"}],"curies":[{"name":"wp","href":"https:\/\/api.w.org\/{rel}","templated":true}]}}