{"id":181885,"date":"2026-03-16T17:00:00","date_gmt":"2026-03-16T20:00:00","guid":{"rendered":"https:\/\/www.em.com.br\/emfoco\/?p=181885"},"modified":"2026-03-16T16:27:30","modified_gmt":"2026-03-16T19:27:30","slug":"pagamento-minimo-do-cartao-de-credito-ganha-novidade-e-pode-trazer-beneficio-para-alguns-clientes","status":"publish","type":"post","link":"https:\/\/www.em.com.br\/emfoco\/2026\/03\/16\/pagamento-minimo-do-cartao-de-credito-ganha-novidade-e-pode-trazer-beneficio-para-alguns-clientes\/","title":{"rendered":"Pagamento m\u00ednimo do cart\u00e3o de cr\u00e9dito ganha novidade e pode trazer benef\u00edcio para alguns clientes"},"content":{"rendered":"\n<p>A elimina\u00e7\u00e3o do<strong> Imposto de Selos <\/strong>sobre o financiamento de cart\u00f5es de cr\u00e9dito, promovida pela <strong>Administra\u00e7\u00e3o Governamental de Ingressos P\u00fablicos<\/strong> (AGIP), reduz diretamente o custo desse tipo de cr\u00e9dito para consumidores que n\u00e3o conseguem quitar o valor total da fatura, especialmente quem vinha pagando apenas o saldo m\u00ednimo em um cen\u00e1rio de forte press\u00e3o sobre o or\u00e7amento das fam\u00edlias e juros ainda elevados.<\/p>\n\n\n\n<h2 class=\"wp-block-heading\">Quais s\u00e3o as diferen\u00e7as entre Buenos Aires e Portugal no imposto sobre cr\u00e9dito<\/h2>\n\n\n\n<p>Em <strong>Buenos Aires<\/strong>, a isen\u00e7\u00e3o do Imposto de Selos sobre o saldo financiado do cart\u00e3o reduz o custo efetivo total da d\u00edvida, sem alterar a taxa de juros dos bancos. Em contrapartida, pa\u00edses como <strong>Portugal <\/strong>mant\u00eam o Imposto do Selo (IS) sobre a utiliza\u00e7\u00e3o de cr\u00e9dito ao consumo e cart\u00f5es, o que encarece o financiamento no dia a dia.<\/p>\n\n\n\n<p>Em Portugal, o imposto incide sobre o montante de cr\u00e9dito utilizado, com taxas que variam conforme o prazo, de 0,04% ao m\u00eas em opera\u00e7\u00f5es de curto prazo at\u00e9 1,76% em contratos mais longos. As isen\u00e7\u00f5es recentes previstas nos Or\u00e7amentos de 2024 e 2025 focam sobretudo no cr\u00e9dito \u00e0 habita\u00e7\u00e3o, preservando a tributa\u00e7\u00e3o sobre cart\u00f5es e cr\u00e9dito ao consumo.<\/p>\n\n\n\n<figure class=\"wp-block-image size-large\"><img loading=\"lazy\" decoding=\"async\" width=\"1024\" height=\"576\" src=\"https:\/\/www.em.com.br\/emfoco\/wp-content\/uploads\/2026\/03\/Gemini_Generated_Image_vm7lovm7lovm7lov-1-1024x576.png\" alt=\"Nova regra reduz custo do cart\u00e3o para consumidores\n\" class=\"wp-image-181886\" srcset=\"https:\/\/www.em.com.br\/emfoco\/wp-content\/uploads\/2026\/03\/Gemini_Generated_Image_vm7lovm7lovm7lov-1-1024x576.png 1024w, https:\/\/www.em.com.br\/emfoco\/wp-content\/uploads\/2026\/03\/Gemini_Generated_Image_vm7lovm7lovm7lov-1-300x169.png 300w, https:\/\/www.em.com.br\/emfoco\/wp-content\/uploads\/2026\/03\/Gemini_Generated_Image_vm7lovm7lovm7lov-1-768x432.png 768w, https:\/\/www.em.com.br\/emfoco\/wp-content\/uploads\/2026\/03\/Gemini_Generated_Image_vm7lovm7lovm7lov-1-750x422.png 750w, https:\/\/www.em.com.br\/emfoco\/wp-content\/uploads\/2026\/03\/Gemini_Generated_Image_vm7lovm7lovm7lov-1-1140x641.png 1140w, https:\/\/www.em.com.br\/emfoco\/wp-content\/uploads\/2026\/03\/Gemini_Generated_Image_vm7lovm7lovm7lov-1.png 1280w\" sizes=\"auto, (max-width: 1024px) 100vw, 1024px\" \/><figcaption class=\"wp-element-caption\">Nova regra reduz custo do cart\u00e3o para consumidores<\/figcaption><\/figure>\n\n\n\n<h2 class=\"wp-block-heading\">Como est\u00e1 o financiamento com cart\u00e3o de cr\u00e9dito no Brasil e em outros pa\u00edses<\/h2>\n\n\n\n<p>No <strong>Brasil<\/strong>, desde 2026, quem paga apenas o saldo m\u00ednimo do cart\u00e3o tem a garantia de que a d\u00edvida nunca ultrapassar\u00e1 o dobro do valor original, gra\u00e7as \u00e0 <strong>Lei 14.690\/2023<\/strong>. O total de juros e encargos no rotativo e no parcelamento da fatura fica limitado a 100% do valor principal, reduzindo o risco de superendividamento, embora o custo ainda seja elevado.<\/p>\n\n\n\n<p>Enquanto o Brasil avan\u00e7a tamb\u00e9m na extin\u00e7\u00e3o gradual do <strong>IOF <\/strong>em opera\u00e7\u00f5es internacionais at\u00e9 2028, pa\u00edses europeus adotam caminhos pr\u00f3prios. Na Espanha, o imposto sobre atos jur\u00eddicos documentados (AJD) em hipotecas passou a ser suportado pelos bancos, e em Portugal as isen\u00e7\u00f5es seguem concentradas em situa\u00e7\u00f5es espec\u00edficas de cr\u00e9dito \u00e0 habita\u00e7\u00e3o, sem al\u00edvio estrutural para cart\u00f5es.<\/p>\n\n\n\n<h2 class=\"wp-block-heading\">Por que a cidade de Buenos Aires isentou o Imposto de Selos neste momento<\/h2>\n\n\n\n<p>A decis\u00e3o da AGIP ocorre em um contexto de retra\u00e7\u00e3o do cr\u00e9dito ao consumo, queda real dos empr\u00e9stimos pessoais e crit\u00e9rios mais duros para concess\u00e3o de cr\u00e9dito. Com juros altos e infla\u00e7\u00e3o em desacelera\u00e7\u00e3o, o Imposto de Selos funcionava como um custo adicional em uma modalidade j\u00e1 cara para quem precisa rolar o saldo do cart\u00e3o.<\/p>\n\n\n\n<p>Ao suprimir esse tributo, a cidade busca aliviar a carga fiscal sem mexer diretamente na pol\u00edtica monet\u00e1ria, ajudando a preservar a capacidade de pagamento das fam\u00edlias. Isso tende a reduzir o risco de inadimpl\u00eancia prolongada, ao mesmo tempo em que torna o uso do cart\u00e3o um pouco menos oneroso financeiramente.<\/p>\n\n\n\n<figure class=\"wp-block-image size-large\"><img loading=\"lazy\" decoding=\"async\" width=\"1024\" height=\"576\" src=\"https:\/\/www.em.com.br\/emfoco\/wp-content\/uploads\/2026\/03\/Gemini_Generated_Image_6869vk6869vk6869-1-1024x576.png\" alt=\"O detalhe da nova regra que muda as faturas\" class=\"wp-image-179126\" srcset=\"https:\/\/www.em.com.br\/emfoco\/wp-content\/uploads\/2026\/03\/Gemini_Generated_Image_6869vk6869vk6869-1-1024x576.png 1024w, https:\/\/www.em.com.br\/emfoco\/wp-content\/uploads\/2026\/03\/Gemini_Generated_Image_6869vk6869vk6869-1-300x169.png 300w, https:\/\/www.em.com.br\/emfoco\/wp-content\/uploads\/2026\/03\/Gemini_Generated_Image_6869vk6869vk6869-1-768x432.png 768w, https:\/\/www.em.com.br\/emfoco\/wp-content\/uploads\/2026\/03\/Gemini_Generated_Image_6869vk6869vk6869-1-750x422.png 750w, https:\/\/www.em.com.br\/emfoco\/wp-content\/uploads\/2026\/03\/Gemini_Generated_Image_6869vk6869vk6869-1-1140x641.png 1140w, https:\/\/www.em.com.br\/emfoco\/wp-content\/uploads\/2026\/03\/Gemini_Generated_Image_6869vk6869vk6869-1.png 1280w\" sizes=\"auto, (max-width: 1024px) 100vw, 1024px\" \/><figcaption class=\"wp-element-caption\">Nova regra reduz custo do cart\u00e3o para consumidores<\/figcaption><\/figure>\n\n\n\n<h2 class=\"wp-block-heading\">Quais s\u00e3o os principais benef\u00edcios fiscais anunciados pela AGIP para os contribuintes<\/h2>\n\n\n\n<p>A isen\u00e7\u00e3o no financiamento com cart\u00e3o soma-se a outras medidas de al\u00edvio e simplifica\u00e7\u00e3o tribut\u00e1ria na Cidade de Buenos Aires, afetando tanto o uso cotidiano do cr\u00e9dito quanto decis\u00f5es de longo prazo, como a compra da primeira moradia. Essas mudan\u00e7as mostram uma tentativa de adaptar o sistema tribut\u00e1rio ao cen\u00e1rio atual de renda apertada.<\/p>\n\n\n\n<p>Entre as principais altera\u00e7\u00f5es j\u00e1 em vigor para os contribuintes, destacam-se:<\/p>\n\n\n\n<ul class=\"wp-block-list\">\n<li><strong>Financiamento com cart\u00e3o<\/strong>\u00a0\u2013 isen\u00e7\u00e3o do Imposto de Selos sobre o saldo financiado.<\/li>\n\n\n\n<li><strong>Moradia \u00fanica<\/strong>\u00a0\u2013 aumento do valor m\u00e1ximo para isen\u00e7\u00e3o do imposto na compra, agora em 226,1 milh\u00f5es.<\/li>\n\n\n\n<li><strong>Setores espec\u00edficos<\/strong>\u00a0\u2013 manuten\u00e7\u00e3o e amplia\u00e7\u00e3o de descontos e incentivos fiscais em \u00e1reas sens\u00edveis.<\/li>\n\n\n\n<li><strong>Simplifica\u00e7\u00e3o<\/strong>\u00a0\u2013 revis\u00e3o de procedimentos para reduzir burocracia em tr\u00e2mites tribut\u00e1rios.<\/li>\n<\/ul>\n\n\n\n<h2 class=\"wp-block-heading\">Qual \u00e9 o impacto final para as fam\u00edlias e qual a\u00e7\u00e3o tomar agora<\/h2>\n\n\n\n<p>Ao aliviar tributos sobre o uso recorrente do cart\u00e3o de cr\u00e9dito e sobre a compra da primeira moradia, o poder p\u00fablico torna o sistema de impostos um pouco menos pesado, mas n\u00e3o elimina o risco de endividamento excessivo. Mesmo com isen\u00e7\u00f5es e tetos de juros, o cr\u00e9dito continua sendo um compromisso que pode comprometer anos do or\u00e7amento familiar se usado sem planejamento.<\/p>\n\n\n\n<p>O momento de agir \u00e9 imediato: revise todas as suas d\u00edvidas hoje, renegocie condi\u00e7\u00f5es com bancos, simule novas opera\u00e7\u00f5es considerando as isen\u00e7\u00f5es e ajuste o or\u00e7amento antes da pr\u00f3xima fatura. Cada m\u00eas de atraso corr\u00f3i o al\u00edvio que essas mudan\u00e7as oferecem; priorize o pagamento integral das faturas sempre que poss\u00edvel e aproveite agora qualquer brecha legal ou fiscal para reduzir custos e recuperar sua tranquilidade financeira.<\/p>\n","protected":false},"excerpt":{"rendered":"<p>A elimina\u00e7\u00e3o do Imposto de Selos sobre o financiamento de cart\u00f5es de cr\u00e9dito, promovida pela Administra\u00e7\u00e3o Governamental de Ingressos P\u00fablicos (AGIP), reduz diretamente o custo desse tipo de cr\u00e9dito para consumidores que n\u00e3o conseguem quitar o valor total da fatura, especialmente quem vinha pagando apenas o saldo m\u00ednimo em um cen\u00e1rio de forte press\u00e3o sobre [&hellip;]<\/p>\n","protected":false},"author":11,"featured_media":181887,"comment_status":"open","ping_status":"open","sticky":false,"template":"","format":"standard","meta":{"jnews-multi-image_gallery":[],"jnews_single_post":{"format":"standard"},"jnews_primary_category":[],"jnews_social_meta":[],"jnews_override_counter":[],"footnotes":""},"categories":[28],"tags":[682,5125,26238,26239,26236,8216,26237],"class_list":["post-181885","post","type-post","status-publish","format-standard","has-post-thumbnail","hentry","category-economia","tag-cartao-de-credito","tag-fatura","tag-financiamento-do-cartao","tag-imposto-do-cartao","tag-mudanca-no-cartao","tag-nova-regra","tag-pagamento-minimo"],"yoast_head":"<!-- This site is optimized with the Yoast SEO plugin v23.8 - https:\/\/yoast.com\/wordpress\/plugins\/seo\/ -->\n<title>Pagamento m\u00ednimo do cart\u00e3o de cr\u00e9dito ganha novidade e pode trazer benef\u00edcio para alguns clientes - Estado de Minas - Em foco<\/title>\n<meta name=\"description\" content=\"Nova regra eliminou o Imposto de Selos sobre financiamento de cart\u00e3o de cr\u00e9dito. Veja como a medida pode reduzir custos.\" \/>\n<meta name=\"robots\" content=\"index, follow, max-snippet:-1, max-image-preview:large, max-video-preview:-1\" \/>\n<link rel=\"canonical\" href=\"https:\/\/www.em.com.br\/emfoco\/2026\/03\/16\/pagamento-minimo-do-cartao-de-credito-ganha-novidade-e-pode-trazer-beneficio-para-alguns-clientes\/\" \/>\n<meta property=\"og:locale\" content=\"pt_BR\" \/>\n<meta property=\"og:type\" content=\"article\" \/>\n<meta property=\"og:title\" content=\"Pagamento m\u00ednimo do cart\u00e3o de cr\u00e9dito ganha novidade e pode trazer benef\u00edcio para alguns clientes - Estado de Minas - Em foco\" \/>\n<meta property=\"og:description\" content=\"Nova regra eliminou o Imposto de Selos sobre financiamento de cart\u00e3o de cr\u00e9dito. Veja como a medida pode reduzir custos.\" \/>\n<meta property=\"og:url\" content=\"https:\/\/www.em.com.br\/emfoco\/2026\/03\/16\/pagamento-minimo-do-cartao-de-credito-ganha-novidade-e-pode-trazer-beneficio-para-alguns-clientes\/\" \/>\n<meta property=\"og:site_name\" content=\"Estado de Minas - Em foco\" \/>\n<meta property=\"article:published_time\" content=\"2026-03-16T20:00:00+00:00\" \/>\n<meta property=\"article:modified_time\" content=\"2026-03-16T19:27:30+00:00\" \/>\n<meta property=\"og:image\" content=\"https:\/\/www.em.com.br\/emfoco\/wp-content\/uploads\/2026\/03\/Gemini_Generated_Image_a1jkhna1jkhna1jk-1.png\" \/>\n\t<meta property=\"og:image:width\" content=\"1280\" \/>\n\t<meta property=\"og:image:height\" content=\"720\" \/>\n\t<meta property=\"og:image:type\" content=\"image\/png\" \/>\n<meta name=\"author\" content=\"Andre\u0301 Rangel\u00a0\" \/>\n<meta name=\"twitter:card\" content=\"summary_large_image\" \/>\n<meta name=\"twitter:label1\" content=\"Escrito por\" \/>\n\t<meta name=\"twitter:data1\" content=\"Andre\u0301 Rangel\u00a0\" \/>\n\t<meta name=\"twitter:label2\" content=\"Est. tempo de leitura\" \/>\n\t<meta name=\"twitter:data2\" content=\"5 minutos\" \/>\n<!-- \/ Yoast SEO plugin. -->","yoast_head_json":{"title":"Pagamento m\u00ednimo do cart\u00e3o de cr\u00e9dito ganha novidade e pode trazer benef\u00edcio para alguns clientes - Estado de Minas - Em foco","description":"Nova regra eliminou o Imposto de Selos sobre financiamento de cart\u00e3o de cr\u00e9dito. Veja como a medida pode reduzir custos.","robots":{"index":"index","follow":"follow","max-snippet":"max-snippet:-1","max-image-preview":"max-image-preview:large","max-video-preview":"max-video-preview:-1"},"canonical":"https:\/\/www.em.com.br\/emfoco\/2026\/03\/16\/pagamento-minimo-do-cartao-de-credito-ganha-novidade-e-pode-trazer-beneficio-para-alguns-clientes\/","og_locale":"pt_BR","og_type":"article","og_title":"Pagamento m\u00ednimo do cart\u00e3o de cr\u00e9dito ganha novidade e pode trazer benef\u00edcio para alguns clientes - Estado de Minas - Em foco","og_description":"Nova regra eliminou o Imposto de Selos sobre financiamento de cart\u00e3o de cr\u00e9dito. Veja como a medida pode reduzir custos.","og_url":"https:\/\/www.em.com.br\/emfoco\/2026\/03\/16\/pagamento-minimo-do-cartao-de-credito-ganha-novidade-e-pode-trazer-beneficio-para-alguns-clientes\/","og_site_name":"Estado de Minas - Em foco","article_published_time":"2026-03-16T20:00:00+00:00","article_modified_time":"2026-03-16T19:27:30+00:00","og_image":[{"width":1280,"height":720,"url":"https:\/\/www.em.com.br\/emfoco\/wp-content\/uploads\/2026\/03\/Gemini_Generated_Image_a1jkhna1jkhna1jk-1.png","type":"image\/png"}],"author":"Andre\u0301 Rangel\u00a0","twitter_card":"summary_large_image","twitter_misc":{"Escrito por":"Andre\u0301 Rangel\u00a0","Est. tempo de leitura":"5 minutos"},"schema":{"@context":"https:\/\/schema.org","@graph":[{"@type":"WebPage","@id":"https:\/\/www.em.com.br\/emfoco\/2026\/03\/16\/pagamento-minimo-do-cartao-de-credito-ganha-novidade-e-pode-trazer-beneficio-para-alguns-clientes\/","url":"https:\/\/www.em.com.br\/emfoco\/2026\/03\/16\/pagamento-minimo-do-cartao-de-credito-ganha-novidade-e-pode-trazer-beneficio-para-alguns-clientes\/","name":"Pagamento m\u00ednimo do cart\u00e3o de cr\u00e9dito ganha novidade e pode trazer benef\u00edcio para alguns clientes - Estado de Minas - Em foco","isPartOf":{"@id":"https:\/\/www.em.com.br\/emfoco\/#website"},"primaryImageOfPage":{"@id":"https:\/\/www.em.com.br\/emfoco\/2026\/03\/16\/pagamento-minimo-do-cartao-de-credito-ganha-novidade-e-pode-trazer-beneficio-para-alguns-clientes\/#primaryimage"},"image":{"@id":"https:\/\/www.em.com.br\/emfoco\/2026\/03\/16\/pagamento-minimo-do-cartao-de-credito-ganha-novidade-e-pode-trazer-beneficio-para-alguns-clientes\/#primaryimage"},"thumbnailUrl":"https:\/\/www.em.com.br\/emfoco\/wp-content\/uploads\/2026\/03\/Gemini_Generated_Image_a1jkhna1jkhna1jk-1.png","datePublished":"2026-03-16T20:00:00+00:00","dateModified":"2026-03-16T19:27:30+00:00","author":{"@id":"https:\/\/www.em.com.br\/emfoco\/#\/schema\/person\/60eda09c1fedf0d6891f4cef4b60b8b8"},"description":"Nova regra eliminou o Imposto de Selos sobre financiamento de cart\u00e3o de cr\u00e9dito. Veja como a medida pode reduzir custos.","breadcrumb":{"@id":"https:\/\/www.em.com.br\/emfoco\/2026\/03\/16\/pagamento-minimo-do-cartao-de-credito-ganha-novidade-e-pode-trazer-beneficio-para-alguns-clientes\/#breadcrumb"},"inLanguage":"pt-BR","potentialAction":[{"@type":"ReadAction","target":["https:\/\/www.em.com.br\/emfoco\/2026\/03\/16\/pagamento-minimo-do-cartao-de-credito-ganha-novidade-e-pode-trazer-beneficio-para-alguns-clientes\/"]}]},{"@type":"ImageObject","inLanguage":"pt-BR","@id":"https:\/\/www.em.com.br\/emfoco\/2026\/03\/16\/pagamento-minimo-do-cartao-de-credito-ganha-novidade-e-pode-trazer-beneficio-para-alguns-clientes\/#primaryimage","url":"https:\/\/www.em.com.br\/emfoco\/wp-content\/uploads\/2026\/03\/Gemini_Generated_Image_a1jkhna1jkhna1jk-1.png","contentUrl":"https:\/\/www.em.com.br\/emfoco\/wp-content\/uploads\/2026\/03\/Gemini_Generated_Image_a1jkhna1jkhna1jk-1.png","width":1280,"height":720,"caption":"Nova regra reduz custo do cart\u00e3o para consumidores"},{"@type":"BreadcrumbList","@id":"https:\/\/www.em.com.br\/emfoco\/2026\/03\/16\/pagamento-minimo-do-cartao-de-credito-ganha-novidade-e-pode-trazer-beneficio-para-alguns-clientes\/#breadcrumb","itemListElement":[{"@type":"ListItem","position":1,"name":"In\u00edcio","item":"https:\/\/www.em.com.br\/emfoco\/"},{"@type":"ListItem","position":2,"name":"Pagamento m\u00ednimo do cart\u00e3o de cr\u00e9dito ganha novidade e pode trazer benef\u00edcio para alguns clientes"}]},{"@type":"WebSite","@id":"https:\/\/www.em.com.br\/emfoco\/#website","url":"https:\/\/www.em.com.br\/emfoco\/","name":"Estado de Minas - Em foco","description":"Acompanhe as \u00faltimas not\u00edcias e fique bem informado sobre tudo o que acontece em Minas Gerais, Brasil e no mundo.","potentialAction":[{"@type":"SearchAction","target":{"@type":"EntryPoint","urlTemplate":"https:\/\/www.em.com.br\/emfoco\/?s={search_term_string}"},"query-input":{"@type":"PropertyValueSpecification","valueRequired":true,"valueName":"search_term_string"}}],"inLanguage":"pt-BR"},{"@type":"Person","@id":"https:\/\/www.em.com.br\/emfoco\/#\/schema\/person\/60eda09c1fedf0d6891f4cef4b60b8b8","name":"Andre\u0301 Rangel\u00a0","image":{"@type":"ImageObject","inLanguage":"pt-BR","@id":"https:\/\/www.em.com.br\/emfoco\/#\/schema\/person\/image\/","url":"https:\/\/secure.gravatar.com\/avatar\/6234dc814c77c8ef6d8bba622c787efc?s=96&d=mm&r=g","contentUrl":"https:\/\/secure.gravatar.com\/avatar\/6234dc814c77c8ef6d8bba622c787efc?s=96&d=mm&r=g","caption":"Andre\u0301 Rangel\u00a0"},"url":"https:\/\/www.em.com.br\/emfoco\/author\/luizmyth\/"}]}},"_links":{"self":[{"href":"https:\/\/www.em.com.br\/emfoco\/wp-json\/wp\/v2\/posts\/181885","targetHints":{"allow":["GET"]}}],"collection":[{"href":"https:\/\/www.em.com.br\/emfoco\/wp-json\/wp\/v2\/posts"}],"about":[{"href":"https:\/\/www.em.com.br\/emfoco\/wp-json\/wp\/v2\/types\/post"}],"author":[{"embeddable":true,"href":"https:\/\/www.em.com.br\/emfoco\/wp-json\/wp\/v2\/users\/11"}],"replies":[{"embeddable":true,"href":"https:\/\/www.em.com.br\/emfoco\/wp-json\/wp\/v2\/comments?post=181885"}],"version-history":[{"count":1,"href":"https:\/\/www.em.com.br\/emfoco\/wp-json\/wp\/v2\/posts\/181885\/revisions"}],"predecessor-version":[{"id":181888,"href":"https:\/\/www.em.com.br\/emfoco\/wp-json\/wp\/v2\/posts\/181885\/revisions\/181888"}],"wp:featuredmedia":[{"embeddable":true,"href":"https:\/\/www.em.com.br\/emfoco\/wp-json\/wp\/v2\/media\/181887"}],"wp:attachment":[{"href":"https:\/\/www.em.com.br\/emfoco\/wp-json\/wp\/v2\/media?parent=181885"}],"wp:term":[{"taxonomy":"category","embeddable":true,"href":"https:\/\/www.em.com.br\/emfoco\/wp-json\/wp\/v2\/categories?post=181885"},{"taxonomy":"post_tag","embeddable":true,"href":"https:\/\/www.em.com.br\/emfoco\/wp-json\/wp\/v2\/tags?post=181885"}],"curies":[{"name":"wp","href":"https:\/\/api.w.org\/{rel}","templated":true}]}}