{"id":181878,"date":"2026-03-16T11:00:00","date_gmt":"2026-03-16T14:00:00","guid":{"rendered":"https:\/\/www.em.com.br\/emfoco\/?p=181878"},"modified":"2026-03-15T23:34:50","modified_gmt":"2026-03-16T02:34:50","slug":"cobrador-de-onibus-e-demitido-por-justa-causa-apos-se-apropriar-de-valores-de-passagens-e-decisao-e-confirmada-pela-justica","status":"publish","type":"post","link":"https:\/\/www.em.com.br\/emfoco\/2026\/03\/16\/cobrador-de-onibus-e-demitido-por-justa-causa-apos-se-apropriar-de-valores-de-passagens-e-decisao-e-confirmada-pela-justica\/","title":{"rendered":"Cobrador de \u00f4nibus \u00e9 demitido por justa causa ap\u00f3s se apropriar de valores de passagens e decis\u00e3o \u00e9 confirmada pela Justi\u00e7a"},"content":{"rendered":"\n<p>O caso de um cobrador de empresa p\u00fablica de transporte urbano despedido por justa causa ap\u00f3s apropria\u00e7\u00e3o de valores das passagens tem chamado aten\u00e7\u00e3o por envolver temas sens\u00edveis do direito do trabalho, como a confian\u00e7a na rela\u00e7\u00e3o empregat\u00edcia, a necessidade de prova robusta, a motiva\u00e7\u00e3o da dispensa e os novos par\u00e2metros fixados pelo <strong>STF <\/strong>para empregados concursados de empresas p\u00fablicas.<\/p>\n\n\n\n<h2 class=\"wp-block-heading\">Como funciona a justa causa por apropria\u00e7\u00e3o de valores no transporte coletivo<\/h2>\n\n\n\n<p>O trabalhador foi admitido por concurso p\u00fablico para atuar como cobrador em companhia de transporte urbano e permaneceu cerca de tr\u00eas anos no cargo. A conduta irregular s\u00f3 veio \u00e0 tona ap\u00f3s den\u00fancia no servi\u00e7o de atendimento ao cliente da empresa, o que levou o setor de monitoramento a registrar em v\u00eddeo epis\u00f3dios de apropria\u00e7\u00e3o reiterada dos valores pagos por passageiros.<\/p>\n\n\n\n<p>Segundo o processo, o cobrador recebia o dinheiro de usu\u00e1rios que permaneciam na parte dianteira do \u00f4nibus e desciam pela mesma porta, sem acionar a roleta, impedindo o registro da passagem e facilitando a reten\u00e7\u00e3o indevida do numer\u00e1rio. As filmagens e demais documentos foram considerados suficientes pelo ju\u00edzo de primeiro grau para caracterizar falta grave, diante do manejo de valores e do preju\u00edzo potencial ao er\u00e1rio.<\/p>\n\n\n\n<figure class=\"wp-block-image size-large\"><img loading=\"lazy\" decoding=\"async\" width=\"1024\" height=\"576\" src=\"https:\/\/www.em.com.br\/emfoco\/wp-content\/uploads\/2026\/03\/ChatGPT-Image-15-de-mar.-de-2026-22_26_18-1-1024x576.png\" alt=\"O caso de justa causa que chamou aten\u00e7\u00e3o da Justi\u00e7a\" class=\"wp-image-181881\" srcset=\"https:\/\/www.em.com.br\/emfoco\/wp-content\/uploads\/2026\/03\/ChatGPT-Image-15-de-mar.-de-2026-22_26_18-1-1024x576.png 1024w, https:\/\/www.em.com.br\/emfoco\/wp-content\/uploads\/2026\/03\/ChatGPT-Image-15-de-mar.-de-2026-22_26_18-1-300x169.png 300w, https:\/\/www.em.com.br\/emfoco\/wp-content\/uploads\/2026\/03\/ChatGPT-Image-15-de-mar.-de-2026-22_26_18-1-768x432.png 768w, https:\/\/www.em.com.br\/emfoco\/wp-content\/uploads\/2026\/03\/ChatGPT-Image-15-de-mar.-de-2026-22_26_18-1-750x422.png 750w, https:\/\/www.em.com.br\/emfoco\/wp-content\/uploads\/2026\/03\/ChatGPT-Image-15-de-mar.-de-2026-22_26_18-1-1140x641.png 1140w, https:\/\/www.em.com.br\/emfoco\/wp-content\/uploads\/2026\/03\/ChatGPT-Image-15-de-mar.-de-2026-22_26_18-1.png 1280w\" sizes=\"auto, (max-width: 1024px) 100vw, 1024px\" \/><figcaption class=\"wp-element-caption\">O caso de justa causa que chamou aten\u00e7\u00e3o da Justi\u00e7a<\/figcaption><\/figure>\n\n\n\n<h2 class=\"wp-block-heading\">Quais fundamentos legais embasam a justa causa por improbidade e mau procedimento<\/h2>\n\n\n\n<p>A senten\u00e7a mencionou expressamente o<strong> artigo 482<\/strong> da <strong>Consolida\u00e7\u00e3o das Leis do Trabalho <\/strong>(CLT), especialmente as al\u00edneas \u201ca\u201d (ato de improbidade) e \u201cb\u201d (incontin\u00eancia de conduta ou mau procedimento). Para a magistrada, a conduta demonstrou quebra de confian\u00e7a e completa incompatibilidade com a continuidade do v\u00ednculo, sobretudo em fun\u00e7\u00e3o que lida diariamente com dinheiro de terceiros.<\/p>\n\n\n\n<p>Antes da despedida, a empresa j\u00e1 havia advertido o trabalhador, demonstrando observ\u00e2ncia da grada\u00e7\u00e3o das penas. Isso refor\u00e7ou a proporcionalidade da medida extrema e afastou alega\u00e7\u00e3o de puni\u00e7\u00e3o desmedida ou arbitr\u00e1ria, ponto frequentemente analisado pela Justi\u00e7a do Trabalho em casos de justa causa.<\/p>\n\n\n\n<h2 class=\"wp-block-heading\">Quais requisitos circunstanciais precisam ser observados na justa causa<\/h2>\n\n\n\n<p>A decis\u00e3o destacou que a aplica\u00e7\u00e3o da penalidade m\u00e1xima exige o cumprimento de requisitos como nexo causal entre conduta e san\u00e7\u00e3o, proporcionalidade, imediatidade da puni\u00e7\u00e3o e aus\u00eancia de dupla penaliza\u00e7\u00e3o pelo mesmo fato. Esses elementos s\u00e3o usados de forma recorrente para verificar se a rescis\u00e3o por justa causa foi juridicamente v\u00e1lida e n\u00e3o configurou abuso de poder diretivo.<\/p>\n\n\n\n<p>Tamb\u00e9m foi ressaltada a distribui\u00e7\u00e3o do \u00f4nus da prova, com base no <strong>artigo 818 da CLT<\/strong> e no <strong>artigo 373<\/strong>, <strong>inciso II<\/strong>, do <strong>C\u00f3digo de Processo Civil<\/strong> (CPC). Em situa\u00e7\u00f5es de alega\u00e7\u00e3o de falta grave, cabe ao empregador comprovar, de forma robusta, os fatos que justificam a despedida motivada. Nesse contexto, o processo evidenciou alguns pontos centrais:<\/p>\n\n\n\n<ul class=\"wp-block-list\">\n<li><strong>Ato de improbidade:<\/strong>\u00a0conduta desonesta envolvendo apropria\u00e7\u00e3o de valores sob responsabilidade do empregado.<\/li>\n\n\n\n<li><strong>Mau procedimento:<\/strong>\u00a0comportamento inadequado que compromete a disciplina e a regularidade do servi\u00e7o.<\/li>\n\n\n\n<li><strong>Quebra de confian\u00e7a:<\/strong>\u00a0perda da fid\u00facia necess\u00e1ria \u00e0 manuten\u00e7\u00e3o do contrato de trabalho.<\/li>\n\n\n\n<li><strong>Prova robusta:<\/strong>\u00a0filmagens e documentos internos suficientes para sustentar a penalidade m\u00e1xima.<\/li>\n<\/ul>\n\n\n\n<figure class=\"wp-block-image size-large\"><img loading=\"lazy\" decoding=\"async\" width=\"1024\" height=\"576\" src=\"https:\/\/www.em.com.br\/emfoco\/wp-content\/uploads\/2026\/03\/ChatGPT-Image-15-de-mar.-de-2026-22_27_14-1-1024x576.png\" alt=\"O caso de justa causa que chamou aten\u00e7\u00e3o da Justi\u00e7a\" class=\"wp-image-181882\" srcset=\"https:\/\/www.em.com.br\/emfoco\/wp-content\/uploads\/2026\/03\/ChatGPT-Image-15-de-mar.-de-2026-22_27_14-1-1024x576.png 1024w, https:\/\/www.em.com.br\/emfoco\/wp-content\/uploads\/2026\/03\/ChatGPT-Image-15-de-mar.-de-2026-22_27_14-1-300x169.png 300w, https:\/\/www.em.com.br\/emfoco\/wp-content\/uploads\/2026\/03\/ChatGPT-Image-15-de-mar.-de-2026-22_27_14-1-768x432.png 768w, https:\/\/www.em.com.br\/emfoco\/wp-content\/uploads\/2026\/03\/ChatGPT-Image-15-de-mar.-de-2026-22_27_14-1-750x422.png 750w, https:\/\/www.em.com.br\/emfoco\/wp-content\/uploads\/2026\/03\/ChatGPT-Image-15-de-mar.-de-2026-22_27_14-1-1140x641.png 1140w, https:\/\/www.em.com.br\/emfoco\/wp-content\/uploads\/2026\/03\/ChatGPT-Image-15-de-mar.-de-2026-22_27_14-1.png 1280w\" sizes=\"auto, (max-width: 1024px) 100vw, 1024px\" \/><figcaption class=\"wp-element-caption\">O caso de justa causa que chamou aten\u00e7\u00e3o da Justi\u00e7a<\/figcaption><\/figure>\n\n\n\n<h2 class=\"wp-block-heading\">Como a motiva\u00e7\u00e3o da dispensa impacta empregados concursados de empresas p\u00fablicas<\/h2>\n\n\n\n<p>Outro ponto relevante \u00e9 a condi\u00e7\u00e3o do trabalhador como empregado de empresa p\u00fablica de transporte urbano, admitido mediante concurso. Em abril de 2024, o <strong>Supremo Tribunal Fe<\/strong>deral (STF), no <strong>Recurso Extraordin\u00e1rio 688.267 <\/strong>(Tema 1.022), fixou que a dispensa de empregados concursados de empresas p\u00fablicas e sociedades de economia mista precisa ser motivada, ainda que sem necessidade de processo administrativo formal.<\/p>\n\n\n\n<p>No caso analisado, a dispensa ocorreu em 2023, mas a empresa j\u00e1 apresentou motiva\u00e7\u00e3o escrita ao comunicar o desligamento, descrevendo a conduta e os fundamentos legais utilizados. A Justi\u00e7a do Trabalho avaliou o respeito ao contradit\u00f3rio e \u00e0 ampla defesa, previstos no <strong>artigo 5\u00ba<\/strong>, <strong>inciso LV<\/strong>, da<strong> Constitui\u00e7\u00e3o Federa<\/strong>l, bem como a regularidade formal das verbas rescis\u00f3rias \u00e0 luz do artigo 477 da CLT.<\/p>\n\n\n\n<h2 class=\"wp-block-heading\">Qual \u00e9 o entendimento atual sobre justa causa e confian\u00e7a em empresas p\u00fablicas<\/h2>\n\n\n\n<p>Ao julgar o recurso, a<strong> 1\u00aa Turma do TRT-RS<\/strong> manteve a justa causa, destacando que o n\u00e3o indiciamento penal pelo princ\u00edpio da insignific\u00e2ncia, em raz\u00e3o dos valores reduzidos, n\u00e3o impede o reconhecimento de falta grave trabalhista. Para o colegiado, a apropria\u00e7\u00e3o indevida, ainda que de pequeno montante, rompe o elo de confian\u00e7a essencial em fun\u00e7\u00f5es que lidam com dinheiro p\u00fablico ou de terceiros.<\/p>\n\n\n\n<p>O epis\u00f3dio mostra que, em 2026, a discuss\u00e3o sobre justa causa em empresas p\u00fablicas est\u00e1 diretamente ligada \u00e0 motiva\u00e7\u00e3o da dispensa, \u00e0 for\u00e7a das provas e ao impacto da conduta na fid\u00facia necess\u00e1ria ao contrato de trabalho. Se voc\u00ea \u00e9 empregado ou empregador em contexto semelhante, procure orienta\u00e7\u00e3o jur\u00eddica imediatamente: uma decis\u00e3o precipitada ou uma defesa mal estruturada pode definir, de forma irrevers\u00edvel, o futuro da rela\u00e7\u00e3o de trabalho e a prote\u00e7\u00e3o do patrim\u00f4nio p\u00fablico.<\/p>\n","protected":false},"excerpt":{"rendered":"<p>O caso de um cobrador de empresa p\u00fablica de transporte urbano despedido por justa causa ap\u00f3s apropria\u00e7\u00e3o de valores das passagens tem chamado aten\u00e7\u00e3o por envolver temas sens\u00edveis do direito do trabalho, como a confian\u00e7a na rela\u00e7\u00e3o empregat\u00edcia, a necessidade de prova robusta, a motiva\u00e7\u00e3o da dispensa e os novos par\u00e2metros fixados pelo STF para [&hellip;]<\/p>\n","protected":false},"author":11,"featured_media":181880,"comment_status":"open","ping_status":"open","sticky":false,"template":"","format":"standard","meta":{"jnews-multi-image_gallery":[],"jnews_single_post":{"format":"standard"},"jnews_primary_category":[],"jnews_social_meta":[],"jnews_override_counter":[],"footnotes":""},"categories":[28,1],"tags":[1052,2287,11193,16151,508],"class_list":["post-181878","post","type-post","status-publish","format-standard","has-post-thumbnail","hentry","category-economia","category-noticias","tag-clt","tag-demissao","tag-demissao-por-justa-causa","tag-justa-causa","tag-trabalho"],"yoast_head":"<!-- This site is optimized with the Yoast SEO plugin v23.8 - https:\/\/yoast.com\/wordpress\/plugins\/seo\/ -->\n<title>Cobrador de \u00f4nibus \u00e9 demitido por justa causa ap\u00f3s se apropriar de valores de passagens e decis\u00e3o \u00e9 confirmada pela Justi\u00e7a - Estado de Minas - Em foco<\/title>\n<meta name=\"description\" content=\"A Justi\u00e7a confirmou a justa causa de um cobrador acusado de reter valores de passagens. Entenda os fundamentos legais da decis\u00e3o.\" \/>\n<meta name=\"robots\" content=\"index, follow, max-snippet:-1, max-image-preview:large, max-video-preview:-1\" \/>\n<link rel=\"canonical\" href=\"https:\/\/www.em.com.br\/emfoco\/2026\/03\/16\/cobrador-de-onibus-e-demitido-por-justa-causa-apos-se-apropriar-de-valores-de-passagens-e-decisao-e-confirmada-pela-justica\/\" \/>\n<meta property=\"og:locale\" content=\"pt_BR\" \/>\n<meta property=\"og:type\" content=\"article\" \/>\n<meta property=\"og:title\" content=\"Cobrador de \u00f4nibus \u00e9 demitido por justa causa ap\u00f3s se apropriar de valores de passagens e decis\u00e3o \u00e9 confirmada pela Justi\u00e7a - Estado de Minas - Em foco\" \/>\n<meta property=\"og:description\" content=\"A Justi\u00e7a confirmou a justa causa de um cobrador acusado de reter valores de passagens. Entenda os fundamentos legais da decis\u00e3o.\" \/>\n<meta property=\"og:url\" content=\"https:\/\/www.em.com.br\/emfoco\/2026\/03\/16\/cobrador-de-onibus-e-demitido-por-justa-causa-apos-se-apropriar-de-valores-de-passagens-e-decisao-e-confirmada-pela-justica\/\" \/>\n<meta property=\"og:site_name\" content=\"Estado de Minas - Em foco\" \/>\n<meta property=\"article:published_time\" content=\"2026-03-16T14:00:00+00:00\" \/>\n<meta property=\"article:modified_time\" content=\"2026-03-16T02:34:50+00:00\" \/>\n<meta property=\"og:image\" content=\"https:\/\/www.em.com.br\/emfoco\/wp-content\/uploads\/2026\/03\/ChatGPT-Image-15-de-mar.-de-2026-22_25_08-1.png\" \/>\n\t<meta property=\"og:image:width\" content=\"1280\" \/>\n\t<meta property=\"og:image:height\" content=\"720\" \/>\n\t<meta property=\"og:image:type\" content=\"image\/png\" \/>\n<meta name=\"author\" content=\"Andre\u0301 Rangel\u00a0\" \/>\n<meta name=\"twitter:card\" content=\"summary_large_image\" \/>\n<meta name=\"twitter:label1\" content=\"Escrito por\" \/>\n\t<meta name=\"twitter:data1\" content=\"Andre\u0301 Rangel\u00a0\" \/>\n\t<meta name=\"twitter:label2\" content=\"Est. tempo de leitura\" \/>\n\t<meta name=\"twitter:data2\" content=\"5 minutos\" \/>\n<!-- \/ Yoast SEO plugin. -->","yoast_head_json":{"title":"Cobrador de \u00f4nibus \u00e9 demitido por justa causa ap\u00f3s se apropriar de valores de passagens e decis\u00e3o \u00e9 confirmada pela Justi\u00e7a - Estado de Minas - Em foco","description":"A Justi\u00e7a confirmou a justa causa de um cobrador acusado de reter valores de passagens. Entenda os fundamentos legais da decis\u00e3o.","robots":{"index":"index","follow":"follow","max-snippet":"max-snippet:-1","max-image-preview":"max-image-preview:large","max-video-preview":"max-video-preview:-1"},"canonical":"https:\/\/www.em.com.br\/emfoco\/2026\/03\/16\/cobrador-de-onibus-e-demitido-por-justa-causa-apos-se-apropriar-de-valores-de-passagens-e-decisao-e-confirmada-pela-justica\/","og_locale":"pt_BR","og_type":"article","og_title":"Cobrador de \u00f4nibus \u00e9 demitido por justa causa ap\u00f3s se apropriar de valores de passagens e decis\u00e3o \u00e9 confirmada pela Justi\u00e7a - Estado de Minas - Em foco","og_description":"A Justi\u00e7a confirmou a justa causa de um cobrador acusado de reter valores de passagens. Entenda os fundamentos legais da decis\u00e3o.","og_url":"https:\/\/www.em.com.br\/emfoco\/2026\/03\/16\/cobrador-de-onibus-e-demitido-por-justa-causa-apos-se-apropriar-de-valores-de-passagens-e-decisao-e-confirmada-pela-justica\/","og_site_name":"Estado de Minas - Em foco","article_published_time":"2026-03-16T14:00:00+00:00","article_modified_time":"2026-03-16T02:34:50+00:00","og_image":[{"width":1280,"height":720,"url":"https:\/\/www.em.com.br\/emfoco\/wp-content\/uploads\/2026\/03\/ChatGPT-Image-15-de-mar.-de-2026-22_25_08-1.png","type":"image\/png"}],"author":"Andre\u0301 Rangel\u00a0","twitter_card":"summary_large_image","twitter_misc":{"Escrito por":"Andre\u0301 Rangel\u00a0","Est. tempo de leitura":"5 minutos"},"schema":{"@context":"https:\/\/schema.org","@graph":[{"@type":"WebPage","@id":"https:\/\/www.em.com.br\/emfoco\/2026\/03\/16\/cobrador-de-onibus-e-demitido-por-justa-causa-apos-se-apropriar-de-valores-de-passagens-e-decisao-e-confirmada-pela-justica\/","url":"https:\/\/www.em.com.br\/emfoco\/2026\/03\/16\/cobrador-de-onibus-e-demitido-por-justa-causa-apos-se-apropriar-de-valores-de-passagens-e-decisao-e-confirmada-pela-justica\/","name":"Cobrador de \u00f4nibus \u00e9 demitido por justa causa ap\u00f3s se apropriar de valores de passagens e decis\u00e3o \u00e9 confirmada pela Justi\u00e7a - Estado de Minas - Em foco","isPartOf":{"@id":"https:\/\/www.em.com.br\/emfoco\/#website"},"primaryImageOfPage":{"@id":"https:\/\/www.em.com.br\/emfoco\/2026\/03\/16\/cobrador-de-onibus-e-demitido-por-justa-causa-apos-se-apropriar-de-valores-de-passagens-e-decisao-e-confirmada-pela-justica\/#primaryimage"},"image":{"@id":"https:\/\/www.em.com.br\/emfoco\/2026\/03\/16\/cobrador-de-onibus-e-demitido-por-justa-causa-apos-se-apropriar-de-valores-de-passagens-e-decisao-e-confirmada-pela-justica\/#primaryimage"},"thumbnailUrl":"https:\/\/www.em.com.br\/emfoco\/wp-content\/uploads\/2026\/03\/ChatGPT-Image-15-de-mar.-de-2026-22_25_08-1.png","datePublished":"2026-03-16T14:00:00+00:00","dateModified":"2026-03-16T02:34:50+00:00","author":{"@id":"https:\/\/www.em.com.br\/emfoco\/#\/schema\/person\/60eda09c1fedf0d6891f4cef4b60b8b8"},"description":"A Justi\u00e7a confirmou a justa causa de um cobrador acusado de reter valores de passagens. Entenda os fundamentos legais da decis\u00e3o.","breadcrumb":{"@id":"https:\/\/www.em.com.br\/emfoco\/2026\/03\/16\/cobrador-de-onibus-e-demitido-por-justa-causa-apos-se-apropriar-de-valores-de-passagens-e-decisao-e-confirmada-pela-justica\/#breadcrumb"},"inLanguage":"pt-BR","potentialAction":[{"@type":"ReadAction","target":["https:\/\/www.em.com.br\/emfoco\/2026\/03\/16\/cobrador-de-onibus-e-demitido-por-justa-causa-apos-se-apropriar-de-valores-de-passagens-e-decisao-e-confirmada-pela-justica\/"]}]},{"@type":"ImageObject","inLanguage":"pt-BR","@id":"https:\/\/www.em.com.br\/emfoco\/2026\/03\/16\/cobrador-de-onibus-e-demitido-por-justa-causa-apos-se-apropriar-de-valores-de-passagens-e-decisao-e-confirmada-pela-justica\/#primaryimage","url":"https:\/\/www.em.com.br\/emfoco\/wp-content\/uploads\/2026\/03\/ChatGPT-Image-15-de-mar.-de-2026-22_25_08-1.png","contentUrl":"https:\/\/www.em.com.br\/emfoco\/wp-content\/uploads\/2026\/03\/ChatGPT-Image-15-de-mar.-de-2026-22_25_08-1.png","width":1280,"height":720,"caption":"O caso de justa causa que chamou aten\u00e7\u00e3o da Justi\u00e7a"},{"@type":"BreadcrumbList","@id":"https:\/\/www.em.com.br\/emfoco\/2026\/03\/16\/cobrador-de-onibus-e-demitido-por-justa-causa-apos-se-apropriar-de-valores-de-passagens-e-decisao-e-confirmada-pela-justica\/#breadcrumb","itemListElement":[{"@type":"ListItem","position":1,"name":"In\u00edcio","item":"https:\/\/www.em.com.br\/emfoco\/"},{"@type":"ListItem","position":2,"name":"Cobrador de \u00f4nibus \u00e9 demitido por justa causa ap\u00f3s se apropriar de valores de passagens e decis\u00e3o \u00e9 confirmada pela Justi\u00e7a"}]},{"@type":"WebSite","@id":"https:\/\/www.em.com.br\/emfoco\/#website","url":"https:\/\/www.em.com.br\/emfoco\/","name":"Estado de Minas - Em foco","description":"Acompanhe as \u00faltimas not\u00edcias e fique bem informado sobre tudo o que acontece em Minas Gerais, Brasil e no mundo.","potentialAction":[{"@type":"SearchAction","target":{"@type":"EntryPoint","urlTemplate":"https:\/\/www.em.com.br\/emfoco\/?s={search_term_string}"},"query-input":{"@type":"PropertyValueSpecification","valueRequired":true,"valueName":"search_term_string"}}],"inLanguage":"pt-BR"},{"@type":"Person","@id":"https:\/\/www.em.com.br\/emfoco\/#\/schema\/person\/60eda09c1fedf0d6891f4cef4b60b8b8","name":"Andre\u0301 Rangel\u00a0","image":{"@type":"ImageObject","inLanguage":"pt-BR","@id":"https:\/\/www.em.com.br\/emfoco\/#\/schema\/person\/image\/","url":"https:\/\/secure.gravatar.com\/avatar\/6234dc814c77c8ef6d8bba622c787efc?s=96&d=mm&r=g","contentUrl":"https:\/\/secure.gravatar.com\/avatar\/6234dc814c77c8ef6d8bba622c787efc?s=96&d=mm&r=g","caption":"Andre\u0301 Rangel\u00a0"},"url":"https:\/\/www.em.com.br\/emfoco\/author\/luizmyth\/"}]}},"_links":{"self":[{"href":"https:\/\/www.em.com.br\/emfoco\/wp-json\/wp\/v2\/posts\/181878","targetHints":{"allow":["GET"]}}],"collection":[{"href":"https:\/\/www.em.com.br\/emfoco\/wp-json\/wp\/v2\/posts"}],"about":[{"href":"https:\/\/www.em.com.br\/emfoco\/wp-json\/wp\/v2\/types\/post"}],"author":[{"embeddable":true,"href":"https:\/\/www.em.com.br\/emfoco\/wp-json\/wp\/v2\/users\/11"}],"replies":[{"embeddable":true,"href":"https:\/\/www.em.com.br\/emfoco\/wp-json\/wp\/v2\/comments?post=181878"}],"version-history":[{"count":3,"href":"https:\/\/www.em.com.br\/emfoco\/wp-json\/wp\/v2\/posts\/181878\/revisions"}],"predecessor-version":[{"id":181884,"href":"https:\/\/www.em.com.br\/emfoco\/wp-json\/wp\/v2\/posts\/181878\/revisions\/181884"}],"wp:featuredmedia":[{"embeddable":true,"href":"https:\/\/www.em.com.br\/emfoco\/wp-json\/wp\/v2\/media\/181880"}],"wp:attachment":[{"href":"https:\/\/www.em.com.br\/emfoco\/wp-json\/wp\/v2\/media?parent=181878"}],"wp:term":[{"taxonomy":"category","embeddable":true,"href":"https:\/\/www.em.com.br\/emfoco\/wp-json\/wp\/v2\/categories?post=181878"},{"taxonomy":"post_tag","embeddable":true,"href":"https:\/\/www.em.com.br\/emfoco\/wp-json\/wp\/v2\/tags?post=181878"}],"curies":[{"name":"wp","href":"https:\/\/api.w.org\/{rel}","templated":true}]}}