{"id":181824,"date":"2026-03-16T15:55:00","date_gmt":"2026-03-16T18:55:00","guid":{"rendered":"https:\/\/www.em.com.br\/emfoco\/?p=181824"},"modified":"2026-03-16T15:32:26","modified_gmt":"2026-03-16T18:32:26","slug":"diga-adeus-ao-prime-video-sem-anuncios-a-amazon-anuncia-oficialmente-o-encerramento-do-servico","status":"publish","type":"post","link":"https:\/\/www.em.com.br\/emfoco\/2026\/03\/16\/diga-adeus-ao-prime-video-sem-anuncios-a-amazon-anuncia-oficialmente-o-encerramento-do-servico\/","title":{"rendered":"Diga adeus ao Prime Video sem an\u00fancios: a Amazon anuncia oficialmente o encerramento do servi\u00e7o"},"content":{"rendered":"\n<p>O<strong> Prime Video <\/strong>entra em uma nova fase a partir de 2026, reposicionando um de seus planos mais populares para acompanhar a disputa crescente entre servi\u00e7os de streaming. A <strong>Amazon <\/strong>substitui o antigo plano sem an\u00fancios por uma op\u00e7\u00e3o mais robusta, focada em qualidade de imagem, som e flexibilidade de uso, mirando diretamente quem quer ver s\u00e9ries, filmes e esportes com m\u00e1xima qualidade e zero interrup\u00e7\u00f5es comerciais.<\/p>\n\n\n\n<h2 class=\"wp-block-heading\">O que \u00e9 o Prime Video Ultra e como ele funciona<\/h2>\n\n\n\n<p>O&nbsp;<strong>Prime Video Ultra<\/strong>&nbsp;\u00e9 o novo n\u00edvel de assinatura sem an\u00fancios da plataforma, criado para ocupar o lugar do antigo plano Ad Free. Ele mant\u00e9m a aus\u00eancia de publicidade durante os conte\u00fados, mas adiciona recursos considerados premium para elevar a experi\u00eancia de uso di\u00e1rio.<\/p>\n\n\n\n<p>Entre os diferenciais est\u00e3o os v\u00eddeos em&nbsp;<strong>4K UHD<\/strong>, com resolu\u00e7\u00e3o quatro vezes maior que o HD tradicional, e o suporte a&nbsp;<strong>\u00e1udio Dolby Atmos<\/strong>, que oferece som mais detalhado e imersivo. O Ultra \u00e9 oferecido como complemento pago \u00e0 assinatura j\u00e1 existente, custando 4,99 por m\u00eas ou 45,99 no plano anual, com desconto aproximado de 23%.<\/p>\n\n\n\n<figure class=\"wp-block-image size-large\"><img loading=\"lazy\" decoding=\"async\" width=\"1024\" height=\"576\" src=\"https:\/\/www.em.com.br\/emfoco\/wp-content\/uploads\/2026\/03\/ChatGPT-Image-15-de-mar.-de-2026-11_15_15-1-1024x576.png\" alt=\"A Amazon criou um plano Ultra para quem ama streaming\n\" class=\"wp-image-181827\" srcset=\"https:\/\/www.em.com.br\/emfoco\/wp-content\/uploads\/2026\/03\/ChatGPT-Image-15-de-mar.-de-2026-11_15_15-1-1024x576.png 1024w, https:\/\/www.em.com.br\/emfoco\/wp-content\/uploads\/2026\/03\/ChatGPT-Image-15-de-mar.-de-2026-11_15_15-1-300x169.png 300w, https:\/\/www.em.com.br\/emfoco\/wp-content\/uploads\/2026\/03\/ChatGPT-Image-15-de-mar.-de-2026-11_15_15-1-768x432.png 768w, https:\/\/www.em.com.br\/emfoco\/wp-content\/uploads\/2026\/03\/ChatGPT-Image-15-de-mar.-de-2026-11_15_15-1-750x422.png 750w, https:\/\/www.em.com.br\/emfoco\/wp-content\/uploads\/2026\/03\/ChatGPT-Image-15-de-mar.-de-2026-11_15_15-1-1140x641.png 1140w, https:\/\/www.em.com.br\/emfoco\/wp-content\/uploads\/2026\/03\/ChatGPT-Image-15-de-mar.-de-2026-11_15_15-1.png 1280w\" sizes=\"auto, (max-width: 1024px) 100vw, 1024px\" \/><figcaption class=\"wp-element-caption\">A Amazon criou um plano Ultra para quem ama streaming\n<\/figcaption><\/figure>\n\n\n\n<h2 class=\"wp-block-heading\">Prime Video Ultra vale a pena para quem assiste em 4K<\/h2>\n\n\n\n<p>O foco em qualidade visual e sonora torna o&nbsp;<strong>Prime Video Ultra<\/strong>&nbsp;especialmente interessante para quem tem TVs ou monitores compat\u00edveis com alta resolu\u00e7\u00e3o. O 4K UHD entrega imagens mais n\u00edtidas e detalhadas, enquanto o&nbsp;<strong>Dolby Atmos<\/strong>&nbsp;cria sensa\u00e7\u00e3o de som tridimensional em sistemas compat\u00edveis, ideal para quem busca uma experi\u00eancia \u201cde cinema\u201d em casa.<\/p>\n\n\n\n<p>Al\u00e9m disso, o Ultra aumenta de forma significativa a capacidade de downloads de conte\u00fado licenciado, indo de 25 para at\u00e9&nbsp;<strong>100 t\u00edtulos offline<\/strong>. Esse salto favorece quem viaja com frequ\u00eancia, divide a conta com a fam\u00edlia ou depende do modo offline para acompanhar s\u00e9ries e filmes sem se preocupar com a qualidade da conex\u00e3o.<\/p>\n\n\n\n<h2 class=\"wp-block-heading\">Quais s\u00e3o as principais mudan\u00e7as em rela\u00e7\u00e3o ao plano sem an\u00fancios<\/h2>\n\n\n\n<p>Com o lan\u00e7amento do Prime Video Ultra, o antigo n\u00edvel Ad Free \u00e9 substitu\u00eddo, mas suas caracter\u00edsticas centrais s\u00e3o mantidas e ampliadas. A aus\u00eancia de an\u00fancios continua, enquanto o n\u00famero de&nbsp;<strong>streams simult\u00e2neos<\/strong>&nbsp;passa de tr\u00eas para at\u00e9&nbsp;<strong>cinco telas ao mesmo tempo<\/strong>, atendendo casas com v\u00e1rios moradores e m\u00faltiplos dispositivos conectados.<\/p>\n\n\n\n<p>Na compara\u00e7\u00e3o com o&nbsp;<strong>Prime Video Benefit<\/strong>, benef\u00edcio de streaming incluso na assinatura Prime padr\u00e3o, o Ultra refor\u00e7a sua posi\u00e7\u00e3o como plano premium. O benef\u00edcio incluso oferece at\u00e9&nbsp;<strong>50 downloads offline<\/strong>&nbsp;e at\u00e9&nbsp;<strong>quatro streams simult\u00e2neos<\/strong>, mas mant\u00e9m an\u00fancios em parte do conte\u00fado e n\u00e3o inclui 4K UHD nem Dolby Atmos, marcando uma divis\u00e3o clara entre as duas experi\u00eancias.<\/p>\n\n\n\n<h2 class=\"wp-block-heading\">Como o Prime Video Ultra se encaixa na estrat\u00e9gia dos streamings<\/h2>\n\n\n\n<p>A cria\u00e7\u00e3o do Prime Video Ultra segue a tend\u00eancia de segmenta\u00e7\u00e3o dos servi\u00e7os de streaming, que agora diferenciam planos por qualidade de imagem, som e limita\u00e7\u00f5es de uso. A aposta da Amazon \u00e9 refor\u00e7ar o valor agregado para quem consome produ\u00e7\u00f5es originais, filmes licenciados e esportes ao vivo, oferecendo um pacote mais completo de recursos t\u00e9cnicos.<\/p>\n\n\n\n<figure class=\"wp-block-image\"><img decoding=\"async\" src=\"https:\/\/www.em.com.br\/emfoco\/wp-content\/uploads\/2025\/05\/prime-video-series_1747757854898-1024x576.jpg\" alt=\"\"\/><figcaption class=\"wp-element-caption\">O plano mais completo do Prime Video chegou &#8211; Cr\u00e9ditos: depositphotos.com \/ BrendaRochaBlossom<\/figcaption><\/figure>\n\n\n\n<p>Para visualizar melhor os benef\u00edcios do Ultra e como ele se compara ao benef\u00edcio padr\u00e3o do Prime, vale organizar os principais pontos em uma lista r\u00e1pida de diferen\u00e7as pr\u00e1ticas:<\/p>\n\n\n\n<ul class=\"wp-block-list\">\n<li><strong>Sem an\u00fancios<\/strong>\u00a0durante filmes, s\u00e9ries e outros conte\u00fados compat\u00edveis.<\/li>\n\n\n\n<li><strong>Resolu\u00e7\u00e3o 4K UHD<\/strong>\u00a0e\u00a0<strong>\u00e1udio Dolby Atmos<\/strong>\u00a0em t\u00edtulos selecionados.<\/li>\n\n\n\n<li><strong>At\u00e9 100 t\u00edtulos<\/strong>\u00a0para download offline, contra 50 no benef\u00edcio padr\u00e3o.<\/li>\n\n\n\n<li><strong>Cinco streams simult\u00e2neos<\/strong>, frente a quatro no plano incluso no Prime.<\/li>\n\n\n\n<li>Op\u00e7\u00e3o de pagamento\u00a0<strong>mensal ou anual<\/strong>, com economia no plano de 12 meses.<\/li>\n<\/ul>\n\n\n\n<h2 class=\"wp-block-heading\">Por que o Prime Video Ultra pode ser a escolha certa agora<\/h2>\n\n\n\n<p>No cen\u00e1rio atual, o Prime Video Ultra se posiciona como uma camada superior para quem j\u00e1 est\u00e1 no ecossistema da Amazon e quer dar um salto na qualidade da experi\u00eancia. Ao combinar aus\u00eancia de publicidade, melhorias t\u00e9cnicas e maior flexibilidade de uso, o plano mira diretamente o p\u00fablico que prioriza imagem em 4K, som avan\u00e7ado e liberdade para usar v\u00e1rias telas sem dor de cabe\u00e7a.<\/p>\n\n\n\n<p>Se voc\u00ea assiste muito conte\u00fado, divide o acesso com a fam\u00edlia e quer aproveitar o m\u00e1ximo da sua TV 4K ou sistema de som, este \u00e9 o momento de decidir. Considere seu uso real, compare com o benef\u00edcio padr\u00e3o e, se fizer sentido, assine o Prime Video Ultra agora para garantir a melhor experi\u00eancia poss\u00edvel antes de novas mudan\u00e7as de pre\u00e7o ou condi\u00e7\u00f5es entrarem em vigor.<\/p>\n","protected":false},"excerpt":{"rendered":"<p>O Prime Video entra em uma nova fase a partir de 2026, reposicionando um de seus planos mais populares para acompanhar a disputa crescente entre servi\u00e7os de streaming. A Amazon substitui o antigo plano sem an\u00fancios por uma op\u00e7\u00e3o mais robusta, focada em qualidade de imagem, som e flexibilidade de uso, mirando diretamente quem quer [&hellip;]<\/p>\n","protected":false},"author":11,"featured_media":181829,"comment_status":"open","ping_status":"open","sticky":false,"template":"","format":"standard","meta":{"jnews-multi-image_gallery":[],"jnews_single_post":{"format":"standard"},"jnews_primary_category":[],"jnews_social_meta":[],"jnews_override_counter":[],"footnotes":""},"categories":[8819,1],"tags":[1855,26230,26229,1379,1530],"class_list":["post-181824","post","type-post","status-publish","format-standard","has-post-thumbnail","hentry","category-curiosidades","category-noticias","tag-amazon","tag-ausencia-de-anuncios","tag-plano-sem-anuncios","tag-prime-video","tag-streaming"],"yoast_head":"<!-- This site is optimized with the Yoast SEO plugin v23.8 - https:\/\/yoast.com\/wordpress\/plugins\/seo\/ -->\n<title>Diga adeus ao Prime Video sem an\u00fancios: a Amazon anuncia oficialmente o encerramento do servi\u00e7o - Estado de Minas - Em foco<\/title>\n<meta name=\"description\" content=\"O Prime Video Ultra chega com 4K UHD, Dolby Atmos e at\u00e9 cinco telas simult\u00e2neas. Veja o que muda no streaming da Amazon.\" \/>\n<meta name=\"robots\" content=\"index, follow, max-snippet:-1, max-image-preview:large, max-video-preview:-1\" \/>\n<link rel=\"canonical\" href=\"https:\/\/www.em.com.br\/emfoco\/2026\/03\/16\/diga-adeus-ao-prime-video-sem-anuncios-a-amazon-anuncia-oficialmente-o-encerramento-do-servico\/\" \/>\n<meta property=\"og:locale\" content=\"pt_BR\" \/>\n<meta property=\"og:type\" content=\"article\" \/>\n<meta property=\"og:title\" content=\"Diga adeus ao Prime Video sem an\u00fancios: a Amazon anuncia oficialmente o encerramento do servi\u00e7o - Estado de Minas - Em foco\" \/>\n<meta property=\"og:description\" content=\"O Prime Video Ultra chega com 4K UHD, Dolby Atmos e at\u00e9 cinco telas simult\u00e2neas. Veja o que muda no streaming da Amazon.\" \/>\n<meta property=\"og:url\" content=\"https:\/\/www.em.com.br\/emfoco\/2026\/03\/16\/diga-adeus-ao-prime-video-sem-anuncios-a-amazon-anuncia-oficialmente-o-encerramento-do-servico\/\" \/>\n<meta property=\"og:site_name\" content=\"Estado de Minas - Em foco\" \/>\n<meta property=\"article:published_time\" content=\"2026-03-16T18:55:00+00:00\" \/>\n<meta property=\"article:modified_time\" content=\"2026-03-16T18:32:26+00:00\" \/>\n<meta property=\"og:image\" content=\"https:\/\/www.em.com.br\/emfoco\/wp-content\/uploads\/2026\/03\/Gemini_Generated_Image_vwdjwqvwdjwqvwdj-1.png\" \/>\n\t<meta property=\"og:image:width\" content=\"1280\" \/>\n\t<meta property=\"og:image:height\" content=\"720\" \/>\n\t<meta property=\"og:image:type\" content=\"image\/png\" \/>\n<meta name=\"author\" content=\"Andre\u0301 Rangel\u00a0\" \/>\n<meta name=\"twitter:card\" content=\"summary_large_image\" \/>\n<meta name=\"twitter:label1\" content=\"Escrito por\" \/>\n\t<meta name=\"twitter:data1\" content=\"Andre\u0301 Rangel\u00a0\" \/>\n\t<meta name=\"twitter:label2\" content=\"Est. tempo de leitura\" \/>\n\t<meta name=\"twitter:data2\" content=\"5 minutos\" \/>\n<!-- \/ Yoast SEO plugin. -->","yoast_head_json":{"title":"Diga adeus ao Prime Video sem an\u00fancios: a Amazon anuncia oficialmente o encerramento do servi\u00e7o - Estado de Minas - Em foco","description":"O Prime Video Ultra chega com 4K UHD, Dolby Atmos e at\u00e9 cinco telas simult\u00e2neas. Veja o que muda no streaming da Amazon.","robots":{"index":"index","follow":"follow","max-snippet":"max-snippet:-1","max-image-preview":"max-image-preview:large","max-video-preview":"max-video-preview:-1"},"canonical":"https:\/\/www.em.com.br\/emfoco\/2026\/03\/16\/diga-adeus-ao-prime-video-sem-anuncios-a-amazon-anuncia-oficialmente-o-encerramento-do-servico\/","og_locale":"pt_BR","og_type":"article","og_title":"Diga adeus ao Prime Video sem an\u00fancios: a Amazon anuncia oficialmente o encerramento do servi\u00e7o - Estado de Minas - Em foco","og_description":"O Prime Video Ultra chega com 4K UHD, Dolby Atmos e at\u00e9 cinco telas simult\u00e2neas. Veja o que muda no streaming da Amazon.","og_url":"https:\/\/www.em.com.br\/emfoco\/2026\/03\/16\/diga-adeus-ao-prime-video-sem-anuncios-a-amazon-anuncia-oficialmente-o-encerramento-do-servico\/","og_site_name":"Estado de Minas - Em foco","article_published_time":"2026-03-16T18:55:00+00:00","article_modified_time":"2026-03-16T18:32:26+00:00","og_image":[{"width":1280,"height":720,"url":"https:\/\/www.em.com.br\/emfoco\/wp-content\/uploads\/2026\/03\/Gemini_Generated_Image_vwdjwqvwdjwqvwdj-1.png","type":"image\/png"}],"author":"Andre\u0301 Rangel\u00a0","twitter_card":"summary_large_image","twitter_misc":{"Escrito por":"Andre\u0301 Rangel\u00a0","Est. tempo de leitura":"5 minutos"},"schema":{"@context":"https:\/\/schema.org","@graph":[{"@type":"WebPage","@id":"https:\/\/www.em.com.br\/emfoco\/2026\/03\/16\/diga-adeus-ao-prime-video-sem-anuncios-a-amazon-anuncia-oficialmente-o-encerramento-do-servico\/","url":"https:\/\/www.em.com.br\/emfoco\/2026\/03\/16\/diga-adeus-ao-prime-video-sem-anuncios-a-amazon-anuncia-oficialmente-o-encerramento-do-servico\/","name":"Diga adeus ao Prime Video sem an\u00fancios: a Amazon anuncia oficialmente o encerramento do servi\u00e7o - Estado de Minas - Em foco","isPartOf":{"@id":"https:\/\/www.em.com.br\/emfoco\/#website"},"primaryImageOfPage":{"@id":"https:\/\/www.em.com.br\/emfoco\/2026\/03\/16\/diga-adeus-ao-prime-video-sem-anuncios-a-amazon-anuncia-oficialmente-o-encerramento-do-servico\/#primaryimage"},"image":{"@id":"https:\/\/www.em.com.br\/emfoco\/2026\/03\/16\/diga-adeus-ao-prime-video-sem-anuncios-a-amazon-anuncia-oficialmente-o-encerramento-do-servico\/#primaryimage"},"thumbnailUrl":"https:\/\/www.em.com.br\/emfoco\/wp-content\/uploads\/2026\/03\/Gemini_Generated_Image_vwdjwqvwdjwqvwdj-1.png","datePublished":"2026-03-16T18:55:00+00:00","dateModified":"2026-03-16T18:32:26+00:00","author":{"@id":"https:\/\/www.em.com.br\/emfoco\/#\/schema\/person\/60eda09c1fedf0d6891f4cef4b60b8b8"},"description":"O Prime Video Ultra chega com 4K UHD, Dolby Atmos e at\u00e9 cinco telas simult\u00e2neas. Veja o que muda no streaming da Amazon.","breadcrumb":{"@id":"https:\/\/www.em.com.br\/emfoco\/2026\/03\/16\/diga-adeus-ao-prime-video-sem-anuncios-a-amazon-anuncia-oficialmente-o-encerramento-do-servico\/#breadcrumb"},"inLanguage":"pt-BR","potentialAction":[{"@type":"ReadAction","target":["https:\/\/www.em.com.br\/emfoco\/2026\/03\/16\/diga-adeus-ao-prime-video-sem-anuncios-a-amazon-anuncia-oficialmente-o-encerramento-do-servico\/"]}]},{"@type":"ImageObject","inLanguage":"pt-BR","@id":"https:\/\/www.em.com.br\/emfoco\/2026\/03\/16\/diga-adeus-ao-prime-video-sem-anuncios-a-amazon-anuncia-oficialmente-o-encerramento-do-servico\/#primaryimage","url":"https:\/\/www.em.com.br\/emfoco\/wp-content\/uploads\/2026\/03\/Gemini_Generated_Image_vwdjwqvwdjwqvwdj-1.png","contentUrl":"https:\/\/www.em.com.br\/emfoco\/wp-content\/uploads\/2026\/03\/Gemini_Generated_Image_vwdjwqvwdjwqvwdj-1.png","width":1280,"height":720,"caption":"A Amazon criou um plano Ultra para quem ama streaming"},{"@type":"BreadcrumbList","@id":"https:\/\/www.em.com.br\/emfoco\/2026\/03\/16\/diga-adeus-ao-prime-video-sem-anuncios-a-amazon-anuncia-oficialmente-o-encerramento-do-servico\/#breadcrumb","itemListElement":[{"@type":"ListItem","position":1,"name":"In\u00edcio","item":"https:\/\/www.em.com.br\/emfoco\/"},{"@type":"ListItem","position":2,"name":"Diga adeus ao Prime Video sem an\u00fancios: a Amazon anuncia oficialmente o encerramento do servi\u00e7o"}]},{"@type":"WebSite","@id":"https:\/\/www.em.com.br\/emfoco\/#website","url":"https:\/\/www.em.com.br\/emfoco\/","name":"Estado de Minas - Em foco","description":"Acompanhe as \u00faltimas not\u00edcias e fique bem informado sobre tudo o que acontece em Minas Gerais, Brasil e no mundo.","potentialAction":[{"@type":"SearchAction","target":{"@type":"EntryPoint","urlTemplate":"https:\/\/www.em.com.br\/emfoco\/?s={search_term_string}"},"query-input":{"@type":"PropertyValueSpecification","valueRequired":true,"valueName":"search_term_string"}}],"inLanguage":"pt-BR"},{"@type":"Person","@id":"https:\/\/www.em.com.br\/emfoco\/#\/schema\/person\/60eda09c1fedf0d6891f4cef4b60b8b8","name":"Andre\u0301 Rangel\u00a0","image":{"@type":"ImageObject","inLanguage":"pt-BR","@id":"https:\/\/www.em.com.br\/emfoco\/#\/schema\/person\/image\/","url":"https:\/\/secure.gravatar.com\/avatar\/6234dc814c77c8ef6d8bba622c787efc?s=96&d=mm&r=g","contentUrl":"https:\/\/secure.gravatar.com\/avatar\/6234dc814c77c8ef6d8bba622c787efc?s=96&d=mm&r=g","caption":"Andre\u0301 Rangel\u00a0"},"url":"https:\/\/www.em.com.br\/emfoco\/author\/luizmyth\/"}]}},"_links":{"self":[{"href":"https:\/\/www.em.com.br\/emfoco\/wp-json\/wp\/v2\/posts\/181824","targetHints":{"allow":["GET"]}}],"collection":[{"href":"https:\/\/www.em.com.br\/emfoco\/wp-json\/wp\/v2\/posts"}],"about":[{"href":"https:\/\/www.em.com.br\/emfoco\/wp-json\/wp\/v2\/types\/post"}],"author":[{"embeddable":true,"href":"https:\/\/www.em.com.br\/emfoco\/wp-json\/wp\/v2\/users\/11"}],"replies":[{"embeddable":true,"href":"https:\/\/www.em.com.br\/emfoco\/wp-json\/wp\/v2\/comments?post=181824"}],"version-history":[{"count":2,"href":"https:\/\/www.em.com.br\/emfoco\/wp-json\/wp\/v2\/posts\/181824\/revisions"}],"predecessor-version":[{"id":181830,"href":"https:\/\/www.em.com.br\/emfoco\/wp-json\/wp\/v2\/posts\/181824\/revisions\/181830"}],"wp:featuredmedia":[{"embeddable":true,"href":"https:\/\/www.em.com.br\/emfoco\/wp-json\/wp\/v2\/media\/181829"}],"wp:attachment":[{"href":"https:\/\/www.em.com.br\/emfoco\/wp-json\/wp\/v2\/media?parent=181824"}],"wp:term":[{"taxonomy":"category","embeddable":true,"href":"https:\/\/www.em.com.br\/emfoco\/wp-json\/wp\/v2\/categories?post=181824"},{"taxonomy":"post_tag","embeddable":true,"href":"https:\/\/www.em.com.br\/emfoco\/wp-json\/wp\/v2\/tags?post=181824"}],"curies":[{"name":"wp","href":"https:\/\/api.w.org\/{rel}","templated":true}]}}