{"id":181815,"date":"2026-03-15T12:30:00","date_gmt":"2026-03-15T15:30:00","guid":{"rendered":"https:\/\/www.em.com.br\/emfoco\/?p=181815"},"modified":"2026-03-15T12:23:16","modified_gmt":"2026-03-15T15:23:16","slug":"segundo-a-psicologia-quem-deixa-de-buscar-validacao-dos-outros-pode-desenvolver-mais-equilibrio-emocional-e-paz-interior","status":"publish","type":"post","link":"https:\/\/www.em.com.br\/emfoco\/2026\/03\/15\/segundo-a-psicologia-quem-deixa-de-buscar-validacao-dos-outros-pode-desenvolver-mais-equilibrio-emocional-e-paz-interior\/","title":{"rendered":"Segundo a psicologia, quem deixa de buscar valida\u00e7\u00e3o dos outros pode desenvolver mais equil\u00edbrio emocional e paz interior"},"content":{"rendered":"\n<p>A preocupa\u00e7\u00e3o exagerada com a opini\u00e3o dos outros faz parte da rotina de muita gente e, em um mundo de redes sociais e compara\u00e7\u00f5es constantes, isso fica ainda mais intenso. \u00c0 primeira vista, parece apenas sinal de empatia, educa\u00e7\u00e3o e boa conviv\u00eancia, mas quando a imagem p\u00fablica passa a orientar quase todas as escolhas, surge um desgaste emocional silencioso: a busca por aprova\u00e7\u00e3o vira crit\u00e9rio de valor pessoal e afasta a pessoa das pr\u00f3prias prefer\u00eancias, limites e necessidades.<\/p>\n\n\n\n<h2 class=\"wp-block-heading\">O que significa depender da opini\u00e3o dos outros?<\/h2>\n\n\n\n<p>Em hist\u00f3rias de vida marcadas por cr\u00edticas constantes, rejei\u00e7\u00f5es ou aus\u00eancia emocional dos cuidadores, \u00e9 comum surgir uma esp\u00e9cie de \u201cradar social\u201d sempre ligado. A pessoa passa a ler express\u00f5es faciais, tons de voz e pequenos sinais de aceita\u00e7\u00e3o ou rejei\u00e7\u00e3o como se fossem verdades absolutas sobre quem ela \u00e9.<\/p>\n\n\n\n<p>Nesse cen\u00e1rio, a autoimagem se apoia quase inteiramente no que terceiros pensam ou podem pensar. Decis\u00f5es simples \u2014 da roupa ao caminho profissional \u2014 passam por um filtro central: \u201co que v\u00e3o achar?\u201d. Com o tempo, isso afasta a pessoa da pr\u00f3pria identidade e alimenta um sentimento de vazio e desorienta\u00e7\u00e3o.<\/p>\n\n\n\n<figure class=\"wp-block-image size-large\"><img loading=\"lazy\" decoding=\"async\" width=\"1024\" height=\"576\" src=\"https:\/\/www.em.com.br\/emfoco\/wp-content\/uploads\/2026\/03\/ChatGPT-Image-15-de-mar.-de-2026-11_01_17-1-1024x576.png\" alt=\"O erro emocional que prende muita gente \u00e0 aprova\u00e7\u00e3o\" class=\"wp-image-181821\" srcset=\"https:\/\/www.em.com.br\/emfoco\/wp-content\/uploads\/2026\/03\/ChatGPT-Image-15-de-mar.-de-2026-11_01_17-1-1024x576.png 1024w, https:\/\/www.em.com.br\/emfoco\/wp-content\/uploads\/2026\/03\/ChatGPT-Image-15-de-mar.-de-2026-11_01_17-1-300x169.png 300w, https:\/\/www.em.com.br\/emfoco\/wp-content\/uploads\/2026\/03\/ChatGPT-Image-15-de-mar.-de-2026-11_01_17-1-768x432.png 768w, https:\/\/www.em.com.br\/emfoco\/wp-content\/uploads\/2026\/03\/ChatGPT-Image-15-de-mar.-de-2026-11_01_17-1-750x422.png 750w, https:\/\/www.em.com.br\/emfoco\/wp-content\/uploads\/2026\/03\/ChatGPT-Image-15-de-mar.-de-2026-11_01_17-1-1140x641.png 1140w, https:\/\/www.em.com.br\/emfoco\/wp-content\/uploads\/2026\/03\/ChatGPT-Image-15-de-mar.-de-2026-11_01_17-1.png 1280w\" sizes=\"auto, (max-width: 1024px) 100vw, 1024px\" \/><figcaption class=\"wp-element-caption\">O erro emocional que prende muita gente \u00e0 aprova\u00e7\u00e3o<\/figcaption><\/figure>\n\n\n\n<h2 class=\"wp-block-heading\">Como a depend\u00eancia de aprova\u00e7\u00e3o aparece no dia a dia?<\/h2>\n\n\n\n<p>Esse padr\u00e3o se manifesta em diferentes \u00e1reas: nas rela\u00e7\u00f5es afetivas, a pessoa se molda ao parceiro e evita conflitos a qualquer custo; no trabalho, assume tarefas demais por medo de desapontar; entre amigos e familiares, concorda com o que n\u00e3o acredita para manter pertencimento. O \u201cn\u00e3o\u201d vira quase uma amea\u00e7a.<\/p>\n\n\n\n<p>Com o passar dos anos, o esfor\u00e7o para agradar consome energia mental e emocional. Mesmo quando a valida\u00e7\u00e3o vem, ela dura pouco, e logo aparece a sensa\u00e7\u00e3o de que \u00e9 preciso fazer ainda mais para continuar sendo aceito, refor\u00e7ando o ciclo de depend\u00eancia.<\/p>\n\n\n\n<h2 class=\"wp-block-heading\">Como o locus de controle influencia a autoestima?<\/h2>\n\n\n\n<p>O conceito de&nbsp;<strong>locus de controle<\/strong>&nbsp;ajuda a entender essa din\u00e2mica. Quando ele \u00e9 predominantemente externo, resultados s\u00e3o atribu\u00eddos \u00e0 opini\u00e3o alheia, sorte ou circunst\u00e2ncias; quando \u00e9 mais interno, decis\u00f5es, esfor\u00e7o e responsabilidade pessoal ganham peso maior na constru\u00e7\u00e3o da pr\u00f3pria trajet\u00f3ria.<\/p>\n\n\n\n<p><a href=\"https:\/\/www.msn.com\/en-in\/personal-development\/emotional-intelligence-and-self-awareness\/psychology-explains-why-some-people-need-less-external-validation\/ar-AA1WlpaE\" target=\"_blank\" rel=\"noreferrer noopener\">Pesquisas <\/a>mostram que um locus mais interno se associa a melhor sa\u00fade mental, menos ansiedade e maior satisfa\u00e7\u00e3o com a vida. Nessa perspectiva, cr\u00edticas deixam de ser senten\u00e7a e passam a ser apenas uma informa\u00e7\u00e3o a ser considerada, sem definir o valor de quem voc\u00ea \u00e9.<\/p>\n\n\n\n<h2 class=\"wp-block-heading\">Quais estrat\u00e9gias ajudam a depender menos da aprova\u00e7\u00e3o externa?<\/h2>\n\n\n\n<p>Reduzir a necessidade de aprova\u00e7\u00e3o n\u00e3o significa ignorar todo feedback, mas construir uma base interna mais s\u00f3lida. Esse movimento \u00e9 gradual e exige treino, come\u00e7ando por pequenas escolhas conscientes no dia a dia, em vez de grandes revolu\u00e7\u00f5es de uma vez.<\/p>\n\n\n\n<figure class=\"wp-block-image size-large\"><img loading=\"lazy\" decoding=\"async\" width=\"1024\" height=\"576\" src=\"https:\/\/www.em.com.br\/emfoco\/wp-content\/uploads\/2026\/03\/ChatGPT-Image-15-de-mar.-de-2026-11_03_30-1-1024x576.png\" alt=\"O erro emocional que prende muita gente \u00e0 aprova\u00e7\u00e3o\" class=\"wp-image-181822\" srcset=\"https:\/\/www.em.com.br\/emfoco\/wp-content\/uploads\/2026\/03\/ChatGPT-Image-15-de-mar.-de-2026-11_03_30-1-1024x576.png 1024w, https:\/\/www.em.com.br\/emfoco\/wp-content\/uploads\/2026\/03\/ChatGPT-Image-15-de-mar.-de-2026-11_03_30-1-300x169.png 300w, https:\/\/www.em.com.br\/emfoco\/wp-content\/uploads\/2026\/03\/ChatGPT-Image-15-de-mar.-de-2026-11_03_30-1-768x432.png 768w, https:\/\/www.em.com.br\/emfoco\/wp-content\/uploads\/2026\/03\/ChatGPT-Image-15-de-mar.-de-2026-11_03_30-1-750x422.png 750w, https:\/\/www.em.com.br\/emfoco\/wp-content\/uploads\/2026\/03\/ChatGPT-Image-15-de-mar.-de-2026-11_03_30-1-1140x641.png 1140w, https:\/\/www.em.com.br\/emfoco\/wp-content\/uploads\/2026\/03\/ChatGPT-Image-15-de-mar.-de-2026-11_03_30-1.png 1280w\" sizes=\"auto, (max-width: 1024px) 100vw, 1024px\" \/><figcaption class=\"wp-element-caption\">O erro emocional que prende muita gente \u00e0 aprova\u00e7\u00e3o<\/figcaption><\/figure>\n\n\n\n<p>Algumas estrat\u00e9gias pr\u00e1ticas ajudam a fortalecer a autonomia emocional e a confian\u00e7a no pr\u00f3prio julgamento:<\/p>\n\n\n\n<ul class=\"wp-block-list\">\n<li><strong>Observar padr\u00f5es de comportamento<\/strong>: identifique em quais situa\u00e7\u00f5es voc\u00ea se sente mais vulner\u00e1vel \u00e0 cr\u00edtica e note os gatilhos que o fazem agir apenas para evitar desaprova\u00e7\u00e3o.<\/li>\n\n\n\n<li><strong>Diferenciar opini\u00e3o de fato<\/strong>: lembre-se de que coment\u00e1rios refletem vis\u00f5es e limites de quem fala, n\u00e3o verdades universais sobre voc\u00ea.<\/li>\n\n\n\n<li><strong>Praticar pequenas decis\u00f5es aut\u00f4nomas<\/strong>: escolha roupas, lazer e organiza\u00e7\u00e3o do dia com base no seu gosto, sem consultar ou antecipar julgamentos.<\/li>\n\n\n\n<li><strong>Rever cren\u00e7as sobre \u201cagradar\u201d<\/strong>: questione a ideia de que ser amado significa nunca discordar, n\u00e3o impor limites e n\u00e3o frustrar ningu\u00e9m.<\/li>\n\n\n\n<li><strong>Buscar apoio profissional<\/strong>: em casos de sofrimento intenso, ansiedade alta ou traumas, a psicoterapia oferece um espa\u00e7o seguro para ressignificar essa depend\u00eancia.<\/li>\n<\/ul>\n\n\n\n<h2 class=\"wp-block-heading\">Como construir uma rela\u00e7\u00e3o mais est\u00e1vel consigo mesmo?<\/h2>\n\n\n\n<p>Desenvolver uma base interna menos dependente de valida\u00e7\u00e3o alheia \u00e9 um processo cont\u00ednuo, que envolve reconhecer a pr\u00f3pria hist\u00f3ria, acolher cicatrizes emocionais e definir valores pessoais claros. \u00c0 medida que voc\u00ea se alinha com o que realmente acredita, coment\u00e1rios externos deixam de reescrever sua identidade e passam a ser apenas um dado entre muitos.<\/p>\n\n\n\n<p>Se voc\u00ea percebe que vive em fun\u00e7\u00e3o de agradar, sentindo culpa por dizer \u201cn\u00e3o\u201d ou medo constante de desagradar, este \u00e9 o momento de agir: comece hoje com uma pequena decis\u00e3o baseada no que faz sentido para voc\u00ea e, se necess\u00e1rio, procure ajuda profissional. N\u00e3o adie mais a chance de se colocar no centro da pr\u00f3pria vida \u2014 a urg\u00eancia \u00e9 agora, porque cada dia vivido para os outros \u00e9 um dia a menos vivendo como voc\u00ea realmente \u00e9.<\/p>\n","protected":false},"excerpt":{"rendered":"<p>A preocupa\u00e7\u00e3o exagerada com a opini\u00e3o dos outros faz parte da rotina de muita gente e, em um mundo de redes sociais e compara\u00e7\u00f5es constantes, isso fica ainda mais intenso. \u00c0 primeira vista, parece apenas sinal de empatia, educa\u00e7\u00e3o e boa conviv\u00eancia, mas quando a imagem p\u00fablica passa a orientar quase todas as escolhas, surge [&hellip;]<\/p>\n","protected":false},"author":11,"featured_media":181820,"comment_status":"open","ping_status":"open","sticky":false,"template":"","format":"standard","meta":{"jnews-multi-image_gallery":[],"jnews_single_post":{"format":"standard"},"jnews_primary_category":[],"jnews_social_meta":[],"jnews_override_counter":[],"footnotes":""},"categories":[1,9053],"tags":[4947,4889,4983,1060,5155],"class_list":["post-181815","post","type-post","status-publish","format-standard","has-post-thumbnail","hentry","category-noticias","category-saude","tag-ansiedade","tag-autoestima","tag-comportamento","tag-emocoes","tag-psicologia"],"yoast_head":"<!-- This site is optimized with the Yoast SEO plugin v23.8 - https:\/\/yoast.com\/wordpress\/plugins\/seo\/ -->\n<title>Segundo a psicologia, quem deixa de buscar valida\u00e7\u00e3o dos outros pode desenvolver mais equil\u00edbrio emocional e paz interior - Estado de Minas - Em foco<\/title>\n<meta name=\"description\" content=\"Depender da opini\u00e3o dos outros pode afetar autoestima e decis\u00f5es. Entenda por que isso acontece e como mudar.\" \/>\n<meta name=\"robots\" content=\"index, follow, max-snippet:-1, max-image-preview:large, max-video-preview:-1\" \/>\n<link rel=\"canonical\" href=\"https:\/\/www.em.com.br\/emfoco\/2026\/03\/15\/segundo-a-psicologia-quem-deixa-de-buscar-validacao-dos-outros-pode-desenvolver-mais-equilibrio-emocional-e-paz-interior\/\" \/>\n<meta property=\"og:locale\" content=\"pt_BR\" \/>\n<meta property=\"og:type\" content=\"article\" \/>\n<meta property=\"og:title\" content=\"Segundo a psicologia, quem deixa de buscar valida\u00e7\u00e3o dos outros pode desenvolver mais equil\u00edbrio emocional e paz interior - Estado de Minas - Em foco\" \/>\n<meta property=\"og:description\" content=\"Depender da opini\u00e3o dos outros pode afetar autoestima e decis\u00f5es. Entenda por que isso acontece e como mudar.\" \/>\n<meta property=\"og:url\" content=\"https:\/\/www.em.com.br\/emfoco\/2026\/03\/15\/segundo-a-psicologia-quem-deixa-de-buscar-validacao-dos-outros-pode-desenvolver-mais-equilibrio-emocional-e-paz-interior\/\" \/>\n<meta property=\"og:site_name\" content=\"Estado de Minas - Em foco\" \/>\n<meta property=\"article:published_time\" content=\"2026-03-15T15:30:00+00:00\" \/>\n<meta property=\"article:modified_time\" content=\"2026-03-15T15:23:16+00:00\" \/>\n<meta property=\"og:image\" content=\"https:\/\/www.em.com.br\/emfoco\/wp-content\/uploads\/2026\/03\/Gemini_Generated_Image_lq8ug3lq8ug3lq8u-1.png\" \/>\n\t<meta property=\"og:image:width\" content=\"1280\" \/>\n\t<meta property=\"og:image:height\" content=\"720\" \/>\n\t<meta property=\"og:image:type\" content=\"image\/png\" \/>\n<meta name=\"author\" content=\"Andre\u0301 Rangel\u00a0\" \/>\n<meta name=\"twitter:card\" content=\"summary_large_image\" \/>\n<meta name=\"twitter:label1\" content=\"Escrito por\" \/>\n\t<meta name=\"twitter:data1\" content=\"Andre\u0301 Rangel\u00a0\" \/>\n\t<meta name=\"twitter:label2\" content=\"Est. tempo de leitura\" \/>\n\t<meta name=\"twitter:data2\" content=\"5 minutos\" \/>\n<!-- \/ Yoast SEO plugin. -->","yoast_head_json":{"title":"Segundo a psicologia, quem deixa de buscar valida\u00e7\u00e3o dos outros pode desenvolver mais equil\u00edbrio emocional e paz interior - Estado de Minas - Em foco","description":"Depender da opini\u00e3o dos outros pode afetar autoestima e decis\u00f5es. Entenda por que isso acontece e como mudar.","robots":{"index":"index","follow":"follow","max-snippet":"max-snippet:-1","max-image-preview":"max-image-preview:large","max-video-preview":"max-video-preview:-1"},"canonical":"https:\/\/www.em.com.br\/emfoco\/2026\/03\/15\/segundo-a-psicologia-quem-deixa-de-buscar-validacao-dos-outros-pode-desenvolver-mais-equilibrio-emocional-e-paz-interior\/","og_locale":"pt_BR","og_type":"article","og_title":"Segundo a psicologia, quem deixa de buscar valida\u00e7\u00e3o dos outros pode desenvolver mais equil\u00edbrio emocional e paz interior - Estado de Minas - Em foco","og_description":"Depender da opini\u00e3o dos outros pode afetar autoestima e decis\u00f5es. Entenda por que isso acontece e como mudar.","og_url":"https:\/\/www.em.com.br\/emfoco\/2026\/03\/15\/segundo-a-psicologia-quem-deixa-de-buscar-validacao-dos-outros-pode-desenvolver-mais-equilibrio-emocional-e-paz-interior\/","og_site_name":"Estado de Minas - Em foco","article_published_time":"2026-03-15T15:30:00+00:00","article_modified_time":"2026-03-15T15:23:16+00:00","og_image":[{"width":1280,"height":720,"url":"https:\/\/www.em.com.br\/emfoco\/wp-content\/uploads\/2026\/03\/Gemini_Generated_Image_lq8ug3lq8ug3lq8u-1.png","type":"image\/png"}],"author":"Andre\u0301 Rangel\u00a0","twitter_card":"summary_large_image","twitter_misc":{"Escrito por":"Andre\u0301 Rangel\u00a0","Est. tempo de leitura":"5 minutos"},"schema":{"@context":"https:\/\/schema.org","@graph":[{"@type":"WebPage","@id":"https:\/\/www.em.com.br\/emfoco\/2026\/03\/15\/segundo-a-psicologia-quem-deixa-de-buscar-validacao-dos-outros-pode-desenvolver-mais-equilibrio-emocional-e-paz-interior\/","url":"https:\/\/www.em.com.br\/emfoco\/2026\/03\/15\/segundo-a-psicologia-quem-deixa-de-buscar-validacao-dos-outros-pode-desenvolver-mais-equilibrio-emocional-e-paz-interior\/","name":"Segundo a psicologia, quem deixa de buscar valida\u00e7\u00e3o dos outros pode desenvolver mais equil\u00edbrio emocional e paz interior - Estado de Minas - Em foco","isPartOf":{"@id":"https:\/\/www.em.com.br\/emfoco\/#website"},"primaryImageOfPage":{"@id":"https:\/\/www.em.com.br\/emfoco\/2026\/03\/15\/segundo-a-psicologia-quem-deixa-de-buscar-validacao-dos-outros-pode-desenvolver-mais-equilibrio-emocional-e-paz-interior\/#primaryimage"},"image":{"@id":"https:\/\/www.em.com.br\/emfoco\/2026\/03\/15\/segundo-a-psicologia-quem-deixa-de-buscar-validacao-dos-outros-pode-desenvolver-mais-equilibrio-emocional-e-paz-interior\/#primaryimage"},"thumbnailUrl":"https:\/\/www.em.com.br\/emfoco\/wp-content\/uploads\/2026\/03\/Gemini_Generated_Image_lq8ug3lq8ug3lq8u-1.png","datePublished":"2026-03-15T15:30:00+00:00","dateModified":"2026-03-15T15:23:16+00:00","author":{"@id":"https:\/\/www.em.com.br\/emfoco\/#\/schema\/person\/60eda09c1fedf0d6891f4cef4b60b8b8"},"description":"Depender da opini\u00e3o dos outros pode afetar autoestima e decis\u00f5es. Entenda por que isso acontece e como mudar.","breadcrumb":{"@id":"https:\/\/www.em.com.br\/emfoco\/2026\/03\/15\/segundo-a-psicologia-quem-deixa-de-buscar-validacao-dos-outros-pode-desenvolver-mais-equilibrio-emocional-e-paz-interior\/#breadcrumb"},"inLanguage":"pt-BR","potentialAction":[{"@type":"ReadAction","target":["https:\/\/www.em.com.br\/emfoco\/2026\/03\/15\/segundo-a-psicologia-quem-deixa-de-buscar-validacao-dos-outros-pode-desenvolver-mais-equilibrio-emocional-e-paz-interior\/"]}]},{"@type":"ImageObject","inLanguage":"pt-BR","@id":"https:\/\/www.em.com.br\/emfoco\/2026\/03\/15\/segundo-a-psicologia-quem-deixa-de-buscar-validacao-dos-outros-pode-desenvolver-mais-equilibrio-emocional-e-paz-interior\/#primaryimage","url":"https:\/\/www.em.com.br\/emfoco\/wp-content\/uploads\/2026\/03\/Gemini_Generated_Image_lq8ug3lq8ug3lq8u-1.png","contentUrl":"https:\/\/www.em.com.br\/emfoco\/wp-content\/uploads\/2026\/03\/Gemini_Generated_Image_lq8ug3lq8ug3lq8u-1.png","width":1280,"height":720,"caption":"O erro emocional que prende muita gente \u00e0 aprova\u00e7\u00e3o"},{"@type":"BreadcrumbList","@id":"https:\/\/www.em.com.br\/emfoco\/2026\/03\/15\/segundo-a-psicologia-quem-deixa-de-buscar-validacao-dos-outros-pode-desenvolver-mais-equilibrio-emocional-e-paz-interior\/#breadcrumb","itemListElement":[{"@type":"ListItem","position":1,"name":"In\u00edcio","item":"https:\/\/www.em.com.br\/emfoco\/"},{"@type":"ListItem","position":2,"name":"Segundo a psicologia, quem deixa de buscar valida\u00e7\u00e3o dos outros pode desenvolver mais equil\u00edbrio emocional e paz interior"}]},{"@type":"WebSite","@id":"https:\/\/www.em.com.br\/emfoco\/#website","url":"https:\/\/www.em.com.br\/emfoco\/","name":"Estado de Minas - Em foco","description":"Acompanhe as \u00faltimas not\u00edcias e fique bem informado sobre tudo o que acontece em Minas Gerais, Brasil e no mundo.","potentialAction":[{"@type":"SearchAction","target":{"@type":"EntryPoint","urlTemplate":"https:\/\/www.em.com.br\/emfoco\/?s={search_term_string}"},"query-input":{"@type":"PropertyValueSpecification","valueRequired":true,"valueName":"search_term_string"}}],"inLanguage":"pt-BR"},{"@type":"Person","@id":"https:\/\/www.em.com.br\/emfoco\/#\/schema\/person\/60eda09c1fedf0d6891f4cef4b60b8b8","name":"Andre\u0301 Rangel\u00a0","image":{"@type":"ImageObject","inLanguage":"pt-BR","@id":"https:\/\/www.em.com.br\/emfoco\/#\/schema\/person\/image\/","url":"https:\/\/secure.gravatar.com\/avatar\/6234dc814c77c8ef6d8bba622c787efc?s=96&d=mm&r=g","contentUrl":"https:\/\/secure.gravatar.com\/avatar\/6234dc814c77c8ef6d8bba622c787efc?s=96&d=mm&r=g","caption":"Andre\u0301 Rangel\u00a0"},"url":"https:\/\/www.em.com.br\/emfoco\/author\/luizmyth\/"}]}},"_links":{"self":[{"href":"https:\/\/www.em.com.br\/emfoco\/wp-json\/wp\/v2\/posts\/181815","targetHints":{"allow":["GET"]}}],"collection":[{"href":"https:\/\/www.em.com.br\/emfoco\/wp-json\/wp\/v2\/posts"}],"about":[{"href":"https:\/\/www.em.com.br\/emfoco\/wp-json\/wp\/v2\/types\/post"}],"author":[{"embeddable":true,"href":"https:\/\/www.em.com.br\/emfoco\/wp-json\/wp\/v2\/users\/11"}],"replies":[{"embeddable":true,"href":"https:\/\/www.em.com.br\/emfoco\/wp-json\/wp\/v2\/comments?post=181815"}],"version-history":[{"count":2,"href":"https:\/\/www.em.com.br\/emfoco\/wp-json\/wp\/v2\/posts\/181815\/revisions"}],"predecessor-version":[{"id":181823,"href":"https:\/\/www.em.com.br\/emfoco\/wp-json\/wp\/v2\/posts\/181815\/revisions\/181823"}],"wp:featuredmedia":[{"embeddable":true,"href":"https:\/\/www.em.com.br\/emfoco\/wp-json\/wp\/v2\/media\/181820"}],"wp:attachment":[{"href":"https:\/\/www.em.com.br\/emfoco\/wp-json\/wp\/v2\/media?parent=181815"}],"wp:term":[{"taxonomy":"category","embeddable":true,"href":"https:\/\/www.em.com.br\/emfoco\/wp-json\/wp\/v2\/categories?post=181815"},{"taxonomy":"post_tag","embeddable":true,"href":"https:\/\/www.em.com.br\/emfoco\/wp-json\/wp\/v2\/tags?post=181815"}],"curies":[{"name":"wp","href":"https:\/\/api.w.org\/{rel}","templated":true}]}}