{"id":181802,"date":"2026-03-15T19:55:00","date_gmt":"2026-03-15T22:55:00","guid":{"rendered":"https:\/\/www.em.com.br\/emfoco\/?p=181802"},"modified":"2026-03-15T20:25:13","modified_gmt":"2026-03-15T23:25:13","slug":"o-vilarejo-sem-carros-e-sem-asfalto-onde-o-rio-encontra-o-mar-e-o-tempo-para","status":"publish","type":"post","link":"https:\/\/www.em.com.br\/emfoco\/2026\/03\/15\/o-vilarejo-sem-carros-e-sem-asfalto-onde-o-rio-encontra-o-mar-e-o-tempo-para\/","title":{"rendered":"O vilarejo sem carros e sem asfalto onde o rio encontra o mar e o tempo para"},"content":{"rendered":"\n<p>A canoa encosta na areia e o barqueiro estende a m\u00e3o. Do outro lado do <strong>Rio Cara\u00edva<\/strong>, n\u00e3o existe ponte, sem\u00e1foro nem motor ligado. <strong>Cara\u00edva<\/strong>, distrito de <strong>Porto Seguro<\/strong> no litoral sul da <strong>Bahia<\/strong>, tem cerca de mil habitantes, ruas cobertas de areia fofa e uma energia el\u00e9trica que s\u00f3 chegou em <strong>2007<\/strong>, com fia\u00e7\u00e3o enterrada para n\u00e3o estragar o c\u00e9u estrelado.<\/p>\n\n\n\n<h2 class=\"wp-block-heading\">Por que n\u00e3o existe ponte para entrar na vila?<\/h2>\n\n\n\n<p>O acesso a Cara\u00edva termina na margem oposta do rio. Carros ficam no estacionamento de <strong>Nova Cara\u00edva<\/strong>, e a travessia \u00e9 feita em canoas a remo conduzidas por barqueiros nativos. O trajeto dura cerca de dez minutos e funciona como um ritual de passagem: do lado de l\u00e1, o asfalto e a pressa; do lado de c\u00e1, p\u00e9s descal\u00e7os e nenhum ve\u00edculo motorizado.<\/p>\n\n\n\n<p>Essa aus\u00eancia de ponte n\u00e3o \u00e9 acidente. A vila acumula quatro camadas de prote\u00e7\u00e3o que impedem altera\u00e7\u00f5es na paisagem: zona de entorno do <a href=\"https:\/\/www.gov.br\/icmbio\/pt-br\/assuntos\/biodiversidade\/unidade-de-conservacao\/unidades-de-bioma\/mata-atlantica\/lista-de-ucs\/parna-e-historico-do-monte-pascoal\" target=\"_blank\" rel=\"noreferrer noopener\"><strong>Parque Nacional e Hist\u00f3rico do Monte Pascoal<\/strong><\/a>, <strong>Reserva Extrativista Marinha de Corumbau (Resex Corumbau)<\/strong>, <strong>APA Cara\u00edva-Trancoso<\/strong> e zona de prote\u00e7\u00e3o rigorosa do <a href=\"https:\/\/www.gov.br\/iphan\/pt-br\/assuntos\/noticias\/ampliacao-da-area-tombada-de-porto-seguro-completa-50-anos\" target=\"_blank\" rel=\"noreferrer noopener\"><strong>IPHAN<\/strong><\/a>. Toda essa sobreposi\u00e7\u00e3o explica a aus\u00eancia de carros, postes e asfalto.<\/p>\n\n\n<div class=\"wp-block-image\">\n<figure class=\"aligncenter size-large\"><img loading=\"lazy\" decoding=\"async\" width=\"1024\" height=\"576\" src=\"https:\/\/www.em.com.br\/emfoco\/wp-content\/uploads\/2026\/01\/Caraiva_1763808181114-1024x576.jpg\" alt=\"\" class=\"wp-image-150967\" srcset=\"https:\/\/www.em.com.br\/emfoco\/wp-content\/uploads\/2026\/01\/Caraiva_1763808181114-1024x576.jpg 1024w, https:\/\/www.em.com.br\/emfoco\/wp-content\/uploads\/2026\/01\/Caraiva_1763808181114-300x169.jpg 300w, https:\/\/www.em.com.br\/emfoco\/wp-content\/uploads\/2026\/01\/Caraiva_1763808181114-768x432.jpg 768w, https:\/\/www.em.com.br\/emfoco\/wp-content\/uploads\/2026\/01\/Caraiva_1763808181114-750x422.jpg 750w, https:\/\/www.em.com.br\/emfoco\/wp-content\/uploads\/2026\/01\/Caraiva_1763808181114-1140x641.jpg 1140w, https:\/\/www.em.com.br\/emfoco\/wp-content\/uploads\/2026\/01\/Caraiva_1763808181114.jpg 1280w\" sizes=\"auto, (max-width: 1024px) 100vw, 1024px\" \/><figcaption class=\"wp-element-caption\">Cara\u00edva oferece boia no rio e praias tranquilas \/\/ Cr\u00e9ditos: depositphotos.com \/ Cristian_Lourenco<\/figcaption><\/figure><\/div>\n\n\n<h2 class=\"wp-block-heading\">Cinco s\u00e9culos de hist\u00f3ria com os p\u00e9s na areia<\/h2>\n\n\n\n<p>Documentos do <strong>Instituto do Patrim\u00f4nio Hist\u00f3rico e Art\u00edstico Nacional (IPHAN)<\/strong> indicam que Cara\u00edva est\u00e1 entre os povoados mais antigos do <strong>Brasil<\/strong>. Os primeiros portugueses chegaram por volta de 1530, numa regi\u00e3o j\u00e1 habitada pelo povo <strong>Patax\u00f3<\/strong>. Em 1974, o tombamento de Porto Seguro foi ampliado para incluir os distritos de <strong>Arraial d&#8217;Ajuda<\/strong>, <strong>Trancoso<\/strong> e a pr\u00f3pria Cara\u00edva.<\/p>\n\n\n\n<p>A <strong>Costa do Descobrimento<\/strong> recebeu da <a href=\"http:\/\/portal.iphan.gov.br\/pagina\/detalhes\/37\" target=\"_blank\" rel=\"noreferrer noopener\"><strong>UNESCO<\/strong><\/a> o t\u00edtulo de Patrim\u00f4nio Natural Mundial em 1999, pela preserva\u00e7\u00e3o dos remanescentes de <strong>Mata Atl\u00e2ntica<\/strong> no sul baiano. A igrejinha de <strong>S\u00e3o Sebasti\u00e3o<\/strong>, no centro da vila, foi erguida por mission\u00e1rios jesu\u00edtas com \u00f3leo de baleia, conchas e areia da pr\u00f3pria praia.<\/p>\n\n\n\n<h2 class=\"wp-block-heading\">A vila que enterrou a fia\u00e7\u00e3o para ver as estrelas<\/h2>\n\n\n\n<p>At\u00e9 a d\u00e9cada de 1970, chegar a Cara\u00edva exigia caminhar pela praia desde Trancoso ou fretar um barco de pesca. A energia el\u00e9trica s\u00f3 foi instalada em 2007. Quando a eletricidade finalmente chegou, os moradores se recusaram a aceitar postes. A fia\u00e7\u00e3o foi enterrada para manter o visual limpo e preservar o c\u00e9u noturno.<\/p>\n\n\n\n<p>O resultado \u00e9 vis\u00edvel toda noite: sem polui\u00e7\u00e3o luminosa, a <strong>Via L\u00e1ctea<\/strong> aparece a olho nu. No <strong>Brasil<\/strong>, menos de 1% da rede el\u00e9trica \u00e9 subterr\u00e2nea, o que torna a decis\u00e3o de Cara\u00edva ainda mais rara.<\/p>\n\n\n<div class=\"wp-block-image\">\n<figure class=\"aligncenter size-large\"><img loading=\"lazy\" decoding=\"async\" width=\"1024\" height=\"576\" src=\"https:\/\/www.em.com.br\/emfoco\/wp-content\/uploads\/2026\/01\/Caraiva_1763808211703-1024x576.jpg\" alt=\"\" class=\"wp-image-150968\" srcset=\"https:\/\/www.em.com.br\/emfoco\/wp-content\/uploads\/2026\/01\/Caraiva_1763808211703-1024x576.jpg 1024w, https:\/\/www.em.com.br\/emfoco\/wp-content\/uploads\/2026\/01\/Caraiva_1763808211703-300x169.jpg 300w, https:\/\/www.em.com.br\/emfoco\/wp-content\/uploads\/2026\/01\/Caraiva_1763808211703-768x432.jpg 768w, https:\/\/www.em.com.br\/emfoco\/wp-content\/uploads\/2026\/01\/Caraiva_1763808211703-750x422.jpg 750w, https:\/\/www.em.com.br\/emfoco\/wp-content\/uploads\/2026\/01\/Caraiva_1763808211703-1140x641.jpg 1140w, https:\/\/www.em.com.br\/emfoco\/wp-content\/uploads\/2026\/01\/Caraiva_1763808211703.jpg 1280w\" sizes=\"auto, (max-width: 1024px) 100vw, 1024px\" \/><figcaption class=\"wp-element-caption\">Cara\u00edva \u00e9 vila sem carros com praias preservadas no sul da Bahia \/\/ Cara\u00edva, Bahia \/\/ Cr\u00e9ditos: depositphotos.com \/ Cristian_Lourenco<\/figcaption><\/figure><\/div>\n\n\n<p><strong>Leia tamb\u00e9m: <a href=\"https:\/\/www.em.com.br\/emfoco\/2026\/03\/08\/a-vila-onde-nao-ha-bancos-nao-ha-asfalto-e-nao-ha-postes-de-luz-so-o-brilho-da-lua-sobre-as-praias-mais-bonitas-do-planeta\/\" target=\"_blank\" rel=\"noreferrer noopener\">A vila onde n\u00e3o h\u00e1 bancos, n\u00e3o h\u00e1 asfalto e n\u00e3o h\u00e1 postes de luz: s\u00f3 o brilho da lua sobre as praias mais bonitas do planeta<\/a><\/strong><\/p>\n\n\n\n<h2 class=\"wp-block-heading\">O que fazer entre o rio e o mar?<\/h2>\n\n\n\n<p>O vilarejo funciona como base para praias, passeios de barco e imers\u00f5es culturais que ocupam de tr\u00eas a cinco dias. As experi\u00eancias combinam natureza preservada e cultura viva:<\/p>\n\n\n\n<ul class=\"wp-block-list has-medium-font-size\">\n<li><strong>Barra de Cara\u00edva<\/strong>: o encontro do rio com o mar forma uma ponta de areia que muda de formato conforme a mar\u00e9. \u00c9 o point do p\u00f4r do sol, com cadeiras dentro d&#8217;\u00e1gua e pescadores vendendo petiscos.<\/li>\n\n\n\n<li><strong>Descida de boia pelo rio<\/strong>: a correnteza suave leva os visitantes pelo manguezal at\u00e9 a foz. O passeio dura cerca de uma hora e dispensa qualquer motor.<\/li>\n\n\n\n<li><strong>Praia do Satu<\/strong>: 4 km de caminhada pela areia na mar\u00e9 baixa levam a lagoas de \u00e1gua doce entre fal\u00e9sias. Quase deserta fora da alta temporada.<\/li>\n\n\n\n<li><strong>Ponta de Corumbau<\/strong>: uma l\u00edngua de areia que avan\u00e7a mar adentro. O acesso \u00e9 de buggy, passando pela aldeia ind\u00edgena.<\/li>\n\n\n\n<li><strong>Aldeia Patax\u00f3 Porto do Boi<\/strong>: viv\u00eancia cultural com trilha pela Mata Atl\u00e2ntica, pintura corporal, dan\u00e7a tradicional e culin\u00e1ria ind\u00edgena. O passeio parte de barco pelo rio.<\/li>\n<\/ul>\n\n\n\n<p>\u00c0 noite, o forr\u00f3 p\u00e9 de serra toma conta da pracinha da <strong>Igreja de S\u00e3o Sebasti\u00e3o<\/strong>. Moradores e turistas dan\u00e7am juntos na areia at\u00e9 o amanhecer, iluminados apenas por luzes baixas e fogueiras.<\/p>\n\n\n\n<p>Quem sonha com o clima r\u00fastico da <strong>Bahia<\/strong>, vai curtir esse v\u00eddeo especialmente selecionado do canal <strong>Status Viajante<\/strong>, que conta com mais de <strong>119 mil<\/strong> visualiza\u00e7\u00f5es, onde <strong>Let\u00edcia<\/strong> mostra o que fazer, onde comer e como aproveitar <strong>Cara\u00edva<\/strong> com roteiro completo:<\/p>\n\n\n\n<figure class=\"wp-block-embed is-type-video is-provider-youtube wp-block-embed-youtube wp-embed-aspect-16-9 wp-has-aspect-ratio\"><div class=\"wp-block-embed__wrapper\">\n<div class=\"jeg_video_container jeg_video_content\"><iframe loading=\"lazy\" title=\"CARA\u00cdVA, BAHIA | o que fazer, onde se hospedar, melhores restaurantes e muitas dicas!\" width=\"500\" height=\"281\" src=\"https:\/\/www.youtube.com\/embed\/FjRBSy7Rgy0?start=136&#038;feature=oembed\" frameborder=\"0\" allow=\"accelerometer; autoplay; clipboard-write; encrypted-media; gyroscope; picture-in-picture; web-share\" referrerpolicy=\"strict-origin-when-cross-origin\" allowfullscreen><\/iframe><\/div>\n<\/div><\/figure>\n\n\n\n<h2 class=\"wp-block-heading\">Quando o sol e a chuva definem a experi\u00eancia?<\/h2>\n\n\n\n<p>O litoral sul baiano tem sol o ano inteiro, mas o regime de chuvas muda a paisagem e o ritmo da vila. Confira o resumo por esta\u00e7\u00e3o:<\/p>\n\n\n\n<style>\n    .card-interativo {\n        transition: transform 0.15s ease-in-out, box-shadow 0.15s ease-in-out;\n        cursor: pointer;\n    }\n    .card-interativo:hover {\n        transform: translateY(-4px);\n    }\n    .card-interativo:active {\n        transform: scale(0.96);\n    }\n<\/style>\n<div class=\"google-auto-ads-ignore\" style=\"box-sizing: border-box; display: flex; flex-direction: column; width: 100%; max-width: 900px; margin: 30px auto; font-family: 'Segoe UI', Roboto, Helvetica, Arial, sans-serif; clear: both;\">\n    <div style=\"display: flex; flex-wrap: wrap; gap: 15px;\">\n        \n        <div class=\"card-interativo\" style=\"flex: 1 1 calc(25% - 15px); min-width: 200px; border: 1px solid #e1e6ef; border-top: 4px solid #1a2a57; border-radius: 8px; padding: 20px; background: #fff; box-sizing: border-box; box-shadow: 0 4px 10px rgba(26, 42, 87, 0.05); display: flex; flex-direction: column;\">\n            <div style=\"display: flex; align-items: center; justify-content: center; gap: 8px; margin-bottom: 20px;\">\n                <span style=\"font-size: 22px; line-height: 1;\">\u2600\ufe0f<\/span>\n                <strong style=\"color: #1a2a57; font-size: 16px; text-transform: uppercase;\">Ver\u00e3o<\/strong>\n            <\/div>\n            <div style=\"margin-bottom: auto;\">\n                <div style=\"text-align: center; font-size: 11px; font-weight: 800; color: #111c3a; text-transform: uppercase; margin-bottom: 5px;\">Dezembro &#8211; Fevereiro<\/div>\n                <div style=\"text-align: center; font-size: 26px; font-weight: 900; color: #1a2a57; margin-bottom: 10px;\">23\u00b0C a 32\u00b0C<\/div>\n                <div style=\"text-align: center; font-size: 13px; color: #555; line-height: 1.5; margin-bottom: 15px;\">A vila ferve e atinge sua lota\u00e7\u00e3o e energia m\u00e1ximas! \u00c9poca do badalado <strong>R\u00e9veillon, do banho refrescante no rio Cara\u00edva e do boia-cross<\/strong>. <em>Cuidado: evite chegar sem reserva, pois os pre\u00e7os disparam, e as chuvas frequentes podem deixar as ruas de areia alagadas.<\/em><\/div>\n            <\/div>\n            <div style=\"text-align: center;\">\n                <span style=\"display: inline-block; background: #f0f4f8; color: #1a2a57; font-size: 10px; font-weight: 800; padding: 6px 12px; border-radius: 20px; text-transform: uppercase; border: 1px solid #e1e6ef; line-height: 1.4;\">\u2b50 R\u00e9veillon \/ Alta<\/span>\n            <\/div>\n        <\/div>\n\n        <div class=\"card-interativo\" style=\"flex: 1 1 calc(25% - 15px); min-width: 200px; border: 1px solid #e1e6ef; border-top: 4px solid #1a2a57; border-radius: 8px; padding: 20px; background: #fff; box-sizing: border-box; box-shadow: 0 4px 10px rgba(26, 42, 87, 0.05); display: flex; flex-direction: column;\">\n            <div style=\"display: flex; align-items: center; justify-content: center; gap: 8px; margin-bottom: 20px;\">\n                <span style=\"font-size: 22px; line-height: 1;\">\ud83c\udf42<\/span>\n                <strong style=\"color: #1a2a57; font-size: 16px; text-transform: uppercase;\">Outono<\/strong>\n            <\/div>\n            <div style=\"margin-bottom: auto;\">\n                <div style=\"text-align: center; font-size: 11px; font-weight: 800; color: #111c3a; text-transform: uppercase; margin-bottom: 5px;\">Mar\u00e7o &#8211; Maio<\/div>\n                <div style=\"text-align: center; font-size: 26px; font-weight: 900; color: #1a2a57; margin-bottom: 10px;\">22\u00b0C a 30\u00b0C<\/div>\n                <div style=\"text-align: center; font-size: 13px; color: #555; line-height: 1.5; margin-bottom: 15px;\">A alta temporada se despede e o ritmo da vila desacelera de forma deliciosa. Uma janela de clima agrad\u00e1vel, excelente para fazer <strong>trilhas pela manh\u00e3 e curtir o aut\u00eantico forr\u00f3 \u00e0 noite<\/strong> com mais tranquilidade.<\/div>\n            <\/div>\n            <div style=\"text-align: center;\">\n                <span style=\"display: inline-block; background: #f0f4f8; color: #1a2a57; font-size: 10px; font-weight: 800; padding: 6px 12px; border-radius: 20px; text-transform: uppercase; border: 1px solid #e1e6ef; line-height: 1.4;\">\u2601\ufe0f Chuva M\u00e9dia<\/span>\n            <\/div>\n        <\/div>\n\n        <div class=\"card-interativo\" style=\"flex: 1 1 calc(25% - 15px); min-width: 200px; border: 2px solid #1a2a57; border-radius: 8px; padding: 20px; background: #f0f4f8; box-sizing: border-box; box-shadow: 0 4px 10px rgba(26, 42, 87, 0.1); display: flex; flex-direction: column;\">\n            <div style=\"display: flex; align-items: center; justify-content: center; gap: 8px; margin-bottom: 20px;\">\n                <span style=\"font-size: 22px; line-height: 1;\">\u2744\ufe0f<\/span>\n                <strong style=\"color: #1a2a57; font-size: 16px; text-transform: uppercase;\">Inverno<\/strong>\n            <\/div>\n            <div style=\"margin-bottom: auto;\">\n                <div style=\"text-align: center; font-size: 11px; font-weight: 800; color: #111c3a; text-transform: uppercase; margin-bottom: 5px;\">Junho &#8211; Agosto<\/div>\n                <div style=\"text-align: center; font-size: 26px; font-weight: 900; color: #1a2a57; margin-bottom: 10px;\">19\u00b0C a 27\u00b0C<\/div>\n                <div style=\"text-align: center; font-size: 13px; color: #555; line-height: 1.5; margin-bottom: 15px;\">A melhor \u00e9poca no sul da Bahia! O calor n\u00e3o castiga e as chuvas d\u00e3o uma bela tr\u00e9gua. Esse tempo firme \u00e9 o cen\u00e1rio mais seguro e espetacular para os <strong>passeios de lancha at\u00e9 a Ponta de Corumbau<\/strong>.<\/div>\n            <\/div>\n            <div style=\"text-align: center;\">\n                <span style=\"display: inline-block; background: #1a2a57; color: #fff; font-size: 10px; font-weight: 800; padding: 6px 12px; border-radius: 20px; text-transform: uppercase; line-height: 1.4;\">\ud83c\udf92 Tempo Seco \/ Melhor \u00c9poca<\/span>\n            <\/div>\n        <\/div>\n\n        <div class=\"card-interativo\" style=\"flex: 1 1 calc(25% - 15px); min-width: 200px; border: 1px solid #e1e6ef; border-top: 4px solid #1a2a57; border-radius: 8px; padding: 20px; background: #fff; box-sizing: border-box; box-shadow: 0 4px 10px rgba(26, 42, 87, 0.05); display: flex; flex-direction: column;\">\n            <div style=\"display: flex; align-items: center; justify-content: center; gap: 8px; margin-bottom: 20px;\">\n                <span style=\"font-size: 22px; line-height: 1;\">\ud83c\udf38<\/span>\n                <strong style=\"color: #1a2a57; font-size: 16px; text-transform: uppercase;\">Primavera<\/strong>\n            <\/div>\n            <div style=\"margin-bottom: auto;\">\n                <div style=\"text-align: center; font-size: 11px; font-weight: 800; color: #111c3a; text-transform: uppercase; margin-bottom: 5px;\">Setembro &#8211; Novembro<\/div>\n                <div style=\"text-align: center; font-size: 26px; font-weight: 900; color: #1a2a57; margin-bottom: 10px;\">21\u00b0C a 30\u00b0C<\/div>\n                <div style=\"text-align: center; font-size: 13px; color: #555; line-height: 1.5; margin-bottom: 15px;\">Os term\u00f4metros voltam a subir com for\u00e7a antes das grandes chuvas de ver\u00e3o. \u00c9 um momento intimista de pura desconex\u00e3o para curtir <strong>praias vazias e imergir nas riqu\u00edssimas Viv\u00eancias Patax\u00f3<\/strong>.<\/div>\n            <\/div>\n            <div style=\"text-align: center;\">\n                <span style=\"display: inline-block; background: #f0f4f8; color: #1a2a57; font-size: 10px; font-weight: 800; padding: 6px 12px; border-radius: 20px; text-transform: uppercase; border: 1px solid #e1e6ef; line-height: 1.4;\">\u2601\ufe0f Chuva M\u00e9dia<\/span>\n            <\/div>\n        <\/div>\n        \n    <\/div>\n<\/div>\n\n\n\n<p><em>Temperaturas aproximadas para a regi\u00e3o de Porto Seguro com base no <a href=\"https:\/\/www.climatempo.com.br\/previsao-do-tempo\/cidade\/292\/portoseguro-ba\" target=\"_blank\" rel=\"noreferrer noopener\"><strong>Climatempo<\/strong><\/a>. Condi\u00e7\u00f5es podem variar.<\/em><\/p>\n\n\n\n<h2 class=\"wp-block-heading\">Como chegar ao vilarejo sem estrada asfaltada?<\/h2>\n\n\n\n<p>O aeroporto mais pr\u00f3ximo \u00e9 o de <strong>Porto Seguro (BPS)<\/strong>, a cerca de 70 km. O trajeto de carro leva em torno de 2h30 pela <strong>BR-367<\/strong> at\u00e9 Trancoso e depois por estrada de terra at\u00e9 Nova Cara\u00edva, onde os ve\u00edculos ficam estacionados. Carro com tra\u00e7\u00e3o 4\u00d74 \u00e9 recomendado no per\u00edodo de chuvas. A etapa final \u00e9 a travessia do rio em canoas a remo. De <strong>Trancoso<\/strong>, a dist\u00e2ncia \u00e9 de 42 km.<\/p>\n\n\n\n<iframe src=\"https:\/\/www.google.com\/maps\/embed?pb=!1m18!1m12!1m3!1d15277.476541033824!2d-39.16884464486037!3d-16.808033882962793!2m3!1f0!2f0!3f0!3m2!1i1024!2i768!4f13.1!3m3!1m2!1s0x7342559e45a2393%3A0x332df042d9255e35!2sCara%C3%ADva%2C%20Porto%20Seguro%20-%20BA%2C%2045810-000!5e0!3m2!1spt-BR!2sbr!4v1773617070064!5m2!1spt-BR!2sbr\" width=\"600\" height=\"450\" style=\"border:0;\" allowfullscreen=\"\" loading=\"lazy\" referrerpolicy=\"no-referrer-when-downgrade\"><\/iframe>\n\n\n\n<h2 class=\"wp-block-heading\">Deixe os sapatos do outro lado do rio<\/h2>\n\n\n\n<p>Cara\u00edva re\u00fane o improv\u00e1vel: cinco s\u00e9culos de hist\u00f3ria, quatro esferas de prote\u00e7\u00e3o ambiental e uma comunidade que insistiu em n\u00e3o aceitar postes, asfalto nem pressa. O novo luxo, aqui, \u00e9 o sil\u00eancio do rio, o c\u00e9u sem fios e a areia sob os p\u00e9s.<\/p>\n\n\n\n<p>Voc\u00ea precisa atravessar o Rio Cara\u00edva de canoa e sentir, j\u00e1 nos primeiros passos na areia, que o rel\u00f3gio perdeu a serventia.<\/p>\n","protected":false},"excerpt":{"rendered":"<p>A canoa encosta na areia e o barqueiro estende a m\u00e3o. Do outro lado do Rio Cara\u00edva, n\u00e3o existe ponte, sem\u00e1foro nem motor ligado. Cara\u00edva, distrito de Porto Seguro no litoral sul da Bahia, tem cerca de mil habitantes, ruas cobertas de areia fofa e uma energia el\u00e9trica que s\u00f3 chegou em 2007, com fia\u00e7\u00e3o [&hellip;]<\/p>\n","protected":false},"author":6,"featured_media":181859,"comment_status":"open","ping_status":"open","sticky":false,"template":"","format":"standard","meta":{"jnews-multi-image_gallery":[],"jnews_single_post":{"format":"standard"},"jnews_primary_category":[],"jnews_social_meta":[],"jnews_override_counter":[],"footnotes":""},"categories":[26],"tags":[1447,19977,183],"class_list":["post-181802","post","type-post","status-publish","format-standard","has-post-thumbnail","hentry","category-cidades","tag-bahia","tag-caraiva","tag-cidades"],"yoast_head":"<!-- This site is optimized with the Yoast SEO plugin v23.8 - https:\/\/yoast.com\/wordpress\/plugins\/seo\/ -->\n<title>O vilarejo sem carros e sem asfalto onde o rio encontra o mar e o tempo para - Estado de Minas - Em foco<\/title>\n<meta name=\"description\" content=\"Sem carros e sem asfalto, o vilarejo onde o rio encontra o mar encanta pela tranquilidade e pelo ritmo lento do tempo.\" \/>\n<meta name=\"robots\" content=\"index, follow, max-snippet:-1, max-image-preview:large, max-video-preview:-1\" \/>\n<link rel=\"canonical\" href=\"https:\/\/www.em.com.br\/emfoco\/2026\/03\/15\/o-vilarejo-sem-carros-e-sem-asfalto-onde-o-rio-encontra-o-mar-e-o-tempo-para\/\" \/>\n<meta property=\"og:locale\" content=\"pt_BR\" \/>\n<meta property=\"og:type\" content=\"article\" \/>\n<meta property=\"og:title\" content=\"O vilarejo sem carros e sem asfalto onde o rio encontra o mar e o tempo para - Estado de Minas - Em foco\" \/>\n<meta property=\"og:description\" content=\"Sem carros e sem asfalto, o vilarejo onde o rio encontra o mar encanta pela tranquilidade e pelo ritmo lento do tempo.\" \/>\n<meta property=\"og:url\" content=\"https:\/\/www.em.com.br\/emfoco\/2026\/03\/15\/o-vilarejo-sem-carros-e-sem-asfalto-onde-o-rio-encontra-o-mar-e-o-tempo-para\/\" \/>\n<meta property=\"og:site_name\" content=\"Estado de Minas - Em foco\" \/>\n<meta property=\"article:published_time\" content=\"2026-03-15T22:55:00+00:00\" \/>\n<meta property=\"article:modified_time\" content=\"2026-03-15T23:25:13+00:00\" \/>\n<meta property=\"og:image\" content=\"https:\/\/www.em.com.br\/emfoco\/wp-content\/uploads\/2026\/03\/ngz-freepik__create-an-immersive-almost-pointofview-beach-photo__67578-46420.jpg\" \/>\n\t<meta property=\"og:image:width\" content=\"1280\" \/>\n\t<meta property=\"og:image:height\" content=\"720\" \/>\n\t<meta property=\"og:image:type\" content=\"image\/jpeg\" \/>\n<meta name=\"author\" content=\"Vitor Bruno\" \/>\n<meta name=\"twitter:card\" content=\"summary_large_image\" \/>\n<meta name=\"twitter:label1\" content=\"Escrito por\" \/>\n\t<meta name=\"twitter:data1\" content=\"Vitor Bruno\" \/>\n\t<meta name=\"twitter:label2\" content=\"Est. tempo de leitura\" \/>\n\t<meta name=\"twitter:data2\" content=\"7 minutos\" \/>\n<!-- \/ Yoast SEO plugin. -->","yoast_head_json":{"title":"O vilarejo sem carros e sem asfalto onde o rio encontra o mar e o tempo para - Estado de Minas - Em foco","description":"Sem carros e sem asfalto, o vilarejo onde o rio encontra o mar encanta pela tranquilidade e pelo ritmo lento do tempo.","robots":{"index":"index","follow":"follow","max-snippet":"max-snippet:-1","max-image-preview":"max-image-preview:large","max-video-preview":"max-video-preview:-1"},"canonical":"https:\/\/www.em.com.br\/emfoco\/2026\/03\/15\/o-vilarejo-sem-carros-e-sem-asfalto-onde-o-rio-encontra-o-mar-e-o-tempo-para\/","og_locale":"pt_BR","og_type":"article","og_title":"O vilarejo sem carros e sem asfalto onde o rio encontra o mar e o tempo para - Estado de Minas - Em foco","og_description":"Sem carros e sem asfalto, o vilarejo onde o rio encontra o mar encanta pela tranquilidade e pelo ritmo lento do tempo.","og_url":"https:\/\/www.em.com.br\/emfoco\/2026\/03\/15\/o-vilarejo-sem-carros-e-sem-asfalto-onde-o-rio-encontra-o-mar-e-o-tempo-para\/","og_site_name":"Estado de Minas - Em foco","article_published_time":"2026-03-15T22:55:00+00:00","article_modified_time":"2026-03-15T23:25:13+00:00","og_image":[{"width":1280,"height":720,"url":"https:\/\/www.em.com.br\/emfoco\/wp-content\/uploads\/2026\/03\/ngz-freepik__create-an-immersive-almost-pointofview-beach-photo__67578-46420.jpg","type":"image\/jpeg"}],"author":"Vitor Bruno","twitter_card":"summary_large_image","twitter_misc":{"Escrito por":"Vitor Bruno","Est. tempo de leitura":"7 minutos"},"schema":{"@context":"https:\/\/schema.org","@graph":[{"@type":"WebPage","@id":"https:\/\/www.em.com.br\/emfoco\/2026\/03\/15\/o-vilarejo-sem-carros-e-sem-asfalto-onde-o-rio-encontra-o-mar-e-o-tempo-para\/","url":"https:\/\/www.em.com.br\/emfoco\/2026\/03\/15\/o-vilarejo-sem-carros-e-sem-asfalto-onde-o-rio-encontra-o-mar-e-o-tempo-para\/","name":"O vilarejo sem carros e sem asfalto onde o rio encontra o mar e o tempo para - Estado de Minas - Em foco","isPartOf":{"@id":"https:\/\/www.em.com.br\/emfoco\/#website"},"primaryImageOfPage":{"@id":"https:\/\/www.em.com.br\/emfoco\/2026\/03\/15\/o-vilarejo-sem-carros-e-sem-asfalto-onde-o-rio-encontra-o-mar-e-o-tempo-para\/#primaryimage"},"image":{"@id":"https:\/\/www.em.com.br\/emfoco\/2026\/03\/15\/o-vilarejo-sem-carros-e-sem-asfalto-onde-o-rio-encontra-o-mar-e-o-tempo-para\/#primaryimage"},"thumbnailUrl":"https:\/\/www.em.com.br\/emfoco\/wp-content\/uploads\/2026\/03\/ngz-freepik__create-an-immersive-almost-pointofview-beach-photo__67578-46420.jpg","datePublished":"2026-03-15T22:55:00+00:00","dateModified":"2026-03-15T23:25:13+00:00","author":{"@id":"https:\/\/www.em.com.br\/emfoco\/#\/schema\/person\/364ac1852fafd00f1be20f0b8b237569"},"description":"Sem carros e sem asfalto, o vilarejo onde o rio encontra o mar encanta pela tranquilidade e pelo ritmo lento do tempo.","breadcrumb":{"@id":"https:\/\/www.em.com.br\/emfoco\/2026\/03\/15\/o-vilarejo-sem-carros-e-sem-asfalto-onde-o-rio-encontra-o-mar-e-o-tempo-para\/#breadcrumb"},"inLanguage":"pt-BR","potentialAction":[{"@type":"ReadAction","target":["https:\/\/www.em.com.br\/emfoco\/2026\/03\/15\/o-vilarejo-sem-carros-e-sem-asfalto-onde-o-rio-encontra-o-mar-e-o-tempo-para\/"]}]},{"@type":"ImageObject","inLanguage":"pt-BR","@id":"https:\/\/www.em.com.br\/emfoco\/2026\/03\/15\/o-vilarejo-sem-carros-e-sem-asfalto-onde-o-rio-encontra-o-mar-e-o-tempo-para\/#primaryimage","url":"https:\/\/www.em.com.br\/emfoco\/wp-content\/uploads\/2026\/03\/ngz-freepik__create-an-immersive-almost-pointofview-beach-photo__67578-46420.jpg","contentUrl":"https:\/\/www.em.com.br\/emfoco\/wp-content\/uploads\/2026\/03\/ngz-freepik__create-an-immersive-almost-pointofview-beach-photo__67578-46420.jpg","width":1280,"height":720,"caption":"Cara\u00edva destaca-se como a vila mais antiga do Brasil onde o tempo \u00e9 regido pelas mar\u00e9s e o acesso \u00e9 feito apenas de canoa \/\/ (imagem ilustrativa)"},{"@type":"BreadcrumbList","@id":"https:\/\/www.em.com.br\/emfoco\/2026\/03\/15\/o-vilarejo-sem-carros-e-sem-asfalto-onde-o-rio-encontra-o-mar-e-o-tempo-para\/#breadcrumb","itemListElement":[{"@type":"ListItem","position":1,"name":"In\u00edcio","item":"https:\/\/www.em.com.br\/emfoco\/"},{"@type":"ListItem","position":2,"name":"O vilarejo sem carros e sem asfalto onde o rio encontra o mar e o tempo para"}]},{"@type":"WebSite","@id":"https:\/\/www.em.com.br\/emfoco\/#website","url":"https:\/\/www.em.com.br\/emfoco\/","name":"Estado de Minas - Em foco","description":"Acompanhe as \u00faltimas not\u00edcias e fique bem informado sobre tudo o que acontece em Minas Gerais, Brasil e no mundo.","potentialAction":[{"@type":"SearchAction","target":{"@type":"EntryPoint","urlTemplate":"https:\/\/www.em.com.br\/emfoco\/?s={search_term_string}"},"query-input":{"@type":"PropertyValueSpecification","valueRequired":true,"valueName":"search_term_string"}}],"inLanguage":"pt-BR"},{"@type":"Person","@id":"https:\/\/www.em.com.br\/emfoco\/#\/schema\/person\/364ac1852fafd00f1be20f0b8b237569","name":"Vitor Bruno","image":{"@type":"ImageObject","inLanguage":"pt-BR","@id":"https:\/\/www.em.com.br\/emfoco\/#\/schema\/person\/image\/","url":"https:\/\/secure.gravatar.com\/avatar\/b719e5cdede09f942064960883b5524d?s=96&d=mm&r=g","contentUrl":"https:\/\/secure.gravatar.com\/avatar\/b719e5cdede09f942064960883b5524d?s=96&d=mm&r=g","caption":"Vitor Bruno"},"sameAs":["https:\/\/www.em.com.br\/emfoco\/"],"url":"https:\/\/www.em.com.br\/emfoco\/author\/vitormyth\/"}]}},"_links":{"self":[{"href":"https:\/\/www.em.com.br\/emfoco\/wp-json\/wp\/v2\/posts\/181802","targetHints":{"allow":["GET"]}}],"collection":[{"href":"https:\/\/www.em.com.br\/emfoco\/wp-json\/wp\/v2\/posts"}],"about":[{"href":"https:\/\/www.em.com.br\/emfoco\/wp-json\/wp\/v2\/types\/post"}],"author":[{"embeddable":true,"href":"https:\/\/www.em.com.br\/emfoco\/wp-json\/wp\/v2\/users\/6"}],"replies":[{"embeddable":true,"href":"https:\/\/www.em.com.br\/emfoco\/wp-json\/wp\/v2\/comments?post=181802"}],"version-history":[{"count":2,"href":"https:\/\/www.em.com.br\/emfoco\/wp-json\/wp\/v2\/posts\/181802\/revisions"}],"predecessor-version":[{"id":181860,"href":"https:\/\/www.em.com.br\/emfoco\/wp-json\/wp\/v2\/posts\/181802\/revisions\/181860"}],"wp:featuredmedia":[{"embeddable":true,"href":"https:\/\/www.em.com.br\/emfoco\/wp-json\/wp\/v2\/media\/181859"}],"wp:attachment":[{"href":"https:\/\/www.em.com.br\/emfoco\/wp-json\/wp\/v2\/media?parent=181802"}],"wp:term":[{"taxonomy":"category","embeddable":true,"href":"https:\/\/www.em.com.br\/emfoco\/wp-json\/wp\/v2\/categories?post=181802"},{"taxonomy":"post_tag","embeddable":true,"href":"https:\/\/www.em.com.br\/emfoco\/wp-json\/wp\/v2\/tags?post=181802"}],"curies":[{"name":"wp","href":"https:\/\/api.w.org\/{rel}","templated":true}]}}