{"id":181801,"date":"2026-03-15T18:05:00","date_gmt":"2026-03-15T21:05:00","guid":{"rendered":"https:\/\/www.em.com.br\/emfoco\/?p=181801"},"modified":"2026-03-16T07:21:48","modified_gmt":"2026-03-16T10:21:48","slug":"a-vila-de-ouro-mineira-a-1-050-metros-de-altitude-com-cachoeiras-qualidade-de-vida-e-tranquilidade-do-interior","status":"publish","type":"post","link":"https:\/\/www.em.com.br\/emfoco\/2026\/03\/15\/a-vila-de-ouro-mineira-a-1-050-metros-de-altitude-com-cachoeiras-qualidade-de-vida-e-tranquilidade-do-interior\/","title":{"rendered":"A vila de ouro mineira a 1.050 metros de altitude com cachoeiras, qualidade de vida e tranquilidade do interior"},"content":{"rendered":"\n<p>A neblina cobre o largo da capela antes das sete da manh\u00e3. Cavalos pastam na cal\u00e7ada de grama e crian\u00e7as brincam na rua de pedra. <strong>Lavras Novas<\/strong>, distrito de <strong>Ouro Preto<\/strong> encravado na <strong>Serra do Espinha\u00e7o<\/strong>, tem pouco mais de mil habitantes, 14 cachoeiras catalogadas nos arredores e uma rotina que parece ignorar o rel\u00f3gio.<\/p>\n\n\n\n<h2 class=\"wp-block-heading\">A vila que viveu dois s\u00e9culos no escuro<\/h2>\n\n\n\n<p>O arraial surgiu nos anos finais do s\u00e9culo XVIII, quando mineradores abriram frentes de garimpo ao sul de Vila Rica. Encontraram ouro e batizaram o lugar de Lavras Novas, refer\u00eancia direta ao fato de que aquelas eram jazidas mais recentes que as de arraiais vizinhos como <strong>S\u00e3o Bartolomeu<\/strong> e <strong>Ant\u00f4nio Pereira<\/strong>. Em <strong>1762<\/strong>, moradores ergueram a <strong>Capela de Nossa Senhora dos Prazeres<\/strong>, cuja devo\u00e7\u00e3o \u00e9 considerada incomum em toda a regi\u00e3o das Minas, segundo a <a href=\"https:\/\/www.ouropreto.mg.gov.br\/distrito\/6\" target=\"_blank\" rel=\"noreferrer noopener\"><strong>Prefeitura de Ouro Preto<\/strong><\/a>.<\/p>\n\n\n\n<p>Quando o ouro secou, a popula\u00e7\u00e3o branca partiu. Ficaram os negros, livres ou libertos, que organizaram a vida de um jeito pr\u00f3prio: a terra pertencia \u00e0 santa padroeira, casamentos aconteciam entre vizinhos e cestos de taquara serviam como moeda de troca em Ouro Preto. A luz el\u00e9trica s\u00f3 chegou por volta de <strong>1970<\/strong>. Esse isolamento involunt\u00e1rio alimentou a lenda de que o vilarejo seria remanescente de quilombo, embora n\u00e3o exista documenta\u00e7\u00e3o comprobat\u00f3ria.<\/p>\n\n\n\n<figure class=\"wp-block-image aligncenter size-large\"><img loading=\"lazy\" decoding=\"async\" width=\"1024\" height=\"576\" src=\"https:\/\/www.em.com.br\/emfoco\/wp-content\/uploads\/2025\/12\/image-58-1024x576.png\" alt=\"\" class=\"wp-image-144129\" srcset=\"https:\/\/www.em.com.br\/emfoco\/wp-content\/uploads\/2025\/12\/image-58-1024x576.png 1024w, https:\/\/www.em.com.br\/emfoco\/wp-content\/uploads\/2025\/12\/image-58-300x169.png 300w, https:\/\/www.em.com.br\/emfoco\/wp-content\/uploads\/2025\/12\/image-58-768x432.png 768w, https:\/\/www.em.com.br\/emfoco\/wp-content\/uploads\/2025\/12\/image-58-750x422.png 750w, https:\/\/www.em.com.br\/emfoco\/wp-content\/uploads\/2025\/12\/image-58-1140x641.png 1140w, https:\/\/www.em.com.br\/emfoco\/wp-content\/uploads\/2025\/12\/image-58.png 1280w\" sizes=\"auto, (max-width: 1024px) 100vw, 1024px\" \/><figcaption class=\"wp-element-caption\">Curta pousadas charmosas, bares com m\u00fasica ao vivo e trilhas surpreendentes em Lavras Novas, perfeita para descanso e divers\u00e3o. \/\/ Cr\u00e9ditos: YouTube Boa Sorte Viajante \u2014 Matheus Boa Sorte.\n<\/figcaption><\/figure>\n\n\n\n<h2 class=\"wp-block-heading\">O cotidiano de quem escolheu ficar na serra<\/h2>\n\n\n\n<p>Segundo o Censo <strong>2022<\/strong> do <strong>Instituto Brasileiro de Geografia e Estat\u00edstica (IBGE)<\/strong>, Lavras Novas tem 1.002 habitantes e 313 domic\u00edlios. O ritmo di\u00e1rio \u00e9 ditado pelo sil\u00eancio da serra e pelo com\u00e9rcio ligado ao turismo. A maior parte dos moradores trabalha em pousadas, restaurantes e ag\u00eancias de passeio. Quem n\u00e3o atua com visitantes desce os 17 km at\u00e9 Ouro Preto para trabalhar e volta \u00e0 noite.<\/p>\n\n\n\n<p>N\u00e3o h\u00e1 posto de gasolina, banco ou hospital no distrito. Tudo isso fica em Ouro Preto, a cerca de 30 minutos de carro. Nos feriados prolongados, a popula\u00e7\u00e3o pode quintuplicar: at\u00e9 5 mil visitantes dividem as ruas de pedra com os moradores, segundo estimativas da <strong>Secretaria de Turismo de Ouro Preto<\/strong>. O artesanato em taquara, que sustentou a comunidade por gera\u00e7\u00f5es, hoje \u00e9 mantido por menos de dez fam\u00edlias. Um inc\u00eandio destruiu os bambuzais mais pr\u00f3ximos e a mat\u00e9ria-prima precisa ser buscada cada vez mais longe.<\/p>\n\n\n\n<figure class=\"wp-block-image aligncenter size-large\"><img loading=\"lazy\" decoding=\"async\" width=\"1024\" height=\"576\" src=\"https:\/\/www.em.com.br\/emfoco\/wp-content\/uploads\/2025\/12\/image-59-1024x576.png\" alt=\"\" class=\"wp-image-144130\" srcset=\"https:\/\/www.em.com.br\/emfoco\/wp-content\/uploads\/2025\/12\/image-59-1024x576.png 1024w, https:\/\/www.em.com.br\/emfoco\/wp-content\/uploads\/2025\/12\/image-59-300x169.png 300w, https:\/\/www.em.com.br\/emfoco\/wp-content\/uploads\/2025\/12\/image-59-768x432.png 768w, https:\/\/www.em.com.br\/emfoco\/wp-content\/uploads\/2025\/12\/image-59-750x422.png 750w, https:\/\/www.em.com.br\/emfoco\/wp-content\/uploads\/2025\/12\/image-59-1140x641.png 1140w, https:\/\/www.em.com.br\/emfoco\/wp-content\/uploads\/2025\/12\/image-59.png 1280w\" sizes=\"auto, (max-width: 1024px) 100vw, 1024px\" \/><figcaption class=\"wp-element-caption\">Lavras Novas encanta com seu casario colonial, trilhas, cachoeiras e ambiente tranquilo para quem busca natureza e cultura. \/\/ Cr\u00e9ditos: YouTube Drone Tour 4k (@DroneTour4K)\n<\/figcaption><\/figure>\n\n\n\n<p><strong>Leia tamb\u00e9m: <a href=\"https:\/\/www.em.com.br\/emfoco\/2026\/03\/08\/a-vila-onde-nao-ha-bancos-nao-ha-asfalto-e-nao-ha-postes-de-luz-so-o-brilho-da-lua-sobre-as-praias-mais-bonitas-do-planeta\/\" target=\"_blank\" rel=\"noreferrer noopener\">A vila onde n\u00e3o h\u00e1 bancos, n\u00e3o h\u00e1 asfalto e n\u00e3o h\u00e1 postes de luz: s\u00f3 o brilho da lua sobre as praias mais bonitas do planeta<\/a><\/strong><\/p>\n\n\n\n<h2 class=\"wp-block-heading\">O que fazer entre cachoeiras e trilhas hist\u00f3ricas?<\/h2>\n\n\n\n<p>A serra ao redor concentra 14 quedas d&#8217;\u00e1gua em um raio de 6 km. Algumas ficam a minutos do centro, outras exigem trilhas mais longas por dentro da mata.<\/p>\n\n\n\n<ul class=\"wp-block-list has-medium-font-size\">\n<li><strong>Cachoeira dos Pocinhos<\/strong>: a mais pr\u00f3xima do centro, acess\u00edvel por trilha de cerca de 800 m a partir da Rua do Ch\u00e1. S\u00e3o v\u00e1rias pequenas cascatas com piscinas naturais.<\/li>\n\n\n\n<li><strong>Cachoeira dos Namorados<\/strong>: a 5,5 km da vila, com piscina natural cercada de mata preservada e trilha por estrada de terra.<\/li>\n\n\n\n<li><strong>Cachoeira Tr\u00eas Pingos<\/strong>: a 4,1 km do centro, a queda se divide em tr\u00eas cascatas menores. Po\u00e7o raso, bom para fam\u00edlias.<\/li>\n\n\n\n<li><strong>Represa do Cust\u00f3dio<\/strong>: a 5,7 km, dentro do <strong>Parque Estadual do Itacolomi<\/strong>. Pared\u00f5es de pedra cercam um espelho d&#8217;\u00e1gua calmo, ideal para piqueniques.<\/li>\n\n\n\n<li><strong>Mega Tirolesa<\/strong>: inaugurada em <strong>2020<\/strong>, tem 400 m de extens\u00e3o a 1.500 m de altitude. A velocidade chega a 50 km\/h e um paraquedas freia a descida.<\/li>\n<\/ul>\n\n\n\n<p>Quem busca conhecer a vida pacata e buc\u00f3lica de <strong>Minas Gerais<\/strong>, vai curtir esse v\u00eddeo especialmente selecionado do canal <strong>Boa Sorte Viajante &#8211; Matheus Boa Sorte<\/strong>, que conta com mais de <strong>52 mil<\/strong> visualiza\u00e7\u00f5es, onde <strong>Matheus Boa Sorte<\/strong> mostra o projeto social das bordadeiras em <strong>Lavras Novas<\/strong>, um distrito de <strong>Ouro Preto<\/strong>:<\/p>\n\n\n\n<figure class=\"wp-block-embed is-type-video is-provider-youtube wp-block-embed-youtube wp-embed-aspect-16-9 wp-has-aspect-ratio\"><div class=\"wp-block-embed__wrapper\">\n<div class=\"jeg_video_container jeg_video_content\"><iframe loading=\"lazy\" title=\"LAVRAS NOVAS\/MG: Conhe\u00e7a a vida pacata neste para\u00edso de Minas Gerais\" width=\"500\" height=\"281\" src=\"https:\/\/www.youtube.com\/embed\/S-74W7axPb0?feature=oembed\" frameborder=\"0\" allow=\"accelerometer; autoplay; clipboard-write; encrypted-media; gyroscope; picture-in-picture; web-share\" referrerpolicy=\"strict-origin-when-cross-origin\" allowfullscreen><\/iframe><\/div>\n<\/div><\/figure>\n\n\n\n<p>O vilarejo tamb\u00e9m integra o <strong>Caminho Novo<\/strong> da <a href=\"https:\/\/institutoestradareal.com.br\/roteiros-planilhados\/caminho-novo\/trecho\/lavras-novas-mg+ouro-preto-mg\/\" target=\"_blank\" rel=\"noreferrer noopener\"><strong>Estrada Real<\/strong><\/a>, com um trecho de 17 km de trilha que liga Lavras Novas a Ouro Preto passando pelo Parque Estadual do Itacolomi.<\/p>\n\n\n\n<h2 class=\"wp-block-heading\">Quando o clima favorece cada tipo de passeio?<\/h2>\n\n\n\n<p>O clima subtropical de altitude garante temperaturas amenas mesmo no ver\u00e3o. As noites costumam ser frescas o ano inteiro, o que ajuda a explicar a fama rom\u00e2ntica do distrito.<\/p>\n\n\n\n<div class=\"google-auto-ads-ignore\" style=\"box-sizing: border-box; display: flex; flex-direction: column; width: 100%; max-width: 900px; margin: 30px auto; font-family: 'Segoe UI', Roboto, Helvetica, Arial, sans-serif; clear: both;\">\n    <div style=\"display: flex; flex-wrap: wrap; gap: 15px;\">\n        \n        <div class=\"card-interativo\" style=\"flex: 1 1 calc(25% - 15px); min-width: 200px; border: 1px solid #e1e6ef; border-top: 4px solid #1a2a57; border-radius: 8px; padding: 20px; background: #fff; box-sizing: border-box; box-shadow: 0 4px 10px rgba(26, 42, 87, 0.05); display: flex; flex-direction: column;\">\n            <div style=\"display: flex; align-items: center; justify-content: center; gap: 8px; margin-bottom: 20px;\">\n                <span style=\"font-size: 22px; line-height: 1;\">\u2600\ufe0f<\/span>\n                <strong style=\"color: #1a2a57; font-size: 16px; text-transform: uppercase;\">Ver\u00e3o<\/strong>\n            <\/div>\n            <div style=\"margin-bottom: auto;\">\n                <div style=\"text-align: center; font-size: 11px; font-weight: 800; color: #111c3a; text-transform: uppercase; margin-bottom: 5px;\">Dezembro &#8211; Fevereiro<\/div>\n                <div style=\"text-align: center; font-size: 26px; font-weight: 900; color: #1a2a57; margin-bottom: 10px;\">16\u00b0C a 27\u00b0C<\/div>\n                <div style=\"text-align: center; font-size: 13px; color: #555; line-height: 1.5; margin-bottom: 15px;\">Mesmo no ver\u00e3o, as noites s\u00e3o frescas gra\u00e7as ao clima subtropical de altitude. Aproveite para fazer as <strong>trilhas e curtir os mirantes sempre pela manh\u00e3<\/strong>. <em>\u00c0 tarde, as chuvas intensas podem estragar os passeios abertos.<\/em><\/div>\n            <\/div>\n            <div style=\"text-align: center;\">\n                <span style=\"display: inline-block; background: #f0f4f8; color: #1a2a57; font-size: 10px; font-weight: 800; padding: 6px 12px; border-radius: 20px; text-transform: uppercase; border: 1px solid #e1e6ef; line-height: 1.4;\">\ud83d\udca7 Chuva Alta<\/span>\n            <\/div>\n        <\/div>\n\n        <div class=\"card-interativo\" style=\"flex: 1 1 calc(25% - 15px); min-width: 200px; border: 1px solid #e1e6ef; border-top: 4px solid #1a2a57; border-radius: 8px; padding: 20px; background: #fff; box-sizing: border-box; box-shadow: 0 4px 10px rgba(26, 42, 87, 0.05); display: flex; flex-direction: column;\">\n            <div style=\"display: flex; align-items: center; justify-content: center; gap: 8px; margin-bottom: 20px;\">\n                <span style=\"font-size: 22px; line-height: 1;\">\ud83c\udf42<\/span>\n                <strong style=\"color: #1a2a57; font-size: 16px; text-transform: uppercase;\">Outono<\/strong>\n            <\/div>\n            <div style=\"margin-bottom: auto;\">\n                <div style=\"text-align: center; font-size: 11px; font-weight: 800; color: #111c3a; text-transform: uppercase; margin-bottom: 5px;\">Mar\u00e7o &#8211; Maio<\/div>\n                <div style=\"text-align: center; font-size: 26px; font-weight: 900; color: #1a2a57; margin-bottom: 10px;\">12\u00b0C a 24\u00b0C<\/div>\n                <div style=\"text-align: center; font-size: 13px; color: #555; line-height: 1.5; margin-bottom: 15px;\">O clima entra em equil\u00edbrio e a natureza fica exuberante com as chuvas recuando. Janela fant\u00e1stica e com estradas de terra mais firmes para <strong>banhos de cachoeira e os cl\u00e1ssicos passeios de 4&#215;4<\/strong>.<\/div>\n            <\/div>\n            <div style=\"text-align: center;\">\n                <span style=\"display: inline-block; background: #f0f4f8; color: #1a2a57; font-size: 10px; font-weight: 800; padding: 6px 12px; border-radius: 20px; text-transform: uppercase; border: 1px solid #e1e6ef; line-height: 1.4;\">\ud83d\ude99 Passeios 4&#215;4<\/span>\n            <\/div>\n        <\/div>\n\n        <div class=\"card-interativo\" style=\"flex: 1 1 calc(25% - 15px); min-width: 200px; border: 2px solid #1a2a57; border-radius: 8px; padding: 20px; background: #f0f4f8; box-sizing: border-box; box-shadow: 0 4px 10px rgba(26, 42, 87, 0.1); display: flex; flex-direction: column;\">\n            <div style=\"display: flex; align-items: center; justify-content: center; gap: 8px; margin-bottom: 20px;\">\n                <span style=\"font-size: 22px; line-height: 1;\">\u2744\ufe0f<\/span>\n                <strong style=\"color: #1a2a57; font-size: 16px; text-transform: uppercase;\">Inverno<\/strong>\n            <\/div>\n            <div style=\"margin-bottom: auto;\">\n                <div style=\"text-align: center; font-size: 11px; font-weight: 800; color: #111c3a; text-transform: uppercase; margin-bottom: 5px;\">Junho &#8211; Agosto<\/div>\n                <div style=\"text-align: center; font-size: 26px; font-weight: 900; color: #1a2a57; margin-bottom: 10px;\">8\u00b0C a 20\u00b0C<\/div>\n                <div style=\"text-align: center; font-size: 13px; color: #555; line-height: 1.5; margin-bottom: 15px;\">A grande alta temporada! A famosa aura rom\u00e2ntica do distrito atinge seu \u00e1pice com o clima gelado. O tempo seco \u00e9 um convite irrecus\u00e1vel para <strong>tirolesa, explorar a gastronomia local e curtir noites ao redor das lareiras<\/strong>.<\/div>\n            <\/div>\n            <div style=\"text-align: center;\">\n                <span style=\"display: inline-block; background: #1a2a57; color: #fff; font-size: 10px; font-weight: 800; padding: 6px 12px; border-radius: 20px; text-transform: uppercase; line-height: 1.4;\">\ud83c\udf77 Clima Rom\u00e2ntico<\/span>\n            <\/div>\n        <\/div>\n\n        <div class=\"card-interativo\" style=\"flex: 1 1 calc(25% - 15px); min-width: 200px; border: 1px solid #e1e6ef; border-top: 4px solid #1a2a57; border-radius: 8px; padding: 20px; background: #fff; box-sizing: border-box; box-shadow: 0 4px 10px rgba(26, 42, 87, 0.05); display: flex; flex-direction: column;\">\n            <div style=\"display: flex; align-items: center; justify-content: center; gap: 8px; margin-bottom: 20px;\">\n                <span style=\"font-size: 22px; line-height: 1;\">\ud83c\udf38<\/span>\n                <strong style=\"color: #1a2a57; font-size: 16px; text-transform: uppercase;\">Primavera<\/strong>\n            <\/div>\n            <div style=\"margin-bottom: auto;\">\n                <div style=\"text-align: center; font-size: 11px; font-weight: 800; color: #111c3a; text-transform: uppercase; margin-bottom: 5px;\">Setembro &#8211; Novembro<\/div>\n                <div style=\"text-align: center; font-size: 26px; font-weight: 900; color: #1a2a57; margin-bottom: 10px;\">14\u00b0C a 25\u00b0C<\/div>\n                <div style=\"text-align: center; font-size: 13px; color: #555; line-height: 1.5; margin-bottom: 15px;\">A vegeta\u00e7\u00e3o ressurge verde e muito colorida, enquanto o frio se afasta para dar lugar a dias lindos. \u00c9poca impec\u00e1vel para quem ama hist\u00f3ria e contato com a natureza, ideal para <strong>trekking nos caminhos da Estrada Real<\/strong>.<\/div>\n            <\/div>\n            <div style=\"text-align: center;\">\n                <span style=\"display: inline-block; background: #f0f4f8; color: #1a2a57; font-size: 10px; font-weight: 800; padding: 6px 12px; border-radius: 20px; text-transform: uppercase; border: 1px solid #e1e6ef; line-height: 1.4;\">\ud83e\udd7e Trekking<\/span>\n            <\/div>\n        <\/div>\n        \n    <\/div>\n<\/div>\n\n\n\n<p><em>Temperaturas aproximadas com base no <a href=\"https:\/\/www.climatempo.com.br\/climatologia\/3121\/lavrasnovas-mg\" target=\"_blank\" rel=\"noreferrer noopener\"><strong>Climatempo<\/strong><\/a>. Condi\u00e7\u00f5es podem variar.<\/em><\/p>\n\n\n\n<h2 class=\"wp-block-heading\">Como chegar ao distrito mais charmoso de Ouro Preto?<\/h2>\n\n\n\n<p>Saindo de <strong>Belo Horizonte<\/strong>, s\u00e3o cerca de 120 km pela <strong>BR-040<\/strong> e <strong>BR-356<\/strong> at\u00e9 Ouro Preto, depois <strong>MG-129<\/strong> at\u00e9 Lavras Novas. Os \u00faltimos 2 km s\u00e3o de estrada de terra. O trajeto total leva aproximadamente 1h30. De Ouro Preto, a dist\u00e2ncia \u00e9 de apenas 17 km, cerca de 30 minutos. Dentro da vila, tudo se faz a p\u00e9 pelas ruas estreitas de cal\u00e7amento colonial.<\/p>\n\n\n\n<h2 class=\"wp-block-heading\">Um vilarejo que inventou seu pr\u00f3prio ritmo<\/h2>\n\n\n\n<p>Lavras Novas sobreviveu ao fim do ouro, a quase dois s\u00e9culos sem eletricidade e ao risco de descaracteriza\u00e7\u00e3o pelo turismo. O que restou foi uma comunidade que ainda tran\u00e7a taquara, venera uma padroeira incomum e acorda com neblina no largo da capela.<\/p>\n\n\n\n<p>Voc\u00ea precisa subir a serra e sentir o ritmo de um lugar onde mil pessoas escolheram ficar quando o resto do mundo foi embora.<\/p>\n","protected":false},"excerpt":{"rendered":"<p>A neblina cobre o largo da capela antes das sete da manh\u00e3. Cavalos pastam na cal\u00e7ada de grama e crian\u00e7as brincam na rua de pedra. Lavras Novas, distrito de Ouro Preto encravado na Serra do Espinha\u00e7o, tem pouco mais de mil habitantes, 14 cachoeiras catalogadas nos arredores e uma rotina que parece ignorar o rel\u00f3gio. [&hellip;]<\/p>\n","protected":false},"author":6,"featured_media":144127,"comment_status":"open","ping_status":"open","sticky":false,"template":"","format":"standard","meta":{"jnews-multi-image_gallery":[],"jnews_single_post":{"format":"standard"},"jnews_primary_category":[],"jnews_social_meta":[],"jnews_override_counter":[],"footnotes":""},"categories":[26],"tags":[183,1104,207,419],"class_list":["post-181801","post","type-post","status-publish","format-standard","has-post-thumbnail","hentry","category-cidades","tag-cidades","tag-lavras-novas","tag-minas-gerais","tag-ouro-preto"],"yoast_head":"<!-- This site is optimized with the Yoast SEO plugin v23.8 - https:\/\/yoast.com\/wordpress\/plugins\/seo\/ -->\n<title>A vila de ouro mineira a 1.050 metros de altitude com cachoeiras, qualidade de vida e tranquilidade do interior - Estado de Minas - Em foco<\/title>\n<meta name=\"description\" content=\"Entre montanhas mineiras, a vila de ouro a 1.050 metros encanta com cachoeiras e clima tranquilo do interior.\" \/>\n<meta name=\"robots\" content=\"index, follow, max-snippet:-1, max-image-preview:large, max-video-preview:-1\" \/>\n<link rel=\"canonical\" href=\"https:\/\/www.em.com.br\/emfoco\/2026\/03\/15\/a-vila-de-ouro-mineira-a-1-050-metros-de-altitude-com-cachoeiras-qualidade-de-vida-e-tranquilidade-do-interior\/\" \/>\n<meta property=\"og:locale\" content=\"pt_BR\" \/>\n<meta property=\"og:type\" content=\"article\" \/>\n<meta property=\"og:title\" content=\"A vila de ouro mineira a 1.050 metros de altitude com cachoeiras, qualidade de vida e tranquilidade do interior - Estado de Minas - Em foco\" \/>\n<meta property=\"og:description\" content=\"Entre montanhas mineiras, a vila de ouro a 1.050 metros encanta com cachoeiras e clima tranquilo do interior.\" \/>\n<meta property=\"og:url\" content=\"https:\/\/www.em.com.br\/emfoco\/2026\/03\/15\/a-vila-de-ouro-mineira-a-1-050-metros-de-altitude-com-cachoeiras-qualidade-de-vida-e-tranquilidade-do-interior\/\" \/>\n<meta property=\"og:site_name\" content=\"Estado de Minas - Em foco\" \/>\n<meta property=\"article:published_time\" content=\"2026-03-15T21:05:00+00:00\" \/>\n<meta property=\"article:modified_time\" content=\"2026-03-16T10:21:48+00:00\" \/>\n<meta property=\"og:image\" content=\"https:\/\/www.em.com.br\/emfoco\/wp-content\/uploads\/2025\/12\/image-57.png\" \/>\n\t<meta property=\"og:image:width\" content=\"1280\" \/>\n\t<meta property=\"og:image:height\" content=\"720\" \/>\n\t<meta property=\"og:image:type\" content=\"image\/png\" \/>\n<meta name=\"author\" content=\"Vitor Bruno\" \/>\n<meta name=\"twitter:card\" content=\"summary_large_image\" \/>\n<meta name=\"twitter:label1\" content=\"Escrito por\" \/>\n\t<meta name=\"twitter:data1\" content=\"Vitor Bruno\" \/>\n\t<meta name=\"twitter:label2\" content=\"Est. tempo de leitura\" \/>\n\t<meta name=\"twitter:data2\" content=\"7 minutos\" \/>\n<!-- \/ Yoast SEO plugin. -->","yoast_head_json":{"title":"A vila de ouro mineira a 1.050 metros de altitude com cachoeiras, qualidade de vida e tranquilidade do interior - Estado de Minas - Em foco","description":"Entre montanhas mineiras, a vila de ouro a 1.050 metros encanta com cachoeiras e clima tranquilo do interior.","robots":{"index":"index","follow":"follow","max-snippet":"max-snippet:-1","max-image-preview":"max-image-preview:large","max-video-preview":"max-video-preview:-1"},"canonical":"https:\/\/www.em.com.br\/emfoco\/2026\/03\/15\/a-vila-de-ouro-mineira-a-1-050-metros-de-altitude-com-cachoeiras-qualidade-de-vida-e-tranquilidade-do-interior\/","og_locale":"pt_BR","og_type":"article","og_title":"A vila de ouro mineira a 1.050 metros de altitude com cachoeiras, qualidade de vida e tranquilidade do interior - Estado de Minas - Em foco","og_description":"Entre montanhas mineiras, a vila de ouro a 1.050 metros encanta com cachoeiras e clima tranquilo do interior.","og_url":"https:\/\/www.em.com.br\/emfoco\/2026\/03\/15\/a-vila-de-ouro-mineira-a-1-050-metros-de-altitude-com-cachoeiras-qualidade-de-vida-e-tranquilidade-do-interior\/","og_site_name":"Estado de Minas - Em foco","article_published_time":"2026-03-15T21:05:00+00:00","article_modified_time":"2026-03-16T10:21:48+00:00","og_image":[{"width":1280,"height":720,"url":"https:\/\/www.em.com.br\/emfoco\/wp-content\/uploads\/2025\/12\/image-57.png","type":"image\/png"}],"author":"Vitor Bruno","twitter_card":"summary_large_image","twitter_misc":{"Escrito por":"Vitor Bruno","Est. tempo de leitura":"7 minutos"},"schema":{"@context":"https:\/\/schema.org","@graph":[{"@type":"WebPage","@id":"https:\/\/www.em.com.br\/emfoco\/2026\/03\/15\/a-vila-de-ouro-mineira-a-1-050-metros-de-altitude-com-cachoeiras-qualidade-de-vida-e-tranquilidade-do-interior\/","url":"https:\/\/www.em.com.br\/emfoco\/2026\/03\/15\/a-vila-de-ouro-mineira-a-1-050-metros-de-altitude-com-cachoeiras-qualidade-de-vida-e-tranquilidade-do-interior\/","name":"A vila de ouro mineira a 1.050 metros de altitude com cachoeiras, qualidade de vida e tranquilidade do interior - Estado de Minas - Em foco","isPartOf":{"@id":"https:\/\/www.em.com.br\/emfoco\/#website"},"primaryImageOfPage":{"@id":"https:\/\/www.em.com.br\/emfoco\/2026\/03\/15\/a-vila-de-ouro-mineira-a-1-050-metros-de-altitude-com-cachoeiras-qualidade-de-vida-e-tranquilidade-do-interior\/#primaryimage"},"image":{"@id":"https:\/\/www.em.com.br\/emfoco\/2026\/03\/15\/a-vila-de-ouro-mineira-a-1-050-metros-de-altitude-com-cachoeiras-qualidade-de-vida-e-tranquilidade-do-interior\/#primaryimage"},"thumbnailUrl":"https:\/\/www.em.com.br\/emfoco\/wp-content\/uploads\/2025\/12\/image-57.png","datePublished":"2026-03-15T21:05:00+00:00","dateModified":"2026-03-16T10:21:48+00:00","author":{"@id":"https:\/\/www.em.com.br\/emfoco\/#\/schema\/person\/364ac1852fafd00f1be20f0b8b237569"},"description":"Entre montanhas mineiras, a vila de ouro a 1.050 metros encanta com cachoeiras e clima tranquilo do interior.","breadcrumb":{"@id":"https:\/\/www.em.com.br\/emfoco\/2026\/03\/15\/a-vila-de-ouro-mineira-a-1-050-metros-de-altitude-com-cachoeiras-qualidade-de-vida-e-tranquilidade-do-interior\/#breadcrumb"},"inLanguage":"pt-BR","potentialAction":[{"@type":"ReadAction","target":["https:\/\/www.em.com.br\/emfoco\/2026\/03\/15\/a-vila-de-ouro-mineira-a-1-050-metros-de-altitude-com-cachoeiras-qualidade-de-vida-e-tranquilidade-do-interior\/"]}]},{"@type":"ImageObject","inLanguage":"pt-BR","@id":"https:\/\/www.em.com.br\/emfoco\/2026\/03\/15\/a-vila-de-ouro-mineira-a-1-050-metros-de-altitude-com-cachoeiras-qualidade-de-vida-e-tranquilidade-do-interior\/#primaryimage","url":"https:\/\/www.em.com.br\/emfoco\/wp-content\/uploads\/2025\/12\/image-57.png","contentUrl":"https:\/\/www.em.com.br\/emfoco\/wp-content\/uploads\/2025\/12\/image-57.png","width":1280,"height":720,"caption":"Conhe\u00e7a o charme de Lavras Novas, uma vila acolhedora cercada por montanhas, natureza e tradi\u00e7\u00f5es mineiras. \/\/ Cr\u00e9ditos: YouTube Drone Tour 4k (@DroneTour4K)"},{"@type":"BreadcrumbList","@id":"https:\/\/www.em.com.br\/emfoco\/2026\/03\/15\/a-vila-de-ouro-mineira-a-1-050-metros-de-altitude-com-cachoeiras-qualidade-de-vida-e-tranquilidade-do-interior\/#breadcrumb","itemListElement":[{"@type":"ListItem","position":1,"name":"In\u00edcio","item":"https:\/\/www.em.com.br\/emfoco\/"},{"@type":"ListItem","position":2,"name":"A vila de ouro mineira a 1.050 metros de altitude com cachoeiras, qualidade de vida e tranquilidade do interior"}]},{"@type":"WebSite","@id":"https:\/\/www.em.com.br\/emfoco\/#website","url":"https:\/\/www.em.com.br\/emfoco\/","name":"Estado de Minas - Em foco","description":"Acompanhe as \u00faltimas not\u00edcias e fique bem informado sobre tudo o que acontece em Minas Gerais, Brasil e no mundo.","potentialAction":[{"@type":"SearchAction","target":{"@type":"EntryPoint","urlTemplate":"https:\/\/www.em.com.br\/emfoco\/?s={search_term_string}"},"query-input":{"@type":"PropertyValueSpecification","valueRequired":true,"valueName":"search_term_string"}}],"inLanguage":"pt-BR"},{"@type":"Person","@id":"https:\/\/www.em.com.br\/emfoco\/#\/schema\/person\/364ac1852fafd00f1be20f0b8b237569","name":"Vitor Bruno","image":{"@type":"ImageObject","inLanguage":"pt-BR","@id":"https:\/\/www.em.com.br\/emfoco\/#\/schema\/person\/image\/","url":"https:\/\/secure.gravatar.com\/avatar\/b719e5cdede09f942064960883b5524d?s=96&d=mm&r=g","contentUrl":"https:\/\/secure.gravatar.com\/avatar\/b719e5cdede09f942064960883b5524d?s=96&d=mm&r=g","caption":"Vitor Bruno"},"sameAs":["https:\/\/www.em.com.br\/emfoco\/"],"url":"https:\/\/www.em.com.br\/emfoco\/author\/vitormyth\/"}]}},"_links":{"self":[{"href":"https:\/\/www.em.com.br\/emfoco\/wp-json\/wp\/v2\/posts\/181801","targetHints":{"allow":["GET"]}}],"collection":[{"href":"https:\/\/www.em.com.br\/emfoco\/wp-json\/wp\/v2\/posts"}],"about":[{"href":"https:\/\/www.em.com.br\/emfoco\/wp-json\/wp\/v2\/types\/post"}],"author":[{"embeddable":true,"href":"https:\/\/www.em.com.br\/emfoco\/wp-json\/wp\/v2\/users\/6"}],"replies":[{"embeddable":true,"href":"https:\/\/www.em.com.br\/emfoco\/wp-json\/wp\/v2\/comments?post=181801"}],"version-history":[{"count":3,"href":"https:\/\/www.em.com.br\/emfoco\/wp-json\/wp\/v2\/posts\/181801\/revisions"}],"predecessor-version":[{"id":181858,"href":"https:\/\/www.em.com.br\/emfoco\/wp-json\/wp\/v2\/posts\/181801\/revisions\/181858"}],"wp:featuredmedia":[{"embeddable":true,"href":"https:\/\/www.em.com.br\/emfoco\/wp-json\/wp\/v2\/media\/144127"}],"wp:attachment":[{"href":"https:\/\/www.em.com.br\/emfoco\/wp-json\/wp\/v2\/media?parent=181801"}],"wp:term":[{"taxonomy":"category","embeddable":true,"href":"https:\/\/www.em.com.br\/emfoco\/wp-json\/wp\/v2\/categories?post=181801"},{"taxonomy":"post_tag","embeddable":true,"href":"https:\/\/www.em.com.br\/emfoco\/wp-json\/wp\/v2\/tags?post=181801"}],"curies":[{"name":"wp","href":"https:\/\/api.w.org\/{rel}","templated":true}]}}