{"id":181800,"date":"2026-03-15T11:25:00","date_gmt":"2026-03-15T14:25:00","guid":{"rendered":"https:\/\/www.em.com.br\/emfoco\/?p=181800"},"modified":"2026-03-15T11:17:12","modified_gmt":"2026-03-15T14:17:12","slug":"a-cidade-do-sul-de-minas-que-mais-cresce-com-qualidade-de-vida-e-oportunidades","status":"publish","type":"post","link":"https:\/\/www.em.com.br\/emfoco\/2026\/03\/15\/a-cidade-do-sul-de-minas-que-mais-cresce-com-qualidade-de-vida-e-oportunidades\/","title":{"rendered":"A cidade do Sul de Minas que mais cresce com qualidade de vida e oportunidades"},"content":{"rendered":"\n<p>\u00c0s margens da <strong>Rodovia Fern\u00e3o Dias (BR-381)<\/strong>, no ponto exato entre <strong>S\u00e3o Paulo<\/strong> e <strong>Belo Horizonte<\/strong>, <strong>Pouso Alegre<\/strong> cresceu 16,53% em popula\u00e7\u00e3o entre 2010 e 2022 e atraiu mais de R$ 1 bilh\u00e3o em investimentos industriais nos \u00faltimos anos. A cidade que j\u00e1 foi pouso de tropeiros virou a 6\u00aa mais desenvolvida de <strong>Minas Gerais<\/strong> e caminha para se tornar a mais populosa de todo o <strong>Sul de Minas<\/strong>.<\/p>\n\n\n\n<h2 class=\"wp-block-heading\">Os n\u00fameros que explicam o crescimento mais r\u00e1pido da regi\u00e3o<\/h2>\n\n\n\n<p>O Censo 2022 registrou 152.217 habitantes, contra 130.615 em 2010, um salto de 21.597 moradores em 12 anos. A estimativa do <a href=\"https:\/\/www.ibge.gov.br\/cidades-e-estados\/mg\/pouso-alegre.html\" target=\"_blank\" rel=\"noreferrer noopener\"><strong>Instituto Brasileiro de Geografia e Estat\u00edstica (IBGE)<\/strong><\/a> para 2025 j\u00e1 aponta 162.133 pessoas, crescimento de 6,52% em apenas tr\u00eas anos. Nesse ritmo, Pouso Alegre deve ultrapassar <strong>Po\u00e7os de Caldas<\/strong> e assumir a lideran\u00e7a regional antes de 2030.<\/p>\n\n\n\n<p>O <strong>PIB per capita<\/strong> de R$ 93.295 (IBGE 2023) \u00e9 o maior do <strong>Sul de Minas<\/strong> e supera a m\u00e9dia de muitas capitais brasileiras. A <a href=\"https:\/\/pousoalegre.mg.gov.br\/noticias_individual\/4551\" target=\"_blank\" rel=\"noreferrer noopener\"><strong>Prefeitura de Pouso Alegre<\/strong><\/a> confirmou que o munic\u00edpio alcan\u00e7ou a 6\u00aa posi\u00e7\u00e3o em <strong>Minas Gerais<\/strong> no <a href=\"https:\/\/www.firjan.com.br\/ifdm\/\" target=\"_blank\" rel=\"noreferrer noopener\"><strong>\u00cdndice Firjan de Desenvolvimento Municipal (IFDM)<\/strong><\/a> 2025, com nota 0,8186 (alto desenvolvimento), entre 853 munic\u00edpios avaliados. Em emprego e renda, todos os munic\u00edpios do top 10 mineiro ficaram acima de 0,8 ponto.<\/p>\n\n\n<div class=\"wp-block-image\">\n<figure class=\"aligncenter size-large\"><img loading=\"lazy\" decoding=\"async\" width=\"1024\" height=\"576\" src=\"https:\/\/www.em.com.br\/emfoco\/wp-content\/uploads\/2026\/01\/Minas-Gerais-cidade_1767795105368-1024x576.jpg\" alt=\"\" class=\"wp-image-151562\" srcset=\"https:\/\/www.em.com.br\/emfoco\/wp-content\/uploads\/2026\/01\/Minas-Gerais-cidade_1767795105368-1024x576.jpg 1024w, https:\/\/www.em.com.br\/emfoco\/wp-content\/uploads\/2026\/01\/Minas-Gerais-cidade_1767795105368-300x169.jpg 300w, https:\/\/www.em.com.br\/emfoco\/wp-content\/uploads\/2026\/01\/Minas-Gerais-cidade_1767795105368-768x432.jpg 768w, https:\/\/www.em.com.br\/emfoco\/wp-content\/uploads\/2026\/01\/Minas-Gerais-cidade_1767795105368-750x422.jpg 750w, https:\/\/www.em.com.br\/emfoco\/wp-content\/uploads\/2026\/01\/Minas-Gerais-cidade_1767795105368-1140x641.jpg 1140w, https:\/\/www.em.com.br\/emfoco\/wp-content\/uploads\/2026\/01\/Minas-Gerais-cidade_1767795105368.jpg 1280w\" sizes=\"auto, (max-width: 1024px) 100vw, 1024px\" \/><figcaption class=\"wp-element-caption\">Pouso Alegre atrai moradores com qualidade de vida e ind\u00fastria forte \/\/ Cr\u00e9ditos: depositphotos.com \/ PedroTruffi<\/figcaption><\/figure><\/div>\n\n\n<h2 class=\"wp-block-heading\">As multinacionais que escolheram a Fern\u00e3o Dias<\/h2>\n\n\n\n<p>A localiza\u00e7\u00e3o estrat\u00e9gica entre as duas maiores metr\u00f3poles do pa\u00eds transformou Pouso Alegre em corredor log\u00edstico e industrial. O munic\u00edpio possui cerca de 700 unidades industriais e responde pela maior arrecada\u00e7\u00e3o de ICMS do <strong>Sul de Minas<\/strong>. Nos \u00faltimos anos, uma onda de investimentos ultrapassou R$ 1 bilh\u00e3o:<\/p>\n\n\n\n<ul class=\"wp-block-list has-medium-font-size\">\n<li><strong>Unilever<\/strong>: opera em Pouso Alegre a maior planta de alimentos da companhia na <strong>Am\u00e9rica Latina<\/strong>. Em 2024, anunciou R$ 80 milh\u00f5es para expandir a produ\u00e7\u00e3o de <strong>Hellmann&#8217;s<\/strong>, cuja f\u00e1brica dobrou de tamanho em tr\u00eas anos.<\/li>\n\n\n\n<li><strong>XCMG<\/strong> e <strong>Midea<\/strong>: empresas chinesas de ve\u00edculos e m\u00e1quinas pesadas instalaram opera\u00e7\u00f5es no munic\u00edpio.<\/li>\n\n\n\n<li><strong>YOFC<\/strong> e <strong>HTCabos<\/strong>: f\u00e1bricas de fibra \u00f3ptica que refor\u00e7am o setor de telecomunica\u00e7\u00f5es.<\/li>\n\n\n\n<li><strong>ACG<\/strong>: multinacional indiana de c\u00e1psulas farmac\u00eauticas.<\/li>\n\n\n\n<li><strong>General Mills<\/strong>: gigante americana de alimentos.<\/li>\n\n\n\n<li><strong>Cimed<\/strong> e <strong>Tigre<\/strong>: ind\u00fastrias brasileiras consolidadas na cidade h\u00e1 mais de uma d\u00e9cada.<\/li>\n<\/ul>\n\n\n\n<p>Essa diversidade de setores reduz a depend\u00eancia de um \u00fanico segmento e gera vagas para perfis variados, de operadores de produ\u00e7\u00e3o a engenheiros especializados.<\/p>\n\n\n\n<p>Quem pensa em morar em <strong>Minas Gerais<\/strong>, vai curtir esse v\u00eddeo especialmente selecionado do canal <strong>MAIS 50<\/strong>, que conta com mais de <strong>100 mil<\/strong> visualiza\u00e7\u00f5es, onde <strong>Dimas Moura<\/strong> mostra os pr\u00f3s e contras de viver em <strong>Pouso Alegre<\/strong>, destacando a economia e o custo de vida:<\/p>\n\n\n\n<figure class=\"wp-block-embed is-type-video is-provider-youtube wp-block-embed-youtube wp-embed-aspect-16-9 wp-has-aspect-ratio\"><div class=\"wp-block-embed__wrapper\">\n<div class=\"jeg_video_container jeg_video_content\"><iframe loading=\"lazy\" title=\"MORAR EM POUSO ALEGRE - MINAS GERAIS\" width=\"500\" height=\"281\" src=\"https:\/\/www.youtube.com\/embed\/725WZEun-wI?start=5&#038;feature=oembed\" frameborder=\"0\" allow=\"accelerometer; autoplay; clipboard-write; encrypted-media; gyroscope; picture-in-picture; web-share\" referrerpolicy=\"strict-origin-when-cross-origin\" allowfullscreen><\/iframe><\/div>\n<\/div><\/figure>\n\n\n\n<h2 class=\"wp-block-heading\">Ensino t\u00e9cnico e superior que alimentam as f\u00e1bricas<\/h2>\n\n\n\n<p>A demanda por m\u00e3o de obra qualificada atraiu institui\u00e7\u00f5es de ensino que hoje formam parte dos profissionais absorvidos pelas ind\u00fastrias. O <a href=\"https:\/\/portal.poa.ifsuldeminas.edu.br\/\" target=\"_blank\" rel=\"noreferrer noopener\"><strong>Instituto Federal do Sul de Minas (IFSULDEMINAS)<\/strong><\/a>, com campus implantado em 2010, oferece gradua\u00e7\u00f5es em Engenharia Civil e Engenharia Qu\u00edmica, al\u00e9m de cursos t\u00e9cnicos em Administra\u00e7\u00e3o, Edifica\u00e7\u00f5es, Qu\u00edmica e Inform\u00e1tica.<\/p>\n\n\n\n<p>A <strong>Universidade do Vale do Sapuca\u00ed (Univ\u00e1s)<\/strong>, com mais de 50 anos de atua\u00e7\u00e3o, mant\u00e9m 55 cursos entre gradua\u00e7\u00e3o, p\u00f3s-gradua\u00e7\u00e3o, mestrado e doutorado. Completam o cen\u00e1rio acad\u00eamico o <strong>Centro Universit\u00e1rio UNA<\/strong> e polos de ensino a dist\u00e2ncia. A combina\u00e7\u00e3o de ensino t\u00e9cnico federal, universidade consolidada e multinacionais contratando cria um ciclo que atrai jovens profissionais de outras regi\u00f5es do pa\u00eds.<\/p>\n\n\n<div class=\"wp-block-image\">\n<figure class=\"aligncenter size-large\"><img loading=\"lazy\" decoding=\"async\" width=\"1024\" height=\"576\" src=\"https:\/\/www.em.com.br\/emfoco\/wp-content\/uploads\/2026\/01\/Minas-Gerais-cidade_1767795115355-1024x576.jpg\" alt=\"\" class=\"wp-image-151563\" srcset=\"https:\/\/www.em.com.br\/emfoco\/wp-content\/uploads\/2026\/01\/Minas-Gerais-cidade_1767795115355-1024x576.jpg 1024w, https:\/\/www.em.com.br\/emfoco\/wp-content\/uploads\/2026\/01\/Minas-Gerais-cidade_1767795115355-300x169.jpg 300w, https:\/\/www.em.com.br\/emfoco\/wp-content\/uploads\/2026\/01\/Minas-Gerais-cidade_1767795115355-768x432.jpg 768w, https:\/\/www.em.com.br\/emfoco\/wp-content\/uploads\/2026\/01\/Minas-Gerais-cidade_1767795115355-750x422.jpg 750w, https:\/\/www.em.com.br\/emfoco\/wp-content\/uploads\/2026\/01\/Minas-Gerais-cidade_1767795115355-1140x641.jpg 1140w, https:\/\/www.em.com.br\/emfoco\/wp-content\/uploads\/2026\/01\/Minas-Gerais-cidade_1767795115355.jpg 1280w\" sizes=\"auto, (max-width: 1024px) 100vw, 1024px\" \/><figcaption class=\"wp-element-caption\">Pouso Alegre \u00e9 polo industrial do Sul de Minas com bem-estar \/\/ Cr\u00e9ditos: depositphotos.com \/ PedroTruffi<\/figcaption><\/figure><\/div>\n\n\n<p><strong>Leia tamb\u00e9m: <a href=\"https:\/\/www.em.com.br\/emfoco\/2026\/03\/08\/a-vila-onde-nao-ha-bancos-nao-ha-asfalto-e-nao-ha-postes-de-luz-so-o-brilho-da-lua-sobre-as-praias-mais-bonitas-do-planeta\/\" target=\"_blank\" rel=\"noreferrer noopener\">A vila onde n\u00e3o h\u00e1 bancos, n\u00e3o h\u00e1 asfalto e n\u00e3o h\u00e1 postes de luz: s\u00f3 o brilho da lua sobre as praias mais bonitas do planeta<\/a><\/strong><\/p>\n\n\n\n<h2 class=\"wp-block-heading\">Morangos e um apelido que remonta \u00e0 Inconfid\u00eancia<\/h2>\n\n\n\n<p>Pouso Alegre \u00e9 a maior produtora de morangos de <strong>Minas Gerais<\/strong>. Em 2022, o munic\u00edpio respondeu por 87,5% de toda a produ\u00e7\u00e3o estadual da fruta, segundo o IBGE. As lavouras ficam na zona rural, onde cerca de 10 mil pessoas ainda vivem da agricultura, contrastando com o perfil industrial do centro urbano.<\/p>\n\n\n\n<p>O apelido de <strong>Ber\u00e7o da Liberdade<\/strong> vem da participa\u00e7\u00e3o ativa do munic\u00edpio nos movimentos da <strong>Inconfid\u00eancia Mineira<\/strong> no s\u00e9culo XVIII. A origem \u00e9 ainda mais antiga: o povoado nasceu no final do s\u00e9culo XVI como <strong>Arraial de Bom Jesus de Matozinhos do Mandu<\/strong>, durante a passagem de bandeirantes paulistas pelo <strong>Alto Sapuca\u00ed<\/strong>. A primeira missa foi celebrada em 1795, e a emancipa\u00e7\u00e3o veio em 1848.<\/p>\n\n\n\n<h2 class=\"wp-block-heading\">Quando o clima do Sul de Minas favorece a visita<\/h2>\n\n\n\n<p>A altitude m\u00e9dia de 832 metros garante temperaturas amenas boa parte do ano, com invernos secos e frescos. O clima subtropical de altitude favorece tanto o turismo de neg\u00f3cios quanto o lazer nos parques da cidade:<\/p>\n\n\n\n<div class=\"google-auto-ads-ignore\" style=\"box-sizing: border-box; display: flex; flex-direction: column; width: 100%; max-width: 900px; margin: 30px auto; font-family: 'Segoe UI', Roboto, Helvetica, Arial, sans-serif; clear: both;\">\n    <div style=\"display: flex; flex-wrap: wrap; gap: 15px;\">\n        \n        <div class=\"card-interativo\" style=\"flex: 1 1 calc(25% - 15px); min-width: 200px; border: 1px solid #e1e6ef; border-top: 4px solid #1a2a57; border-radius: 8px; padding: 20px; background: #fff; box-sizing: border-box; box-shadow: 0 4px 10px rgba(26, 42, 87, 0.05); display: flex; flex-direction: column;\">\n            <div style=\"display: flex; align-items: center; justify-content: center; gap: 8px; margin-bottom: 20px;\">\n                <span style=\"font-size: 22px; line-height: 1;\">\u2600\ufe0f<\/span>\n                <strong style=\"color: #1a2a57; font-size: 16px; text-transform: uppercase;\">Ver\u00e3o<\/strong>\n            <\/div>\n            <div style=\"margin-bottom: auto;\">\n                <div style=\"text-align: center; font-size: 11px; font-weight: 800; color: #111c3a; text-transform: uppercase; margin-bottom: 5px;\">Dezembro &#8211; Fevereiro<\/div>\n                <div style=\"text-align: center; font-size: 26px; font-weight: 900; color: #1a2a57; margin-bottom: 10px;\">18\u00b0C a 30\u00b0C<\/div>\n                <div style=\"text-align: center; font-size: 13px; color: #555; line-height: 1.5; margin-bottom: 15px;\">O Sul de Minas ganha muito verde, mas as chuvas de ver\u00e3o s\u00e3o garantidas. \u00c9poca excelente e muito tradicional para participar da deliciosa <strong>colheita de morangos na zona rural<\/strong>.<\/div>\n            <\/div>\n            <div style=\"text-align: center;\">\n                <span style=\"display: inline-block; background: #f0f4f8; color: #1a2a57; font-size: 10px; font-weight: 800; padding: 6px 12px; border-radius: 20px; text-transform: uppercase; border: 1px solid #e1e6ef; line-height: 1.4;\">\ud83c\udf53 Colheita de Morangos<\/span>\n            <\/div>\n        <\/div>\n\n        <div class=\"card-interativo\" style=\"flex: 1 1 calc(25% - 15px); min-width: 200px; border: 1px solid #e1e6ef; border-top: 4px solid #1a2a57; border-radius: 8px; padding: 20px; background: #fff; box-sizing: border-box; box-shadow: 0 4px 10px rgba(26, 42, 87, 0.05); display: flex; flex-direction: column;\">\n            <div style=\"display: flex; align-items: center; justify-content: center; gap: 8px; margin-bottom: 20px;\">\n                <span style=\"font-size: 22px; line-height: 1;\">\ud83c\udf42<\/span>\n                <strong style=\"color: #1a2a57; font-size: 16px; text-transform: uppercase;\">Outono<\/strong>\n            <\/div>\n            <div style=\"margin-bottom: auto;\">\n                <div style=\"text-align: center; font-size: 11px; font-weight: 800; color: #111c3a; text-transform: uppercase; margin-bottom: 5px;\">Mar\u00e7o &#8211; Maio<\/div>\n                <div style=\"text-align: center; font-size: 26px; font-weight: 900; color: #1a2a57; margin-bottom: 10px;\">14\u00b0C a 27\u00b0C<\/div>\n                <div style=\"text-align: center; font-size: 13px; color: #555; line-height: 1.5; margin-bottom: 15px;\">O ar vai ficando mais fresco e o clima chuvoso abre espa\u00e7o para dias ensolarados. Fase super agrad\u00e1vel para desbravar o <strong>Parque Natural Municipal e fazer trilhas<\/strong> na natureza.<\/div>\n            <\/div>\n            <div style=\"text-align: center;\">\n                <span style=\"display: inline-block; background: #f0f4f8; color: #1a2a57; font-size: 10px; font-weight: 800; padding: 6px 12px; border-radius: 20px; text-transform: uppercase; border: 1px solid #e1e6ef; line-height: 1.4;\">\u2601\ufe0f Chuva M\u00e9dia<\/span>\n            <\/div>\n        <\/div>\n\n        <div class=\"card-interativo\" style=\"flex: 1 1 calc(25% - 15px); min-width: 200px; border: 2px solid #1a2a57; border-radius: 8px; padding: 20px; background: #f0f4f8; box-sizing: border-box; box-shadow: 0 4px 10px rgba(26, 42, 87, 0.1); display: flex; flex-direction: column;\">\n            <div style=\"display: flex; align-items: center; justify-content: center; gap: 8px; margin-bottom: 20px;\">\n                <span style=\"font-size: 22px; line-height: 1;\">\u2744\ufe0f<\/span>\n                <strong style=\"color: #1a2a57; font-size: 16px; text-transform: uppercase;\">Inverno<\/strong>\n            <\/div>\n            <div style=\"margin-bottom: auto;\">\n                <div style=\"text-align: center; font-size: 11px; font-weight: 800; color: #111c3a; text-transform: uppercase; margin-bottom: 5px;\">Junho &#8211; Agosto<\/div>\n                <div style=\"text-align: center; font-size: 26px; font-weight: 900; color: #1a2a57; margin-bottom: 10px;\">9\u00b0C a 24\u00b0C<\/div>\n                <div style=\"text-align: center; font-size: 13px; color: #555; line-height: 1.5; margin-bottom: 15px;\">A altitude faz a diferen\u00e7a e as noites ficam deliciosamente frias e muito secas. \u00c9 o clima ideal para curtir o com\u00e9rcio do <strong>SerraSul Shopping, a gastronomia local e as feiras regionais<\/strong>.<\/div>\n            <\/div>\n            <div style=\"text-align: center;\">\n                <span style=\"display: inline-block; background: #1a2a57; color: #fff; font-size: 10px; font-weight: 800; padding: 6px 12px; border-radius: 20px; text-transform: uppercase; line-height: 1.4;\">\u2b50 Alta Temporada<\/span>\n            <\/div>\n        <\/div>\n\n        <div class=\"card-interativo\" style=\"flex: 1 1 calc(25% - 15px); min-width: 200px; border: 1px solid #e1e6ef; border-top: 4px solid #1a2a57; border-radius: 8px; padding: 20px; background: #fff; box-sizing: border-box; box-shadow: 0 4px 10px rgba(26, 42, 87, 0.05); display: flex; flex-direction: column;\">\n            <div style=\"display: flex; align-items: center; justify-content: center; gap: 8px; margin-bottom: 20px;\">\n                <span style=\"font-size: 22px; line-height: 1;\">\ud83c\udf38<\/span>\n                <strong style=\"color: #1a2a57; font-size: 16px; text-transform: uppercase;\">Primavera<\/strong>\n            <\/div>\n            <div style=\"margin-bottom: auto;\">\n                <div style=\"text-align: center; font-size: 11px; font-weight: 800; color: #111c3a; text-transform: uppercase; margin-bottom: 5px;\">Setembro &#8211; Novembro<\/div>\n                <div style=\"text-align: center; font-size: 26px; font-weight: 900; color: #1a2a57; margin-bottom: 10px;\">15\u00b0C a 28\u00b0C<\/div>\n                <div style=\"text-align: center; font-size: 13px; color: #555; line-height: 1.5; margin-bottom: 15px;\">Os term\u00f4metros come\u00e7am a subir e a paisagem fica super colorida antes das fortes chuvas retornarem. Um roteiro cultural \u00e9 a melhor pedida: visite o <strong>Museu Tuany Toledo e a imponente Catedral<\/strong>.<\/div>\n            <\/div>\n            <div style=\"text-align: center;\">\n                <span style=\"display: inline-block; background: #f0f4f8; color: #1a2a57; font-size: 10px; font-weight: 800; padding: 6px 12px; border-radius: 20px; text-transform: uppercase; border: 1px solid #e1e6ef; line-height: 1.4;\">\u2601\ufe0f Chuva M\u00e9dia<\/span>\n            <\/div>\n        <\/div>\n        \n    <\/div>\n<\/div>\n\n\n\n<p><em>Temperaturas aproximadas com base no <a href=\"https:\/\/www.climatempo.com.br\/previsao-do-tempo\/cidade\/226\/pousoalegre-mg\" target=\"_blank\" rel=\"noreferrer noopener\"><strong>Climatempo<\/strong><\/a>. Condi\u00e7\u00f5es podem variar.<\/em><\/p>\n\n\n\n<h2 class=\"wp-block-heading\">A cidade que cresce sem parar de gerar emprego<\/h2>\n\n\n\n<p>Pouso Alegre re\u00fane o que poucas cidades do interior brasileiro conseguem oferecer ao mesmo tempo: localiza\u00e7\u00e3o log\u00edstica privilegiada, multinacionais contratando, ensino superior consolidado e indicadores de desenvolvimento em alta. Tudo isso com o custo de vida e a tranquilidade que s\u00f3 o interior de <strong>Minas Gerais<\/strong> entrega.<\/p>\n\n\n\n<p>Voc\u00ea precisa colocar Pouso Alegre no radar, seja para uma oportunidade profissional ou para conhecer a cidade do <strong>Sul de Minas<\/strong> que mais cresce e que ainda encontra tempo para ser a maior produtora de morangos do estado.<\/p>\n","protected":false},"excerpt":{"rendered":"<p>\u00c0s margens da Rodovia Fern\u00e3o Dias (BR-381), no ponto exato entre S\u00e3o Paulo e Belo Horizonte, Pouso Alegre cresceu 16,53% em popula\u00e7\u00e3o entre 2010 e 2022 e atraiu mais de R$ 1 bilh\u00e3o em investimentos industriais nos \u00faltimos anos. A cidade que j\u00e1 foi pouso de tropeiros virou a 6\u00aa mais desenvolvida de Minas Gerais [&hellip;]<\/p>\n","protected":false},"author":6,"featured_media":181826,"comment_status":"open","ping_status":"open","sticky":false,"template":"","format":"standard","meta":{"jnews-multi-image_gallery":[],"jnews_single_post":{"format":"standard"},"jnews_primary_category":[],"jnews_social_meta":[],"jnews_override_counter":[],"footnotes":""},"categories":[26],"tags":[183,207,1616],"class_list":["post-181800","post","type-post","status-publish","format-standard","has-post-thumbnail","hentry","category-cidades","tag-cidades","tag-minas-gerais","tag-pouso-alegre"],"yoast_head":"<!-- This site is optimized with the Yoast SEO plugin v23.8 - https:\/\/yoast.com\/wordpress\/plugins\/seo\/ -->\n<title>A cidade do Sul de Minas que mais cresce com qualidade de vida e oportunidades - Estado de Minas - Em foco<\/title>\n<meta name=\"description\" content=\"No Sul de Minas, a cidade que mais cresce se destaca pelo desenvolvimento, qualidade de vida e oportunidades.\" \/>\n<meta name=\"robots\" content=\"index, follow, max-snippet:-1, max-image-preview:large, max-video-preview:-1\" \/>\n<link rel=\"canonical\" href=\"https:\/\/www.em.com.br\/emfoco\/2026\/03\/15\/a-cidade-do-sul-de-minas-que-mais-cresce-com-qualidade-de-vida-e-oportunidades\/\" \/>\n<meta property=\"og:locale\" content=\"pt_BR\" \/>\n<meta property=\"og:type\" content=\"article\" \/>\n<meta property=\"og:title\" content=\"A cidade do Sul de Minas que mais cresce com qualidade de vida e oportunidades - Estado de Minas - Em foco\" \/>\n<meta property=\"og:description\" content=\"No Sul de Minas, a cidade que mais cresce se destaca pelo desenvolvimento, qualidade de vida e oportunidades.\" \/>\n<meta property=\"og:url\" content=\"https:\/\/www.em.com.br\/emfoco\/2026\/03\/15\/a-cidade-do-sul-de-minas-que-mais-cresce-com-qualidade-de-vida-e-oportunidades\/\" \/>\n<meta property=\"og:site_name\" content=\"Estado de Minas - Em foco\" \/>\n<meta property=\"article:published_time\" content=\"2026-03-15T14:25:00+00:00\" \/>\n<meta property=\"article:modified_time\" content=\"2026-03-15T14:17:12+00:00\" \/>\n<meta property=\"og:image\" content=\"https:\/\/www.em.com.br\/emfoco\/wp-content\/uploads\/2026\/03\/ngz-freepik__create-an-immersive-cinematic-urban-photograph-tha__75973-71922.webp\" \/>\n\t<meta property=\"og:image:width\" content=\"1280\" \/>\n\t<meta property=\"og:image:height\" content=\"720\" \/>\n\t<meta property=\"og:image:type\" content=\"image\/webp\" \/>\n<meta name=\"author\" content=\"Vitor Bruno\" \/>\n<meta name=\"twitter:card\" content=\"summary_large_image\" \/>\n<meta name=\"twitter:label1\" content=\"Escrito por\" \/>\n\t<meta name=\"twitter:data1\" content=\"Vitor Bruno\" \/>\n\t<meta name=\"twitter:label2\" content=\"Est. tempo de leitura\" \/>\n\t<meta name=\"twitter:data2\" content=\"7 minutos\" \/>\n<!-- \/ Yoast SEO plugin. -->","yoast_head_json":{"title":"A cidade do Sul de Minas que mais cresce com qualidade de vida e oportunidades - Estado de Minas - Em foco","description":"No Sul de Minas, a cidade que mais cresce se destaca pelo desenvolvimento, qualidade de vida e oportunidades.","robots":{"index":"index","follow":"follow","max-snippet":"max-snippet:-1","max-image-preview":"max-image-preview:large","max-video-preview":"max-video-preview:-1"},"canonical":"https:\/\/www.em.com.br\/emfoco\/2026\/03\/15\/a-cidade-do-sul-de-minas-que-mais-cresce-com-qualidade-de-vida-e-oportunidades\/","og_locale":"pt_BR","og_type":"article","og_title":"A cidade do Sul de Minas que mais cresce com qualidade de vida e oportunidades - Estado de Minas - Em foco","og_description":"No Sul de Minas, a cidade que mais cresce se destaca pelo desenvolvimento, qualidade de vida e oportunidades.","og_url":"https:\/\/www.em.com.br\/emfoco\/2026\/03\/15\/a-cidade-do-sul-de-minas-que-mais-cresce-com-qualidade-de-vida-e-oportunidades\/","og_site_name":"Estado de Minas - Em foco","article_published_time":"2026-03-15T14:25:00+00:00","article_modified_time":"2026-03-15T14:17:12+00:00","og_image":[{"width":1280,"height":720,"url":"https:\/\/www.em.com.br\/emfoco\/wp-content\/uploads\/2026\/03\/ngz-freepik__create-an-immersive-cinematic-urban-photograph-tha__75973-71922.webp","type":"image\/webp"}],"author":"Vitor Bruno","twitter_card":"summary_large_image","twitter_misc":{"Escrito por":"Vitor Bruno","Est. tempo de leitura":"7 minutos"},"schema":{"@context":"https:\/\/schema.org","@graph":[{"@type":"WebPage","@id":"https:\/\/www.em.com.br\/emfoco\/2026\/03\/15\/a-cidade-do-sul-de-minas-que-mais-cresce-com-qualidade-de-vida-e-oportunidades\/","url":"https:\/\/www.em.com.br\/emfoco\/2026\/03\/15\/a-cidade-do-sul-de-minas-que-mais-cresce-com-qualidade-de-vida-e-oportunidades\/","name":"A cidade do Sul de Minas que mais cresce com qualidade de vida e oportunidades - Estado de Minas - Em foco","isPartOf":{"@id":"https:\/\/www.em.com.br\/emfoco\/#website"},"primaryImageOfPage":{"@id":"https:\/\/www.em.com.br\/emfoco\/2026\/03\/15\/a-cidade-do-sul-de-minas-que-mais-cresce-com-qualidade-de-vida-e-oportunidades\/#primaryimage"},"image":{"@id":"https:\/\/www.em.com.br\/emfoco\/2026\/03\/15\/a-cidade-do-sul-de-minas-que-mais-cresce-com-qualidade-de-vida-e-oportunidades\/#primaryimage"},"thumbnailUrl":"https:\/\/www.em.com.br\/emfoco\/wp-content\/uploads\/2026\/03\/ngz-freepik__create-an-immersive-cinematic-urban-photograph-tha__75973-71922.webp","datePublished":"2026-03-15T14:25:00+00:00","dateModified":"2026-03-15T14:17:12+00:00","author":{"@id":"https:\/\/www.em.com.br\/emfoco\/#\/schema\/person\/364ac1852fafd00f1be20f0b8b237569"},"description":"No Sul de Minas, a cidade que mais cresce se destaca pelo desenvolvimento, qualidade de vida e oportunidades.","breadcrumb":{"@id":"https:\/\/www.em.com.br\/emfoco\/2026\/03\/15\/a-cidade-do-sul-de-minas-que-mais-cresce-com-qualidade-de-vida-e-oportunidades\/#breadcrumb"},"inLanguage":"pt-BR","potentialAction":[{"@type":"ReadAction","target":["https:\/\/www.em.com.br\/emfoco\/2026\/03\/15\/a-cidade-do-sul-de-minas-que-mais-cresce-com-qualidade-de-vida-e-oportunidades\/"]}]},{"@type":"ImageObject","inLanguage":"pt-BR","@id":"https:\/\/www.em.com.br\/emfoco\/2026\/03\/15\/a-cidade-do-sul-de-minas-que-mais-cresce-com-qualidade-de-vida-e-oportunidades\/#primaryimage","url":"https:\/\/www.em.com.br\/emfoco\/wp-content\/uploads\/2026\/03\/ngz-freepik__create-an-immersive-cinematic-urban-photograph-tha__75973-71922.webp","contentUrl":"https:\/\/www.em.com.br\/emfoco\/wp-content\/uploads\/2026\/03\/ngz-freepik__create-an-immersive-cinematic-urban-photograph-tha__75973-71922.webp","width":1280,"height":720,"caption":"Pouso Alegre \u00e9 o motor do Sul de Minas \/\/ IMAGEM ILUSTRATIVA"},{"@type":"BreadcrumbList","@id":"https:\/\/www.em.com.br\/emfoco\/2026\/03\/15\/a-cidade-do-sul-de-minas-que-mais-cresce-com-qualidade-de-vida-e-oportunidades\/#breadcrumb","itemListElement":[{"@type":"ListItem","position":1,"name":"In\u00edcio","item":"https:\/\/www.em.com.br\/emfoco\/"},{"@type":"ListItem","position":2,"name":"A cidade do Sul de Minas que mais cresce com qualidade de vida e oportunidades"}]},{"@type":"WebSite","@id":"https:\/\/www.em.com.br\/emfoco\/#website","url":"https:\/\/www.em.com.br\/emfoco\/","name":"Estado de Minas - Em foco","description":"Acompanhe as \u00faltimas not\u00edcias e fique bem informado sobre tudo o que acontece em Minas Gerais, Brasil e no mundo.","potentialAction":[{"@type":"SearchAction","target":{"@type":"EntryPoint","urlTemplate":"https:\/\/www.em.com.br\/emfoco\/?s={search_term_string}"},"query-input":{"@type":"PropertyValueSpecification","valueRequired":true,"valueName":"search_term_string"}}],"inLanguage":"pt-BR"},{"@type":"Person","@id":"https:\/\/www.em.com.br\/emfoco\/#\/schema\/person\/364ac1852fafd00f1be20f0b8b237569","name":"Vitor Bruno","image":{"@type":"ImageObject","inLanguage":"pt-BR","@id":"https:\/\/www.em.com.br\/emfoco\/#\/schema\/person\/image\/","url":"https:\/\/secure.gravatar.com\/avatar\/b719e5cdede09f942064960883b5524d?s=96&d=mm&r=g","contentUrl":"https:\/\/secure.gravatar.com\/avatar\/b719e5cdede09f942064960883b5524d?s=96&d=mm&r=g","caption":"Vitor Bruno"},"sameAs":["https:\/\/www.em.com.br\/emfoco\/"],"url":"https:\/\/www.em.com.br\/emfoco\/author\/vitormyth\/"}]}},"_links":{"self":[{"href":"https:\/\/www.em.com.br\/emfoco\/wp-json\/wp\/v2\/posts\/181800","targetHints":{"allow":["GET"]}}],"collection":[{"href":"https:\/\/www.em.com.br\/emfoco\/wp-json\/wp\/v2\/posts"}],"about":[{"href":"https:\/\/www.em.com.br\/emfoco\/wp-json\/wp\/v2\/types\/post"}],"author":[{"embeddable":true,"href":"https:\/\/www.em.com.br\/emfoco\/wp-json\/wp\/v2\/users\/6"}],"replies":[{"embeddable":true,"href":"https:\/\/www.em.com.br\/emfoco\/wp-json\/wp\/v2\/comments?post=181800"}],"version-history":[{"count":1,"href":"https:\/\/www.em.com.br\/emfoco\/wp-json\/wp\/v2\/posts\/181800\/revisions"}],"predecessor-version":[{"id":181828,"href":"https:\/\/www.em.com.br\/emfoco\/wp-json\/wp\/v2\/posts\/181800\/revisions\/181828"}],"wp:featuredmedia":[{"embeddable":true,"href":"https:\/\/www.em.com.br\/emfoco\/wp-json\/wp\/v2\/media\/181826"}],"wp:attachment":[{"href":"https:\/\/www.em.com.br\/emfoco\/wp-json\/wp\/v2\/media?parent=181800"}],"wp:term":[{"taxonomy":"category","embeddable":true,"href":"https:\/\/www.em.com.br\/emfoco\/wp-json\/wp\/v2\/categories?post=181800"},{"taxonomy":"post_tag","embeddable":true,"href":"https:\/\/www.em.com.br\/emfoco\/wp-json\/wp\/v2\/tags?post=181800"}],"curies":[{"name":"wp","href":"https:\/\/api.w.org\/{rel}","templated":true}]}}