{"id":181799,"date":"2026-03-15T10:35:00","date_gmt":"2026-03-15T13:35:00","guid":{"rendered":"https:\/\/www.em.com.br\/emfoco\/?p=181799"},"modified":"2026-03-15T11:01:13","modified_gmt":"2026-03-15T14:01:13","slug":"idh-maior-que-o-da-capital-paulista-essa-cidade-surpreende-com-qualidade-de-vida-no-interior-de-sao-paulo","status":"publish","type":"post","link":"https:\/\/www.em.com.br\/emfoco\/2026\/03\/15\/idh-maior-que-o-da-capital-paulista-essa-cidade-surpreende-com-qualidade-de-vida-no-interior-de-sao-paulo\/","title":{"rendered":"IDH maior que o da capital paulista: essa cidade surpreende com qualidade de vida no interior de S\u00e3o Paulo"},"content":{"rendered":"\n<p>A 558 km de <strong>S\u00e3o Paulo<\/strong>, no ponto mais distante do interior paulista, <strong>Presidente Prudente<\/strong> ostenta um \u00edndice de desenvolvimento humano de 0,806, acima do registrado pela pr\u00f3pria capital do estado. A cidade que nasceu da derrubada da mata virgem em <strong>1917<\/strong> se transformou em refer\u00eancia nacional de qualidade de vida.<\/p>\n\n\n\n<h2 class=\"wp-block-heading\">Por que a Capital do Oeste Paulista lidera rankings nacionais?<\/h2>\n\n\n\n<p>Prudente ocupa a 45\u00aa posi\u00e7\u00e3o no <strong>\u00cdndice Firjan de Desenvolvimento Municipal (IFDM)<\/strong> de 2023, com nota 0,8490, classificada como desenvolvimento alto. O destaque vai para o indicador de Emprego e Renda, que alcan\u00e7ou 0,9233, patamar de excel\u00eancia segundo a metodologia da <a href=\"https:\/\/www.presidenteprudente.sp.gov.br\/site\/noticia\/55034\" target=\"_blank\" rel=\"noreferrer noopener\"><strong>Prefeitura de Presidente Prudente<\/strong><\/a>.<\/p>\n\n\n\n<p>O desempenho em educa\u00e7\u00e3o ajuda a explicar esses n\u00fameros. A cidade figura como a 12\u00aa do <strong>Brasil<\/strong> nesse indicador, segundo o <strong>Programa das Na\u00e7\u00f5es Unidas para o Desenvolvimento (PNUD)<\/strong>. S\u00e3o 11 institui\u00e7\u00f5es de ensino superior e cerca de 25 mil universit\u00e1rios, o que atrai estudantes de todo o pa\u00eds e faz a popula\u00e7\u00e3o flutuante ultrapassar 400 mil pessoas.<\/p>\n\n\n<div class=\"wp-block-image\">\n<figure class=\"aligncenter size-large\"><img loading=\"lazy\" decoding=\"async\" width=\"1024\" height=\"576\" src=\"https:\/\/www.em.com.br\/emfoco\/wp-content\/uploads\/2025\/12\/Presidente-Prudente-1024x576.png\" alt=\"\" class=\"wp-image-139363\" srcset=\"https:\/\/www.em.com.br\/emfoco\/wp-content\/uploads\/2025\/12\/Presidente-Prudente-1024x576.png 1024w, https:\/\/www.em.com.br\/emfoco\/wp-content\/uploads\/2025\/12\/Presidente-Prudente-300x169.png 300w, https:\/\/www.em.com.br\/emfoco\/wp-content\/uploads\/2025\/12\/Presidente-Prudente-768x432.png 768w, https:\/\/www.em.com.br\/emfoco\/wp-content\/uploads\/2025\/12\/Presidente-Prudente-750x422.png 750w, https:\/\/www.em.com.br\/emfoco\/wp-content\/uploads\/2025\/12\/Presidente-Prudente-1140x641.png 1140w, https:\/\/www.em.com.br\/emfoco\/wp-content\/uploads\/2025\/12\/Presidente-Prudente.png 1280w\" sizes=\"auto, (max-width: 1024px) 100vw, 1024px\" \/><figcaption class=\"wp-element-caption\">Presidente Prudente consolidou-se como a capital do Oeste Paulista, oferecendo uma rotina urbana din\u00e2mica e acolhedora \/\/ Cr\u00e9ditos: Wikimedia Commons<\/figcaption><\/figure><\/div>\n\n\n<h2 class=\"wp-block-heading\">Nota m\u00e1xima em saneamento e um IDH que supera S\u00e3o Paulo<\/h2>\n\n\n\n<p>Em 2024, a <strong>Associa\u00e7\u00e3o Brasileira de Engenharia Sanit\u00e1ria e Ambiental (ABES)<\/strong> colocou Prudente no topo do ranking nacional de saneamento entre munic\u00edpios de grande porte. A cidade atingiu 500 pontos, nota m\u00e1xima em todos os crit\u00e9rios avaliados: abastecimento de \u00e1gua, coleta e tratamento de esgoto e destina\u00e7\u00e3o de res\u00edduos s\u00f3lidos, conforme divulgado pela <a href=\"https:\/\/www.presidenteprudente.sp.gov.br\/site\/noticia\/66245\" target=\"_blank\" rel=\"noreferrer noopener\"><strong>Prefeitura<\/strong><\/a>.<\/p>\n\n\n\n<p>O IDH municipal de 0,806, registrado pelo <a href=\"https:\/\/www.ibge.gov.br\/cidades-e-estados\/sp\/presidente-prudente.html\" target=\"_blank\" rel=\"noreferrer noopener\"><strong>Instituto Brasileiro de Geografia e Estat\u00edstica (IBGE)<\/strong><\/a>, supera o da cidade de S\u00e3o Paulo, que marca 0,805. \u00c9 o 13\u00ba maior do estado e o 25\u00ba do pa\u00eds. O nome da cidade, ali\u00e1s, homenageia <strong>Prudente de Morais<\/strong>, primeiro presidente civil do Brasil e primeiro eleito pelo voto popular direto, em 1894.<\/p>\n\n\n<div class=\"wp-block-image\">\n<figure class=\"aligncenter size-large\"><img loading=\"lazy\" decoding=\"async\" width=\"1024\" height=\"576\" src=\"https:\/\/www.em.com.br\/emfoco\/wp-content\/uploads\/2025\/12\/image-29-1024x576.png\" alt=\"\" class=\"wp-image-139364\" srcset=\"https:\/\/www.em.com.br\/emfoco\/wp-content\/uploads\/2025\/12\/image-29-1024x576.png 1024w, https:\/\/www.em.com.br\/emfoco\/wp-content\/uploads\/2025\/12\/image-29-300x169.png 300w, https:\/\/www.em.com.br\/emfoco\/wp-content\/uploads\/2025\/12\/image-29-768x432.png 768w, https:\/\/www.em.com.br\/emfoco\/wp-content\/uploads\/2025\/12\/image-29-750x422.png 750w, https:\/\/www.em.com.br\/emfoco\/wp-content\/uploads\/2025\/12\/image-29-1140x641.png 1140w, https:\/\/www.em.com.br\/emfoco\/wp-content\/uploads\/2025\/12\/image-29.png 1280w\" sizes=\"auto, (max-width: 1024px) 100vw, 1024px\" \/><figcaption class=\"wp-element-caption\">Presidente Prudente se destaca no Oeste Paulista como polo de educa\u00e7\u00e3o e servi\u00e7os regionais \/\/ Cr\u00e9ditos: Wikimedia Commons<\/figcaption><\/figure><\/div>\n\n\n<p><strong>Leia tamb\u00e9m: <a href=\"https:\/\/www.em.com.br\/emfoco\/2026\/03\/08\/a-vila-onde-nao-ha-bancos-nao-ha-asfalto-e-nao-ha-postes-de-luz-so-o-brilho-da-lua-sobre-as-praias-mais-bonitas-do-planeta\/\" target=\"_blank\" rel=\"noreferrer noopener\">A vila onde n\u00e3o h\u00e1 bancos, n\u00e3o h\u00e1 asfalto e n\u00e3o h\u00e1 postes de luz: s\u00f3 o brilho da lua sobre as praias mais bonitas do planeta<\/a><\/strong><\/p>\n\n\n\n<h2 class=\"wp-block-heading\">O que fazer em Presidente Prudente al\u00e9m de morar bem?<\/h2>\n\n\n\n<p>A estrutura de lazer acompanha os indicadores sociais. A cidade oferece op\u00e7\u00f5es para todas as idades, muitas delas gratuitas e a poucos minutos do centro.<\/p>\n\n\n\n<ul class=\"wp-block-list has-medium-font-size\">\n<li><strong>Parque do Povo<\/strong>: inaugurado em 1982, ocupa cerca de 460 mil m\u00b2 com pistas de caminhada, ciclovias, quadras, playground e piscinas. Funciona 24 horas e \u00e9 o principal ponto de conviv\u00eancia da cidade.<\/li>\n\n\n\n<li><strong>Sesc Thermas<\/strong>: \u00fanica unidade do <strong>Sesc<\/strong> em todo o estado de S\u00e3o Paulo com piscinas de \u00e1guas termais naturais. Oferece bosque de 30 mil m\u00b2, programa\u00e7\u00e3o cultural e fisioterapia aqu\u00e1tica.<\/li>\n\n\n\n<li><strong>Centro Cultural Matarazzo<\/strong>: instalado nos antigos galp\u00f5es das <strong>Ind\u00fastrias Reunidas F\u00e1bricas Matarazzo<\/strong>, abriga teatro, cinema, biblioteca e galeria de artes. Desde 2009, j\u00e1 recebeu mais de 4 milh\u00f5es de visitantes, segundo a <a href=\"https:\/\/www.presidenteprudente.sp.gov.br\/site\/noticia\/41983\" target=\"_blank\" rel=\"noreferrer noopener\"><strong>Prefeitura<\/strong><\/a>.<\/li>\n\n\n\n<li><strong>Cidade da Crian\u00e7a<\/strong>: parque ecol\u00f3gico com zool\u00f3gico, parque aqu\u00e1tico e \u00e1reas verdes. Funciona de ter\u00e7a a domingo.<\/li>\n\n\n\n<li><strong>Balne\u00e1rio da Amizade<\/strong>: \u00e1rea de lazer junto a um lago, com estrutura para piquenique e esportes. Entrada gratuita, aberto das 7h \u00e0s 21h.<\/li>\n<\/ul>\n\n\n\n<p>Quem busca o que fazer no interior de <strong>S\u00e3o Paulo<\/strong>, vai curtir esse v\u00eddeo especialmente selecionado do canal <strong>Viaje Viva Vida<\/strong>, que conta com mais de <strong>8 mil<\/strong> visualiza\u00e7\u00f5es, onde \u00e9 mostrado um roteiro pelos principais pontos de <strong>Presidente Prudente<\/strong>, como o <strong>Parque do Povo<\/strong> e a <strong>Cidade da Crian\u00e7a<\/strong>:<\/p>\n\n\n\n<figure class=\"wp-block-embed is-type-video is-provider-youtube wp-block-embed-youtube wp-embed-aspect-16-9 wp-has-aspect-ratio\"><div class=\"wp-block-embed__wrapper\">\n<div class=\"jeg_video_container jeg_video_content\"><iframe loading=\"lazy\" title=\"Principais Pontos Tur\u00edsticos de Presidente Prudente | O que fazer no interior de S\u00e3o Paulo?\" width=\"500\" height=\"281\" src=\"https:\/\/www.youtube.com\/embed\/uRqh2-vFnos?feature=oembed\" frameborder=\"0\" allow=\"accelerometer; autoplay; clipboard-write; encrypted-media; gyroscope; picture-in-picture; web-share\" referrerpolicy=\"strict-origin-when-cross-origin\" allowfullscreen><\/iframe><\/div>\n<\/div><\/figure>\n\n\n\n<h2 class=\"wp-block-heading\">Quando o clima favorece cada tipo de passeio?<\/h2>\n\n\n\n<p>O ver\u00e3o prudentino \u00e9 quente e chuvoso, com tardes que ultrapassam 33\u00b0C. O inverno traz noites frias, com m\u00ednimas que podem chegar a 10\u00b0C, e pouca chuva.<\/p>\n\n\n\n<style>\n    .card-interativo {\n        transition: transform 0.15s ease-in-out, box-shadow 0.15s ease-in-out;\n        cursor: pointer;\n    }\n    .card-interativo:hover {\n        transform: translateY(-4px);\n    }\n    .card-interativo:active {\n        transform: scale(0.96);\n    }\n<\/style>\n<div class=\"google-auto-ads-ignore\" style=\"box-sizing: border-box; display: flex; flex-direction: column; width: 100%; max-width: 900px; margin: 30px auto; font-family: 'Segoe UI', Roboto, Helvetica, Arial, sans-serif; clear: both;\">\n    <div style=\"display: flex; flex-wrap: wrap; gap: 15px;\">\n        \n        <div class=\"card-interativo\" style=\"flex: 1 1 calc(25% - 15px); min-width: 200px; border: 1px solid #e1e6ef; border-top: 4px solid #1a2a57; border-radius: 8px; padding: 20px; background: #fff; box-sizing: border-box; box-shadow: 0 4px 10px rgba(26, 42, 87, 0.05); display: flex; flex-direction: column;\">\n            <div style=\"display: flex; align-items: center; justify-content: center; gap: 8px; margin-bottom: 20px;\">\n                <span style=\"font-size: 22px; line-height: 1;\">\u2600\ufe0f<\/span>\n                <strong style=\"color: #1a2a57; font-size: 16px; text-transform: uppercase;\">Ver\u00e3o<\/strong>\n            <\/div>\n            <div style=\"margin-bottom: auto;\">\n                <div style=\"text-align: center; font-size: 11px; font-weight: 800; color: #111c3a; text-transform: uppercase; margin-bottom: 5px;\">Dezembro &#8211; Fevereiro<\/div>\n                <div style=\"text-align: center; font-size: 26px; font-weight: 900; color: #1a2a57; margin-bottom: 10px;\">20\u00b0C a 33\u00b0C<\/div>\n                <div style=\"text-align: center; font-size: 13px; color: #555; line-height: 1.5; margin-bottom: 15px;\">O ver\u00e3o prudentino \u00e9 conhecido pelo calor intenso e chuvas fortes \u00e0 tarde. Aproveite para se refrescar nas <strong>piscinas termais e nos grandes parques aqu\u00e1ticos<\/strong> da regi\u00e3o. <em>Evite bater perna sob o sol do meio-dia.<\/em><\/div>\n            <\/div>\n            <div style=\"text-align: center;\">\n                <span style=\"display: inline-block; background: #f0f4f8; color: #1a2a57; font-size: 10px; font-weight: 800; padding: 6px 12px; border-radius: 20px; text-transform: uppercase; border: 1px solid #e1e6ef; line-height: 1.4;\">\ud83d\udca7 Chuva Alta<\/span>\n            <\/div>\n        <\/div>\n\n        <div class=\"card-interativo\" style=\"flex: 1 1 calc(25% - 15px); min-width: 200px; border: 1px solid #e1e6ef; border-top: 4px solid #1a2a57; border-radius: 8px; padding: 20px; background: #fff; box-sizing: border-box; box-shadow: 0 4px 10px rgba(26, 42, 87, 0.05); display: flex; flex-direction: column;\">\n            <div style=\"display: flex; align-items: center; justify-content: center; gap: 8px; margin-bottom: 20px;\">\n                <span style=\"font-size: 22px; line-height: 1;\">\ud83c\udf42<\/span>\n                <strong style=\"color: #1a2a57; font-size: 16px; text-transform: uppercase;\">Outono<\/strong>\n            <\/div>\n            <div style=\"margin-bottom: auto;\">\n                <div style=\"text-align: center; font-size: 11px; font-weight: 800; color: #111c3a; text-transform: uppercase; margin-bottom: 5px;\">Mar\u00e7o &#8211; Maio<\/div>\n                <div style=\"text-align: center; font-size: 26px; font-weight: 900; color: #1a2a57; margin-bottom: 10px;\">16\u00b0C a 28\u00b0C<\/div>\n                <div style=\"text-align: center; font-size: 13px; color: #555; line-height: 1.5; margin-bottom: 15px;\">O calor sufocante e as chuvas perdem for\u00e7a, criando dias mais agrad\u00e1veis. Fase excelente e segura para rotinas de exerc\u00edcios e <strong>caminhadas no extenso Parque do Povo<\/strong>.<\/div>\n            <\/div>\n            <div style=\"text-align: center;\">\n                <span style=\"display: inline-block; background: #f0f4f8; color: #1a2a57; font-size: 10px; font-weight: 800; padding: 6px 12px; border-radius: 20px; text-transform: uppercase; border: 1px solid #e1e6ef; line-height: 1.4;\">\u2601\ufe0f Chuva M\u00e9dia<\/span>\n            <\/div>\n        <\/div>\n\n        <div class=\"card-interativo\" style=\"flex: 1 1 calc(25% - 15px); min-width: 200px; border: 2px solid #1a2a57; border-radius: 8px; padding: 20px; background: #f0f4f8; box-sizing: border-box; box-shadow: 0 4px 10px rgba(26, 42, 87, 0.1); display: flex; flex-direction: column;\">\n            <div style=\"display: flex; align-items: center; justify-content: center; gap: 8px; margin-bottom: 20px;\">\n                <span style=\"font-size: 22px; line-height: 1;\">\u2744\ufe0f<\/span>\n                <strong style=\"color: #1a2a57; font-size: 16px; text-transform: uppercase;\">Inverno<\/strong>\n            <\/div>\n            <div style=\"margin-bottom: auto;\">\n                <div style=\"text-align: center; font-size: 11px; font-weight: 800; color: #111c3a; text-transform: uppercase; margin-bottom: 5px;\">Junho &#8211; Agosto<\/div>\n                <div style=\"text-align: center; font-size: 26px; font-weight: 900; color: #1a2a57; margin-bottom: 10px;\">10\u00b0C a 24\u00b0C<\/div>\n                <div style=\"text-align: center; font-size: 13px; color: #555; line-height: 1.5; margin-bottom: 15px;\">A tr\u00e9gua perfeita! O clima seco afasta as nuvens e as noites ficam bem frias no interior paulista. \u00c9 o momento ideal para explorar o <strong>Centro Cultural e os deliciosos eventos gastron\u00f4micos<\/strong>.<\/div>\n            <\/div>\n            <div style=\"text-align: center;\">\n                <span style=\"display: inline-block; background: #1a2a57; color: #fff; font-size: 10px; font-weight: 800; padding: 6px 12px; border-radius: 20px; text-transform: uppercase; line-height: 1.4;\">\ud83c\udf92 Melhor \u00c9poca<\/span>\n            <\/div>\n        <\/div>\n\n        <div class=\"card-interativo\" style=\"flex: 1 1 calc(25% - 15px); min-width: 200px; border: 1px solid #e1e6ef; border-top: 4px solid #1a2a57; border-radius: 8px; padding: 20px; background: #fff; box-sizing: border-box; box-shadow: 0 4px 10px rgba(26, 42, 87, 0.05); display: flex; flex-direction: column;\">\n            <div style=\"display: flex; align-items: center; justify-content: center; gap: 8px; margin-bottom: 20px;\">\n                <span style=\"font-size: 22px; line-height: 1;\">\ud83c\udf38<\/span>\n                <strong style=\"color: #1a2a57; font-size: 16px; text-transform: uppercase;\">Primavera<\/strong>\n            <\/div>\n            <div style=\"margin-bottom: auto;\">\n                <div style=\"text-align: center; font-size: 11px; font-weight: 800; color: #111c3a; text-transform: uppercase; margin-bottom: 5px;\">Setembro &#8211; Novembro<\/div>\n                <div style=\"text-align: center; font-size: 26px; font-weight: 900; color: #1a2a57; margin-bottom: 10px;\">17\u00b0C a 30\u00b0C<\/div>\n                <div style=\"text-align: center; font-size: 13px; color: #555; line-height: 1.5; margin-bottom: 15px;\">Os term\u00f4metros disparam novamente e a cidade fica bem mais verde e florida. Antes que as grandes chuvas retornem, aproveite os <strong>parques ao ar livre e as vias de ciclismo<\/strong>.<\/div>\n            <\/div>\n            <div style=\"text-align: center;\">\n                <span style=\"display: inline-block; background: #f0f4f8; color: #1a2a57; font-size: 10px; font-weight: 800; padding: 6px 12px; border-radius: 20px; text-transform: uppercase; border: 1px solid #e1e6ef; line-height: 1.4;\">\u2601\ufe0f Chuva M\u00e9dia<\/span>\n            <\/div>\n        <\/div>\n        \n    <\/div>\n<\/div>\n\n\n\n<p><em>Temperaturas aproximadas com base no <a href=\"https:\/\/www.climatempo.com.br\/climatologia\/524\/presidenteprudente-sp\" target=\"_blank\" rel=\"noreferrer noopener\"><strong>Climatempo<\/strong><\/a>. Condi\u00e7\u00f5es podem variar.<\/em><\/p>\n\n\n\n<h2 class=\"wp-block-heading\">Como chegar a Presidente Prudente saindo de Belo Horizonte?<\/h2>\n\n\n\n<p>A dist\u00e2ncia entre <strong>Belo Horizonte<\/strong> e Prudente \u00e9 de aproximadamente 955 km por rodovia. O trajeto de carro leva entre 11 e 12 horas, passando pela <strong>BR-381 (Fern\u00e3o Dias)<\/strong> e pela <strong>BR-262<\/strong> at\u00e9 o interior paulista. Quem prefere \u00f4nibus encontra linhas diretas operadas pela <strong>Via\u00e7\u00e3o Motta<\/strong> e <strong>Gontijo<\/strong>, com dura\u00e7\u00e3o m\u00e9dia de 14 a 18 horas. A op\u00e7\u00e3o a\u00e9rea passa por conex\u00e3o em <strong>S\u00e3o Paulo<\/strong> ou <strong>Campinas<\/strong>, com destino ao <strong>Aeroporto Estadual Adhemar de Barros (PPB)<\/strong>, operado por <strong>Azul<\/strong> e <strong>Gol<\/strong>, a apenas 7 km do centro.<\/p>\n\n\n\n<iframe src=\"https:\/\/www.google.com\/maps\/embed?pb=!1m28!1m12!1m3!1d3813632.2154212072!2d-50.30391242228823!3d-21.022672188803266!2m3!1f0!2f0!3f0!3m2!1i1024!2i768!4f13.1!4m13!3e6!4m5!1s0xa690cacacf2c33%3A0x5b35795e3ad23997!2sBelo%20Horizonte%2C%20MG!3m2!1d-19.919052!2d-43.9386685!4m5!1s0x9493f5b311570c5b%3A0xda475801fc46afb9!2sPres.%20Prudente%2C%20S%C3%A3o%20Paulo!3m2!1d-22.1205939!2d-51.387407599999996!5e0!3m2!1spt-BR!2sbr!4v1773583126556!5m2!1spt-BR!2sbr\" width=\"600\" height=\"450\" style=\"border:0;\" allowfullscreen=\"\" loading=\"lazy\" referrerpolicy=\"no-referrer-when-downgrade\"><\/iframe>\n\n\n\n<h2 class=\"wp-block-heading\">Uma cidade que vale a mudan\u00e7a de planos<\/h2>\n\n\n\n<p>Presidente Prudente re\u00fane indicadores que muitas capitais brasileiras n\u00e3o conseguem igualar. Educa\u00e7\u00e3o entre as melhores do pa\u00eds, saneamento nota m\u00e1xima, \u00e1guas termais no meio da cidade e um parque urbano que funciona como a sala de estar dos prudentinos.<\/p>\n\n\n\n<p>Se voc\u00ea busca qualidade de vida fora do \u00f3bvio, vale colocar a Capital do Oeste Paulista no radar e sentir de perto o ritmo de uma cidade que cresce sem abrir m\u00e3o do bem-estar.<\/p>\n","protected":false},"excerpt":{"rendered":"<p>A 558 km de S\u00e3o Paulo, no ponto mais distante do interior paulista, Presidente Prudente ostenta um \u00edndice de desenvolvimento humano de 0,806, acima do registrado pela pr\u00f3pria capital do estado. A cidade que nasceu da derrubada da mata virgem em 1917 se transformou em refer\u00eancia nacional de qualidade de vida. Por que a Capital [&hellip;]<\/p>\n","protected":false},"author":6,"featured_media":168185,"comment_status":"open","ping_status":"open","sticky":false,"template":"","format":"standard","meta":{"jnews-multi-image_gallery":[],"jnews_single_post":{"format":"standard"},"jnews_primary_category":[],"jnews_social_meta":[],"jnews_override_counter":[],"footnotes":""},"categories":[26],"tags":[183,20332,553],"class_list":["post-181799","post","type-post","status-publish","format-standard","has-post-thumbnail","hentry","category-cidades","tag-cidades","tag-presidente-prudente","tag-sao-paulo"],"yoast_head":"<!-- This site is optimized with the Yoast SEO plugin v23.8 - https:\/\/yoast.com\/wordpress\/plugins\/seo\/ -->\n<title>IDH maior que o da capital paulista: essa cidade surpreende com qualidade de vida no interior de S\u00e3o Paulo - Estado de Minas - Em foco<\/title>\n<meta name=\"description\" content=\"No interior de S\u00e3o Paulo, a cidade que tem IDH maior que o da capital paulista chama aten\u00e7\u00e3o pela qualidade de vida.\" \/>\n<meta name=\"robots\" content=\"index, follow, max-snippet:-1, max-image-preview:large, max-video-preview:-1\" \/>\n<link rel=\"canonical\" href=\"https:\/\/www.em.com.br\/emfoco\/2026\/03\/15\/idh-maior-que-o-da-capital-paulista-essa-cidade-surpreende-com-qualidade-de-vida-no-interior-de-sao-paulo\/\" \/>\n<meta property=\"og:locale\" content=\"pt_BR\" \/>\n<meta property=\"og:type\" content=\"article\" \/>\n<meta property=\"og:title\" content=\"IDH maior que o da capital paulista: essa cidade surpreende com qualidade de vida no interior de S\u00e3o Paulo - Estado de Minas - Em foco\" \/>\n<meta property=\"og:description\" content=\"No interior de S\u00e3o Paulo, a cidade que tem IDH maior que o da capital paulista chama aten\u00e7\u00e3o pela qualidade de vida.\" \/>\n<meta property=\"og:url\" content=\"https:\/\/www.em.com.br\/emfoco\/2026\/03\/15\/idh-maior-que-o-da-capital-paulista-essa-cidade-surpreende-com-qualidade-de-vida-no-interior-de-sao-paulo\/\" \/>\n<meta property=\"og:site_name\" content=\"Estado de Minas - Em foco\" \/>\n<meta property=\"article:published_time\" content=\"2026-03-15T13:35:00+00:00\" \/>\n<meta property=\"article:modified_time\" content=\"2026-03-15T14:01:13+00:00\" \/>\n<meta property=\"og:image\" content=\"https:\/\/www.em.com.br\/emfoco\/wp-content\/uploads\/2026\/02\/Presidente-Prudente.jpg\" \/>\n\t<meta property=\"og:image:width\" content=\"1280\" \/>\n\t<meta property=\"og:image:height\" content=\"720\" \/>\n\t<meta property=\"og:image:type\" content=\"image\/jpeg\" \/>\n<meta name=\"author\" content=\"Vitor Bruno\" \/>\n<meta name=\"twitter:card\" content=\"summary_large_image\" \/>\n<meta name=\"twitter:label1\" content=\"Escrito por\" \/>\n\t<meta name=\"twitter:data1\" content=\"Vitor Bruno\" \/>\n\t<meta name=\"twitter:label2\" content=\"Est. tempo de leitura\" \/>\n\t<meta name=\"twitter:data2\" content=\"6 minutos\" \/>\n<!-- \/ Yoast SEO plugin. -->","yoast_head_json":{"title":"IDH maior que o da capital paulista: essa cidade surpreende com qualidade de vida no interior de S\u00e3o Paulo - Estado de Minas - Em foco","description":"No interior de S\u00e3o Paulo, a cidade que tem IDH maior que o da capital paulista chama aten\u00e7\u00e3o pela qualidade de vida.","robots":{"index":"index","follow":"follow","max-snippet":"max-snippet:-1","max-image-preview":"max-image-preview:large","max-video-preview":"max-video-preview:-1"},"canonical":"https:\/\/www.em.com.br\/emfoco\/2026\/03\/15\/idh-maior-que-o-da-capital-paulista-essa-cidade-surpreende-com-qualidade-de-vida-no-interior-de-sao-paulo\/","og_locale":"pt_BR","og_type":"article","og_title":"IDH maior que o da capital paulista: essa cidade surpreende com qualidade de vida no interior de S\u00e3o Paulo - Estado de Minas - Em foco","og_description":"No interior de S\u00e3o Paulo, a cidade que tem IDH maior que o da capital paulista chama aten\u00e7\u00e3o pela qualidade de vida.","og_url":"https:\/\/www.em.com.br\/emfoco\/2026\/03\/15\/idh-maior-que-o-da-capital-paulista-essa-cidade-surpreende-com-qualidade-de-vida-no-interior-de-sao-paulo\/","og_site_name":"Estado de Minas - Em foco","article_published_time":"2026-03-15T13:35:00+00:00","article_modified_time":"2026-03-15T14:01:13+00:00","og_image":[{"width":1280,"height":720,"url":"https:\/\/www.em.com.br\/emfoco\/wp-content\/uploads\/2026\/02\/Presidente-Prudente.jpg","type":"image\/jpeg"}],"author":"Vitor Bruno","twitter_card":"summary_large_image","twitter_misc":{"Escrito por":"Vitor Bruno","Est. tempo de leitura":"6 minutos"},"schema":{"@context":"https:\/\/schema.org","@graph":[{"@type":"WebPage","@id":"https:\/\/www.em.com.br\/emfoco\/2026\/03\/15\/idh-maior-que-o-da-capital-paulista-essa-cidade-surpreende-com-qualidade-de-vida-no-interior-de-sao-paulo\/","url":"https:\/\/www.em.com.br\/emfoco\/2026\/03\/15\/idh-maior-que-o-da-capital-paulista-essa-cidade-surpreende-com-qualidade-de-vida-no-interior-de-sao-paulo\/","name":"IDH maior que o da capital paulista: essa cidade surpreende com qualidade de vida no interior de S\u00e3o Paulo - Estado de Minas - Em foco","isPartOf":{"@id":"https:\/\/www.em.com.br\/emfoco\/#website"},"primaryImageOfPage":{"@id":"https:\/\/www.em.com.br\/emfoco\/2026\/03\/15\/idh-maior-que-o-da-capital-paulista-essa-cidade-surpreende-com-qualidade-de-vida-no-interior-de-sao-paulo\/#primaryimage"},"image":{"@id":"https:\/\/www.em.com.br\/emfoco\/2026\/03\/15\/idh-maior-que-o-da-capital-paulista-essa-cidade-surpreende-com-qualidade-de-vida-no-interior-de-sao-paulo\/#primaryimage"},"thumbnailUrl":"https:\/\/www.em.com.br\/emfoco\/wp-content\/uploads\/2026\/02\/Presidente-Prudente.jpg","datePublished":"2026-03-15T13:35:00+00:00","dateModified":"2026-03-15T14:01:13+00:00","author":{"@id":"https:\/\/www.em.com.br\/emfoco\/#\/schema\/person\/364ac1852fafd00f1be20f0b8b237569"},"description":"No interior de S\u00e3o Paulo, a cidade que tem IDH maior que o da capital paulista chama aten\u00e7\u00e3o pela qualidade de vida.","breadcrumb":{"@id":"https:\/\/www.em.com.br\/emfoco\/2026\/03\/15\/idh-maior-que-o-da-capital-paulista-essa-cidade-surpreende-com-qualidade-de-vida-no-interior-de-sao-paulo\/#breadcrumb"},"inLanguage":"pt-BR","potentialAction":[{"@type":"ReadAction","target":["https:\/\/www.em.com.br\/emfoco\/2026\/03\/15\/idh-maior-que-o-da-capital-paulista-essa-cidade-surpreende-com-qualidade-de-vida-no-interior-de-sao-paulo\/"]}]},{"@type":"ImageObject","inLanguage":"pt-BR","@id":"https:\/\/www.em.com.br\/emfoco\/2026\/03\/15\/idh-maior-que-o-da-capital-paulista-essa-cidade-surpreende-com-qualidade-de-vida-no-interior-de-sao-paulo\/#primaryimage","url":"https:\/\/www.em.com.br\/emfoco\/wp-content\/uploads\/2026\/02\/Presidente-Prudente.jpg","contentUrl":"https:\/\/www.em.com.br\/emfoco\/wp-content\/uploads\/2026\/02\/Presidente-Prudente.jpg","width":1280,"height":720,"caption":"Presidente Prudente \u00e9 a \u201cCapital do Oeste\u201d e lidera o desenvolvimento no interior de S\u00e3o Paulo (imagem ilustrativa)"},{"@type":"BreadcrumbList","@id":"https:\/\/www.em.com.br\/emfoco\/2026\/03\/15\/idh-maior-que-o-da-capital-paulista-essa-cidade-surpreende-com-qualidade-de-vida-no-interior-de-sao-paulo\/#breadcrumb","itemListElement":[{"@type":"ListItem","position":1,"name":"In\u00edcio","item":"https:\/\/www.em.com.br\/emfoco\/"},{"@type":"ListItem","position":2,"name":"IDH maior que o da capital paulista: essa cidade surpreende com qualidade de vida no interior de S\u00e3o Paulo"}]},{"@type":"WebSite","@id":"https:\/\/www.em.com.br\/emfoco\/#website","url":"https:\/\/www.em.com.br\/emfoco\/","name":"Estado de Minas - Em foco","description":"Acompanhe as \u00faltimas not\u00edcias e fique bem informado sobre tudo o que acontece em Minas Gerais, Brasil e no mundo.","potentialAction":[{"@type":"SearchAction","target":{"@type":"EntryPoint","urlTemplate":"https:\/\/www.em.com.br\/emfoco\/?s={search_term_string}"},"query-input":{"@type":"PropertyValueSpecification","valueRequired":true,"valueName":"search_term_string"}}],"inLanguage":"pt-BR"},{"@type":"Person","@id":"https:\/\/www.em.com.br\/emfoco\/#\/schema\/person\/364ac1852fafd00f1be20f0b8b237569","name":"Vitor Bruno","image":{"@type":"ImageObject","inLanguage":"pt-BR","@id":"https:\/\/www.em.com.br\/emfoco\/#\/schema\/person\/image\/","url":"https:\/\/secure.gravatar.com\/avatar\/b719e5cdede09f942064960883b5524d?s=96&d=mm&r=g","contentUrl":"https:\/\/secure.gravatar.com\/avatar\/b719e5cdede09f942064960883b5524d?s=96&d=mm&r=g","caption":"Vitor Bruno"},"sameAs":["https:\/\/www.em.com.br\/emfoco\/"],"url":"https:\/\/www.em.com.br\/emfoco\/author\/vitormyth\/"}]}},"_links":{"self":[{"href":"https:\/\/www.em.com.br\/emfoco\/wp-json\/wp\/v2\/posts\/181799","targetHints":{"allow":["GET"]}}],"collection":[{"href":"https:\/\/www.em.com.br\/emfoco\/wp-json\/wp\/v2\/posts"}],"about":[{"href":"https:\/\/www.em.com.br\/emfoco\/wp-json\/wp\/v2\/types\/post"}],"author":[{"embeddable":true,"href":"https:\/\/www.em.com.br\/emfoco\/wp-json\/wp\/v2\/users\/6"}],"replies":[{"embeddable":true,"href":"https:\/\/www.em.com.br\/emfoco\/wp-json\/wp\/v2\/comments?post=181799"}],"version-history":[{"count":1,"href":"https:\/\/www.em.com.br\/emfoco\/wp-json\/wp\/v2\/posts\/181799\/revisions"}],"predecessor-version":[{"id":181818,"href":"https:\/\/www.em.com.br\/emfoco\/wp-json\/wp\/v2\/posts\/181799\/revisions\/181818"}],"wp:featuredmedia":[{"embeddable":true,"href":"https:\/\/www.em.com.br\/emfoco\/wp-json\/wp\/v2\/media\/168185"}],"wp:attachment":[{"href":"https:\/\/www.em.com.br\/emfoco\/wp-json\/wp\/v2\/media?parent=181799"}],"wp:term":[{"taxonomy":"category","embeddable":true,"href":"https:\/\/www.em.com.br\/emfoco\/wp-json\/wp\/v2\/categories?post=181799"},{"taxonomy":"post_tag","embeddable":true,"href":"https:\/\/www.em.com.br\/emfoco\/wp-json\/wp\/v2\/tags?post=181799"}],"curies":[{"name":"wp","href":"https:\/\/api.w.org\/{rel}","templated":true}]}}