{"id":181768,"date":"2026-03-17T18:25:00","date_gmt":"2026-03-17T21:25:00","guid":{"rendered":"https:\/\/www.em.com.br\/emfoco\/?p=181768"},"modified":"2026-03-16T20:16:15","modified_gmt":"2026-03-16T23:16:15","slug":"como-fazer-palitos-de-abobora-saudaveis-uma-receita-crocante-e-nutritiva","status":"publish","type":"post","link":"https:\/\/www.em.com.br\/emfoco\/2026\/03\/17\/como-fazer-palitos-de-abobora-saudaveis-uma-receita-crocante-e-nutritiva\/","title":{"rendered":"Como fazer palitos de ab\u00f3bora saud\u00e1veis: uma receita crocante e nutritiva"},"content":{"rendered":"\n<p>Os <strong>bast\u00f5es de ab\u00f3bora assados <\/strong>est\u00e3o em alta na cozinha caseira, principalmente entre quem busca petiscos mais leves, crocantes por fora, macios por dentro e f\u00e1ceis de preparar no dia a dia, seja como lanche, acompanhamento ou entrada r\u00e1pida e nutritiva.<\/p>\n\n\n\n<h2 class=\"wp-block-heading\">Por que os bast\u00f5es de ab\u00f3bora s\u00e3o uma boa op\u00e7\u00e3o para o dia a dia<\/h2>\n\n\n\n<p>Com a crescente procura por vers\u00f5es assadas de petiscos, a receita de bast\u00f5es de ab\u00f3bora se destaca como alternativa simples, econ\u00f4mica e pr\u00e1tica. Com poucos ingredientes, \u00e9 poss\u00edvel preparar uma por\u00e7\u00e3o generosa e adaptar os temperos ao gosto da fam\u00edlia.<\/p>\n\n\n\n<p>Outra vantagem \u00e9 a versatilidade: a base da <a href=\"https:\/\/www.em.com.br\/emfoco\/2026\/03\/14\/receita-de-frango-cremoso-na-travessa-pratica-que-vira-um-almoco-completo\/\" target=\"_blank\" rel=\"noreferrer noopener\">receita <\/a>aceita varia\u00e7\u00f5es de tipos de ab\u00f3bora e coberturas crocantes. Assim, \u00e9 poss\u00edvel ajustar a textura, a intensidade dos sabores e at\u00e9 adequar a prepara\u00e7\u00e3o a diferentes restri\u00e7\u00f5es alimentares.<\/p>\n\n\n\n<h2 class=\"wp-block-heading\">Como preparar bast\u00f5es de ab\u00f3bora assada crocante<\/h2>\n\n\n\n<p>A prepara\u00e7\u00e3o se resume ao formato, ao ingrediente principal e ao modo de preparo. A ideia \u00e9 cortar a ab\u00f3bora em tiras, empanar com uma mistura seca bem temperada e levar ao forno quente para garantir croc\u00e2ncia.<\/p>\n\n\n\n<figure class=\"wp-block-image size-large\"><img loading=\"lazy\" decoding=\"async\" width=\"1024\" height=\"576\" src=\"https:\/\/www.em.com.br\/emfoco\/wp-content\/uploads\/2026\/03\/ChatGPT-Image-15-de-mar.-de-2026-12_17_44-1-1024x576.png\" alt=\"A melhor receita de bast\u00f5es de ab\u00f3bora crocantes\" class=\"wp-image-181853\" srcset=\"https:\/\/www.em.com.br\/emfoco\/wp-content\/uploads\/2026\/03\/ChatGPT-Image-15-de-mar.-de-2026-12_17_44-1-1024x576.png 1024w, https:\/\/www.em.com.br\/emfoco\/wp-content\/uploads\/2026\/03\/ChatGPT-Image-15-de-mar.-de-2026-12_17_44-1-300x169.png 300w, https:\/\/www.em.com.br\/emfoco\/wp-content\/uploads\/2026\/03\/ChatGPT-Image-15-de-mar.-de-2026-12_17_44-1-768x432.png 768w, https:\/\/www.em.com.br\/emfoco\/wp-content\/uploads\/2026\/03\/ChatGPT-Image-15-de-mar.-de-2026-12_17_44-1-750x422.png 750w, https:\/\/www.em.com.br\/emfoco\/wp-content\/uploads\/2026\/03\/ChatGPT-Image-15-de-mar.-de-2026-12_17_44-1-1140x641.png 1140w, https:\/\/www.em.com.br\/emfoco\/wp-content\/uploads\/2026\/03\/ChatGPT-Image-15-de-mar.-de-2026-12_17_44-1.png 1280w\" sizes=\"auto, (max-width: 1024px) 100vw, 1024px\" \/><figcaption class=\"wp-element-caption\">A melhor receita de bast\u00f5es de ab\u00f3bora crocantes<\/figcaption><\/figure>\n\n\n\n<p>Para preparar os&nbsp;<strong>bast\u00f5es de ab\u00f3bora assados<\/strong>, uma sugest\u00e3o de ingredientes \u00e9 a seguinte:<\/p>\n\n\n\n<ul class=\"wp-block-list\">\n<li>500 g de ab\u00f3bora tipo caboti\u00e1 ou japonesa, descascada<\/li>\n\n\n\n<li>2 claras de ovo<\/li>\n\n\n\n<li>4 colheres (sopa) de farinha de rosca, preferencialmente integral<\/li>\n\n\n\n<li>2 colheres (sopa) de polenta (fub\u00e1 pr\u00e9-cozido) para dar mais croc\u00e2ncia<\/li>\n\n\n\n<li>1 colher (sopa) de sementes (gergelim, chia ou linha\u00e7a, por exemplo)<\/li>\n\n\n\n<li>1 colher (ch\u00e1) de p\u00e1prica doce ou defumada<\/li>\n\n\n\n<li>1 colher (ch\u00e1) de or\u00e9gano seco<\/li>\n\n\n\n<li>Sal e pimenta-do-reino a gosto<\/li>\n\n\n\n<li>Um fio de \u00f3leo ou azeite para untar a assadeira<\/li>\n<\/ul>\n\n\n\n<p>O modo de preparo dos bast\u00f5es de ab\u00f3bora pode ser organizado em etapas simples e objetivas, o que ajuda a manter a textura desejada e torna a receita acess\u00edvel at\u00e9 para iniciantes na cozinha.<\/p>\n\n\n\n<ol class=\"wp-block-list\">\n<li><strong>Corte da ab\u00f3bora:<\/strong>&nbsp;descascar e cortar a ab\u00f3bora em tiras grossas, em formato de bast\u00f5es, com cerca de 1 cm de espessura para assar de forma uniforme.<\/li>\n\n\n\n<li><strong>Preparar a mistura seca:<\/strong>&nbsp;em uma tigela, combinar farinha de rosca, polenta, sementes, p\u00e1prica, or\u00e9gano, sal e pimenta, misturando bem para distribuir os temperos.<\/li>\n\n\n\n<li><strong>Bater as claras:<\/strong>&nbsp;em outro recipiente, bater levemente as claras com um garfo at\u00e9 espumar, ajudando a firmar o empanado.<\/li>\n\n\n\n<li><strong>Empanar os bast\u00f5es de ab\u00f3bora:<\/strong>&nbsp;passar cada tira de ab\u00f3bora pelas claras e, em seguida, pela mistura seca, pressionando para formar uma camada uniforme.<\/li>\n\n\n\n<li><strong>Assar em forno quente:<\/strong>&nbsp;dispor os bast\u00f5es em uma assadeira untada ou forrada com papel manteiga, deixando espa\u00e7o entre eles, e levar ao forno pr\u00e9-aquecido a cerca de 200\u202f\u00b0C por 20 a 25 minutos, virando na metade do tempo.<\/li>\n<\/ol>\n\n\n\n<h2 class=\"wp-block-heading\">Quais s\u00e3o os benef\u00edcios de assar bast\u00f5es de ab\u00f3bora no forno<\/h2>\n\n\n\n<p>A escolha pelos&nbsp;<strong>bast\u00f5es de ab\u00f3bora ao forno<\/strong>&nbsp;est\u00e1 ligada \u00e0 busca por prepara\u00e7\u00f5es menos gordurosas em compara\u00e7\u00e3o a snacks fritos. Ao assar, o alimento absorve menos \u00f3leo, reduzindo o teor cal\u00f3rico total sem abrir m\u00e3o de croc\u00e2ncia.<\/p>\n\n\n\n<p>A <a href=\"https:\/\/www.embrapa.br\/hortalica-nao-e-so-salada\/abobora\" target=\"_blank\" rel=\"noreferrer noopener\">ab\u00f3bora <\/a>\u00e9 fonte de carotenoides, especialmente betacaroteno, precursor de vitamina A, al\u00e9m de fibras e minerais como pot\u00e1ssio. Com a adi\u00e7\u00e3o de sementes, o prato ganha gorduras insaturadas e mais fibras, tornando-se um acompanhamento mais completo e interessante nutricionalmente.<\/p>\n\n\n\n<figure class=\"wp-block-image size-large\"><img loading=\"lazy\" decoding=\"async\" width=\"1024\" height=\"576\" src=\"https:\/\/www.em.com.br\/emfoco\/wp-content\/uploads\/2026\/03\/ChatGPT-Image-15-de-mar.-de-2026-12_19_10-1-1024x576.png\" alt=\"A melhor receita de bast\u00f5es de ab\u00f3bora crocantes\" class=\"wp-image-181854\" srcset=\"https:\/\/www.em.com.br\/emfoco\/wp-content\/uploads\/2026\/03\/ChatGPT-Image-15-de-mar.-de-2026-12_19_10-1-1024x576.png 1024w, https:\/\/www.em.com.br\/emfoco\/wp-content\/uploads\/2026\/03\/ChatGPT-Image-15-de-mar.-de-2026-12_19_10-1-300x169.png 300w, https:\/\/www.em.com.br\/emfoco\/wp-content\/uploads\/2026\/03\/ChatGPT-Image-15-de-mar.-de-2026-12_19_10-1-768x432.png 768w, https:\/\/www.em.com.br\/emfoco\/wp-content\/uploads\/2026\/03\/ChatGPT-Image-15-de-mar.-de-2026-12_19_10-1-750x422.png 750w, https:\/\/www.em.com.br\/emfoco\/wp-content\/uploads\/2026\/03\/ChatGPT-Image-15-de-mar.-de-2026-12_19_10-1-1140x641.png 1140w, https:\/\/www.em.com.br\/emfoco\/wp-content\/uploads\/2026\/03\/ChatGPT-Image-15-de-mar.-de-2026-12_19_10-1.png 1280w\" sizes=\"auto, (max-width: 1024px) 100vw, 1024px\" \/><figcaption class=\"wp-element-caption\">A melhor receita de bast\u00f5es de ab\u00f3bora crocantes<\/figcaption><\/figure>\n\n\n\n<h2 class=\"wp-block-heading\">Como variar o sabor e servir bast\u00f5es de ab\u00f3bora crocantes<\/h2>\n\n\n\n<p>Os&nbsp;<strong>bast\u00f5es de ab\u00f3bora crocantes<\/strong>&nbsp;podem aparecer em diferentes momentos da refei\u00e7\u00e3o, desde petisco em reuni\u00f5es at\u00e9 acompanhamento de carnes, frango assado ou pratos com leguminosas. Servidos ainda quentes, costumam agradar crian\u00e7as e adultos.<\/p>\n\n\n\n<p>Para deixar a experi\u00eancia mais completa, \u00e9 comum servir os bast\u00f5es com molhos cremosos, que podem ser preparados com base l\u00e1ctea ou vegetal, de acordo com prefer\u00eancias e restri\u00e7\u00f5es alimentares:<\/p>\n\n\n\n<ul class=\"wp-block-list\">\n<li>Creme de iogurte natural com cebolinha ou cebolinha-francesa picada<\/li>\n\n\n\n<li>Molho de iogurte com lim\u00e3o e ervas secas<\/li>\n\n\n\n<li>Pasta de gr\u00e3o-de-bico (homus) temperada com tahine e sumo de lim\u00e3o<\/li>\n\n\n\n<li>Molho de alho suave, usado com modera\u00e7\u00e3o para quem tem sensibilidade<\/li>\n<\/ul>\n\n\n\n<p>Depois de assados e resfriados, os bast\u00f5es podem ser mantidos em recipiente fechado na geladeira por at\u00e9 dois dias. Na hora de servir, alguns minutos em forno m\u00e9dio ajudam a recuperar a croc\u00e2ncia, facilitando o planejamento de lanches e refei\u00e7\u00f5es da semana.<\/p>\n\n\n\n<h2 class=\"wp-block-heading\">Como adaptar a receita de bast\u00f5es de ab\u00f3bora e por que preparar hoje mesmo<\/h2>\n\n\n\n<p>A receita de bast\u00f5es de ab\u00f3bora \u00e9 facilmente adapt\u00e1vel: quem n\u00e3o consome ovo pode usar iogurte natural ou bebidas vegetais espessas para empanar, e quem prefere sabores mais intensos pode incluir curry, cominho ou alho em p\u00f3, sempre respeitando limites individuais de s\u00f3dio e outros componentes.<\/p>\n\n\n\n<p>Com preparo simples, ingredientes acess\u00edveis e textura que lembra petiscos fritos, esses bast\u00f5es s\u00e3o uma forma pr\u00e1tica de deixar o card\u00e1pio mais leve agora, sem esperar por \u201csegunda-feira saud\u00e1vel\u201d. Experimente ainda hoje, teste combina\u00e7\u00f5es de temperos e transforme sua rotina na cozinha com uma receita r\u00e1pida, saborosa e cheia de cor.<\/p>\n","protected":false},"excerpt":{"rendered":"<p>Os bast\u00f5es de ab\u00f3bora assados est\u00e3o em alta na cozinha caseira, principalmente entre quem busca petiscos mais leves, crocantes por fora, macios por dentro e f\u00e1ceis de preparar no dia a dia, seja como lanche, acompanhamento ou entrada r\u00e1pida e nutritiva. Por que os bast\u00f5es de ab\u00f3bora s\u00e3o uma boa op\u00e7\u00e3o para o dia a [&hellip;]<\/p>\n","protected":false},"author":11,"featured_media":181851,"comment_status":"open","ping_status":"open","sticky":false,"template":"","format":"standard","meta":{"jnews-multi-image_gallery":[],"jnews_single_post":{"format":"standard"},"jnews_primary_category":[],"jnews_social_meta":[],"jnews_override_counter":[],"footnotes":""},"categories":[8819,1],"tags":[5454,26222,3440],"class_list":["post-181768","post","type-post","status-publish","format-standard","has-post-thumbnail","hentry","category-curiosidades","category-noticias","tag-abobora","tag-bastoes-de-abobora-assados","tag-receita"],"yoast_head":"<!-- This site is optimized with the Yoast SEO plugin v23.8 - https:\/\/yoast.com\/wordpress\/plugins\/seo\/ -->\n<title>Como fazer palitos de ab\u00f3bora saud\u00e1veis: uma receita crocante e nutritiva - Estado de Minas - Em foco<\/title>\n<meta name=\"description\" content=\"Os bast\u00f5es de ab\u00f3bora assados s\u00e3o crocantes por fora e macios por dentro. Veja como preparar esse petisco simples e nutritivo no forno.\" \/>\n<meta name=\"robots\" content=\"index, follow, max-snippet:-1, max-image-preview:large, max-video-preview:-1\" \/>\n<link rel=\"canonical\" href=\"https:\/\/www.em.com.br\/emfoco\/2026\/03\/17\/como-fazer-palitos-de-abobora-saudaveis-uma-receita-crocante-e-nutritiva\/\" \/>\n<meta property=\"og:locale\" content=\"pt_BR\" \/>\n<meta property=\"og:type\" content=\"article\" \/>\n<meta property=\"og:title\" content=\"Como fazer palitos de ab\u00f3bora saud\u00e1veis: uma receita crocante e nutritiva - Estado de Minas - Em foco\" \/>\n<meta property=\"og:description\" content=\"Os bast\u00f5es de ab\u00f3bora assados s\u00e3o crocantes por fora e macios por dentro. Veja como preparar esse petisco simples e nutritivo no forno.\" \/>\n<meta property=\"og:url\" content=\"https:\/\/www.em.com.br\/emfoco\/2026\/03\/17\/como-fazer-palitos-de-abobora-saudaveis-uma-receita-crocante-e-nutritiva\/\" \/>\n<meta property=\"og:site_name\" content=\"Estado de Minas - Em foco\" \/>\n<meta property=\"article:published_time\" content=\"2026-03-17T21:25:00+00:00\" \/>\n<meta property=\"article:modified_time\" content=\"2026-03-16T23:16:15+00:00\" \/>\n<meta property=\"og:image\" content=\"https:\/\/www.em.com.br\/emfoco\/wp-content\/uploads\/2026\/03\/ChatGPT-Image-15-de-mar.-de-2026-12_16_24-1.png\" \/>\n\t<meta property=\"og:image:width\" content=\"1280\" \/>\n\t<meta property=\"og:image:height\" content=\"720\" \/>\n\t<meta property=\"og:image:type\" content=\"image\/png\" \/>\n<meta name=\"author\" content=\"Andre\u0301 Rangel\u00a0\" \/>\n<meta name=\"twitter:card\" content=\"summary_large_image\" \/>\n<meta name=\"twitter:label1\" content=\"Escrito por\" \/>\n\t<meta name=\"twitter:data1\" content=\"Andre\u0301 Rangel\u00a0\" \/>\n\t<meta name=\"twitter:label2\" content=\"Est. tempo de leitura\" \/>\n\t<meta name=\"twitter:data2\" content=\"6 minutos\" \/>\n<!-- \/ Yoast SEO plugin. -->","yoast_head_json":{"title":"Como fazer palitos de ab\u00f3bora saud\u00e1veis: uma receita crocante e nutritiva - Estado de Minas - Em foco","description":"Os bast\u00f5es de ab\u00f3bora assados s\u00e3o crocantes por fora e macios por dentro. Veja como preparar esse petisco simples e nutritivo no forno.","robots":{"index":"index","follow":"follow","max-snippet":"max-snippet:-1","max-image-preview":"max-image-preview:large","max-video-preview":"max-video-preview:-1"},"canonical":"https:\/\/www.em.com.br\/emfoco\/2026\/03\/17\/como-fazer-palitos-de-abobora-saudaveis-uma-receita-crocante-e-nutritiva\/","og_locale":"pt_BR","og_type":"article","og_title":"Como fazer palitos de ab\u00f3bora saud\u00e1veis: uma receita crocante e nutritiva - Estado de Minas - Em foco","og_description":"Os bast\u00f5es de ab\u00f3bora assados s\u00e3o crocantes por fora e macios por dentro. Veja como preparar esse petisco simples e nutritivo no forno.","og_url":"https:\/\/www.em.com.br\/emfoco\/2026\/03\/17\/como-fazer-palitos-de-abobora-saudaveis-uma-receita-crocante-e-nutritiva\/","og_site_name":"Estado de Minas - Em foco","article_published_time":"2026-03-17T21:25:00+00:00","article_modified_time":"2026-03-16T23:16:15+00:00","og_image":[{"width":1280,"height":720,"url":"https:\/\/www.em.com.br\/emfoco\/wp-content\/uploads\/2026\/03\/ChatGPT-Image-15-de-mar.-de-2026-12_16_24-1.png","type":"image\/png"}],"author":"Andre\u0301 Rangel\u00a0","twitter_card":"summary_large_image","twitter_misc":{"Escrito por":"Andre\u0301 Rangel\u00a0","Est. tempo de leitura":"6 minutos"},"schema":{"@context":"https:\/\/schema.org","@graph":[{"@type":"WebPage","@id":"https:\/\/www.em.com.br\/emfoco\/2026\/03\/17\/como-fazer-palitos-de-abobora-saudaveis-uma-receita-crocante-e-nutritiva\/","url":"https:\/\/www.em.com.br\/emfoco\/2026\/03\/17\/como-fazer-palitos-de-abobora-saudaveis-uma-receita-crocante-e-nutritiva\/","name":"Como fazer palitos de ab\u00f3bora saud\u00e1veis: uma receita crocante e nutritiva - Estado de Minas - Em foco","isPartOf":{"@id":"https:\/\/www.em.com.br\/emfoco\/#website"},"primaryImageOfPage":{"@id":"https:\/\/www.em.com.br\/emfoco\/2026\/03\/17\/como-fazer-palitos-de-abobora-saudaveis-uma-receita-crocante-e-nutritiva\/#primaryimage"},"image":{"@id":"https:\/\/www.em.com.br\/emfoco\/2026\/03\/17\/como-fazer-palitos-de-abobora-saudaveis-uma-receita-crocante-e-nutritiva\/#primaryimage"},"thumbnailUrl":"https:\/\/www.em.com.br\/emfoco\/wp-content\/uploads\/2026\/03\/ChatGPT-Image-15-de-mar.-de-2026-12_16_24-1.png","datePublished":"2026-03-17T21:25:00+00:00","dateModified":"2026-03-16T23:16:15+00:00","author":{"@id":"https:\/\/www.em.com.br\/emfoco\/#\/schema\/person\/60eda09c1fedf0d6891f4cef4b60b8b8"},"description":"Os bast\u00f5es de ab\u00f3bora assados s\u00e3o crocantes por fora e macios por dentro. Veja como preparar esse petisco simples e nutritivo no forno.","breadcrumb":{"@id":"https:\/\/www.em.com.br\/emfoco\/2026\/03\/17\/como-fazer-palitos-de-abobora-saudaveis-uma-receita-crocante-e-nutritiva\/#breadcrumb"},"inLanguage":"pt-BR","potentialAction":[{"@type":"ReadAction","target":["https:\/\/www.em.com.br\/emfoco\/2026\/03\/17\/como-fazer-palitos-de-abobora-saudaveis-uma-receita-crocante-e-nutritiva\/"]}]},{"@type":"ImageObject","inLanguage":"pt-BR","@id":"https:\/\/www.em.com.br\/emfoco\/2026\/03\/17\/como-fazer-palitos-de-abobora-saudaveis-uma-receita-crocante-e-nutritiva\/#primaryimage","url":"https:\/\/www.em.com.br\/emfoco\/wp-content\/uploads\/2026\/03\/ChatGPT-Image-15-de-mar.-de-2026-12_16_24-1.png","contentUrl":"https:\/\/www.em.com.br\/emfoco\/wp-content\/uploads\/2026\/03\/ChatGPT-Image-15-de-mar.-de-2026-12_16_24-1.png","width":1280,"height":720,"caption":"A melhor receita de bast\u00f5es de ab\u00f3bora crocantes"},{"@type":"BreadcrumbList","@id":"https:\/\/www.em.com.br\/emfoco\/2026\/03\/17\/como-fazer-palitos-de-abobora-saudaveis-uma-receita-crocante-e-nutritiva\/#breadcrumb","itemListElement":[{"@type":"ListItem","position":1,"name":"In\u00edcio","item":"https:\/\/www.em.com.br\/emfoco\/"},{"@type":"ListItem","position":2,"name":"Como fazer palitos de ab\u00f3bora saud\u00e1veis: uma receita crocante e nutritiva"}]},{"@type":"WebSite","@id":"https:\/\/www.em.com.br\/emfoco\/#website","url":"https:\/\/www.em.com.br\/emfoco\/","name":"Estado de Minas - Em foco","description":"Acompanhe as \u00faltimas not\u00edcias e fique bem informado sobre tudo o que acontece em Minas Gerais, Brasil e no mundo.","potentialAction":[{"@type":"SearchAction","target":{"@type":"EntryPoint","urlTemplate":"https:\/\/www.em.com.br\/emfoco\/?s={search_term_string}"},"query-input":{"@type":"PropertyValueSpecification","valueRequired":true,"valueName":"search_term_string"}}],"inLanguage":"pt-BR"},{"@type":"Person","@id":"https:\/\/www.em.com.br\/emfoco\/#\/schema\/person\/60eda09c1fedf0d6891f4cef4b60b8b8","name":"Andre\u0301 Rangel\u00a0","image":{"@type":"ImageObject","inLanguage":"pt-BR","@id":"https:\/\/www.em.com.br\/emfoco\/#\/schema\/person\/image\/","url":"https:\/\/secure.gravatar.com\/avatar\/6234dc814c77c8ef6d8bba622c787efc?s=96&d=mm&r=g","contentUrl":"https:\/\/secure.gravatar.com\/avatar\/6234dc814c77c8ef6d8bba622c787efc?s=96&d=mm&r=g","caption":"Andre\u0301 Rangel\u00a0"},"url":"https:\/\/www.em.com.br\/emfoco\/author\/luizmyth\/"}]}},"_links":{"self":[{"href":"https:\/\/www.em.com.br\/emfoco\/wp-json\/wp\/v2\/posts\/181768","targetHints":{"allow":["GET"]}}],"collection":[{"href":"https:\/\/www.em.com.br\/emfoco\/wp-json\/wp\/v2\/posts"}],"about":[{"href":"https:\/\/www.em.com.br\/emfoco\/wp-json\/wp\/v2\/types\/post"}],"author":[{"embeddable":true,"href":"https:\/\/www.em.com.br\/emfoco\/wp-json\/wp\/v2\/users\/11"}],"replies":[{"embeddable":true,"href":"https:\/\/www.em.com.br\/emfoco\/wp-json\/wp\/v2\/comments?post=181768"}],"version-history":[{"count":5,"href":"https:\/\/www.em.com.br\/emfoco\/wp-json\/wp\/v2\/posts\/181768\/revisions"}],"predecessor-version":[{"id":181855,"href":"https:\/\/www.em.com.br\/emfoco\/wp-json\/wp\/v2\/posts\/181768\/revisions\/181855"}],"wp:featuredmedia":[{"embeddable":true,"href":"https:\/\/www.em.com.br\/emfoco\/wp-json\/wp\/v2\/media\/181851"}],"wp:attachment":[{"href":"https:\/\/www.em.com.br\/emfoco\/wp-json\/wp\/v2\/media?parent=181768"}],"wp:term":[{"taxonomy":"category","embeddable":true,"href":"https:\/\/www.em.com.br\/emfoco\/wp-json\/wp\/v2\/categories?post=181768"},{"taxonomy":"post_tag","embeddable":true,"href":"https:\/\/www.em.com.br\/emfoco\/wp-json\/wp\/v2\/tags?post=181768"}],"curies":[{"name":"wp","href":"https:\/\/api.w.org\/{rel}","templated":true}]}}