{"id":181730,"date":"2026-03-17T19:25:00","date_gmt":"2026-03-17T22:25:00","guid":{"rendered":"https:\/\/www.em.com.br\/emfoco\/?p=181730"},"modified":"2026-03-16T20:17:28","modified_gmt":"2026-03-16T23:17:28","slug":"podar-o-limoeiro-em-marco-pode-fazer-diferenca-e-estes-sao-os-dias-mais-indicados-para-estimular-frutos","status":"publish","type":"post","link":"https:\/\/www.em.com.br\/emfoco\/2026\/03\/17\/podar-o-limoeiro-em-marco-pode-fazer-diferenca-e-estes-sao-os-dias-mais-indicados-para-estimular-frutos\/","title":{"rendered":"Podar o limoeiro em mar\u00e7o pode fazer diferen\u00e7a e estes s\u00e3o os dias mais indicados para estimular frutos"},"content":{"rendered":"\n<p>Entre quem cuida de pomares caseiros, a poda do limoeiro em mar\u00e7o \u00e9 vista como um cuidado estrat\u00e9gico para manter a planta saud\u00e1vel, produtiva e bem formada ao longo do ano, pois coincide com o fim do pico de frutifica\u00e7\u00e3o do ver\u00e3o e permite ajustes suaves na copa sem perda de vigor.<\/p>\n\n\n\n<h2 class=\"wp-block-heading\">Por que a poda do limoeiro em mar\u00e7o \u00e9 importante para a planta?<\/h2>\n\n\n\n<p>A&nbsp;<strong>poda do limoeiro em mar\u00e7o<\/strong>&nbsp;funciona como uma reorganiza\u00e7\u00e3o da \u00e1rvore antes da chegada do frio, ajudando a direcionar a energia para ramos mais produtivos. Ao retirar galhos secos, doentes ou mal posicionados, a planta tende a produzir frutos de melhor qualidade e a manter um crescimento mais equilibrado.<\/p>\n\n\n\n<p>Quando a copa \u00e9 aberta, aumenta-se a entrada de luz e a circula\u00e7\u00e3o de ar, reduzindo a umidade interna e a incid\u00eancia de fungos e <a href=\"https:\/\/www.em.com.br\/emfoco\/2026\/02\/23\/pragas-atacando-seus-vasos-veja-o-metodo-natural-que-protege-plantas-e-pets-ao-mesmo-tempo\/\" target=\"_blank\" rel=\"noreferrer noopener\">pragas<\/a>. Em pomares dom\u00e9sticos, essa estrutura\u00e7\u00e3o da copa tamb\u00e9m facilita a colheita, o monitoramento de problemas e a aplica\u00e7\u00e3o de defensivos, mantendo a produ\u00e7\u00e3o est\u00e1vel por v\u00e1rios anos.<\/p>\n\n\n\n<h2 class=\"wp-block-heading\">Quais s\u00e3o os melhores dias e condi\u00e7\u00f5es de mar\u00e7o para podar?<\/h2>\n\n\n\n<figure class=\"wp-block-image size-large\"><img loading=\"lazy\" decoding=\"async\" width=\"1024\" height=\"196\" src=\"https:\/\/www.em.com.br\/emfoco\/wp-content\/uploads\/2026\/03\/convertido-1-2-1024x196.jpg\" alt=\"\" class=\"wp-image-181732\" srcset=\"https:\/\/www.em.com.br\/emfoco\/wp-content\/uploads\/2026\/03\/convertido-1-2-1024x196.jpg 1024w, https:\/\/www.em.com.br\/emfoco\/wp-content\/uploads\/2026\/03\/convertido-1-2-300x57.jpg 300w, https:\/\/www.em.com.br\/emfoco\/wp-content\/uploads\/2026\/03\/convertido-1-2-768x147.jpg 768w, https:\/\/www.em.com.br\/emfoco\/wp-content\/uploads\/2026\/03\/convertido-1-2-750x144.jpg 750w, https:\/\/www.em.com.br\/emfoco\/wp-content\/uploads\/2026\/03\/convertido-1-2-1140x218.jpg 1140w, https:\/\/www.em.com.br\/emfoco\/wp-content\/uploads\/2026\/03\/convertido-1-2.jpg 1280w\" sizes=\"auto, (max-width: 1024px) 100vw, 1024px\" \/><\/figure>\n\n\n\n<h2 class=\"wp-block-heading\">O que cortar e o que manter na poda do limoeiro em mar\u00e7o?<\/h2>\n\n\n\n<p>Na&nbsp;<strong>poda do limoeiro em mar\u00e7o<\/strong>, recomenda-se fazer uma interven\u00e7\u00e3o leve, voltada principalmente \u00e0 limpeza e \u00e0 manuten\u00e7\u00e3o da copa. A ideia \u00e9 evitar cortes dr\u00e1sticos e, em vez disso, retirar apenas partes que prejudicam a vitalidade ou o equil\u00edbrio do limoeiro, preservando a maior parte da folhagem.<\/p>\n\n\n\n<p>Alguns pontos costumam merecer aten\u00e7\u00e3o especial durante a avalia\u00e7\u00e3o da copa:<\/p>\n\n\n\n<ul class=\"wp-block-list\">\n<li><strong>Ramos secos ou doentes<\/strong>: devem ser eliminados para n\u00e3o servirem de foco de fungos e pragas.<\/li>\n\n\n\n<li><strong>Galhos que se cruzam<\/strong>: o atrito provoca feridas na casca, abrindo caminho para infec\u00e7\u00f5es.<\/li>\n\n\n\n<li><strong>Brota\u00e7\u00f5es voltadas para o interior<\/strong>: sombreiam o centro da copa e reduzem a ventila\u00e7\u00e3o.<\/li>\n\n\n\n<li><strong>Ramos muito verticais e vigorosos<\/strong>\u00a0(ladr\u00f5es): consomem energia com pouco retorno em frutos.<\/li>\n<\/ul>\n\n\n\n<h2 class=\"wp-block-heading\">Como fazer a poda do limoeiro em mar\u00e7o passo a passo<\/h2>\n\n\n\n<p>Para que a poda traga benef\u00edcios, a prepara\u00e7\u00e3o das ferramentas e a forma de execu\u00e7\u00e3o s\u00e3o decisivas para evitar danos desnecess\u00e1rios. Tesouras de poda bem afiadas, serrotes adequados e luvas de prote\u00e7\u00e3o ajudam a garantir cortes limpos e seguros, sempre com desinfec\u00e7\u00e3o pr\u00e9via das l\u00e2minas com \u00e1lcool ou solu\u00e7\u00e3o sanitizante.<\/p>\n\n\n\n<iframe loading=\"lazy\" src=\"https:\/\/assets.pinterest.com\/ext\/embed.html?id=6825836929342845\" height=\"869\" width=\"345\" frameborder=\"0\" scrolling=\"no\" ><\/iframe>\n\n\n\n<p>Antes de iniciar, \u00e9 essencial observar o limoeiro por completo, dando uma volta ao redor da planta para identificar \u00e1reas mais densas, ramos quebrados ou escurecidos e sinais de fungos. Os cortes devem ser feitos em diagonal, logo acima de um broto voltado para fora da copa, e, em ramos grossos, pode-se aplicar pasta cicatrizante; restos saud\u00e1veis podem virar cobertura morta, enquanto galhos doentes devem ser descartados separadamente.<\/p>\n\n\n\n<h2 class=\"wp-block-heading\">Como manter o limoeiro produtivo ap\u00f3s a poda em mar\u00e7o<\/h2>\n\n\n\n<p>Ap\u00f3s a poda em mar\u00e7o, o limoeiro responde melhor quando recebe regas adequadas, aduba\u00e7\u00e3o equilibrada e monitoramento frequente de pragas e doen\u00e7as. Manter essa rotina anual de cuidados, com podas moderadas e bem planejadas, ajuda a preservar o vigor da planta e a regular a produ\u00e7\u00e3o de frutos ao longo das esta\u00e7\u00f5es.<\/p>\n\n\n\n<p>Se voc\u00ea tem um limoeiro em casa, n\u00e3o adie esses cuidados: organize suas ferramentas, escolha um dia favor\u00e1vel ainda neste m\u00eas e fa\u00e7a uma poda consciente. Cada mar\u00e7o perdido \u00e9 uma safra que pode ficar abaixo do potencial; comece agora e garanta lim\u00f5es mais saud\u00e1veis, bonitos e abundantes j\u00e1 na pr\u00f3xima colheita.<\/p>\n","protected":false},"excerpt":{"rendered":"<p>Entre quem cuida de pomares caseiros, a poda do limoeiro em mar\u00e7o \u00e9 vista como um cuidado estrat\u00e9gico para manter a planta saud\u00e1vel, produtiva e bem formada ao longo do ano, pois coincide com o fim do pico de frutifica\u00e7\u00e3o do ver\u00e3o e permite ajustes suaves na copa sem perda de vigor. Por que a [&hellip;]<\/p>\n","protected":false},"author":11,"featured_media":181831,"comment_status":"open","ping_status":"open","sticky":false,"template":"","format":"standard","meta":{"jnews-multi-image_gallery":[],"jnews_single_post":{"format":"standard"},"jnews_primary_category":[],"jnews_social_meta":[],"jnews_override_counter":[],"footnotes":""},"categories":[8819,1],"tags":[2555,3325,3108,5555,26217],"class_list":["post-181730","post","type-post","status-publish","format-standard","has-post-thumbnail","hentry","category-curiosidades","category-noticias","tag-frutas","tag-jardim","tag-limao","tag-limoeiro","tag-podar"],"yoast_head":"<!-- This site is optimized with the Yoast SEO plugin v23.8 - https:\/\/yoast.com\/wordpress\/plugins\/seo\/ -->\n<title>Podar o limoeiro em mar\u00e7o pode fazer diferen\u00e7a e estes s\u00e3o os dias mais indicados para estimular frutos - Estado de Minas - Em foco<\/title>\n<meta name=\"description\" content=\"A poda do limoeiro em mar\u00e7o ajuda a manter a planta saud\u00e1vel e produtiva. Veja como fazer o corte correto.\" \/>\n<meta name=\"robots\" content=\"index, follow, max-snippet:-1, max-image-preview:large, max-video-preview:-1\" \/>\n<link rel=\"canonical\" href=\"https:\/\/www.em.com.br\/emfoco\/2026\/03\/17\/podar-o-limoeiro-em-marco-pode-fazer-diferenca-e-estes-sao-os-dias-mais-indicados-para-estimular-frutos\/\" \/>\n<meta property=\"og:locale\" content=\"pt_BR\" \/>\n<meta property=\"og:type\" content=\"article\" \/>\n<meta property=\"og:title\" content=\"Podar o limoeiro em mar\u00e7o pode fazer diferen\u00e7a e estes s\u00e3o os dias mais indicados para estimular frutos - Estado de Minas - Em foco\" \/>\n<meta property=\"og:description\" content=\"A poda do limoeiro em mar\u00e7o ajuda a manter a planta saud\u00e1vel e produtiva. Veja como fazer o corte correto.\" \/>\n<meta property=\"og:url\" content=\"https:\/\/www.em.com.br\/emfoco\/2026\/03\/17\/podar-o-limoeiro-em-marco-pode-fazer-diferenca-e-estes-sao-os-dias-mais-indicados-para-estimular-frutos\/\" \/>\n<meta property=\"og:site_name\" content=\"Estado de Minas - Em foco\" \/>\n<meta property=\"article:published_time\" content=\"2026-03-17T22:25:00+00:00\" \/>\n<meta property=\"article:modified_time\" content=\"2026-03-16T23:17:28+00:00\" \/>\n<meta property=\"og:image\" content=\"https:\/\/www.em.com.br\/emfoco\/wp-content\/uploads\/2026\/03\/ChatGPT-Image-15-de-mar.-de-2026-11_25_42-1.png\" \/>\n\t<meta property=\"og:image:width\" content=\"1280\" \/>\n\t<meta property=\"og:image:height\" content=\"720\" \/>\n\t<meta property=\"og:image:type\" content=\"image\/png\" \/>\n<meta name=\"author\" content=\"Andre\u0301 Rangel\u00a0\" \/>\n<meta name=\"twitter:card\" content=\"summary_large_image\" \/>\n<meta name=\"twitter:label1\" content=\"Escrito por\" \/>\n\t<meta name=\"twitter:data1\" content=\"Andre\u0301 Rangel\u00a0\" \/>\n\t<meta name=\"twitter:label2\" content=\"Est. tempo de leitura\" \/>\n\t<meta name=\"twitter:data2\" content=\"4 minutos\" \/>\n<!-- \/ Yoast SEO plugin. -->","yoast_head_json":{"title":"Podar o limoeiro em mar\u00e7o pode fazer diferen\u00e7a e estes s\u00e3o os dias mais indicados para estimular frutos - Estado de Minas - Em foco","description":"A poda do limoeiro em mar\u00e7o ajuda a manter a planta saud\u00e1vel e produtiva. Veja como fazer o corte correto.","robots":{"index":"index","follow":"follow","max-snippet":"max-snippet:-1","max-image-preview":"max-image-preview:large","max-video-preview":"max-video-preview:-1"},"canonical":"https:\/\/www.em.com.br\/emfoco\/2026\/03\/17\/podar-o-limoeiro-em-marco-pode-fazer-diferenca-e-estes-sao-os-dias-mais-indicados-para-estimular-frutos\/","og_locale":"pt_BR","og_type":"article","og_title":"Podar o limoeiro em mar\u00e7o pode fazer diferen\u00e7a e estes s\u00e3o os dias mais indicados para estimular frutos - Estado de Minas - Em foco","og_description":"A poda do limoeiro em mar\u00e7o ajuda a manter a planta saud\u00e1vel e produtiva. Veja como fazer o corte correto.","og_url":"https:\/\/www.em.com.br\/emfoco\/2026\/03\/17\/podar-o-limoeiro-em-marco-pode-fazer-diferenca-e-estes-sao-os-dias-mais-indicados-para-estimular-frutos\/","og_site_name":"Estado de Minas - Em foco","article_published_time":"2026-03-17T22:25:00+00:00","article_modified_time":"2026-03-16T23:17:28+00:00","og_image":[{"width":1280,"height":720,"url":"https:\/\/www.em.com.br\/emfoco\/wp-content\/uploads\/2026\/03\/ChatGPT-Image-15-de-mar.-de-2026-11_25_42-1.png","type":"image\/png"}],"author":"Andre\u0301 Rangel\u00a0","twitter_card":"summary_large_image","twitter_misc":{"Escrito por":"Andre\u0301 Rangel\u00a0","Est. tempo de leitura":"4 minutos"},"schema":{"@context":"https:\/\/schema.org","@graph":[{"@type":"WebPage","@id":"https:\/\/www.em.com.br\/emfoco\/2026\/03\/17\/podar-o-limoeiro-em-marco-pode-fazer-diferenca-e-estes-sao-os-dias-mais-indicados-para-estimular-frutos\/","url":"https:\/\/www.em.com.br\/emfoco\/2026\/03\/17\/podar-o-limoeiro-em-marco-pode-fazer-diferenca-e-estes-sao-os-dias-mais-indicados-para-estimular-frutos\/","name":"Podar o limoeiro em mar\u00e7o pode fazer diferen\u00e7a e estes s\u00e3o os dias mais indicados para estimular frutos - Estado de Minas - Em foco","isPartOf":{"@id":"https:\/\/www.em.com.br\/emfoco\/#website"},"primaryImageOfPage":{"@id":"https:\/\/www.em.com.br\/emfoco\/2026\/03\/17\/podar-o-limoeiro-em-marco-pode-fazer-diferenca-e-estes-sao-os-dias-mais-indicados-para-estimular-frutos\/#primaryimage"},"image":{"@id":"https:\/\/www.em.com.br\/emfoco\/2026\/03\/17\/podar-o-limoeiro-em-marco-pode-fazer-diferenca-e-estes-sao-os-dias-mais-indicados-para-estimular-frutos\/#primaryimage"},"thumbnailUrl":"https:\/\/www.em.com.br\/emfoco\/wp-content\/uploads\/2026\/03\/ChatGPT-Image-15-de-mar.-de-2026-11_25_42-1.png","datePublished":"2026-03-17T22:25:00+00:00","dateModified":"2026-03-16T23:17:28+00:00","author":{"@id":"https:\/\/www.em.com.br\/emfoco\/#\/schema\/person\/60eda09c1fedf0d6891f4cef4b60b8b8"},"description":"A poda do limoeiro em mar\u00e7o ajuda a manter a planta saud\u00e1vel e produtiva. Veja como fazer o corte correto.","breadcrumb":{"@id":"https:\/\/www.em.com.br\/emfoco\/2026\/03\/17\/podar-o-limoeiro-em-marco-pode-fazer-diferenca-e-estes-sao-os-dias-mais-indicados-para-estimular-frutos\/#breadcrumb"},"inLanguage":"pt-BR","potentialAction":[{"@type":"ReadAction","target":["https:\/\/www.em.com.br\/emfoco\/2026\/03\/17\/podar-o-limoeiro-em-marco-pode-fazer-diferenca-e-estes-sao-os-dias-mais-indicados-para-estimular-frutos\/"]}]},{"@type":"ImageObject","inLanguage":"pt-BR","@id":"https:\/\/www.em.com.br\/emfoco\/2026\/03\/17\/podar-o-limoeiro-em-marco-pode-fazer-diferenca-e-estes-sao-os-dias-mais-indicados-para-estimular-frutos\/#primaryimage","url":"https:\/\/www.em.com.br\/emfoco\/wp-content\/uploads\/2026\/03\/ChatGPT-Image-15-de-mar.-de-2026-11_25_42-1.png","contentUrl":"https:\/\/www.em.com.br\/emfoco\/wp-content\/uploads\/2026\/03\/ChatGPT-Image-15-de-mar.-de-2026-11_25_42-1.png","width":1280,"height":720,"caption":"A poda do limoeiro em mar\u00e7o \u00e9 importante para a planta"},{"@type":"BreadcrumbList","@id":"https:\/\/www.em.com.br\/emfoco\/2026\/03\/17\/podar-o-limoeiro-em-marco-pode-fazer-diferenca-e-estes-sao-os-dias-mais-indicados-para-estimular-frutos\/#breadcrumb","itemListElement":[{"@type":"ListItem","position":1,"name":"In\u00edcio","item":"https:\/\/www.em.com.br\/emfoco\/"},{"@type":"ListItem","position":2,"name":"Podar o limoeiro em mar\u00e7o pode fazer diferen\u00e7a e estes s\u00e3o os dias mais indicados para estimular frutos"}]},{"@type":"WebSite","@id":"https:\/\/www.em.com.br\/emfoco\/#website","url":"https:\/\/www.em.com.br\/emfoco\/","name":"Estado de Minas - Em foco","description":"Acompanhe as \u00faltimas not\u00edcias e fique bem informado sobre tudo o que acontece em Minas Gerais, Brasil e no mundo.","potentialAction":[{"@type":"SearchAction","target":{"@type":"EntryPoint","urlTemplate":"https:\/\/www.em.com.br\/emfoco\/?s={search_term_string}"},"query-input":{"@type":"PropertyValueSpecification","valueRequired":true,"valueName":"search_term_string"}}],"inLanguage":"pt-BR"},{"@type":"Person","@id":"https:\/\/www.em.com.br\/emfoco\/#\/schema\/person\/60eda09c1fedf0d6891f4cef4b60b8b8","name":"Andre\u0301 Rangel\u00a0","image":{"@type":"ImageObject","inLanguage":"pt-BR","@id":"https:\/\/www.em.com.br\/emfoco\/#\/schema\/person\/image\/","url":"https:\/\/secure.gravatar.com\/avatar\/6234dc814c77c8ef6d8bba622c787efc?s=96&d=mm&r=g","contentUrl":"https:\/\/secure.gravatar.com\/avatar\/6234dc814c77c8ef6d8bba622c787efc?s=96&d=mm&r=g","caption":"Andre\u0301 Rangel\u00a0"},"url":"https:\/\/www.em.com.br\/emfoco\/author\/luizmyth\/"}]}},"_links":{"self":[{"href":"https:\/\/www.em.com.br\/emfoco\/wp-json\/wp\/v2\/posts\/181730","targetHints":{"allow":["GET"]}}],"collection":[{"href":"https:\/\/www.em.com.br\/emfoco\/wp-json\/wp\/v2\/posts"}],"about":[{"href":"https:\/\/www.em.com.br\/emfoco\/wp-json\/wp\/v2\/types\/post"}],"author":[{"embeddable":true,"href":"https:\/\/www.em.com.br\/emfoco\/wp-json\/wp\/v2\/users\/11"}],"replies":[{"embeddable":true,"href":"https:\/\/www.em.com.br\/emfoco\/wp-json\/wp\/v2\/comments?post=181730"}],"version-history":[{"count":4,"href":"https:\/\/www.em.com.br\/emfoco\/wp-json\/wp\/v2\/posts\/181730\/revisions"}],"predecessor-version":[{"id":181735,"href":"https:\/\/www.em.com.br\/emfoco\/wp-json\/wp\/v2\/posts\/181730\/revisions\/181735"}],"wp:featuredmedia":[{"embeddable":true,"href":"https:\/\/www.em.com.br\/emfoco\/wp-json\/wp\/v2\/media\/181831"}],"wp:attachment":[{"href":"https:\/\/www.em.com.br\/emfoco\/wp-json\/wp\/v2\/media?parent=181730"}],"wp:term":[{"taxonomy":"category","embeddable":true,"href":"https:\/\/www.em.com.br\/emfoco\/wp-json\/wp\/v2\/categories?post=181730"},{"taxonomy":"post_tag","embeddable":true,"href":"https:\/\/www.em.com.br\/emfoco\/wp-json\/wp\/v2\/tags?post=181730"}],"curies":[{"name":"wp","href":"https:\/\/api.w.org\/{rel}","templated":true}]}}