{"id":181678,"date":"2026-03-15T12:55:34","date_gmt":"2026-03-15T15:55:34","guid":{"rendered":"https:\/\/www.em.com.br\/emfoco\/?p=181678"},"modified":"2026-03-14T17:49:20","modified_gmt":"2026-03-14T20:49:20","slug":"o-fim-das-bolsas-pesadaso-modelo-que-virou-o-item-de-elegancia-das-mulheres","status":"publish","type":"post","link":"https:\/\/www.em.com.br\/emfoco\/2026\/03\/15\/o-fim-das-bolsas-pesadaso-modelo-que-virou-o-item-de-elegancia-das-mulheres\/","title":{"rendered":"O fim das bolsas pesadas,o modelo que virou o  item de eleg\u00e2ncia das mulheres"},"content":{"rendered":"\n<p>Voc\u00ea j\u00e1 sentiu aquele al\u00edvio ao sair de casa s\u00f3 com uma bolsinha leve, em vez de carregar um verdadeiro \u201cmundo\u201d nos ombros? Entre mulheres que priorizam <strong>eleg\u00e2ncia<\/strong> e <strong>praticidade<\/strong> no dia a dia, essa mudan\u00e7a vem ganhando for\u00e7a. O excesso de peso deixou de ser sinal de estilo e virou um inc\u00f4modo constante, especialmente nas grandes cidades.&nbsp;<\/p>\n\n\n\n<h2 class=\"wp-block-heading\">O que est\u00e1 por tr\u00e1s da tend\u00eancia de abandonar bolsas pesadas<\/h2>\n\n\n\n<p>A express\u00e3o <strong>\u201cadeus bolsas pesadas\u201d<\/strong> resume uma mudan\u00e7a de h\u00e1bito ligada \u00e0 rotina moderna, com trabalho h\u00edbrido, compromissos pessoais e deslocamentos r\u00e1pidos. Em vez de carregar tudo, muitas mulheres passaram a levar apenas o <strong>essencial<\/strong>, apostando em acess\u00f3rios menores, vers\u00e1teis e com design bem pensado.<\/p>\n\n\n\n<p>Al\u00e9m do conforto f\u00edsico, cresce tamb\u00e9m a busca por mais <strong>organiza\u00e7\u00e3o<\/strong> e leveza mental. Modelos pr\u00e1ticos oferecem divis\u00f5es estrat\u00e9gicas e f\u00e1ceis de acessar, reduzindo o tempo para encontrar objetos e evitando o ac\u00famulo de itens desnecess\u00e1rios, t\u00edpico das antigas bolsas grandes e <strong>robustas<\/strong>.<\/p>\n\n\n\n<figure class=\"wp-block-embed is-type-rich is-provider-pinterest wp-block-embed-pinterest\"><div class=\"wp-block-embed__wrapper\">\n<iframe loading=\"lazy\" title=\"Bright Spark Vegan Crossbody Bags I Sans Beast\" src=\"https:\/\/assets.pinterest.com\/ext\/embed.html?id=985231161252643&#038;src=oembed\" height=\"899\" width=\"450\" frameborder=\"0\" scrolling=\"no\" ><\/iframe>\n<\/div><\/figure>\n\n\n\n<p>Leia tamb\u00e9m:&nbsp;<a href=\"https:\/\/www.em.com.br\/emfoco\/2026\/03\/07\/o-vestido-leve-e-fresquinho-que-virou-favorito-de-mulheres-acima-dos-50-no-calor\/\" target=\"_blank\" rel=\"noopener\">O vestido leve e fresquinho que virou favorito de mulheres acima dos 50 no calor<\/a><\/p>\n\n\n\n<h2 class=\"wp-block-heading\">Qual \u00e9 o modelo pr\u00e1tico em alta entre mulheres elegantes<\/h2>\n\n\n\n<p>O modelo que mais se destaca nesse movimento \u00e9 a <strong>bolsa compacta<\/strong> de uso cruzado, a famosa crossbody. Leve e funcional, ela deixa as m\u00e3os livres e distribui melhor o peso pelo corpo, trazendo mais conforto ao caminhar sem abrir m\u00e3o do <strong>estilo<\/strong> no visual.<\/p>\n\n\n\n<p>Varia\u00e7\u00f5es como minibags, pochetes modernas usadas na transversal e bolsas tiracolo minimalistas seguem a mesma ideia. Todas priorizam <strong>conforto<\/strong> e um visual refinado, combinando com looks de trabalho, passeios de fim de semana e at\u00e9 eventos noturnos mais <strong>arrumados<\/strong>.<\/p>\n\n\n\n<figure class=\"wp-block-embed is-type-rich is-provider-pinterest wp-block-embed-pinterest\"><div class=\"wp-block-embed__wrapper\">\n<iframe loading=\"lazy\" title=\"\u0421\u0443\u043c\u043e\u0447\u043a\u0430 \u0432 \u043d\u0430\u044f\u0432\u043d\u043e\u0441\u0442\u0456 \u0432 3 \u043a\u043e\u043b\u044c\u043e\u0440\u0430\u0445: \u0431\u0456\u043b\u0438\u0439, \u0447\u043e\u0440\u043d\u0438\u0439, \u043a\u043e\u0440\u0438\u0447\u043d\u0435\u0432\u0438\u0439 \u041c\u0430\u0454 3 \u0432\u0456\u0434\u0434\u0456\u043b\u0435\u043d\u043d\u044f, \u0432 \u043a\u043e\u043c\u043f\u043b\u0435\u043a\u0442\u0456 2 \u0440\u0435\u043c\u0456\u043d\u0446\u0456 \u044f\u043a\u0456 \u0440\u0435\u0433\u0443\u043b\u044e\u044e\u0442\u044c\u0441\u044f \u0411\u0456\u043b\u044c\u0448\u0435 \u0444\u043e\u0442\u043e \u0442\u0430 \u043c\u043e\u0434\u0435\u043b\u0435\u0439 \u0441\u0443\u043c\u043e\u0447\u043e\u043a \u0434\u0438\u0432\u0438\u0441\u044c \u0443 \u043d\u0430\u0441 \u0432 \u043f\u0440\u043e\u0444\u0456\u043b\u0456 \ud83c\udf38\ud83d\ude4c\ud83c\udffb#\u0441\u0443\u043c\u043a\u0430 #\u0436\u0456\u043d\u043e\u0447\u0430\u0441\u0443\u043c\u043a\u0430 #\u0431\u0430\u0437\u043e\u0432\u0430\u0441\u0443\u043c\u043a\u0430 #\u0436\u0456\u043d\u043e\u0447\u0438\u0439\u043e\u0434\u044f\u0433\" src=\"https:\/\/assets.pinterest.com\/ext\/embed.html?id=563018698815054&#038;src=oembed\" height=\"898\" width=\"450\" frameborder=\"0\" scrolling=\"no\" ><\/iframe>\n<\/div><\/figure>\n\n\n\n<h2 class=\"wp-block-heading\">Como escolher uma bolsa leve e elegante para o dia a dia<\/h2>\n\n\n\n<p>Para escolher a bolsa ideal, vale come\u00e7ar definindo o que \u00e9 realmente <strong>essencial<\/strong>. Documentos, cart\u00e3o ou carteira compacta, celular, chaves e um pequeno item de cuidados pessoais costumam ser suficientes. Essa lista ajuda a encontrar um modelo proporcional \u00e0s necessidades <strong>reais<\/strong>.<\/p>\n\n\n\n<p>Tamb\u00e9m \u00e9 importante prestar aten\u00e7\u00e3o ao <strong>material<\/strong> e ao desenho da al\u00e7a. Materiais leves e resistentes, como couro mais fino, couro ecol\u00f3gico de qualidade ou tecidos tecnol\u00f3gicos, reduzem o peso total da bolsa. Al\u00e7as mais <strong>largas<\/strong> e regul\u00e1veis distribuem melhor o peso e permitem ajustar a altura ao corpo, garantindo conforto e equil\u00edbrio visual ao se movimentar.<\/p>\n\n\n\n<p>Para voc\u00ea que gosta de bolsas, separamos um v\u00eddeo do canal <a href=\"https:\/\/www.youtube.com\/@chiquesemfrescura\" target=\"_blank\" rel=\"noreferrer noopener\">Chique sem Frescura<\/a> com dicas de modelos para investir para um look elegante:<\/p>\n\n\n\n<figure class=\"wp-block-embed is-type-video is-provider-youtube wp-block-embed-youtube wp-embed-aspect-16-9 wp-has-aspect-ratio\"><div class=\"wp-block-embed__wrapper\">\n<div class=\"jeg_video_container jeg_video_content\"><iframe loading=\"lazy\" title=\"DESCUBRA AGORA: As BOLSAS PERFEITAS para MULHERES MADURAS que TRANSFORMAM seu LOOK!\" width=\"500\" height=\"281\" src=\"https:\/\/www.youtube.com\/embed\/-ws_THNCTQg?feature=oembed\" frameborder=\"0\" allow=\"accelerometer; autoplay; clipboard-write; encrypted-media; gyroscope; picture-in-picture; web-share\" referrerpolicy=\"strict-origin-when-cross-origin\" allowfullscreen><\/iframe><\/div>\n<\/div><\/figure>\n\n\n\n<h2 class=\"wp-block-heading\">Quais detalhes fazem diferen\u00e7a na hora da escolha<\/h2>\n\n\n\n<p>Alguns detalhes discretos podem transformar o uso da bolsa no dia a dia, deixando tudo mais <strong>pr\u00e1tico<\/strong>. Ter poucos bolsos internos e um compartimento externo discreto j\u00e1 costuma ser suficiente para manter tudo no lugar, sem estimular o exagero de objetos ou aumentar o <strong>peso<\/strong> desnecessariamente.<\/p>\n\n\n\n<p>Para deixar claro o que merece aten\u00e7\u00e3o na hora da compra, vale observar alguns pontos simples que ajudam a unir beleza, conforto e <strong>funcionalidade<\/strong>:<\/p>\n\n\n\n<ul class=\"wp-block-list\">\n<li><b>Al\u00e7a regul\u00e1vel<\/b> que permite ajustar a bolsa \u00e0 sua altura e ao seu estilo;<\/li>\n\n\n\n<li><b>Material leve<\/b> e resistente, que n\u00e3o pesa antes mesmo de colocar os itens;<\/li>\n\n\n\n<li><b>Formato compacto<\/b>, mas estruturado, para proteger e organizar melhor os pertences;<\/li>\n\n\n\n<li><b>Fecho seguro<\/b>, como z\u00edper ou bot\u00e3o magn\u00e9tico, para dar mais tranquilidade no uso;<\/li>\n\n\n\n<li><b>Cores vers\u00e1teis<\/b>, como preto, caramelo ou bege, que combinam com v\u00e1rios looks.<\/li>\n<\/ul>\n\n\n\n<figure class=\"wp-block-embed is-type-rich is-provider-pinterest wp-block-embed-pinterest\"><div class=\"wp-block-embed__wrapper\">\n<iframe loading=\"lazy\" title=\" \" src=\"https:\/\/assets.pinterest.com\/ext\/embed.html?id=5488830792923036&#038;src=oembed\" height=\"699\" width=\"450\" frameborder=\"0\" scrolling=\"no\" ><\/iframe>\n<\/div><\/figure>\n\n\n\n<h2 class=\"wp-block-heading\">Quais s\u00e3o os benef\u00edcios de adotar um modelo pr\u00e1tico e leve<\/h2>\n\n\n\n<p>Trocar bolsas grandes por vers\u00f5es compactas traz benef\u00edcios que v\u00e3o al\u00e9m da <strong>est\u00e9tica<\/strong>. O primeiro impacto \u00e9 no bem-estar f\u00edsico: menos peso nos ombros significa menos tens\u00e3o muscular e uma postura mais alinhada, especialmente para quem anda muito a p\u00e9 ou usa transporte <strong>p\u00fablico<\/strong>.<\/p>\n\n\n\n<p>Outro ganho importante \u00e9 a <strong>agilidade<\/strong> no dia a dia. Ao carregar apenas o necess\u00e1rio, fica mais f\u00e1cil arrumar a bolsa, trocar de modelo e encontrar tudo em poucos segundos. Do ponto de vista de estilo, a populariza\u00e7\u00e3o desses modelos mostra que a verdadeira <strong>eleg\u00e2ncia<\/strong> est\u00e1 no equil\u00edbrio entre forma e fun\u00e7\u00e3o, refletindo um guarda-roupa mais leve, consciente e alinhado \u00e0 vida real.<\/p>\n","protected":false},"excerpt":{"rendered":"<p>Voc\u00ea j\u00e1 sentiu aquele al\u00edvio ao sair de casa s\u00f3 com uma bolsinha leve, em vez de carregar um verdadeiro \u201cmundo\u201d nos ombros? Entre mulheres que priorizam eleg\u00e2ncia e praticidade no dia a dia, essa mudan\u00e7a vem ganhando for\u00e7a. O excesso de peso deixou de ser sinal de estilo e virou um inc\u00f4modo constante, especialmente [&hellip;]<\/p>\n","protected":false},"author":9,"featured_media":62241,"comment_status":"open","ping_status":"open","sticky":false,"template":"","format":"standard","meta":{"jnews-multi-image_gallery":[],"jnews_single_post":{"format":"standard"},"jnews_primary_category":[],"jnews_social_meta":[],"jnews_override_counter":[],"footnotes":""},"categories":[8819,1],"tags":[13802,18815,4977,1920],"class_list":["post-181678","post","type-post","status-publish","format-standard","has-post-thumbnail","hentry","category-curiosidades","category-noticias","tag-bolsa","tag-look","tag-moda","tag-tendencia"],"yoast_head":"<!-- This site is optimized with the Yoast SEO plugin v23.8 - https:\/\/yoast.com\/wordpress\/plugins\/seo\/ -->\n<title>O fim das bolsas pesadas,o modelo que virou o item de eleg\u00e2ncia das mulheres - Estado de Minas - Em foco<\/title>\n<meta name=\"description\" content=\"Abandone as bolsas pesadas e descubra como o modelo crossbody une leveza e m\u00e1xima sofistica\u00e7\u00e3o no dia a dia.\" \/>\n<meta name=\"robots\" content=\"index, follow, max-snippet:-1, max-image-preview:large, max-video-preview:-1\" \/>\n<link rel=\"canonical\" href=\"https:\/\/www.em.com.br\/emfoco\/2026\/03\/15\/o-fim-das-bolsas-pesadaso-modelo-que-virou-o-item-de-elegancia-das-mulheres\/\" \/>\n<meta property=\"og:locale\" content=\"pt_BR\" \/>\n<meta property=\"og:type\" content=\"article\" \/>\n<meta property=\"og:title\" content=\"O fim das bolsas pesadas,o modelo que virou o item de eleg\u00e2ncia das mulheres - Estado de Minas - Em foco\" \/>\n<meta property=\"og:description\" content=\"Abandone as bolsas pesadas e descubra como o modelo crossbody une leveza e m\u00e1xima sofistica\u00e7\u00e3o no dia a dia.\" \/>\n<meta property=\"og:url\" content=\"https:\/\/www.em.com.br\/emfoco\/2026\/03\/15\/o-fim-das-bolsas-pesadaso-modelo-que-virou-o-item-de-elegancia-das-mulheres\/\" \/>\n<meta property=\"og:site_name\" content=\"Estado de Minas - Em foco\" \/>\n<meta property=\"article:published_time\" content=\"2026-03-15T15:55:34+00:00\" \/>\n<meta property=\"article:modified_time\" content=\"2026-03-14T20:49:20+00:00\" \/>\n<meta property=\"og:image\" content=\"https:\/\/www.em.com.br\/emfoco\/wp-content\/uploads\/2025\/06\/bolsa_1750180085994.jpg\" \/>\n\t<meta property=\"og:image:width\" content=\"1280\" \/>\n\t<meta property=\"og:image:height\" content=\"720\" \/>\n\t<meta property=\"og:image:type\" content=\"image\/jpeg\" \/>\n<meta name=\"author\" content=\"Daniely Cardoso\" \/>\n<meta name=\"twitter:card\" content=\"summary_large_image\" \/>\n<meta name=\"twitter:label1\" content=\"Escrito por\" \/>\n\t<meta name=\"twitter:data1\" content=\"Daniely Cardoso\" \/>\n\t<meta name=\"twitter:label2\" content=\"Est. tempo de leitura\" \/>\n\t<meta name=\"twitter:data2\" content=\"4 minutos\" \/>\n<!-- \/ Yoast SEO plugin. -->","yoast_head_json":{"title":"O fim das bolsas pesadas,o modelo que virou o item de eleg\u00e2ncia das mulheres - Estado de Minas - Em foco","description":"Abandone as bolsas pesadas e descubra como o modelo crossbody une leveza e m\u00e1xima sofistica\u00e7\u00e3o no dia a dia.","robots":{"index":"index","follow":"follow","max-snippet":"max-snippet:-1","max-image-preview":"max-image-preview:large","max-video-preview":"max-video-preview:-1"},"canonical":"https:\/\/www.em.com.br\/emfoco\/2026\/03\/15\/o-fim-das-bolsas-pesadaso-modelo-que-virou-o-item-de-elegancia-das-mulheres\/","og_locale":"pt_BR","og_type":"article","og_title":"O fim das bolsas pesadas,o modelo que virou o item de eleg\u00e2ncia das mulheres - Estado de Minas - Em foco","og_description":"Abandone as bolsas pesadas e descubra como o modelo crossbody une leveza e m\u00e1xima sofistica\u00e7\u00e3o no dia a dia.","og_url":"https:\/\/www.em.com.br\/emfoco\/2026\/03\/15\/o-fim-das-bolsas-pesadaso-modelo-que-virou-o-item-de-elegancia-das-mulheres\/","og_site_name":"Estado de Minas - Em foco","article_published_time":"2026-03-15T15:55:34+00:00","article_modified_time":"2026-03-14T20:49:20+00:00","og_image":[{"width":1280,"height":720,"url":"https:\/\/www.em.com.br\/emfoco\/wp-content\/uploads\/2025\/06\/bolsa_1750180085994.jpg","type":"image\/jpeg"}],"author":"Daniely Cardoso","twitter_card":"summary_large_image","twitter_misc":{"Escrito por":"Daniely Cardoso","Est. tempo de leitura":"4 minutos"},"schema":{"@context":"https:\/\/schema.org","@graph":[{"@type":"WebPage","@id":"https:\/\/www.em.com.br\/emfoco\/2026\/03\/15\/o-fim-das-bolsas-pesadaso-modelo-que-virou-o-item-de-elegancia-das-mulheres\/","url":"https:\/\/www.em.com.br\/emfoco\/2026\/03\/15\/o-fim-das-bolsas-pesadaso-modelo-que-virou-o-item-de-elegancia-das-mulheres\/","name":"O fim das bolsas pesadas,o modelo que virou o item de eleg\u00e2ncia das mulheres - Estado de Minas - Em foco","isPartOf":{"@id":"https:\/\/www.em.com.br\/emfoco\/#website"},"primaryImageOfPage":{"@id":"https:\/\/www.em.com.br\/emfoco\/2026\/03\/15\/o-fim-das-bolsas-pesadaso-modelo-que-virou-o-item-de-elegancia-das-mulheres\/#primaryimage"},"image":{"@id":"https:\/\/www.em.com.br\/emfoco\/2026\/03\/15\/o-fim-das-bolsas-pesadaso-modelo-que-virou-o-item-de-elegancia-das-mulheres\/#primaryimage"},"thumbnailUrl":"https:\/\/www.em.com.br\/emfoco\/wp-content\/uploads\/2025\/06\/bolsa_1750180085994.jpg","datePublished":"2026-03-15T15:55:34+00:00","dateModified":"2026-03-14T20:49:20+00:00","author":{"@id":"https:\/\/www.em.com.br\/emfoco\/#\/schema\/person\/0a8186d72f2c3a5c6276d90b41f271a0"},"description":"Abandone as bolsas pesadas e descubra como o modelo crossbody une leveza e m\u00e1xima sofistica\u00e7\u00e3o no dia a dia.","breadcrumb":{"@id":"https:\/\/www.em.com.br\/emfoco\/2026\/03\/15\/o-fim-das-bolsas-pesadaso-modelo-que-virou-o-item-de-elegancia-das-mulheres\/#breadcrumb"},"inLanguage":"pt-BR","potentialAction":[{"@type":"ReadAction","target":["https:\/\/www.em.com.br\/emfoco\/2026\/03\/15\/o-fim-das-bolsas-pesadaso-modelo-que-virou-o-item-de-elegancia-das-mulheres\/"]}]},{"@type":"ImageObject","inLanguage":"pt-BR","@id":"https:\/\/www.em.com.br\/emfoco\/2026\/03\/15\/o-fim-das-bolsas-pesadaso-modelo-que-virou-o-item-de-elegancia-das-mulheres\/#primaryimage","url":"https:\/\/www.em.com.br\/emfoco\/wp-content\/uploads\/2025\/06\/bolsa_1750180085994.jpg","contentUrl":"https:\/\/www.em.com.br\/emfoco\/wp-content\/uploads\/2025\/06\/bolsa_1750180085994.jpg","width":1280,"height":720,"caption":"A express\u00e3o \u201cadeus bolsas pesadas\u201d resume uma mudan\u00e7a de h\u00e1bito ligada \u00e0 rotina moderna, com trabalho h\u00edbrid - Cr\u00e9ditos: depositphotos.com \/ hanna.putylina"},{"@type":"BreadcrumbList","@id":"https:\/\/www.em.com.br\/emfoco\/2026\/03\/15\/o-fim-das-bolsas-pesadaso-modelo-que-virou-o-item-de-elegancia-das-mulheres\/#breadcrumb","itemListElement":[{"@type":"ListItem","position":1,"name":"In\u00edcio","item":"https:\/\/www.em.com.br\/emfoco\/"},{"@type":"ListItem","position":2,"name":"O fim das bolsas pesadas,o modelo que virou o item de eleg\u00e2ncia das mulheres"}]},{"@type":"WebSite","@id":"https:\/\/www.em.com.br\/emfoco\/#website","url":"https:\/\/www.em.com.br\/emfoco\/","name":"Estado de Minas - Em foco","description":"Acompanhe as \u00faltimas not\u00edcias e fique bem informado sobre tudo o que acontece em Minas Gerais, Brasil e no mundo.","potentialAction":[{"@type":"SearchAction","target":{"@type":"EntryPoint","urlTemplate":"https:\/\/www.em.com.br\/emfoco\/?s={search_term_string}"},"query-input":{"@type":"PropertyValueSpecification","valueRequired":true,"valueName":"search_term_string"}}],"inLanguage":"pt-BR"},{"@type":"Person","@id":"https:\/\/www.em.com.br\/emfoco\/#\/schema\/person\/0a8186d72f2c3a5c6276d90b41f271a0","name":"Daniely Cardoso","image":{"@type":"ImageObject","inLanguage":"pt-BR","@id":"https:\/\/www.em.com.br\/emfoco\/#\/schema\/person\/image\/","url":"https:\/\/secure.gravatar.com\/avatar\/4b80ddbd124d1f071b626d52d62e5dff?s=96&d=mm&r=g","contentUrl":"https:\/\/secure.gravatar.com\/avatar\/4b80ddbd124d1f071b626d52d62e5dff?s=96&d=mm&r=g","caption":"Daniely Cardoso"},"url":"https:\/\/www.em.com.br\/emfoco\/author\/danielymyth\/"}]}},"_links":{"self":[{"href":"https:\/\/www.em.com.br\/emfoco\/wp-json\/wp\/v2\/posts\/181678","targetHints":{"allow":["GET"]}}],"collection":[{"href":"https:\/\/www.em.com.br\/emfoco\/wp-json\/wp\/v2\/posts"}],"about":[{"href":"https:\/\/www.em.com.br\/emfoco\/wp-json\/wp\/v2\/types\/post"}],"author":[{"embeddable":true,"href":"https:\/\/www.em.com.br\/emfoco\/wp-json\/wp\/v2\/users\/9"}],"replies":[{"embeddable":true,"href":"https:\/\/www.em.com.br\/emfoco\/wp-json\/wp\/v2\/comments?post=181678"}],"version-history":[{"count":2,"href":"https:\/\/www.em.com.br\/emfoco\/wp-json\/wp\/v2\/posts\/181678\/revisions"}],"predecessor-version":[{"id":181680,"href":"https:\/\/www.em.com.br\/emfoco\/wp-json\/wp\/v2\/posts\/181678\/revisions\/181680"}],"wp:featuredmedia":[{"embeddable":true,"href":"https:\/\/www.em.com.br\/emfoco\/wp-json\/wp\/v2\/media\/62241"}],"wp:attachment":[{"href":"https:\/\/www.em.com.br\/emfoco\/wp-json\/wp\/v2\/media?parent=181678"}],"wp:term":[{"taxonomy":"category","embeddable":true,"href":"https:\/\/www.em.com.br\/emfoco\/wp-json\/wp\/v2\/categories?post=181678"},{"taxonomy":"post_tag","embeddable":true,"href":"https:\/\/www.em.com.br\/emfoco\/wp-json\/wp\/v2\/tags?post=181678"}],"curies":[{"name":"wp","href":"https:\/\/api.w.org\/{rel}","templated":true}]}}