{"id":181626,"date":"2026-03-16T08:55:00","date_gmt":"2026-03-16T11:55:00","guid":{"rendered":"https:\/\/www.em.com.br\/emfoco\/?p=181626"},"modified":"2026-03-14T16:05:04","modified_gmt":"2026-03-14T19:05:04","slug":"como-fazer-velas-aromaticas-em-casa-e-transformar-o-ambiente-em-um-espaco-de-protecao-espiritual","status":"publish","type":"post","link":"https:\/\/www.em.com.br\/emfoco\/2026\/03\/16\/como-fazer-velas-aromaticas-em-casa-e-transformar-o-ambiente-em-um-espaco-de-protecao-espiritual\/","title":{"rendered":"Como fazer velas arom\u00e1ticas em casa e transformar o ambiente em um espa\u00e7o de prote\u00e7\u00e3o espiritual"},"content":{"rendered":"\n<p>Produzir&nbsp;<strong>velas arom\u00e1ticas em casa para prote\u00e7\u00e3o espiritual<\/strong>&nbsp;se tornou uma pr\u00e1tica cada vez mais comum. Al\u00e9m de harmonizar o ambiente, esse tipo de vela \u00e9 usado em rituais de purifica\u00e7\u00e3o, momentos de ora\u00e7\u00e3o e medita\u00e7\u00e3o, unindo luz, aroma e inten\u00e7\u00e3o para fortalecer a espiritualidade e criar um espa\u00e7o interno mais silencioso e organizado.<\/p>\n\n\n\n<h2 class=\"wp-block-heading\">O que s\u00e3o velas arom\u00e1ticas para prote\u00e7\u00e3o espiritual<\/h2>\n\n\n\n<p>As\u00a0<strong>velas arom\u00e1ticas para <a href=\"https:\/\/www.em.com.br\/emfoco\/2025\/09\/27\/protecao-espiritual-em-setembro-guia-esses-signos-em-decisoes-de-vida-importantes\/\" target=\"_blank\" rel=\"noreferrer noopener\">prote\u00e7\u00e3o espiritual<\/a><\/strong>\u00a0s\u00e3o feitas com cera, pavio e fragr\u00e2ncias naturais, como \u00f3leos essenciais, escolhidas para auxiliar na limpeza energ\u00e9tica e no fortalecimento interior. Costumam ser usadas em ambientes de ora\u00e7\u00e3o, medita\u00e7\u00e3o, leituras espirituais ou momentos simples de recolhimento.<\/p>\n\n\n\n<p>Nesse contexto, a chama \u00e9 vista como s\u00edmbolo de&nbsp;<strong>luz interior<\/strong>, enquanto o aroma cria um clima de calma e concentra\u00e7\u00e3o. Muitas pessoas tamb\u00e9m associam essas velas \u00e0 ideia de um \u201cescudo energ\u00e9tico\u201d dom\u00e9stico, refor\u00e7ando a sensa\u00e7\u00e3o de seguran\u00e7a e prote\u00e7\u00e3o no dia a dia.<\/p>\n\n\n\n<figure class=\"wp-block-image size-large\"><img loading=\"lazy\" decoding=\"async\" width=\"1024\" height=\"576\" src=\"https:\/\/www.em.com.br\/emfoco\/wp-content\/uploads\/2026\/03\/4-62-1024x576.jpg\" alt=\"Como fazer velas arom\u00e1ticas em casa e transformar o ambiente em um espa\u00e7o de prote\u00e7\u00e3o espiritual\" class=\"wp-image-181646\" srcset=\"https:\/\/www.em.com.br\/emfoco\/wp-content\/uploads\/2026\/03\/4-62-1024x576.jpg 1024w, https:\/\/www.em.com.br\/emfoco\/wp-content\/uploads\/2026\/03\/4-62-300x169.jpg 300w, https:\/\/www.em.com.br\/emfoco\/wp-content\/uploads\/2026\/03\/4-62-768x432.jpg 768w, https:\/\/www.em.com.br\/emfoco\/wp-content\/uploads\/2026\/03\/4-62-750x422.jpg 750w, https:\/\/www.em.com.br\/emfoco\/wp-content\/uploads\/2026\/03\/4-62-1140x641.jpg 1140w, https:\/\/www.em.com.br\/emfoco\/wp-content\/uploads\/2026\/03\/4-62.jpg 1280w\" sizes=\"auto, (max-width: 1024px) 100vw, 1024px\" \/><figcaption class=\"wp-element-caption\">Fragr\u00e2ncias naturais auxiliam na limpeza energ\u00e9tica e na concentra\u00e7\u00e3o durante medita\u00e7\u00e3o<\/figcaption><\/figure>\n\n\n\n<h2 class=\"wp-block-heading\">Como fazer velas arom\u00e1ticas em casa para prote\u00e7\u00e3o espiritual<\/h2>\n\n\n\n<p>Preparar uma&nbsp;<strong>vela de prote\u00e7\u00e3o espiritual<\/strong>&nbsp;em casa \u00e9 um processo acess\u00edvel, desde que se respeitem cuidados b\u00e1sicos de seguran\u00e7a. Os materiais principais s\u00e3o: cera (de soja, abelha ou parafina pr\u00f3pria), pavio adequado ao di\u00e2metro do recipiente, \u00f3leos essenciais de prote\u00e7\u00e3o e recipientes resistentes ao calor, como copos de vidro ou potes de cer\u00e2mica.<\/p>\n\n\n\n<p>De forma geral, o passo a passo segue uma l\u00f3gica simples, que pode ser adaptada conforme a experi\u00eancia de cada pessoa:<\/p>\n\n\n\n<ol class=\"wp-block-list\">\n<li>Separar cera, pavio, recipiente, \u00f3leos essenciais e, se desejado, corantes pr\u00f3prios para velas;<\/li>\n\n\n\n<li>Derreter a cera em banho-maria ou em derretedor espec\u00edfico, mantendo fogo baixo e observando sempre;<\/li>\n\n\n\n<li>Fixar o pavio no fundo do recipiente, usando cola quente, cera derretida ou suporte met\u00e1lico;<\/li>\n\n\n\n<li>Quando a cera estiver l\u00edquida e morna (n\u00e3o fervente), adicionar algumas gotas de \u00f3leos essenciais de prote\u00e7\u00e3o;<\/li>\n\n\n\n<li>Misturar delicadamente e despejar a cera no recipiente, mantendo o pavio centralizado;<\/li>\n\n\n\n<li>Aguardar o resfriamento completo at\u00e9 a vela firmar, longe de correntes de vento;<\/li>\n\n\n\n<li>Cortar o pavio para cerca de 0,5 a 1 cm antes do primeiro uso.<\/li>\n<\/ol>\n\n\n\n<h2 class=\"wp-block-heading\">Quais aromas e cores s\u00e3o mais usados para prote\u00e7\u00e3o espiritual<\/h2>\n\n\n\n<p>Na hora de escolher, muitos preferem \u00f3leos essenciais associados \u00e0 purifica\u00e7\u00e3o e fortalecimento, como&nbsp;<strong>s\u00e1lvia branca<\/strong>,&nbsp;<strong>alecrim<\/strong>,&nbsp;<strong>lavanda<\/strong>,&nbsp;<strong>ol\u00edbano (frankincense)<\/strong>&nbsp;e&nbsp;<strong>mirra<\/strong>. Essas fragr\u00e2ncias s\u00e3o usadas em diversas tradi\u00e7\u00f5es para limpeza energ\u00e9tica, harmonia e sustenta\u00e7\u00e3o emocional.<\/p>\n\n\n\n<p>As cores das velas tamb\u00e9m carregam forte simbolismo e podem potencializar a inten\u00e7\u00e3o de prote\u00e7\u00e3o, criando combina\u00e7\u00f5es alinhadas com a espiritualidade de cada pessoa:<\/p>\n\n\n\n<ul class=\"wp-block-list\">\n<li><strong>Branca<\/strong>: purifica\u00e7\u00e3o, paz e prote\u00e7\u00e3o geral;<\/li>\n\n\n\n<li><strong>Roxa ou violeta<\/strong>: transmuta\u00e7\u00e3o e fortalecimento espiritual;<\/li>\n\n\n\n<li><strong>Azul<\/strong>: serenidade, prote\u00e7\u00e3o e equil\u00edbrio emocional;<\/li>\n\n\n\n<li><strong>Dourada ou amarela<\/strong>: clareza mental e ilumina\u00e7\u00e3o interior.<\/li>\n<\/ul>\n\n\n\n<p>Confira o v\u00eddeo compartilhado pelo canal do YouTube <strong><a href=\"https:\/\/www.youtube.com\/@jornadadosaromas\" target=\"_blank\" rel=\"noreferrer noopener\">Jornada dos Aromas por Cinara Pavesi<\/a><\/strong> ensinando na pr\u00e1tica a fazer velas arom\u00e1ticas em casa.<\/p>\n\n\n\n<figure class=\"wp-block-embed is-type-video is-provider-youtube wp-block-embed-youtube wp-embed-aspect-16-9 wp-has-aspect-ratio\"><div class=\"wp-block-embed__wrapper\">\n<div class=\"jeg_video_container jeg_video_content\"><iframe loading=\"lazy\" title=\"O Guia Definitivo para fazer a Vela Arom\u00e1tica mais perfumada de todos os tempos! Segredos revelados\" width=\"500\" height=\"281\" src=\"https:\/\/www.youtube.com\/embed\/s1wB3e0HIxY?feature=oembed\" frameborder=\"0\" allow=\"accelerometer; autoplay; clipboard-write; encrypted-media; gyroscope; picture-in-picture; web-share\" referrerpolicy=\"strict-origin-when-cross-origin\" allowfullscreen><\/iframe><\/div>\n<\/div><\/figure>\n\n\n\n<h2 class=\"wp-block-heading\">Como usar velas arom\u00e1ticas de prote\u00e7\u00e3o no dia a dia<\/h2>\n\n\n\n<p>Depois de prontas, as velas podem ser integradas \u00e0 rotina espiritual de forma simples, criando um pequeno ritual di\u00e1rio. Muitas pessoas escolhem um altar, prateleira ou canto da sala para acend\u00ea-las em hor\u00e1rios espec\u00edficos, associando a chama a um momento de pausa consciente.<\/p>\n\n\n\n<p>Entre os usos mais comuns, est\u00e3o: iniciar ora\u00e7\u00f5es, apoiar pr\u00e1ticas de&nbsp;<strong>medita\u00e7\u00e3o guiada<\/strong>, acompanhar rituais de limpeza energ\u00e9tica do ambiente e marcar um \u201cdia da semana\u201d fixo para refor\u00e7ar a disciplina espiritual. Em todos os casos, \u00e9 essencial seguir cuidados de seguran\u00e7a e nunca deixar a vela acesa sem supervis\u00e3o.<\/p>\n\n\n\n<h2 class=\"wp-block-heading\">Como tornar suas velas um verdadeiro ritual de prote\u00e7\u00e3o<\/h2>\n\n\n\n<p>Durante o preparo e o uso da vela, muitas pessoas gostam de mentalizar prote\u00e7\u00e3o, rezar ou repetir afirma\u00e7\u00f5es de f\u00e9, tratando tudo como um&nbsp;<strong>ritual consciente<\/strong>. Essa inten\u00e7\u00e3o n\u00e3o muda a estrutura f\u00edsica da vela, mas aprofunda o v\u00ednculo emocional e espiritual com o objeto e com o espa\u00e7o em que ela \u00e9 acesa.<\/p>\n\n\n\n<p>Se voc\u00ea sente que seu lar precisa de mais sil\u00eancio, ordem e prote\u00e7\u00e3o, comece hoje mesmo a criar suas pr\u00f3prias velas arom\u00e1ticas. Separe alguns minutos ainda esta semana, escolha seus aromas e cores com carinho e transforme esse gesto simples em um compromisso urgente com a sua&nbsp;<strong>prote\u00e7\u00e3o espiritual<\/strong>&nbsp;e bem-estar interior.<\/p>\n","protected":false},"excerpt":{"rendered":"<p>Produzir&nbsp;velas arom\u00e1ticas em casa para prote\u00e7\u00e3o espiritual&nbsp;se tornou uma pr\u00e1tica cada vez mais comum. Al\u00e9m de harmonizar o ambiente, esse tipo de vela \u00e9 usado em rituais de purifica\u00e7\u00e3o, momentos de ora\u00e7\u00e3o e medita\u00e7\u00e3o, unindo luz, aroma e inten\u00e7\u00e3o para fortalecer a espiritualidade e criar um espa\u00e7o interno mais silencioso e organizado. O que s\u00e3o [&hellip;]<\/p>\n","protected":false},"author":13,"featured_media":181647,"comment_status":"open","ping_status":"open","sticky":false,"template":"","format":"standard","meta":{"jnews-multi-image_gallery":[],"jnews_single_post":{"format":"standard"},"jnews_primary_category":[],"jnews_social_meta":[],"jnews_override_counter":[],"footnotes":""},"categories":[8819],"tags":[5115,17325,13809],"class_list":["post-181626","post","type-post","status-publish","format-standard","has-post-thumbnail","hentry","category-curiosidades","tag-diy","tag-velas-aromaticas","tag-velas-caseiras"],"yoast_head":"<!-- This site is optimized with the Yoast SEO plugin v23.8 - https:\/\/yoast.com\/wordpress\/plugins\/seo\/ -->\n<title>Como fazer velas arom\u00e1ticas em casa e transformar o ambiente em um espa\u00e7o de prote\u00e7\u00e3o espiritual - Estado de Minas - Em foco<\/title>\n<meta name=\"description\" content=\"Veja como fazer velas arom\u00e1ticas em casa usando \u00f3leos essenciais e criar um ritual simples de prote\u00e7\u00e3o espiritual e equil\u00edbrio no lar.\" \/>\n<meta name=\"robots\" content=\"index, follow, max-snippet:-1, max-image-preview:large, max-video-preview:-1\" \/>\n<link rel=\"canonical\" href=\"https:\/\/www.em.com.br\/emfoco\/2026\/03\/16\/como-fazer-velas-aromaticas-em-casa-e-transformar-o-ambiente-em-um-espaco-de-protecao-espiritual\/\" \/>\n<meta property=\"og:locale\" content=\"pt_BR\" \/>\n<meta property=\"og:type\" content=\"article\" \/>\n<meta property=\"og:title\" content=\"Como fazer velas arom\u00e1ticas em casa e transformar o ambiente em um espa\u00e7o de prote\u00e7\u00e3o espiritual - Estado de Minas - Em foco\" \/>\n<meta property=\"og:description\" content=\"Veja como fazer velas arom\u00e1ticas em casa usando \u00f3leos essenciais e criar um ritual simples de prote\u00e7\u00e3o espiritual e equil\u00edbrio no lar.\" \/>\n<meta property=\"og:url\" content=\"https:\/\/www.em.com.br\/emfoco\/2026\/03\/16\/como-fazer-velas-aromaticas-em-casa-e-transformar-o-ambiente-em-um-espaco-de-protecao-espiritual\/\" \/>\n<meta property=\"og:site_name\" content=\"Estado de Minas - Em foco\" \/>\n<meta property=\"article:published_time\" content=\"2026-03-16T11:55:00+00:00\" \/>\n<meta property=\"article:modified_time\" content=\"2026-03-14T19:05:04+00:00\" \/>\n<meta property=\"og:image\" content=\"https:\/\/www.em.com.br\/emfoco\/wp-content\/uploads\/2026\/03\/5-59.jpg\" \/>\n\t<meta property=\"og:image:width\" content=\"1280\" \/>\n\t<meta property=\"og:image:height\" content=\"720\" \/>\n\t<meta property=\"og:image:type\" content=\"image\/jpeg\" \/>\n<meta name=\"author\" content=\"Gabriel Martins\" \/>\n<meta name=\"twitter:card\" content=\"summary_large_image\" \/>\n<meta name=\"twitter:label1\" content=\"Escrito por\" \/>\n\t<meta name=\"twitter:data1\" content=\"Gabriel Martins\" \/>\n\t<meta name=\"twitter:label2\" content=\"Est. tempo de leitura\" \/>\n\t<meta name=\"twitter:data2\" content=\"5 minutos\" \/>\n<!-- \/ Yoast SEO plugin. -->","yoast_head_json":{"title":"Como fazer velas arom\u00e1ticas em casa e transformar o ambiente em um espa\u00e7o de prote\u00e7\u00e3o espiritual - Estado de Minas - Em foco","description":"Veja como fazer velas arom\u00e1ticas em casa usando \u00f3leos essenciais e criar um ritual simples de prote\u00e7\u00e3o espiritual e equil\u00edbrio no lar.","robots":{"index":"index","follow":"follow","max-snippet":"max-snippet:-1","max-image-preview":"max-image-preview:large","max-video-preview":"max-video-preview:-1"},"canonical":"https:\/\/www.em.com.br\/emfoco\/2026\/03\/16\/como-fazer-velas-aromaticas-em-casa-e-transformar-o-ambiente-em-um-espaco-de-protecao-espiritual\/","og_locale":"pt_BR","og_type":"article","og_title":"Como fazer velas arom\u00e1ticas em casa e transformar o ambiente em um espa\u00e7o de prote\u00e7\u00e3o espiritual - Estado de Minas - Em foco","og_description":"Veja como fazer velas arom\u00e1ticas em casa usando \u00f3leos essenciais e criar um ritual simples de prote\u00e7\u00e3o espiritual e equil\u00edbrio no lar.","og_url":"https:\/\/www.em.com.br\/emfoco\/2026\/03\/16\/como-fazer-velas-aromaticas-em-casa-e-transformar-o-ambiente-em-um-espaco-de-protecao-espiritual\/","og_site_name":"Estado de Minas - Em foco","article_published_time":"2026-03-16T11:55:00+00:00","article_modified_time":"2026-03-14T19:05:04+00:00","og_image":[{"width":1280,"height":720,"url":"https:\/\/www.em.com.br\/emfoco\/wp-content\/uploads\/2026\/03\/5-59.jpg","type":"image\/jpeg"}],"author":"Gabriel Martins","twitter_card":"summary_large_image","twitter_misc":{"Escrito por":"Gabriel Martins","Est. tempo de leitura":"5 minutos"},"schema":{"@context":"https:\/\/schema.org","@graph":[{"@type":"WebPage","@id":"https:\/\/www.em.com.br\/emfoco\/2026\/03\/16\/como-fazer-velas-aromaticas-em-casa-e-transformar-o-ambiente-em-um-espaco-de-protecao-espiritual\/","url":"https:\/\/www.em.com.br\/emfoco\/2026\/03\/16\/como-fazer-velas-aromaticas-em-casa-e-transformar-o-ambiente-em-um-espaco-de-protecao-espiritual\/","name":"Como fazer velas arom\u00e1ticas em casa e transformar o ambiente em um espa\u00e7o de prote\u00e7\u00e3o espiritual - Estado de Minas - Em foco","isPartOf":{"@id":"https:\/\/www.em.com.br\/emfoco\/#website"},"primaryImageOfPage":{"@id":"https:\/\/www.em.com.br\/emfoco\/2026\/03\/16\/como-fazer-velas-aromaticas-em-casa-e-transformar-o-ambiente-em-um-espaco-de-protecao-espiritual\/#primaryimage"},"image":{"@id":"https:\/\/www.em.com.br\/emfoco\/2026\/03\/16\/como-fazer-velas-aromaticas-em-casa-e-transformar-o-ambiente-em-um-espaco-de-protecao-espiritual\/#primaryimage"},"thumbnailUrl":"https:\/\/www.em.com.br\/emfoco\/wp-content\/uploads\/2026\/03\/5-59.jpg","datePublished":"2026-03-16T11:55:00+00:00","dateModified":"2026-03-14T19:05:04+00:00","author":{"@id":"https:\/\/www.em.com.br\/emfoco\/#\/schema\/person\/1c9ddeab18b98abeffef834667bcf08a"},"description":"Veja como fazer velas arom\u00e1ticas em casa usando \u00f3leos essenciais e criar um ritual simples de prote\u00e7\u00e3o espiritual e equil\u00edbrio no lar.","breadcrumb":{"@id":"https:\/\/www.em.com.br\/emfoco\/2026\/03\/16\/como-fazer-velas-aromaticas-em-casa-e-transformar-o-ambiente-em-um-espaco-de-protecao-espiritual\/#breadcrumb"},"inLanguage":"pt-BR","potentialAction":[{"@type":"ReadAction","target":["https:\/\/www.em.com.br\/emfoco\/2026\/03\/16\/como-fazer-velas-aromaticas-em-casa-e-transformar-o-ambiente-em-um-espaco-de-protecao-espiritual\/"]}]},{"@type":"ImageObject","inLanguage":"pt-BR","@id":"https:\/\/www.em.com.br\/emfoco\/2026\/03\/16\/como-fazer-velas-aromaticas-em-casa-e-transformar-o-ambiente-em-um-espaco-de-protecao-espiritual\/#primaryimage","url":"https:\/\/www.em.com.br\/emfoco\/wp-content\/uploads\/2026\/03\/5-59.jpg","contentUrl":"https:\/\/www.em.com.br\/emfoco\/wp-content\/uploads\/2026\/03\/5-59.jpg","width":1280,"height":720,"caption":"Produ\u00e7\u00e3o artesanal de velas une luz e aromas para fortalecimento interior"},{"@type":"BreadcrumbList","@id":"https:\/\/www.em.com.br\/emfoco\/2026\/03\/16\/como-fazer-velas-aromaticas-em-casa-e-transformar-o-ambiente-em-um-espaco-de-protecao-espiritual\/#breadcrumb","itemListElement":[{"@type":"ListItem","position":1,"name":"In\u00edcio","item":"https:\/\/www.em.com.br\/emfoco\/"},{"@type":"ListItem","position":2,"name":"Como fazer velas arom\u00e1ticas em casa e transformar o ambiente em um espa\u00e7o de prote\u00e7\u00e3o espiritual"}]},{"@type":"WebSite","@id":"https:\/\/www.em.com.br\/emfoco\/#website","url":"https:\/\/www.em.com.br\/emfoco\/","name":"Estado de Minas - Em foco","description":"Acompanhe as \u00faltimas not\u00edcias e fique bem informado sobre tudo o que acontece em Minas Gerais, Brasil e no mundo.","potentialAction":[{"@type":"SearchAction","target":{"@type":"EntryPoint","urlTemplate":"https:\/\/www.em.com.br\/emfoco\/?s={search_term_string}"},"query-input":{"@type":"PropertyValueSpecification","valueRequired":true,"valueName":"search_term_string"}}],"inLanguage":"pt-BR"},{"@type":"Person","@id":"https:\/\/www.em.com.br\/emfoco\/#\/schema\/person\/1c9ddeab18b98abeffef834667bcf08a","name":"Gabriel Martins","image":{"@type":"ImageObject","inLanguage":"pt-BR","@id":"https:\/\/www.em.com.br\/emfoco\/#\/schema\/person\/image\/","url":"https:\/\/secure.gravatar.com\/avatar\/f0f1e2efdfd88f1ad2cb08c5c2731e50?s=96&d=mm&r=g","contentUrl":"https:\/\/secure.gravatar.com\/avatar\/f0f1e2efdfd88f1ad2cb08c5c2731e50?s=96&d=mm&r=g","caption":"Gabriel Martins"},"sameAs":["https:\/\/www.em.com.br\/emfoco\/"],"url":"https:\/\/www.em.com.br\/emfoco\/author\/gabrielmartinsmyth\/"}]}},"_links":{"self":[{"href":"https:\/\/www.em.com.br\/emfoco\/wp-json\/wp\/v2\/posts\/181626","targetHints":{"allow":["GET"]}}],"collection":[{"href":"https:\/\/www.em.com.br\/emfoco\/wp-json\/wp\/v2\/posts"}],"about":[{"href":"https:\/\/www.em.com.br\/emfoco\/wp-json\/wp\/v2\/types\/post"}],"author":[{"embeddable":true,"href":"https:\/\/www.em.com.br\/emfoco\/wp-json\/wp\/v2\/users\/13"}],"replies":[{"embeddable":true,"href":"https:\/\/www.em.com.br\/emfoco\/wp-json\/wp\/v2\/comments?post=181626"}],"version-history":[{"count":1,"href":"https:\/\/www.em.com.br\/emfoco\/wp-json\/wp\/v2\/posts\/181626\/revisions"}],"predecessor-version":[{"id":181655,"href":"https:\/\/www.em.com.br\/emfoco\/wp-json\/wp\/v2\/posts\/181626\/revisions\/181655"}],"wp:featuredmedia":[{"embeddable":true,"href":"https:\/\/www.em.com.br\/emfoco\/wp-json\/wp\/v2\/media\/181647"}],"wp:attachment":[{"href":"https:\/\/www.em.com.br\/emfoco\/wp-json\/wp\/v2\/media?parent=181626"}],"wp:term":[{"taxonomy":"category","embeddable":true,"href":"https:\/\/www.em.com.br\/emfoco\/wp-json\/wp\/v2\/categories?post=181626"},{"taxonomy":"post_tag","embeddable":true,"href":"https:\/\/www.em.com.br\/emfoco\/wp-json\/wp\/v2\/tags?post=181626"}],"curies":[{"name":"wp","href":"https:\/\/api.w.org\/{rel}","templated":true}]}}