{"id":181625,"date":"2026-03-16T09:25:00","date_gmt":"2026-03-16T12:25:00","guid":{"rendered":"https:\/\/www.em.com.br\/emfoco\/?p=181625"},"modified":"2026-03-14T16:04:22","modified_gmt":"2026-03-14T19:04:22","slug":"veja-por-que-nutricionistas-recomendam-incluir-chia-na-alimentacao-e-quais-beneficios-ela-pode-trazer","status":"publish","type":"post","link":"https:\/\/www.em.com.br\/emfoco\/2026\/03\/16\/veja-por-que-nutricionistas-recomendam-incluir-chia-na-alimentacao-e-quais-beneficios-ela-pode-trazer\/","title":{"rendered":"Veja por que nutricionistas recomendam incluir chia na alimenta\u00e7\u00e3o e quais benef\u00edcios ela pode trazer"},"content":{"rendered":"\n<p>As&nbsp;<strong>sementes de chia<\/strong>&nbsp;ganharam espa\u00e7o nas cozinhas e nas pesquisas em nutri\u00e7\u00e3o por estarem ligadas \u00e0 sensa\u00e7\u00e3o de saciedade, ao controle do peso corporal e \u00e0 sa\u00fade do cora\u00e7\u00e3o. Pequenas, neutras no sabor e f\u00e1ceis de acrescentar \u00e0s refei\u00e7\u00f5es, elas se tornaram comuns em caf\u00e9s da manh\u00e3, lanches e receitas caseiras, oferecendo fibras, minerais e gorduras consideradas ben\u00e9ficas para o organismo quando inseridas em uma alimenta\u00e7\u00e3o equilibrada.<\/p>\n\n\n\n<h2 class=\"wp-block-heading\">Quais s\u00e3o os principais benef\u00edcios da chia para a sa\u00fade<\/h2>\n\n\n\n<p>A composi\u00e7\u00e3o da&nbsp;<strong>chia<\/strong>&nbsp;inclui altas quantidades de&nbsp;<strong>fibras alimentares<\/strong>, prote\u00ednas em quantidade moderada, c\u00e1lcio, magn\u00e9sio, ferro e compostos antioxidantes. Esse conjunto de nutrientes contribui para o bom funcionamento do intestino, ajuda na forma\u00e7\u00e3o e manuten\u00e7\u00e3o dos ossos e participa de processos metab\u00f3licos importantes, como a produ\u00e7\u00e3o de energia e o transporte de oxig\u00eanio.<\/p>\n\n\n\n<p>Outro ponto relevante \u00e9 o teor de gorduras insaturadas, em especial o<a href=\"https:\/\/pmc.ncbi.nlm.nih.gov\/articles\/PMC4350958\/\" target=\"_blank\" rel=\"noreferrer noopener\">\u00a0<strong>\u00e1cido alfa-linol\u00eanico (ALA)<\/strong><\/a>, um tipo de \u00f4mega-3 de origem vegetal. Esse tipo de gordura est\u00e1 associado \u00e0 redu\u00e7\u00e3o do colesterol LDL e ao aumento do HDL, indicadores importantes na preven\u00e7\u00e3o de doen\u00e7as cardiovasculares, al\u00e9m de auxiliar na prote\u00e7\u00e3o celular contra o estresse oxidativo e na modula\u00e7\u00e3o de processos inflamat\u00f3rios.<\/p>\n\n\n\n<figure class=\"wp-block-image size-large\"><img loading=\"lazy\" decoding=\"async\" width=\"1024\" height=\"576\" src=\"https:\/\/www.em.com.br\/emfoco\/wp-content\/uploads\/2026\/03\/8-42-1024x576.jpg\" alt=\"Veja por que nutricionistas recomendam incluir chia na alimenta\u00e7\u00e3o e quais benef\u00edcios ela pode trazer\" class=\"wp-image-181650\" srcset=\"https:\/\/www.em.com.br\/emfoco\/wp-content\/uploads\/2026\/03\/8-42-1024x576.jpg 1024w, https:\/\/www.em.com.br\/emfoco\/wp-content\/uploads\/2026\/03\/8-42-300x169.jpg 300w, https:\/\/www.em.com.br\/emfoco\/wp-content\/uploads\/2026\/03\/8-42-768x432.jpg 768w, https:\/\/www.em.com.br\/emfoco\/wp-content\/uploads\/2026\/03\/8-42-750x422.jpg 750w, https:\/\/www.em.com.br\/emfoco\/wp-content\/uploads\/2026\/03\/8-42-1140x641.jpg 1140w, https:\/\/www.em.com.br\/emfoco\/wp-content\/uploads\/2026\/03\/8-42.jpg 1280w\" sizes=\"auto, (max-width: 1024px) 100vw, 1024px\" \/><figcaption class=\"wp-element-caption\">Fibras e minerais da chia contribuem para o bom funcionamento intestinal<\/figcaption><\/figure>\n\n\n\n<h2 class=\"wp-block-heading\">Chia realmente ajuda no emagrecimento e na saciedade<\/h2>\n\n\n\n<p>Muitas pessoas querem saber se a&nbsp;<strong>chia emagrece<\/strong>&nbsp;de forma direta, mas o que os estudos mostram \u00e9 que ela colabora com a perda de peso principalmente pelo efeito de saciedade. Em contato com \u00e1gua, leite ou outros l\u00edquidos, as sementes formam um&nbsp;<strong>gel viscoso<\/strong>&nbsp;que aumenta de volume no est\u00f4mago, tornando a digest\u00e3o mais lenta e prolongando a sensa\u00e7\u00e3o de est\u00f4mago cheio.<\/p>\n\n\n\n<p>Essa digest\u00e3o mais gradual interfere na libera\u00e7\u00e3o de glicose no sangue, ajudando a evitar picos de a\u00e7\u00facar e reduzindo a libera\u00e7\u00e3o brusca de insulina. As fibras da chia tamb\u00e9m participam da regula\u00e7\u00e3o de horm\u00f4nios ligados \u00e0 saciedade, como o&nbsp;<strong>GLP-1<\/strong>&nbsp;e o pept\u00eddeo YY, mas o emagrecimento depende, sobretudo, do balan\u00e7o entre calorias consumidas e gastas, al\u00e9m de h\u00e1bitos como atividade f\u00edsica e sono adequado.<\/p>\n\n\n\n<h2 class=\"wp-block-heading\">Como incluir sementes de chia no dia a dia<\/h2>\n\n\n\n<p>Para aproveitar bem os benef\u00edcios, \u00e9 importante pensar na forma de consumo da&nbsp;<strong>chia<\/strong>. Em geral, recomenda-se que as sementes sejam hidratadas ou misturadas a prepara\u00e7\u00f5es \u00famidas, como iogurtes, vitaminas, mingaus e sucos, para formar o gel caracter\u00edstico que melhora o conforto digestivo e aumenta a saciedade.<\/p>\n\n\n\n<p>No cotidiano, a chia pode ser inclu\u00edda em diferentes refei\u00e7\u00f5es de maneira simples, ajudando a enriquecer a dieta em fibras e gorduras boas sem alterar muito o sabor das prepara\u00e7\u00f5es:<\/p>\n\n\n\n<ul class=\"wp-block-list\">\n<li>Polvilhada em frutas, iogurtes e cremes;<\/li>\n\n\n\n<li>Misturada em vitaminas, smoothies e leites vegetais;<\/li>\n\n\n\n<li>Acrescentada a saladas, sopas e caldos j\u00e1 prontos;<\/li>\n\n\n\n<li>Usada em massas de p\u00e3es, bolos e panquecas, na forma de semente ou farinha;<\/li>\n\n\n\n<li>Preparada como \u201cpudim de chia\u201d, repousando em leite ou bebida vegetal por algumas horas.<\/li>\n<\/ul>\n\n\n\n<figure class=\"wp-block-image size-large\"><img loading=\"lazy\" decoding=\"async\" width=\"1024\" height=\"576\" src=\"https:\/\/www.em.com.br\/emfoco\/wp-content\/uploads\/2026\/03\/6-53-1024x576.jpg\" alt=\"Veja por que nutricionistas recomendam incluir chia na alimenta\u00e7\u00e3o e quais benef\u00edcios ela pode trazer\" class=\"wp-image-181648\" srcset=\"https:\/\/www.em.com.br\/emfoco\/wp-content\/uploads\/2026\/03\/6-53-1024x576.jpg 1024w, https:\/\/www.em.com.br\/emfoco\/wp-content\/uploads\/2026\/03\/6-53-300x169.jpg 300w, https:\/\/www.em.com.br\/emfoco\/wp-content\/uploads\/2026\/03\/6-53-768x432.jpg 768w, https:\/\/www.em.com.br\/emfoco\/wp-content\/uploads\/2026\/03\/6-53-750x422.jpg 750w, https:\/\/www.em.com.br\/emfoco\/wp-content\/uploads\/2026\/03\/6-53-1140x641.jpg 1140w, https:\/\/www.em.com.br\/emfoco\/wp-content\/uploads\/2026\/03\/6-53.jpg 1280w\" sizes=\"auto, (max-width: 1024px) 100vw, 1024px\" \/><figcaption class=\"wp-element-caption\">Versatilidade permite inclus\u00e3o f\u00e1cil em iogurtes, frutas, massas e sucos variados<\/figcaption><\/figure>\n\n\n\n<h2 class=\"wp-block-heading\">Qual \u00e9 a quantidade ideal de chia e quais cuidados s\u00e3o necess\u00e1rios<\/h2>\n\n\n\n<p>A ingest\u00e3o di\u00e1ria recomendada de&nbsp;<strong>chia<\/strong>&nbsp;varia conforme o perfil de cada pessoa, mas, em muitos casos, orienta-se algo em torno de 15 a 25 gramas por dia, cerca de uma a duas colheres de sopa. Essa por\u00e7\u00e3o costuma ser suficiente para contribuir com o aporte de fibras sem sobrecarregar o sistema digestivo, desde que acompanhada de boa hidrata\u00e7\u00e3o ao longo do dia.<\/p>\n\n\n\n<p>O consumo exagerado de sementes de chia, especialmente sem l\u00edquidos suficientes, pode causar gases, distens\u00e3o abdominal e c\u00f3licas, sendo desaconselhado ingerir grandes quantidades de chia seca pura. Pessoas em uso de anticoagulantes, com doen\u00e7as intestinais ou condi\u00e7\u00f5es metab\u00f3licas espec\u00edficas devem buscar avalia\u00e7\u00e3o profissional antes de aumentar muito a ingest\u00e3o de alimentos ricos em fibras e\u00a0<strong><a href=\"https:\/\/www.em.com.br\/emfoco\/2025\/12\/11\/a-importancia-do-omega-3-para-o-cerebro-e-o-coracao\/\" target=\"_blank\" rel=\"noreferrer noopener\">\u00f4mega-3<\/a><\/strong>.<\/p>\n\n\n\n<h2 class=\"wp-block-heading\">Por que vale a pena consumir chia e agir agora<\/h2>\n\n\n\n<p>As&nbsp;<strong>sementes de chia<\/strong>&nbsp;podem integrar uma rotina alimentar mais organizada, contribuindo para o controle da fome, do peso e de indicadores metab\u00f3licos importantes, como colesterol e glicemia. Com uso moderado, boa hidrata\u00e7\u00e3o e acompanhamento profissional quando necess\u00e1rio, o alimento se torna um aliado pr\u00e1tico para quem busca melhorar a qualidade da alimenta\u00e7\u00e3o no dia a dia.<\/p>\n\n\n\n<p>Se voc\u00ea deseja fortalecer sua sa\u00fade, controlar o peso e proteger o cora\u00e7\u00e3o, comece ainda hoje a incluir pequenas por\u00e7\u00f5es de&nbsp;<strong>chia<\/strong>&nbsp;nas refei\u00e7\u00f5es e observe as mudan\u00e7as ao longo das pr\u00f3ximas semanas. N\u00e3o adie esse cuidado: ajuste seu card\u00e1pio agora, busque orienta\u00e7\u00e3o personalizada e transforme a chia em uma ferramenta concreta para conquistar seus objetivos de bem-estar.<\/p>\n","protected":false},"excerpt":{"rendered":"<p>As&nbsp;sementes de chia&nbsp;ganharam espa\u00e7o nas cozinhas e nas pesquisas em nutri\u00e7\u00e3o por estarem ligadas \u00e0 sensa\u00e7\u00e3o de saciedade, ao controle do peso corporal e \u00e0 sa\u00fade do cora\u00e7\u00e3o. Pequenas, neutras no sabor e f\u00e1ceis de acrescentar \u00e0s refei\u00e7\u00f5es, elas se tornaram comuns em caf\u00e9s da manh\u00e3, lanches e receitas caseiras, oferecendo fibras, minerais e gorduras [&hellip;]<\/p>\n","protected":false},"author":13,"featured_media":181649,"comment_status":"open","ping_status":"open","sticky":false,"template":"","format":"standard","meta":{"jnews-multi-image_gallery":[],"jnews_single_post":{"format":"standard"},"jnews_primary_category":[],"jnews_social_meta":[],"jnews_override_counter":[],"footnotes":""},"categories":[9053],"tags":[17321,10113],"class_list":["post-181625","post","type-post","status-publish","format-standard","has-post-thumbnail","hentry","category-saude","tag-beneficios-da-chia","tag-sementes-de-chia"],"yoast_head":"<!-- This site is optimized with the Yoast SEO plugin v23.8 - https:\/\/yoast.com\/wordpress\/plugins\/seo\/ -->\n<title>Veja por que nutricionistas recomendam incluir chia na alimenta\u00e7\u00e3o e quais benef\u00edcios ela pode trazer - Estado de Minas - Em foco<\/title>\n<meta name=\"description\" content=\"Entenda os benef\u00edcios da chia, como ela ajuda na saciedade e qual a forma correta de incluir as sementes na alimenta\u00e7\u00e3o.\" \/>\n<meta name=\"robots\" content=\"index, follow, max-snippet:-1, max-image-preview:large, max-video-preview:-1\" \/>\n<link rel=\"canonical\" href=\"https:\/\/www.em.com.br\/emfoco\/2026\/03\/16\/veja-por-que-nutricionistas-recomendam-incluir-chia-na-alimentacao-e-quais-beneficios-ela-pode-trazer\/\" \/>\n<meta property=\"og:locale\" content=\"pt_BR\" \/>\n<meta property=\"og:type\" content=\"article\" \/>\n<meta property=\"og:title\" content=\"Veja por que nutricionistas recomendam incluir chia na alimenta\u00e7\u00e3o e quais benef\u00edcios ela pode trazer - Estado de Minas - Em foco\" \/>\n<meta property=\"og:description\" content=\"Entenda os benef\u00edcios da chia, como ela ajuda na saciedade e qual a forma correta de incluir as sementes na alimenta\u00e7\u00e3o.\" \/>\n<meta property=\"og:url\" content=\"https:\/\/www.em.com.br\/emfoco\/2026\/03\/16\/veja-por-que-nutricionistas-recomendam-incluir-chia-na-alimentacao-e-quais-beneficios-ela-pode-trazer\/\" \/>\n<meta property=\"og:site_name\" content=\"Estado de Minas - Em foco\" \/>\n<meta property=\"article:published_time\" content=\"2026-03-16T12:25:00+00:00\" \/>\n<meta property=\"article:modified_time\" content=\"2026-03-14T19:04:22+00:00\" \/>\n<meta property=\"og:image\" content=\"https:\/\/www.em.com.br\/emfoco\/wp-content\/uploads\/2026\/03\/7-44.jpg\" \/>\n\t<meta property=\"og:image:width\" content=\"1280\" \/>\n\t<meta property=\"og:image:height\" content=\"720\" \/>\n\t<meta property=\"og:image:type\" content=\"image\/jpeg\" \/>\n<meta name=\"author\" content=\"Gabriel Martins\" \/>\n<meta name=\"twitter:card\" content=\"summary_large_image\" \/>\n<meta name=\"twitter:label1\" content=\"Escrito por\" \/>\n\t<meta name=\"twitter:data1\" content=\"Gabriel Martins\" \/>\n\t<meta name=\"twitter:label2\" content=\"Est. tempo de leitura\" \/>\n\t<meta name=\"twitter:data2\" content=\"5 minutos\" \/>\n<!-- \/ Yoast SEO plugin. -->","yoast_head_json":{"title":"Veja por que nutricionistas recomendam incluir chia na alimenta\u00e7\u00e3o e quais benef\u00edcios ela pode trazer - Estado de Minas - Em foco","description":"Entenda os benef\u00edcios da chia, como ela ajuda na saciedade e qual a forma correta de incluir as sementes na alimenta\u00e7\u00e3o.","robots":{"index":"index","follow":"follow","max-snippet":"max-snippet:-1","max-image-preview":"max-image-preview:large","max-video-preview":"max-video-preview:-1"},"canonical":"https:\/\/www.em.com.br\/emfoco\/2026\/03\/16\/veja-por-que-nutricionistas-recomendam-incluir-chia-na-alimentacao-e-quais-beneficios-ela-pode-trazer\/","og_locale":"pt_BR","og_type":"article","og_title":"Veja por que nutricionistas recomendam incluir chia na alimenta\u00e7\u00e3o e quais benef\u00edcios ela pode trazer - Estado de Minas - Em foco","og_description":"Entenda os benef\u00edcios da chia, como ela ajuda na saciedade e qual a forma correta de incluir as sementes na alimenta\u00e7\u00e3o.","og_url":"https:\/\/www.em.com.br\/emfoco\/2026\/03\/16\/veja-por-que-nutricionistas-recomendam-incluir-chia-na-alimentacao-e-quais-beneficios-ela-pode-trazer\/","og_site_name":"Estado de Minas - Em foco","article_published_time":"2026-03-16T12:25:00+00:00","article_modified_time":"2026-03-14T19:04:22+00:00","og_image":[{"width":1280,"height":720,"url":"https:\/\/www.em.com.br\/emfoco\/wp-content\/uploads\/2026\/03\/7-44.jpg","type":"image\/jpeg"}],"author":"Gabriel Martins","twitter_card":"summary_large_image","twitter_misc":{"Escrito por":"Gabriel Martins","Est. tempo de leitura":"5 minutos"},"schema":{"@context":"https:\/\/schema.org","@graph":[{"@type":"WebPage","@id":"https:\/\/www.em.com.br\/emfoco\/2026\/03\/16\/veja-por-que-nutricionistas-recomendam-incluir-chia-na-alimentacao-e-quais-beneficios-ela-pode-trazer\/","url":"https:\/\/www.em.com.br\/emfoco\/2026\/03\/16\/veja-por-que-nutricionistas-recomendam-incluir-chia-na-alimentacao-e-quais-beneficios-ela-pode-trazer\/","name":"Veja por que nutricionistas recomendam incluir chia na alimenta\u00e7\u00e3o e quais benef\u00edcios ela pode trazer - Estado de Minas - Em foco","isPartOf":{"@id":"https:\/\/www.em.com.br\/emfoco\/#website"},"primaryImageOfPage":{"@id":"https:\/\/www.em.com.br\/emfoco\/2026\/03\/16\/veja-por-que-nutricionistas-recomendam-incluir-chia-na-alimentacao-e-quais-beneficios-ela-pode-trazer\/#primaryimage"},"image":{"@id":"https:\/\/www.em.com.br\/emfoco\/2026\/03\/16\/veja-por-que-nutricionistas-recomendam-incluir-chia-na-alimentacao-e-quais-beneficios-ela-pode-trazer\/#primaryimage"},"thumbnailUrl":"https:\/\/www.em.com.br\/emfoco\/wp-content\/uploads\/2026\/03\/7-44.jpg","datePublished":"2026-03-16T12:25:00+00:00","dateModified":"2026-03-14T19:04:22+00:00","author":{"@id":"https:\/\/www.em.com.br\/emfoco\/#\/schema\/person\/1c9ddeab18b98abeffef834667bcf08a"},"description":"Entenda os benef\u00edcios da chia, como ela ajuda na saciedade e qual a forma correta de incluir as sementes na alimenta\u00e7\u00e3o.","breadcrumb":{"@id":"https:\/\/www.em.com.br\/emfoco\/2026\/03\/16\/veja-por-que-nutricionistas-recomendam-incluir-chia-na-alimentacao-e-quais-beneficios-ela-pode-trazer\/#breadcrumb"},"inLanguage":"pt-BR","potentialAction":[{"@type":"ReadAction","target":["https:\/\/www.em.com.br\/emfoco\/2026\/03\/16\/veja-por-que-nutricionistas-recomendam-incluir-chia-na-alimentacao-e-quais-beneficios-ela-pode-trazer\/"]}]},{"@type":"ImageObject","inLanguage":"pt-BR","@id":"https:\/\/www.em.com.br\/emfoco\/2026\/03\/16\/veja-por-que-nutricionistas-recomendam-incluir-chia-na-alimentacao-e-quais-beneficios-ela-pode-trazer\/#primaryimage","url":"https:\/\/www.em.com.br\/emfoco\/wp-content\/uploads\/2026\/03\/7-44.jpg","contentUrl":"https:\/\/www.em.com.br\/emfoco\/wp-content\/uploads\/2026\/03\/7-44.jpg","width":1280,"height":720,"caption":"Pequenas sementes oferecem nutrientes essenciais para sa\u00fade cardiovascular e controle metab\u00f3lico"},{"@type":"BreadcrumbList","@id":"https:\/\/www.em.com.br\/emfoco\/2026\/03\/16\/veja-por-que-nutricionistas-recomendam-incluir-chia-na-alimentacao-e-quais-beneficios-ela-pode-trazer\/#breadcrumb","itemListElement":[{"@type":"ListItem","position":1,"name":"In\u00edcio","item":"https:\/\/www.em.com.br\/emfoco\/"},{"@type":"ListItem","position":2,"name":"Veja por que nutricionistas recomendam incluir chia na alimenta\u00e7\u00e3o e quais benef\u00edcios ela pode trazer"}]},{"@type":"WebSite","@id":"https:\/\/www.em.com.br\/emfoco\/#website","url":"https:\/\/www.em.com.br\/emfoco\/","name":"Estado de Minas - Em foco","description":"Acompanhe as \u00faltimas not\u00edcias e fique bem informado sobre tudo o que acontece em Minas Gerais, Brasil e no mundo.","potentialAction":[{"@type":"SearchAction","target":{"@type":"EntryPoint","urlTemplate":"https:\/\/www.em.com.br\/emfoco\/?s={search_term_string}"},"query-input":{"@type":"PropertyValueSpecification","valueRequired":true,"valueName":"search_term_string"}}],"inLanguage":"pt-BR"},{"@type":"Person","@id":"https:\/\/www.em.com.br\/emfoco\/#\/schema\/person\/1c9ddeab18b98abeffef834667bcf08a","name":"Gabriel Martins","image":{"@type":"ImageObject","inLanguage":"pt-BR","@id":"https:\/\/www.em.com.br\/emfoco\/#\/schema\/person\/image\/","url":"https:\/\/secure.gravatar.com\/avatar\/f0f1e2efdfd88f1ad2cb08c5c2731e50?s=96&d=mm&r=g","contentUrl":"https:\/\/secure.gravatar.com\/avatar\/f0f1e2efdfd88f1ad2cb08c5c2731e50?s=96&d=mm&r=g","caption":"Gabriel Martins"},"sameAs":["https:\/\/www.em.com.br\/emfoco\/"],"url":"https:\/\/www.em.com.br\/emfoco\/author\/gabrielmartinsmyth\/"}]}},"_links":{"self":[{"href":"https:\/\/www.em.com.br\/emfoco\/wp-json\/wp\/v2\/posts\/181625","targetHints":{"allow":["GET"]}}],"collection":[{"href":"https:\/\/www.em.com.br\/emfoco\/wp-json\/wp\/v2\/posts"}],"about":[{"href":"https:\/\/www.em.com.br\/emfoco\/wp-json\/wp\/v2\/types\/post"}],"author":[{"embeddable":true,"href":"https:\/\/www.em.com.br\/emfoco\/wp-json\/wp\/v2\/users\/13"}],"replies":[{"embeddable":true,"href":"https:\/\/www.em.com.br\/emfoco\/wp-json\/wp\/v2\/comments?post=181625"}],"version-history":[{"count":1,"href":"https:\/\/www.em.com.br\/emfoco\/wp-json\/wp\/v2\/posts\/181625\/revisions"}],"predecessor-version":[{"id":181654,"href":"https:\/\/www.em.com.br\/emfoco\/wp-json\/wp\/v2\/posts\/181625\/revisions\/181654"}],"wp:featuredmedia":[{"embeddable":true,"href":"https:\/\/www.em.com.br\/emfoco\/wp-json\/wp\/v2\/media\/181649"}],"wp:attachment":[{"href":"https:\/\/www.em.com.br\/emfoco\/wp-json\/wp\/v2\/media?parent=181625"}],"wp:term":[{"taxonomy":"category","embeddable":true,"href":"https:\/\/www.em.com.br\/emfoco\/wp-json\/wp\/v2\/categories?post=181625"},{"taxonomy":"post_tag","embeddable":true,"href":"https:\/\/www.em.com.br\/emfoco\/wp-json\/wp\/v2\/tags?post=181625"}],"curies":[{"name":"wp","href":"https:\/\/api.w.org\/{rel}","templated":true}]}}